{"id":23063,"date":"2022-05-14T12:24:50","date_gmt":"2022-05-14T10:24:50","guid":{"rendered":"https:\/\/www.article-marketing.eu\/comunicatistampa\/?p=23063"},"modified":"2022-05-14T12:24:50","modified_gmt":"2022-05-14T10:24:50","slug":"cristina-scocchia-racconta-a-la-stampa-i-suoi-primi-mesi-come-ad-di-illycaffe","status":"publish","type":"post","link":"https:\/\/www.article-marketing.eu\/comunicatistampa\/cristina-scocchia-racconta-a-la-stampa-i-suoi-primi-mesi-come-ad-di-illycaffe\/","title":{"rendered":"Cristina Scocchia racconta a \u201cLa Stampa\u201d i suoi primi mesi come AD di Illycaff\u00e8"},"content":{"rendered":"<p><em><strong><a title=\"Cristina Scocchia: l'intervista de &quot;La Stampa&quot;\" href=\"https:\/\/www.lastampa.it\/imperia-sanremo\/2022\/05\/08\/news\/cristina_scocchia_continua_l_ascesa_della_top_manager_nata_a_sanremo-3370494\/\">Cristina Scocchia<\/a> alla conquista del settore Food &amp; Retail: il nuovo AD di Illycaff\u00e8 punta sui mercati USA e intanto definisce i preparativi per la quotazione in Borsa.<\/strong><\/em><\/p>\n<p><a title=\"Cristina Scocchia si racconta a &quot;La Stampa&quot;\" href=\"https:\/\/www.lastampa.it\/imperia-sanremo\/2022\/05\/08\/news\/cristina_scocchia_continua_l_ascesa_della_top_manager_nata_a_sanremo-3370494\/\"><img decoding=\"async\" src=\"https:\/\/cristinascocchia.it\/wp-content\/uploads\/2021\/04\/img_entrepreneurs_cristinascocchia.jpg\" alt=\"Cristina Scocchia\" width=\"120\" \/><\/a><\/p>\n<h2>Cristina Scocchia: &#8220;La carriera non \u00e8 uno sprint ma una maratona&#8221;<\/h2>\n<p>Dopo aver riportato in carreggiata KIKO Milano lasciando la societ\u00e0 in salute nonostante la pandemia, <strong>Cristina Scocchia<\/strong> \u00e8 ora alle prese con l&#8217;espansione di Illycaff\u00e8. Una carriera in continua ascesa la sua, dallo scorso gennaio AD del leader italiano della produzione di caff\u00e8. Chiamata dall&#8217;azienda triestina per portare a termine il processo di quotazione in Borsa, in questi mesi ha messo a punto una strategia espansiva che guarda in particolare al mercato statunitense. Nonostante la giovane et\u00e0, grazie ai suoi risultati <strong>Cristina Scocchia<\/strong> oggi \u00e8 una delle manager con la migliore reputazione online in Italia, piazzandosi al primo posto nel settore Food &amp; Retail e al 22\u00b0 nella classifica generale (seconda tra le donne). <em>&#8220;Non seguo le classifiche<\/em> &#8211; ha raccontato la manager in una recente intervista pubblicata sul quotidiano &#8220;La Stampa&#8221; &#8211; <em>ma sono contenta di avere la fortuna di poter lavorare molto con tantissima passione. La carriera<\/em> &#8211; ha aggiunto &#8211; <em>non \u00e8 uno sprint ma una maratona: si possono ottenere dei riconoscimenti ma ci sono anche cadute e ti puoi sbucciare le ginocchia per poi rialzarti, tirare il fiato e tornare a correre&#8221;<\/em>.<\/p>\n<h2>Cristina Scocchia: &#8220;La mia etica del lavoro mi porta a condividere i risultati&#8221;<\/h2>\n<p>Fondamentale in questa maratona, continua <a title=\"Cristina Scocchia: l'intervista - La Stampa\" href=\"https:\/\/www.lastampa.it\/imperia-sanremo\/2022\/05\/08\/news\/cristina_scocchia_continua_l_ascesa_della_top_manager_nata_a_sanremo-3370494\/\">Cristina Scocchia<\/a>, \u00e8 non dimenticarsi di chi sta correndo al tuo fianco: <em>&#8220;Bisogna sapere gioire dei successi ma anche guardare indietro, per aiutare chi sta affrontando la propria maratona. Mi riferisco non solo al mondo del lavoro, ma a tutti gli ambiti della vita&#8221;<\/em>. Un approccio che si riflette anche sull&#8217;etica del lavoro: <em>&#8220;La leadership non \u00e8 portare medaglie, ma prendersi cura delle persone. Il raggiungimento di risultati va condiviso&#8221;<\/em>. I social si sono dimostrati uno strumento particolarmente prezioso in questo senso. Da quando ha aperto i suoi account su Linkedin e Instagram, la manager \u00e8 stata contattata da diverse donne desiderose di intraprendere una carriera: <em>&#8220;Se nel mio piccolo posso dare ispirazione, la giusta grinta, se posso dare una mano ne sono felice. Non mi \u00e8 mai piaciuta la comunicazione filtrata<\/em> &#8211; ci tiene a precisare <strong>Cristina Scocchia<\/strong> &#8211; <em>e anche se il tempo a mia disposizione \u00e8 quello che \u00e8, con un mercato da seguire in oltre 100 Paesi e una famiglia, \u00e8 un modo bello per comunicare&#8221;<\/em>.<\/p>\n","protected":false},"excerpt":{"rendered":"<p>Cristina Scocchia alla conquista del settore Food &amp; Retail: il nuovo AD di Illycaff\u00e8 punta sui mercati USA e intanto definisce i preparativi per la quotazione in Borsa. Cristina Scocchia: &#8220;La carriera non \u00e8 uno sprint ma una maratona&#8221; Dopo aver riportato in carreggiata KIKO Milano lasciando la societ\u00e0 in salute nonostante la pandemia, Cristina Scocchia \u00e8 ora alle prese con l&#8217;espansione di Illycaff\u00e8. Una carriera in continua ascesa la<\/p>\n<p><a class=\"continue-reading\" href=\"https:\/\/www.article-marketing.eu\/comunicatistampa\/cristina-scocchia-racconta-a-la-stampa-i-suoi-primi-mesi-come-ad-di-illycaffe\/\">Continue reading&#8230;<\/a><\/p>\n","protected":false},"author":7088,"featured_media":0,"comment_status":"open","ping_status":"open","sticky":false,"template":"","format":"standard","meta":{"_monsterinsights_skip_tracking":false,"_monsterinsights_sitenote_active":false,"_monsterinsights_sitenote_note":"","_monsterinsights_sitenote_category":0,"footnotes":""},"categories":[386],"tags":[9654],"class_list":["post-23063","post","type-post","status-publish","format-standard","hentry","category-economia-e-lavoro","tag-cristina-scocchia"],"yoast_head":"<!-- This site is optimized with the Yoast SEO plugin v27.3 - https:\/\/yoast.com\/product\/yoast-seo-wordpress\/ -->\n<title>Cristina Scocchia racconta a \u201cLa Stampa\u201d i suoi primi mesi come AD di Illycaff\u00e8<\/title>\n<meta name=\"robots\" content=\"index, follow, max-snippet:-1, max-image-preview:large, max-video-preview:-1\" \/>\n<link rel=\"canonical\" href=\"https:\/\/www.article-marketing.eu\/comunicatistampa\/cristina-scocchia-racconta-a-la-stampa-i-suoi-primi-mesi-come-ad-di-illycaffe\/\" \/>\n<meta property=\"og:locale\" content=\"it_IT\" \/>\n<meta property=\"og:type\" content=\"article\" \/>\n<meta property=\"og:title\" content=\"Cristina Scocchia racconta a \u201cLa Stampa\u201d i suoi primi mesi come AD di Illycaff\u00e8\" \/>\n<meta property=\"og:description\" content=\"Cristina Scocchia alla conquista del settore Food &amp; Retail: il nuovo AD di Illycaff\u00e8 punta sui mercati USA e intanto definisce i preparativi per la quotazione in Borsa. Cristina Scocchia: &#8220;La carriera non \u00e8 uno sprint ma una maratona&#8221; Dopo aver riportato in carreggiata KIKO Milano lasciando la societ\u00e0 in salute nonostante la pandemia, Cristina Scocchia \u00e8 ora alle prese con l&#8217;espansione di Illycaff\u00e8. Una carriera in continua ascesa laContinue reading...\" \/>\n<meta property=\"og:url\" content=\"https:\/\/www.article-marketing.eu\/comunicatistampa\/cristina-scocchia-racconta-a-la-stampa-i-suoi-primi-mesi-come-ad-di-illycaffe\/\" \/>\n<meta property=\"og:site_name\" content=\"Article Marketing\" \/>\n<meta property=\"article:published_time\" content=\"2022-05-14T10:24:50+00:00\" \/>\n<meta property=\"og:image\" content=\"https:\/\/cristinascocchia.it\/wp-content\/uploads\/2021\/04\/img_entrepreneurs_cristinascocchia.jpg\" \/>\n<meta name=\"author\" content=\"officecsweb\" \/>\n<meta name=\"twitter:card\" content=\"summary_large_image\" \/>\n<meta name=\"twitter:label1\" content=\"Scritto da\" \/>\n\t<meta name=\"twitter:data1\" content=\"officecsweb\" \/>\n\t<meta name=\"twitter:label2\" content=\"Tempo di lettura stimato\" \/>\n\t<meta name=\"twitter:data2\" content=\"2 minuti\" \/>\n<script type=\"application\/ld+json\" class=\"yoast-schema-graph\">{\"@context\":\"https:\\\/\\\/schema.org\",\"@graph\":[{\"@type\":\"Article\",\"@id\":\"https:\\\/\\\/www.article-marketing.eu\\\/comunicatistampa\\\/cristina-scocchia-racconta-a-la-stampa-i-suoi-primi-mesi-come-ad-di-illycaffe\\\/#article\",\"isPartOf\":{\"@id\":\"https:\\\/\\\/www.article-marketing.eu\\\/comunicatistampa\\\/cristina-scocchia-racconta-a-la-stampa-i-suoi-primi-mesi-come-ad-di-illycaffe\\\/\"},\"author\":{\"name\":\"officecsweb\",\"@id\":\"https:\\\/\\\/www.article-marketing.eu\\\/comunicatistampa\\\/#\\\/schema\\\/person\\\/cfe0e3fe87ac4e737efb364fc81b596f\"},\"headline\":\"Cristina Scocchia racconta a \u201cLa Stampa\u201d i suoi primi mesi come AD di Illycaff\u00e8\",\"datePublished\":\"2022-05-14T10:24:50+00:00\",\"mainEntityOfPage\":{\"@id\":\"https:\\\/\\\/www.article-marketing.eu\\\/comunicatistampa\\\/cristina-scocchia-racconta-a-la-stampa-i-suoi-primi-mesi-come-ad-di-illycaffe\\\/\"},\"wordCount\":414,\"commentCount\":0,\"image\":{\"@id\":\"https:\\\/\\\/www.article-marketing.eu\\\/comunicatistampa\\\/cristina-scocchia-racconta-a-la-stampa-i-suoi-primi-mesi-come-ad-di-illycaffe\\\/#primaryimage\"},\"thumbnailUrl\":\"https:\\\/\\\/cristinascocchia.it\\\/wp-content\\\/uploads\\\/2021\\\/04\\\/img_entrepreneurs_cristinascocchia.jpg\",\"keywords\":[\"Cristina Scocchia\"],\"articleSection\":[\"Economia e lavoro\"],\"inLanguage\":\"it-IT\",\"potentialAction\":[{\"@type\":\"CommentAction\",\"name\":\"Comment\",\"target\":[\"https:\\\/\\\/www.article-marketing.eu\\\/comunicatistampa\\\/cristina-scocchia-racconta-a-la-stampa-i-suoi-primi-mesi-come-ad-di-illycaffe\\\/#respond\"]}]},{\"@type\":\"WebPage\",\"@id\":\"https:\\\/\\\/www.article-marketing.eu\\\/comunicatistampa\\\/cristina-scocchia-racconta-a-la-stampa-i-suoi-primi-mesi-come-ad-di-illycaffe\\\/\",\"url\":\"https:\\\/\\\/www.article-marketing.eu\\\/comunicatistampa\\\/cristina-scocchia-racconta-a-la-stampa-i-suoi-primi-mesi-come-ad-di-illycaffe\\\/\",\"name\":\"Cristina Scocchia racconta a \u201cLa Stampa\u201d i suoi primi mesi come AD di Illycaff\u00e8\",\"isPartOf\":{\"@id\":\"https:\\\/\\\/www.article-marketing.eu\\\/comunicatistampa\\\/#website\"},\"primaryImageOfPage\":{\"@id\":\"https:\\\/\\\/www.article-marketing.eu\\\/comunicatistampa\\\/cristina-scocchia-racconta-a-la-stampa-i-suoi-primi-mesi-come-ad-di-illycaffe\\\/#primaryimage\"},\"image\":{\"@id\":\"https:\\\/\\\/www.article-marketing.eu\\\/comunicatistampa\\\/cristina-scocchia-racconta-a-la-stampa-i-suoi-primi-mesi-come-ad-di-illycaffe\\\/#primaryimage\"},\"thumbnailUrl\":\"https:\\\/\\\/cristinascocchia.it\\\/wp-content\\\/uploads\\\/2021\\\/04\\\/img_entrepreneurs_cristinascocchia.jpg\",\"datePublished\":\"2022-05-14T10:24:50+00:00\",\"author\":{\"@id\":\"https:\\\/\\\/www.article-marketing.eu\\\/comunicatistampa\\\/#\\\/schema\\\/person\\\/cfe0e3fe87ac4e737efb364fc81b596f\"},\"breadcrumb\":{\"@id\":\"https:\\\/\\\/www.article-marketing.eu\\\/comunicatistampa\\\/cristina-scocchia-racconta-a-la-stampa-i-suoi-primi-mesi-come-ad-di-illycaffe\\\/#breadcrumb\"},\"inLanguage\":\"it-IT\",\"potentialAction\":[{\"@type\":\"ReadAction\",\"target\":[\"https:\\\/\\\/www.article-marketing.eu\\\/comunicatistampa\\\/cristina-scocchia-racconta-a-la-stampa-i-suoi-primi-mesi-come-ad-di-illycaffe\\\/\"]}]},{\"@type\":\"ImageObject\",\"inLanguage\":\"it-IT\",\"@id\":\"https:\\\/\\\/www.article-marketing.eu\\\/comunicatistampa\\\/cristina-scocchia-racconta-a-la-stampa-i-suoi-primi-mesi-come-ad-di-illycaffe\\\/#primaryimage\",\"url\":\"https:\\\/\\\/cristinascocchia.it\\\/wp-content\\\/uploads\\\/2021\\\/04\\\/img_entrepreneurs_cristinascocchia.jpg\",\"contentUrl\":\"https:\\\/\\\/cristinascocchia.it\\\/wp-content\\\/uploads\\\/2021\\\/04\\\/img_entrepreneurs_cristinascocchia.jpg\"},{\"@type\":\"BreadcrumbList\",\"@id\":\"https:\\\/\\\/www.article-marketing.eu\\\/comunicatistampa\\\/cristina-scocchia-racconta-a-la-stampa-i-suoi-primi-mesi-come-ad-di-illycaffe\\\/#breadcrumb\",\"itemListElement\":[{\"@type\":\"ListItem\",\"position\":1,\"name\":\"Home\",\"item\":\"https:\\\/\\\/www.article-marketing.eu\\\/comunicatistampa\\\/\"},{\"@type\":\"ListItem\",\"position\":2,\"name\":\"Cristina Scocchia racconta a \u201cLa Stampa\u201d i suoi primi mesi come AD di Illycaff\u00e8\"}]},{\"@type\":\"WebSite\",\"@id\":\"https:\\\/\\\/www.article-marketing.eu\\\/comunicatistampa\\\/#website\",\"url\":\"https:\\\/\\\/www.article-marketing.eu\\\/comunicatistampa\\\/\",\"name\":\"Article Marketing\",\"description\":\"article marketing &amp; press release\",\"potentialAction\":[{\"@type\":\"SearchAction\",\"target\":{\"@type\":\"EntryPoint\",\"urlTemplate\":\"https:\\\/\\\/www.article-marketing.eu\\\/comunicatistampa\\\/?s={search_term_string}\"},\"query-input\":{\"@type\":\"PropertyValueSpecification\",\"valueRequired\":true,\"valueName\":\"search_term_string\"}}],\"inLanguage\":\"it-IT\"},{\"@type\":\"Person\",\"@id\":\"https:\\\/\\\/www.article-marketing.eu\\\/comunicatistampa\\\/#\\\/schema\\\/person\\\/cfe0e3fe87ac4e737efb364fc81b596f\",\"name\":\"officecsweb\",\"image\":{\"@type\":\"ImageObject\",\"inLanguage\":\"it-IT\",\"@id\":\"https:\\\/\\\/secure.gravatar.com\\\/avatar\\\/fe6a2860ccda1397815d483f3a9a4df158a311e9771fbd77255eba4a7d3f7d49?s=96&d=mm&r=g\",\"url\":\"https:\\\/\\\/secure.gravatar.com\\\/avatar\\\/fe6a2860ccda1397815d483f3a9a4df158a311e9771fbd77255eba4a7d3f7d49?s=96&d=mm&r=g\",\"contentUrl\":\"https:\\\/\\\/secure.gravatar.com\\\/avatar\\\/fe6a2860ccda1397815d483f3a9a4df158a311e9771fbd77255eba4a7d3f7d49?s=96&d=mm&r=g\",\"caption\":\"officecsweb\"},\"url\":\"https:\\\/\\\/www.article-marketing.eu\\\/comunicatistampa\\\/author\\\/officecsweb\\\/\"}]}<\/script>\n<!-- \/ Yoast SEO plugin. -->","yoast_head_json":{"title":"Cristina Scocchia racconta a \u201cLa Stampa\u201d i suoi primi mesi come AD di Illycaff\u00e8","robots":{"index":"index","follow":"follow","max-snippet":"max-snippet:-1","max-image-preview":"max-image-preview:large","max-video-preview":"max-video-preview:-1"},"canonical":"https:\/\/www.article-marketing.eu\/comunicatistampa\/cristina-scocchia-racconta-a-la-stampa-i-suoi-primi-mesi-come-ad-di-illycaffe\/","og_locale":"it_IT","og_type":"article","og_title":"Cristina Scocchia racconta a \u201cLa Stampa\u201d i suoi primi mesi come AD di Illycaff\u00e8","og_description":"Cristina Scocchia alla conquista del settore Food &amp; Retail: il nuovo AD di Illycaff\u00e8 punta sui mercati USA e intanto definisce i preparativi per la quotazione in Borsa. Cristina Scocchia: &#8220;La carriera non \u00e8 uno sprint ma una maratona&#8221; Dopo aver riportato in carreggiata KIKO Milano lasciando la societ\u00e0 in salute nonostante la pandemia, Cristina Scocchia \u00e8 ora alle prese con l&#8217;espansione di Illycaff\u00e8. Una carriera in continua ascesa laContinue reading...","og_url":"https:\/\/www.article-marketing.eu\/comunicatistampa\/cristina-scocchia-racconta-a-la-stampa-i-suoi-primi-mesi-come-ad-di-illycaffe\/","og_site_name":"Article Marketing","article_published_time":"2022-05-14T10:24:50+00:00","og_image":[{"url":"https:\/\/cristinascocchia.it\/wp-content\/uploads\/2021\/04\/img_entrepreneurs_cristinascocchia.jpg","type":"","width":"","height":""}],"author":"officecsweb","twitter_card":"summary_large_image","twitter_misc":{"Scritto da":"officecsweb","Tempo di lettura stimato":"2 minuti"},"schema":{"@context":"https:\/\/schema.org","@graph":[{"@type":"Article","@id":"https:\/\/www.article-marketing.eu\/comunicatistampa\/cristina-scocchia-racconta-a-la-stampa-i-suoi-primi-mesi-come-ad-di-illycaffe\/#article","isPartOf":{"@id":"https:\/\/www.article-marketing.eu\/comunicatistampa\/cristina-scocchia-racconta-a-la-stampa-i-suoi-primi-mesi-come-ad-di-illycaffe\/"},"author":{"name":"officecsweb","@id":"https:\/\/www.article-marketing.eu\/comunicatistampa\/#\/schema\/person\/cfe0e3fe87ac4e737efb364fc81b596f"},"headline":"Cristina Scocchia racconta a \u201cLa Stampa\u201d i suoi primi mesi come AD di Illycaff\u00e8","datePublished":"2022-05-14T10:24:50+00:00","mainEntityOfPage":{"@id":"https:\/\/www.article-marketing.eu\/comunicatistampa\/cristina-scocchia-racconta-a-la-stampa-i-suoi-primi-mesi-come-ad-di-illycaffe\/"},"wordCount":414,"commentCount":0,"image":{"@id":"https:\/\/www.article-marketing.eu\/comunicatistampa\/cristina-scocchia-racconta-a-la-stampa-i-suoi-primi-mesi-come-ad-di-illycaffe\/#primaryimage"},"thumbnailUrl":"https:\/\/cristinascocchia.it\/wp-content\/uploads\/2021\/04\/img_entrepreneurs_cristinascocchia.jpg","keywords":["Cristina Scocchia"],"articleSection":["Economia e lavoro"],"inLanguage":"it-IT","potentialAction":[{"@type":"CommentAction","name":"Comment","target":["https:\/\/www.article-marketing.eu\/comunicatistampa\/cristina-scocchia-racconta-a-la-stampa-i-suoi-primi-mesi-come-ad-di-illycaffe\/#respond"]}]},{"@type":"WebPage","@id":"https:\/\/www.article-marketing.eu\/comunicatistampa\/cristina-scocchia-racconta-a-la-stampa-i-suoi-primi-mesi-come-ad-di-illycaffe\/","url":"https:\/\/www.article-marketing.eu\/comunicatistampa\/cristina-scocchia-racconta-a-la-stampa-i-suoi-primi-mesi-come-ad-di-illycaffe\/","name":"Cristina Scocchia racconta a \u201cLa Stampa\u201d i suoi primi mesi come AD di Illycaff\u00e8","isPartOf":{"@id":"https:\/\/www.article-marketing.eu\/comunicatistampa\/#website"},"primaryImageOfPage":{"@id":"https:\/\/www.article-marketing.eu\/comunicatistampa\/cristina-scocchia-racconta-a-la-stampa-i-suoi-primi-mesi-come-ad-di-illycaffe\/#primaryimage"},"image":{"@id":"https:\/\/www.article-marketing.eu\/comunicatistampa\/cristina-scocchia-racconta-a-la-stampa-i-suoi-primi-mesi-come-ad-di-illycaffe\/#primaryimage"},"thumbnailUrl":"https:\/\/cristinascocchia.it\/wp-content\/uploads\/2021\/04\/img_entrepreneurs_cristinascocchia.jpg","datePublished":"2022-05-14T10:24:50+00:00","author":{"@id":"https:\/\/www.article-marketing.eu\/comunicatistampa\/#\/schema\/person\/cfe0e3fe87ac4e737efb364fc81b596f"},"breadcrumb":{"@id":"https:\/\/www.article-marketing.eu\/comunicatistampa\/cristina-scocchia-racconta-a-la-stampa-i-suoi-primi-mesi-come-ad-di-illycaffe\/#breadcrumb"},"inLanguage":"it-IT","potentialAction":[{"@type":"ReadAction","target":["https:\/\/www.article-marketing.eu\/comunicatistampa\/cristina-scocchia-racconta-a-la-stampa-i-suoi-primi-mesi-come-ad-di-illycaffe\/"]}]},{"@type":"ImageObject","inLanguage":"it-IT","@id":"https:\/\/www.article-marketing.eu\/comunicatistampa\/cristina-scocchia-racconta-a-la-stampa-i-suoi-primi-mesi-come-ad-di-illycaffe\/#primaryimage","url":"https:\/\/cristinascocchia.it\/wp-content\/uploads\/2021\/04\/img_entrepreneurs_cristinascocchia.jpg","contentUrl":"https:\/\/cristinascocchia.it\/wp-content\/uploads\/2021\/04\/img_entrepreneurs_cristinascocchia.jpg"},{"@type":"BreadcrumbList","@id":"https:\/\/www.article-marketing.eu\/comunicatistampa\/cristina-scocchia-racconta-a-la-stampa-i-suoi-primi-mesi-come-ad-di-illycaffe\/#breadcrumb","itemListElement":[{"@type":"ListItem","position":1,"name":"Home","item":"https:\/\/www.article-marketing.eu\/comunicatistampa\/"},{"@type":"ListItem","position":2,"name":"Cristina Scocchia racconta a \u201cLa Stampa\u201d i suoi primi mesi come AD di Illycaff\u00e8"}]},{"@type":"WebSite","@id":"https:\/\/www.article-marketing.eu\/comunicatistampa\/#website","url":"https:\/\/www.article-marketing.eu\/comunicatistampa\/","name":"Article Marketing","description":"article marketing &amp; press release","potentialAction":[{"@type":"SearchAction","target":{"@type":"EntryPoint","urlTemplate":"https:\/\/www.article-marketing.eu\/comunicatistampa\/?s={search_term_string}"},"query-input":{"@type":"PropertyValueSpecification","valueRequired":true,"valueName":"search_term_string"}}],"inLanguage":"it-IT"},{"@type":"Person","@id":"https:\/\/www.article-marketing.eu\/comunicatistampa\/#\/schema\/person\/cfe0e3fe87ac4e737efb364fc81b596f","name":"officecsweb","image":{"@type":"ImageObject","inLanguage":"it-IT","@id":"https:\/\/secure.gravatar.com\/avatar\/fe6a2860ccda1397815d483f3a9a4df158a311e9771fbd77255eba4a7d3f7d49?s=96&d=mm&r=g","url":"https:\/\/secure.gravatar.com\/avatar\/fe6a2860ccda1397815d483f3a9a4df158a311e9771fbd77255eba4a7d3f7d49?s=96&d=mm&r=g","contentUrl":"https:\/\/secure.gravatar.com\/avatar\/fe6a2860ccda1397815d483f3a9a4df158a311e9771fbd77255eba4a7d3f7d49?s=96&d=mm&r=g","caption":"officecsweb"},"url":"https:\/\/www.article-marketing.eu\/comunicatistampa\/author\/officecsweb\/"}]}},"_links":{"self":[{"href":"https:\/\/www.article-marketing.eu\/comunicatistampa\/wp-json\/wp\/v2\/posts\/23063","targetHints":{"allow":["GET"]}}],"collection":[{"href":"https:\/\/www.article-marketing.eu\/comunicatistampa\/wp-json\/wp\/v2\/posts"}],"about":[{"href":"https:\/\/www.article-marketing.eu\/comunicatistampa\/wp-json\/wp\/v2\/types\/post"}],"author":[{"embeddable":true,"href":"https:\/\/www.article-marketing.eu\/comunicatistampa\/wp-json\/wp\/v2\/users\/7088"}],"replies":[{"embeddable":true,"href":"https:\/\/www.article-marketing.eu\/comunicatistampa\/wp-json\/wp\/v2\/comments?post=23063"}],"version-history":[{"count":2,"href":"https:\/\/www.article-marketing.eu\/comunicatistampa\/wp-json\/wp\/v2\/posts\/23063\/revisions"}],"predecessor-version":[{"id":23131,"href":"https:\/\/www.article-marketing.eu\/comunicatistampa\/wp-json\/wp\/v2\/posts\/23063\/revisions\/23131"}],"wp:attachment":[{"href":"https:\/\/www.article-marketing.eu\/comunicatistampa\/wp-json\/wp\/v2\/media?parent=23063"}],"wp:term":[{"taxonomy":"category","embeddable":true,"href":"https:\/\/www.article-marketing.eu\/comunicatistampa\/wp-json\/wp\/v2\/categories?post=23063"},{"taxonomy":"post_tag","embeddable":true,"href":"https:\/\/www.article-marketing.eu\/comunicatistampa\/wp-json\/wp\/v2\/tags?post=23063"}],"curies":[{"name":"wp","href":"https:\/\/api.w.org\/{rel}","templated":true}]}}