{"id":23088,"date":"2022-05-14T12:27:01","date_gmt":"2022-05-14T10:27:01","guid":{"rendered":"https:\/\/www.article-marketing.eu\/comunicatistampa\/?p=23088"},"modified":"2022-05-14T12:27:01","modified_gmt":"2022-05-14T10:27:01","slug":"massimo-malvestio-in-un-editoriale-del-2005-gli-inizi-del-declino-della-coldiretti","status":"publish","type":"post","link":"https:\/\/www.article-marketing.eu\/comunicatistampa\/massimo-malvestio-in-un-editoriale-del-2005-gli-inizi-del-declino-della-coldiretti\/","title":{"rendered":"Massimo Malvestio: in un editoriale del 2005 gli inizi del declino della Coldiretti"},"content":{"rendered":"<p><em><strong>Pi\u00f9 di 15 anni fa <a title=\"Massimo Malvestio - Riflettori Su\" href=\"https:\/\/www.riflettorisu.it\/tag\/massimo-malvestio\">Massimo Malvestio<\/a> accese i riflettori sul costante indebolimento della Coldiretti. Il quotidiano &#8220;Veneziepost&#8221; ripropone l&#8217;editoriale dove l&#8217;avvocato spiega le cause del fenomeno.<\/strong><\/em><\/p>\n<p><img loading=\"lazy\" decoding=\"async\" class=\"alignnone\" src=\"https:\/\/www.riflettorisu.it\/wp-content\/uploads\/2021\/07\/massimo-malvestio-800x478.jpg\" alt=\"Massimo Malvestio\" width=\"120\" height=\"478\" \/><\/p>\n<h2>Massimo Malvestio: gli anni del potere della Coldiretti<\/h2>\n<p>C&#8217;era un tempo in cui, grazie all&#8217;influenza della Coldiretti, in regioni come il Veneto bastava essere contadini e padri di famiglia per ottenere la vittoria alle elezioni politiche. Un potere, quello della maggiore associazione di rappresentanza dell&#8217;agricoltura italiana, che dagli anni &#8217;80 in poi ha iniziato a risentire dello stretto legame con la Democrazia Cristiana. E non solo. A ricordare l&#8217;evoluzione della Coldiretti \u00e8 <strong>Massimo Malvestio<\/strong>. In un suo editoriale del 2005, pubblicato su &#8220;Nordesteuropa&#8221; e recentemente ripreso dal quotidiano &#8220;Veneziepost&#8221;, l&#8217;avvocato analizza le cause che hanno portato all&#8217;indebolimento dell&#8217;associazione fondata nel 1944 da Paolo Bonomi, uno dei primi rappresentati della storica DC. <em>&#8220;La Coldiretti era la pi\u00f9 potente, la pi\u00f9 numerosa e la pi\u00f9 disciplinata organizzazione collaterale alla Democrazia Cristiana<\/em> &#8211; scrive <strong>Massimo Malvestio<\/strong> &#8211; <em>e la loro alleanza ha segnato per cinquant&#8217;anni tutte le scelte di uomini e di strategie del Veneto bianco&#8221;<\/em>. Il sindacato aveva il potere di dire la sua su consorzi agrari, casse rurali, cooperative. Negli anni 2000 i primi segnali di declino, tra cui spicca la sconfitta alle elezioni dei consorzi di bonifica del 2005, definiti dall&#8217;autore <em>&#8220;un triste spettacolo per chi ricorda cosa la Coldiretti ha significato nella storia recente di questa regione&#8221;<\/em>.<\/p>\n<h2>Massimo Malvestio: le cause dell&#8217;indebolimento<\/h2>\n<p>Un&#8217;influenza durata oltre mezzo secolo che si spiega innanzitutto con i vantaggi che l&#8217;associazione apportava ai suoi membri. Gi\u00e0 nel 1954 il primo grande successo, con i coltivatori diretti che diventano i primi lavoratori autonomi in Italia ad ottenere l&#8217;assistenza malattia garantita. A testimonianza del suo peso politico la Coldiretti, aggiunge <strong>Massimo Malvestio<\/strong>, ha avuto un ruolo fondamentale anche nella promulgazione della legge per l&#8217;edificazione delle zone rurali, i cui effetti negativi sul paesaggio sono visibili ancora oggi. Con il crollo della DC e lo spostamento verso un sistema bipolare, l&#8217;associazione perde progressivamente appoggi e potere. Ma a contribuire al suo indebolimento anche altri fattori, come il decollo industriale del Paese, il progressivo spopolamento delle campagne e il fenomeno della secolarizzazione: <em>&#8220;Per molti contadini rendere edificabile il proprio terreno era assai pi\u00f9 interessante che coltivarlo<\/em> &#8211; spiega <strong>Massimo Malvestio<\/strong> &#8211; <em>a ci\u00f2 si aggiunga la modifica statutaria che negli ultimi anni ha tolto ogni vera autonomia alle articolazioni territoriali ridotte a dipendenze dell&#8217;organizzazione nazionale&#8221;<\/em>.<\/p>\n","protected":false},"excerpt":{"rendered":"<p>Pi\u00f9 di 15 anni fa Massimo Malvestio accese i riflettori sul costante indebolimento della Coldiretti. Il quotidiano &#8220;Veneziepost&#8221; ripropone l&#8217;editoriale dove l&#8217;avvocato spiega le cause del fenomeno. Massimo Malvestio: gli anni del potere della Coldiretti C&#8217;era un tempo in cui, grazie all&#8217;influenza della Coldiretti, in regioni come il Veneto bastava essere contadini e padri di famiglia per ottenere la vittoria alle elezioni politiche. Un potere, quello della maggiore associazione di<\/p>\n<p><a class=\"continue-reading\" href=\"https:\/\/www.article-marketing.eu\/comunicatistampa\/massimo-malvestio-in-un-editoriale-del-2005-gli-inizi-del-declino-della-coldiretti\/\">Continue reading&#8230;<\/a><\/p>\n","protected":false},"author":6477,"featured_media":0,"comment_status":"open","ping_status":"open","sticky":false,"template":"","format":"standard","meta":{"_monsterinsights_skip_tracking":false,"_monsterinsights_sitenote_active":false,"_monsterinsights_sitenote_note":"","_monsterinsights_sitenote_category":0,"footnotes":""},"categories":[78],"tags":[9308],"class_list":["post-23088","post","type-post","status-publish","format-standard","hentry","category-comunicati-stampa","tag-massimo-malvestio"],"yoast_head":"<!-- This site is optimized with the Yoast SEO plugin v27.3 - https:\/\/yoast.com\/product\/yoast-seo-wordpress\/ -->\n<title>Massimo Malvestio: in un editoriale del 2005 gli inizi del declino della Coldiretti<\/title>\n<meta name=\"robots\" content=\"index, follow, max-snippet:-1, max-image-preview:large, max-video-preview:-1\" \/>\n<link rel=\"canonical\" href=\"https:\/\/www.article-marketing.eu\/comunicatistampa\/massimo-malvestio-in-un-editoriale-del-2005-gli-inizi-del-declino-della-coldiretti\/\" \/>\n<meta property=\"og:locale\" content=\"it_IT\" \/>\n<meta property=\"og:type\" content=\"article\" \/>\n<meta property=\"og:title\" content=\"Massimo Malvestio: in un editoriale del 2005 gli inizi del declino della Coldiretti\" \/>\n<meta property=\"og:description\" content=\"Pi\u00f9 di 15 anni fa Massimo Malvestio accese i riflettori sul costante indebolimento della Coldiretti. Il quotidiano &#8220;Veneziepost&#8221; ripropone l&#8217;editoriale dove l&#8217;avvocato spiega le cause del fenomeno. Massimo Malvestio: gli anni del potere della Coldiretti C&#8217;era un tempo in cui, grazie all&#8217;influenza della Coldiretti, in regioni come il Veneto bastava essere contadini e padri di famiglia per ottenere la vittoria alle elezioni politiche. Un potere, quello della maggiore associazione diContinue reading...\" \/>\n<meta property=\"og:url\" content=\"https:\/\/www.article-marketing.eu\/comunicatistampa\/massimo-malvestio-in-un-editoriale-del-2005-gli-inizi-del-declino-della-coldiretti\/\" \/>\n<meta property=\"og:site_name\" content=\"Article Marketing\" \/>\n<meta property=\"article:published_time\" content=\"2022-05-14T10:27:01+00:00\" \/>\n<meta property=\"og:image\" content=\"https:\/\/www.riflettorisu.it\/wp-content\/uploads\/2021\/07\/massimo-malvestio-800x478.jpg\" \/>\n<meta name=\"author\" content=\"articolinews\" \/>\n<meta name=\"twitter:card\" content=\"summary_large_image\" \/>\n<meta name=\"twitter:label1\" content=\"Scritto da\" \/>\n\t<meta name=\"twitter:data1\" content=\"articolinews\" \/>\n\t<meta name=\"twitter:label2\" content=\"Tempo di lettura stimato\" \/>\n\t<meta name=\"twitter:data2\" content=\"2 minuti\" \/>\n<script type=\"application\/ld+json\" class=\"yoast-schema-graph\">{\"@context\":\"https:\\\/\\\/schema.org\",\"@graph\":[{\"@type\":\"Article\",\"@id\":\"https:\\\/\\\/www.article-marketing.eu\\\/comunicatistampa\\\/massimo-malvestio-in-un-editoriale-del-2005-gli-inizi-del-declino-della-coldiretti\\\/#article\",\"isPartOf\":{\"@id\":\"https:\\\/\\\/www.article-marketing.eu\\\/comunicatistampa\\\/massimo-malvestio-in-un-editoriale-del-2005-gli-inizi-del-declino-della-coldiretti\\\/\"},\"author\":{\"name\":\"articolinews\",\"@id\":\"https:\\\/\\\/www.article-marketing.eu\\\/comunicatistampa\\\/#\\\/schema\\\/person\\\/2fcaf8f8f3a9eef9eb7f27532d3ca458\"},\"headline\":\"Massimo Malvestio: in un editoriale del 2005 gli inizi del declino della Coldiretti\",\"datePublished\":\"2022-05-14T10:27:01+00:00\",\"mainEntityOfPage\":{\"@id\":\"https:\\\/\\\/www.article-marketing.eu\\\/comunicatistampa\\\/massimo-malvestio-in-un-editoriale-del-2005-gli-inizi-del-declino-della-coldiretti\\\/\"},\"wordCount\":409,\"commentCount\":0,\"image\":{\"@id\":\"https:\\\/\\\/www.article-marketing.eu\\\/comunicatistampa\\\/massimo-malvestio-in-un-editoriale-del-2005-gli-inizi-del-declino-della-coldiretti\\\/#primaryimage\"},\"thumbnailUrl\":\"https:\\\/\\\/www.riflettorisu.it\\\/wp-content\\\/uploads\\\/2021\\\/07\\\/massimo-malvestio-800x478.jpg\",\"keywords\":[\"Massimo Malvestio\"],\"articleSection\":[\"Comunicati stampa\"],\"inLanguage\":\"it-IT\",\"potentialAction\":[{\"@type\":\"CommentAction\",\"name\":\"Comment\",\"target\":[\"https:\\\/\\\/www.article-marketing.eu\\\/comunicatistampa\\\/massimo-malvestio-in-un-editoriale-del-2005-gli-inizi-del-declino-della-coldiretti\\\/#respond\"]}]},{\"@type\":\"WebPage\",\"@id\":\"https:\\\/\\\/www.article-marketing.eu\\\/comunicatistampa\\\/massimo-malvestio-in-un-editoriale-del-2005-gli-inizi-del-declino-della-coldiretti\\\/\",\"url\":\"https:\\\/\\\/www.article-marketing.eu\\\/comunicatistampa\\\/massimo-malvestio-in-un-editoriale-del-2005-gli-inizi-del-declino-della-coldiretti\\\/\",\"name\":\"Massimo Malvestio: in un editoriale del 2005 gli inizi del declino della Coldiretti\",\"isPartOf\":{\"@id\":\"https:\\\/\\\/www.article-marketing.eu\\\/comunicatistampa\\\/#website\"},\"primaryImageOfPage\":{\"@id\":\"https:\\\/\\\/www.article-marketing.eu\\\/comunicatistampa\\\/massimo-malvestio-in-un-editoriale-del-2005-gli-inizi-del-declino-della-coldiretti\\\/#primaryimage\"},\"image\":{\"@id\":\"https:\\\/\\\/www.article-marketing.eu\\\/comunicatistampa\\\/massimo-malvestio-in-un-editoriale-del-2005-gli-inizi-del-declino-della-coldiretti\\\/#primaryimage\"},\"thumbnailUrl\":\"https:\\\/\\\/www.riflettorisu.it\\\/wp-content\\\/uploads\\\/2021\\\/07\\\/massimo-malvestio-800x478.jpg\",\"datePublished\":\"2022-05-14T10:27:01+00:00\",\"author\":{\"@id\":\"https:\\\/\\\/www.article-marketing.eu\\\/comunicatistampa\\\/#\\\/schema\\\/person\\\/2fcaf8f8f3a9eef9eb7f27532d3ca458\"},\"breadcrumb\":{\"@id\":\"https:\\\/\\\/www.article-marketing.eu\\\/comunicatistampa\\\/massimo-malvestio-in-un-editoriale-del-2005-gli-inizi-del-declino-della-coldiretti\\\/#breadcrumb\"},\"inLanguage\":\"it-IT\",\"potentialAction\":[{\"@type\":\"ReadAction\",\"target\":[\"https:\\\/\\\/www.article-marketing.eu\\\/comunicatistampa\\\/massimo-malvestio-in-un-editoriale-del-2005-gli-inizi-del-declino-della-coldiretti\\\/\"]}]},{\"@type\":\"ImageObject\",\"inLanguage\":\"it-IT\",\"@id\":\"https:\\\/\\\/www.article-marketing.eu\\\/comunicatistampa\\\/massimo-malvestio-in-un-editoriale-del-2005-gli-inizi-del-declino-della-coldiretti\\\/#primaryimage\",\"url\":\"https:\\\/\\\/www.riflettorisu.it\\\/wp-content\\\/uploads\\\/2021\\\/07\\\/massimo-malvestio-800x478.jpg\",\"contentUrl\":\"https:\\\/\\\/www.riflettorisu.it\\\/wp-content\\\/uploads\\\/2021\\\/07\\\/massimo-malvestio-800x478.jpg\"},{\"@type\":\"BreadcrumbList\",\"@id\":\"https:\\\/\\\/www.article-marketing.eu\\\/comunicatistampa\\\/massimo-malvestio-in-un-editoriale-del-2005-gli-inizi-del-declino-della-coldiretti\\\/#breadcrumb\",\"itemListElement\":[{\"@type\":\"ListItem\",\"position\":1,\"name\":\"Home\",\"item\":\"https:\\\/\\\/www.article-marketing.eu\\\/comunicatistampa\\\/\"},{\"@type\":\"ListItem\",\"position\":2,\"name\":\"Massimo Malvestio: in un editoriale del 2005 gli inizi del declino della Coldiretti\"}]},{\"@type\":\"WebSite\",\"@id\":\"https:\\\/\\\/www.article-marketing.eu\\\/comunicatistampa\\\/#website\",\"url\":\"https:\\\/\\\/www.article-marketing.eu\\\/comunicatistampa\\\/\",\"name\":\"Article Marketing\",\"description\":\"article marketing &amp; press release\",\"potentialAction\":[{\"@type\":\"SearchAction\",\"target\":{\"@type\":\"EntryPoint\",\"urlTemplate\":\"https:\\\/\\\/www.article-marketing.eu\\\/comunicatistampa\\\/?s={search_term_string}\"},\"query-input\":{\"@type\":\"PropertyValueSpecification\",\"valueRequired\":true,\"valueName\":\"search_term_string\"}}],\"inLanguage\":\"it-IT\"},{\"@type\":\"Person\",\"@id\":\"https:\\\/\\\/www.article-marketing.eu\\\/comunicatistampa\\\/#\\\/schema\\\/person\\\/2fcaf8f8f3a9eef9eb7f27532d3ca458\",\"name\":\"articolinews\",\"image\":{\"@type\":\"ImageObject\",\"inLanguage\":\"it-IT\",\"@id\":\"https:\\\/\\\/secure.gravatar.com\\\/avatar\\\/9e2a264bab04e17dea24d937c9956304649a848cb73c46747a692ff1bdeb1cb7?s=96&d=mm&r=g\",\"url\":\"https:\\\/\\\/secure.gravatar.com\\\/avatar\\\/9e2a264bab04e17dea24d937c9956304649a848cb73c46747a692ff1bdeb1cb7?s=96&d=mm&r=g\",\"contentUrl\":\"https:\\\/\\\/secure.gravatar.com\\\/avatar\\\/9e2a264bab04e17dea24d937c9956304649a848cb73c46747a692ff1bdeb1cb7?s=96&d=mm&r=g\",\"caption\":\"articolinews\"},\"url\":\"https:\\\/\\\/www.article-marketing.eu\\\/comunicatistampa\\\/author\\\/articolinews\\\/\"}]}<\/script>\n<!-- \/ Yoast SEO plugin. -->","yoast_head_json":{"title":"Massimo Malvestio: in un editoriale del 2005 gli inizi del declino della Coldiretti","robots":{"index":"index","follow":"follow","max-snippet":"max-snippet:-1","max-image-preview":"max-image-preview:large","max-video-preview":"max-video-preview:-1"},"canonical":"https:\/\/www.article-marketing.eu\/comunicatistampa\/massimo-malvestio-in-un-editoriale-del-2005-gli-inizi-del-declino-della-coldiretti\/","og_locale":"it_IT","og_type":"article","og_title":"Massimo Malvestio: in un editoriale del 2005 gli inizi del declino della Coldiretti","og_description":"Pi\u00f9 di 15 anni fa Massimo Malvestio accese i riflettori sul costante indebolimento della Coldiretti. Il quotidiano &#8220;Veneziepost&#8221; ripropone l&#8217;editoriale dove l&#8217;avvocato spiega le cause del fenomeno. Massimo Malvestio: gli anni del potere della Coldiretti C&#8217;era un tempo in cui, grazie all&#8217;influenza della Coldiretti, in regioni come il Veneto bastava essere contadini e padri di famiglia per ottenere la vittoria alle elezioni politiche. Un potere, quello della maggiore associazione diContinue reading...","og_url":"https:\/\/www.article-marketing.eu\/comunicatistampa\/massimo-malvestio-in-un-editoriale-del-2005-gli-inizi-del-declino-della-coldiretti\/","og_site_name":"Article Marketing","article_published_time":"2022-05-14T10:27:01+00:00","og_image":[{"url":"https:\/\/www.riflettorisu.it\/wp-content\/uploads\/2021\/07\/massimo-malvestio-800x478.jpg","type":"","width":"","height":""}],"author":"articolinews","twitter_card":"summary_large_image","twitter_misc":{"Scritto da":"articolinews","Tempo di lettura stimato":"2 minuti"},"schema":{"@context":"https:\/\/schema.org","@graph":[{"@type":"Article","@id":"https:\/\/www.article-marketing.eu\/comunicatistampa\/massimo-malvestio-in-un-editoriale-del-2005-gli-inizi-del-declino-della-coldiretti\/#article","isPartOf":{"@id":"https:\/\/www.article-marketing.eu\/comunicatistampa\/massimo-malvestio-in-un-editoriale-del-2005-gli-inizi-del-declino-della-coldiretti\/"},"author":{"name":"articolinews","@id":"https:\/\/www.article-marketing.eu\/comunicatistampa\/#\/schema\/person\/2fcaf8f8f3a9eef9eb7f27532d3ca458"},"headline":"Massimo Malvestio: in un editoriale del 2005 gli inizi del declino della Coldiretti","datePublished":"2022-05-14T10:27:01+00:00","mainEntityOfPage":{"@id":"https:\/\/www.article-marketing.eu\/comunicatistampa\/massimo-malvestio-in-un-editoriale-del-2005-gli-inizi-del-declino-della-coldiretti\/"},"wordCount":409,"commentCount":0,"image":{"@id":"https:\/\/www.article-marketing.eu\/comunicatistampa\/massimo-malvestio-in-un-editoriale-del-2005-gli-inizi-del-declino-della-coldiretti\/#primaryimage"},"thumbnailUrl":"https:\/\/www.riflettorisu.it\/wp-content\/uploads\/2021\/07\/massimo-malvestio-800x478.jpg","keywords":["Massimo Malvestio"],"articleSection":["Comunicati stampa"],"inLanguage":"it-IT","potentialAction":[{"@type":"CommentAction","name":"Comment","target":["https:\/\/www.article-marketing.eu\/comunicatistampa\/massimo-malvestio-in-un-editoriale-del-2005-gli-inizi-del-declino-della-coldiretti\/#respond"]}]},{"@type":"WebPage","@id":"https:\/\/www.article-marketing.eu\/comunicatistampa\/massimo-malvestio-in-un-editoriale-del-2005-gli-inizi-del-declino-della-coldiretti\/","url":"https:\/\/www.article-marketing.eu\/comunicatistampa\/massimo-malvestio-in-un-editoriale-del-2005-gli-inizi-del-declino-della-coldiretti\/","name":"Massimo Malvestio: in un editoriale del 2005 gli inizi del declino della Coldiretti","isPartOf":{"@id":"https:\/\/www.article-marketing.eu\/comunicatistampa\/#website"},"primaryImageOfPage":{"@id":"https:\/\/www.article-marketing.eu\/comunicatistampa\/massimo-malvestio-in-un-editoriale-del-2005-gli-inizi-del-declino-della-coldiretti\/#primaryimage"},"image":{"@id":"https:\/\/www.article-marketing.eu\/comunicatistampa\/massimo-malvestio-in-un-editoriale-del-2005-gli-inizi-del-declino-della-coldiretti\/#primaryimage"},"thumbnailUrl":"https:\/\/www.riflettorisu.it\/wp-content\/uploads\/2021\/07\/massimo-malvestio-800x478.jpg","datePublished":"2022-05-14T10:27:01+00:00","author":{"@id":"https:\/\/www.article-marketing.eu\/comunicatistampa\/#\/schema\/person\/2fcaf8f8f3a9eef9eb7f27532d3ca458"},"breadcrumb":{"@id":"https:\/\/www.article-marketing.eu\/comunicatistampa\/massimo-malvestio-in-un-editoriale-del-2005-gli-inizi-del-declino-della-coldiretti\/#breadcrumb"},"inLanguage":"it-IT","potentialAction":[{"@type":"ReadAction","target":["https:\/\/www.article-marketing.eu\/comunicatistampa\/massimo-malvestio-in-un-editoriale-del-2005-gli-inizi-del-declino-della-coldiretti\/"]}]},{"@type":"ImageObject","inLanguage":"it-IT","@id":"https:\/\/www.article-marketing.eu\/comunicatistampa\/massimo-malvestio-in-un-editoriale-del-2005-gli-inizi-del-declino-della-coldiretti\/#primaryimage","url":"https:\/\/www.riflettorisu.it\/wp-content\/uploads\/2021\/07\/massimo-malvestio-800x478.jpg","contentUrl":"https:\/\/www.riflettorisu.it\/wp-content\/uploads\/2021\/07\/massimo-malvestio-800x478.jpg"},{"@type":"BreadcrumbList","@id":"https:\/\/www.article-marketing.eu\/comunicatistampa\/massimo-malvestio-in-un-editoriale-del-2005-gli-inizi-del-declino-della-coldiretti\/#breadcrumb","itemListElement":[{"@type":"ListItem","position":1,"name":"Home","item":"https:\/\/www.article-marketing.eu\/comunicatistampa\/"},{"@type":"ListItem","position":2,"name":"Massimo Malvestio: in un editoriale del 2005 gli inizi del declino della Coldiretti"}]},{"@type":"WebSite","@id":"https:\/\/www.article-marketing.eu\/comunicatistampa\/#website","url":"https:\/\/www.article-marketing.eu\/comunicatistampa\/","name":"Article Marketing","description":"article marketing &amp; press release","potentialAction":[{"@type":"SearchAction","target":{"@type":"EntryPoint","urlTemplate":"https:\/\/www.article-marketing.eu\/comunicatistampa\/?s={search_term_string}"},"query-input":{"@type":"PropertyValueSpecification","valueRequired":true,"valueName":"search_term_string"}}],"inLanguage":"it-IT"},{"@type":"Person","@id":"https:\/\/www.article-marketing.eu\/comunicatistampa\/#\/schema\/person\/2fcaf8f8f3a9eef9eb7f27532d3ca458","name":"articolinews","image":{"@type":"ImageObject","inLanguage":"it-IT","@id":"https:\/\/secure.gravatar.com\/avatar\/9e2a264bab04e17dea24d937c9956304649a848cb73c46747a692ff1bdeb1cb7?s=96&d=mm&r=g","url":"https:\/\/secure.gravatar.com\/avatar\/9e2a264bab04e17dea24d937c9956304649a848cb73c46747a692ff1bdeb1cb7?s=96&d=mm&r=g","contentUrl":"https:\/\/secure.gravatar.com\/avatar\/9e2a264bab04e17dea24d937c9956304649a848cb73c46747a692ff1bdeb1cb7?s=96&d=mm&r=g","caption":"articolinews"},"url":"https:\/\/www.article-marketing.eu\/comunicatistampa\/author\/articolinews\/"}]}},"_links":{"self":[{"href":"https:\/\/www.article-marketing.eu\/comunicatistampa\/wp-json\/wp\/v2\/posts\/23088","targetHints":{"allow":["GET"]}}],"collection":[{"href":"https:\/\/www.article-marketing.eu\/comunicatistampa\/wp-json\/wp\/v2\/posts"}],"about":[{"href":"https:\/\/www.article-marketing.eu\/comunicatistampa\/wp-json\/wp\/v2\/types\/post"}],"author":[{"embeddable":true,"href":"https:\/\/www.article-marketing.eu\/comunicatistampa\/wp-json\/wp\/v2\/users\/6477"}],"replies":[{"embeddable":true,"href":"https:\/\/www.article-marketing.eu\/comunicatistampa\/wp-json\/wp\/v2\/comments?post=23088"}],"version-history":[{"count":3,"href":"https:\/\/www.article-marketing.eu\/comunicatistampa\/wp-json\/wp\/v2\/posts\/23088\/revisions"}],"predecessor-version":[{"id":23139,"href":"https:\/\/www.article-marketing.eu\/comunicatistampa\/wp-json\/wp\/v2\/posts\/23088\/revisions\/23139"}],"wp:attachment":[{"href":"https:\/\/www.article-marketing.eu\/comunicatistampa\/wp-json\/wp\/v2\/media?parent=23088"}],"wp:term":[{"taxonomy":"category","embeddable":true,"href":"https:\/\/www.article-marketing.eu\/comunicatistampa\/wp-json\/wp\/v2\/categories?post=23088"},{"taxonomy":"post_tag","embeddable":true,"href":"https:\/\/www.article-marketing.eu\/comunicatistampa\/wp-json\/wp\/v2\/tags?post=23088"}],"curies":[{"name":"wp","href":"https:\/\/api.w.org\/{rel}","templated":true}]}}