{"id":2309,"date":"2017-05-04T13:47:45","date_gmt":"2017-05-04T11:47:45","guid":{"rendered":"http:\/\/www.article-marketing.eu\/comunicatistampa\/?p=2309"},"modified":"2017-05-04T13:47:45","modified_gmt":"2017-05-04T11:47:45","slug":"brandina-si-prepara-per-lestate-con-un-nuovo-sito-web","status":"publish","type":"post","link":"https:\/\/www.article-marketing.eu\/comunicatistampa\/brandina-si-prepara-per-lestate-con-un-nuovo-sito-web\/","title":{"rendered":"Brandina si prepara per l\u2019estate con un nuovo sito web"},"content":{"rendered":"<p>Brandina rafforza la sua immagine digitale attraverso il lancio del <strong>nuovo sito Brandina the original<\/strong>: BENVENUTI IN VACANZA.<\/p>\n<p>Si gioca con i must dell\u2019azienda: primo fra tutti il colore del brand, che ricorda il mare, l\u2019odore della crema solare, i pomeriggi sdraiati al sole, le serate trascorse con la sabbia bagnata sotto i piedi, vacanze vissute tra gli angoli pi\u00f9 suggestivi d\u2019Italia, che sono stati anche la bandiera del nostro turismo.<\/p>\n<p>Perch\u00e9, come recita il leit motiv dell\u2019azienda nota per le borse realizzate con il tessuto dei lettini da mare, frutto della creativit\u00e0 del designer <em>Marco Morosini<\/em>, \u201cil mare \u00e8 felicit\u00e0 ovunque tu sia, Brandina ha ogni spiaggia dentro e ti porta sempre in riva al mare\u201d. Ecco allora che con il nuovo sito il mare prende sempre pi\u00f9 spazio, gi\u00e0 dalla homepage, con immagini pi\u00f9 grandi ed evocative. L\u2019impatto grafico \u00e8 minimal, per premiare la fruibilit\u00e0. \u201c<em>Less is more<\/em>\u201d recita la filosofia Brandina e anche il rinnovato sito corporate con shop online, punta sulla semplicit\u00e0 e sull\u2019essenziale.<\/p>\n<p>La navigazione \u00e8 chiara, grazie all\u2019inserimento di un men\u00f9 per tipologie che aiuta a muoversi meglio tra le varie linee e la destinazione d\u2019uso dei prodotti. L\u2019idea, la mission e l\u2019essenza del marchio Brandina, occupano un\u2019area a loro riservata, che introduce e trasporta verso lo spirito che \u00e8 alle radici di questo brand.<\/p>\n<p>&nbsp;<\/p>\n<p>\u201cL\u2019allegria, la positivit\u00e0 e la piacevolezza dello star bene &#8211; spiega <em>Walter Del Prete<\/em>, professionista nel web marketing e socio fondatore di <a href=\"http:\/\/www.e-leva.com\/?utm_source=Pr&amp;utm_medium=comunicato-Brandina&amp;utm_campaign=Prc_com-Brandina&amp;utm_term=Pr_k_nuovo-sito-Brandina\" target=\"_blank\" rel=\"noopener noreferrer\">E-leva<\/a> &#8211; sono i principi cardine della filosofia Brandina. Con l\u2019immagine online abbiamo voluto richiamare questi stessi elementi, facendo forza sul grande potere evocativo che i colori, gli elementi e i dettagli richiamati dal brand risvegliano in ognuno di noi.\u201d<\/p>\n<p>\u201cIl mondo <a href=\"https:\/\/www.brandinatheoriginal.it\/\" target=\"_blank\" rel=\"noopener noreferrer\">Brandina<\/a> &#8211; ci racconta il suo ideatore <em>Marco Morosini<\/em> &#8211; racchiude oltre 50 anni di tradizione ed eredit\u00e0. La storia del tessuto comincia agli inizi degli anni \u201960, quando la Riviera italiana fiorisce. Indossare una borsa Brandina significa vivere un\u2019idea, una storia, un mind-style. Brandina trasmette i colori delle spiagge italiane e l\u2019atmosfera che in esse si respira. Benvenuti in vacanza!\u201d<\/p>\n<p>Il marchio Brandina \u00e8 venduto anche in 31 negozi multimarca in Italia ed in 9 negozi all\u2019estero.<\/p>\n<p>Con l&#8217;occasione del nuovo sito web, Brandina mette a disposizione un&#8217;<strong>esclusiva promozione<\/strong>: il nuovo profumo d&#8217;ambiente Soul fragrance Brandina in omaggio per ogni acquisto online superiore a 120 \u20ac. La promo \u00e8 valida da gioved\u00ec 4 a domenica 14 maggio.<br \/>\n&gt; <a href=\"https:\/\/www.brandinatheoriginal.it\" target=\"_blank\" rel=\"noopener noreferrer\">https:\/\/www.brandinatheoriginal.it<\/a><\/p>\n","protected":false},"excerpt":{"rendered":"<p>Brandina rafforza la sua immagine digitale attraverso il lancio del nuovo sito Brandina the original: BENVENUTI IN VACANZA. Si gioca con i must dell\u2019azienda: primo fra tutti il colore del brand, che ricorda il mare, l\u2019odore della crema solare, i pomeriggi sdraiati al sole, le serate trascorse con la sabbia bagnata sotto i piedi, vacanze vissute tra gli angoli pi\u00f9 suggestivi d\u2019Italia, che sono stati anche la bandiera del nostro<\/p>\n<p><a class=\"continue-reading\" href=\"https:\/\/www.article-marketing.eu\/comunicatistampa\/brandina-si-prepara-per-lestate-con-un-nuovo-sito-web\/\">Continue reading&#8230;<\/a><\/p>\n","protected":false},"author":288,"featured_media":0,"comment_status":"open","ping_status":"open","sticky":false,"template":"","format":"standard","meta":{"_monsterinsights_skip_tracking":false,"_monsterinsights_sitenote_active":false,"_monsterinsights_sitenote_note":"","_monsterinsights_sitenote_category":0,"footnotes":""},"categories":[78,380,393,395,384],"tags":[1188,1333,1336,1334,715,1335],"class_list":["post-2309","post","type-post","status-publish","format-standard","hentry","category-comunicati-stampa","category-internet","category-prodotti","category-web","category-web-design","tag-borse-donna","tag-brandina","tag-estate","tag-marco-morosini","tag-moda","tag-nuovi-siti"],"yoast_head":"<!-- This site is optimized with the Yoast SEO plugin v27.3 - https:\/\/yoast.com\/product\/yoast-seo-wordpress\/ -->\n<title>Brandina si prepara per l\u2019estate con un nuovo sito web - Article Marketing<\/title>\n<meta name=\"robots\" content=\"index, follow, max-snippet:-1, max-image-preview:large, max-video-preview:-1\" \/>\n<link rel=\"canonical\" href=\"https:\/\/www.article-marketing.eu\/comunicatistampa\/brandina-si-prepara-per-lestate-con-un-nuovo-sito-web\/\" \/>\n<meta property=\"og:locale\" content=\"it_IT\" \/>\n<meta property=\"og:type\" content=\"article\" \/>\n<meta property=\"og:title\" content=\"Brandina si prepara per l\u2019estate con un nuovo sito web - Article Marketing\" \/>\n<meta property=\"og:description\" content=\"Brandina rafforza la sua immagine digitale attraverso il lancio del nuovo sito Brandina the original: BENVENUTI IN VACANZA. Si gioca con i must dell\u2019azienda: primo fra tutti il colore del brand, che ricorda il mare, l\u2019odore della crema solare, i pomeriggi sdraiati al sole, le serate trascorse con la sabbia bagnata sotto i piedi, vacanze vissute tra gli angoli pi\u00f9 suggestivi d\u2019Italia, che sono stati anche la bandiera del nostroContinue reading...\" \/>\n<meta property=\"og:url\" content=\"https:\/\/www.article-marketing.eu\/comunicatistampa\/brandina-si-prepara-per-lestate-con-un-nuovo-sito-web\/\" \/>\n<meta property=\"og:site_name\" content=\"Article Marketing\" \/>\n<meta property=\"article:published_time\" content=\"2017-05-04T11:47:45+00:00\" \/>\n<meta name=\"author\" content=\"monia\" \/>\n<meta name=\"twitter:card\" content=\"summary_large_image\" \/>\n<meta name=\"twitter:label1\" content=\"Scritto da\" \/>\n\t<meta name=\"twitter:data1\" content=\"monia\" \/>\n\t<meta name=\"twitter:label2\" content=\"Tempo di lettura stimato\" \/>\n\t<meta name=\"twitter:data2\" content=\"2 minuti\" \/>\n<script type=\"application\/ld+json\" class=\"yoast-schema-graph\">{\"@context\":\"https:\\\/\\\/schema.org\",\"@graph\":[{\"@type\":\"Article\",\"@id\":\"https:\\\/\\\/www.article-marketing.eu\\\/comunicatistampa\\\/brandina-si-prepara-per-lestate-con-un-nuovo-sito-web\\\/#article\",\"isPartOf\":{\"@id\":\"https:\\\/\\\/www.article-marketing.eu\\\/comunicatistampa\\\/brandina-si-prepara-per-lestate-con-un-nuovo-sito-web\\\/\"},\"author\":{\"name\":\"monia\",\"@id\":\"https:\\\/\\\/www.article-marketing.eu\\\/comunicatistampa\\\/#\\\/schema\\\/person\\\/c726f7362d0e5e59c977a2d4dff7a98e\"},\"headline\":\"Brandina si prepara per l\u2019estate con un nuovo sito web\",\"datePublished\":\"2017-05-04T11:47:45+00:00\",\"mainEntityOfPage\":{\"@id\":\"https:\\\/\\\/www.article-marketing.eu\\\/comunicatistampa\\\/brandina-si-prepara-per-lestate-con-un-nuovo-sito-web\\\/\"},\"wordCount\":422,\"commentCount\":0,\"keywords\":[\"borse donna\",\"Brandina\",\"estate\",\"Marco Morosini\",\"moda\",\"Nuovi siti\"],\"articleSection\":[\"Comunicati stampa\",\"Internet\",\"Prodotti\",\"Web\",\"Web design\"],\"inLanguage\":\"it-IT\",\"potentialAction\":[{\"@type\":\"CommentAction\",\"name\":\"Comment\",\"target\":[\"https:\\\/\\\/www.article-marketing.eu\\\/comunicatistampa\\\/brandina-si-prepara-per-lestate-con-un-nuovo-sito-web\\\/#respond\"]}]},{\"@type\":\"WebPage\",\"@id\":\"https:\\\/\\\/www.article-marketing.eu\\\/comunicatistampa\\\/brandina-si-prepara-per-lestate-con-un-nuovo-sito-web\\\/\",\"url\":\"https:\\\/\\\/www.article-marketing.eu\\\/comunicatistampa\\\/brandina-si-prepara-per-lestate-con-un-nuovo-sito-web\\\/\",\"name\":\"Brandina si prepara per l\u2019estate con un nuovo sito web - Article Marketing\",\"isPartOf\":{\"@id\":\"https:\\\/\\\/www.article-marketing.eu\\\/comunicatistampa\\\/#website\"},\"datePublished\":\"2017-05-04T11:47:45+00:00\",\"author\":{\"@id\":\"https:\\\/\\\/www.article-marketing.eu\\\/comunicatistampa\\\/#\\\/schema\\\/person\\\/c726f7362d0e5e59c977a2d4dff7a98e\"},\"breadcrumb\":{\"@id\":\"https:\\\/\\\/www.article-marketing.eu\\\/comunicatistampa\\\/brandina-si-prepara-per-lestate-con-un-nuovo-sito-web\\\/#breadcrumb\"},\"inLanguage\":\"it-IT\",\"potentialAction\":[{\"@type\":\"ReadAction\",\"target\":[\"https:\\\/\\\/www.article-marketing.eu\\\/comunicatistampa\\\/brandina-si-prepara-per-lestate-con-un-nuovo-sito-web\\\/\"]}]},{\"@type\":\"BreadcrumbList\",\"@id\":\"https:\\\/\\\/www.article-marketing.eu\\\/comunicatistampa\\\/brandina-si-prepara-per-lestate-con-un-nuovo-sito-web\\\/#breadcrumb\",\"itemListElement\":[{\"@type\":\"ListItem\",\"position\":1,\"name\":\"Home\",\"item\":\"https:\\\/\\\/www.article-marketing.eu\\\/comunicatistampa\\\/\"},{\"@type\":\"ListItem\",\"position\":2,\"name\":\"Brandina si prepara per l\u2019estate con un nuovo sito web\"}]},{\"@type\":\"WebSite\",\"@id\":\"https:\\\/\\\/www.article-marketing.eu\\\/comunicatistampa\\\/#website\",\"url\":\"https:\\\/\\\/www.article-marketing.eu\\\/comunicatistampa\\\/\",\"name\":\"Article Marketing\",\"description\":\"article marketing &amp; press release\",\"potentialAction\":[{\"@type\":\"SearchAction\",\"target\":{\"@type\":\"EntryPoint\",\"urlTemplate\":\"https:\\\/\\\/www.article-marketing.eu\\\/comunicatistampa\\\/?s={search_term_string}\"},\"query-input\":{\"@type\":\"PropertyValueSpecification\",\"valueRequired\":true,\"valueName\":\"search_term_string\"}}],\"inLanguage\":\"it-IT\"},{\"@type\":\"Person\",\"@id\":\"https:\\\/\\\/www.article-marketing.eu\\\/comunicatistampa\\\/#\\\/schema\\\/person\\\/c726f7362d0e5e59c977a2d4dff7a98e\",\"name\":\"monia\",\"image\":{\"@type\":\"ImageObject\",\"inLanguage\":\"it-IT\",\"@id\":\"https:\\\/\\\/secure.gravatar.com\\\/avatar\\\/c89070f604c8d67b298bcdb89f3da2ac12ee91e055a0c05db63a19b019840a38?s=96&d=mm&r=g\",\"url\":\"https:\\\/\\\/secure.gravatar.com\\\/avatar\\\/c89070f604c8d67b298bcdb89f3da2ac12ee91e055a0c05db63a19b019840a38?s=96&d=mm&r=g\",\"contentUrl\":\"https:\\\/\\\/secure.gravatar.com\\\/avatar\\\/c89070f604c8d67b298bcdb89f3da2ac12ee91e055a0c05db63a19b019840a38?s=96&d=mm&r=g\",\"caption\":\"monia\"},\"url\":\"https:\\\/\\\/www.article-marketing.eu\\\/comunicatistampa\\\/author\\\/monia\\\/\"}]}<\/script>\n<!-- \/ Yoast SEO plugin. -->","yoast_head_json":{"title":"Brandina si prepara per l\u2019estate con un nuovo sito web - Article Marketing","robots":{"index":"index","follow":"follow","max-snippet":"max-snippet:-1","max-image-preview":"max-image-preview:large","max-video-preview":"max-video-preview:-1"},"canonical":"https:\/\/www.article-marketing.eu\/comunicatistampa\/brandina-si-prepara-per-lestate-con-un-nuovo-sito-web\/","og_locale":"it_IT","og_type":"article","og_title":"Brandina si prepara per l\u2019estate con un nuovo sito web - Article Marketing","og_description":"Brandina rafforza la sua immagine digitale attraverso il lancio del nuovo sito Brandina the original: BENVENUTI IN VACANZA. Si gioca con i must dell\u2019azienda: primo fra tutti il colore del brand, che ricorda il mare, l\u2019odore della crema solare, i pomeriggi sdraiati al sole, le serate trascorse con la sabbia bagnata sotto i piedi, vacanze vissute tra gli angoli pi\u00f9 suggestivi d\u2019Italia, che sono stati anche la bandiera del nostroContinue reading...","og_url":"https:\/\/www.article-marketing.eu\/comunicatistampa\/brandina-si-prepara-per-lestate-con-un-nuovo-sito-web\/","og_site_name":"Article Marketing","article_published_time":"2017-05-04T11:47:45+00:00","author":"monia","twitter_card":"summary_large_image","twitter_misc":{"Scritto da":"monia","Tempo di lettura stimato":"2 minuti"},"schema":{"@context":"https:\/\/schema.org","@graph":[{"@type":"Article","@id":"https:\/\/www.article-marketing.eu\/comunicatistampa\/brandina-si-prepara-per-lestate-con-un-nuovo-sito-web\/#article","isPartOf":{"@id":"https:\/\/www.article-marketing.eu\/comunicatistampa\/brandina-si-prepara-per-lestate-con-un-nuovo-sito-web\/"},"author":{"name":"monia","@id":"https:\/\/www.article-marketing.eu\/comunicatistampa\/#\/schema\/person\/c726f7362d0e5e59c977a2d4dff7a98e"},"headline":"Brandina si prepara per l\u2019estate con un nuovo sito web","datePublished":"2017-05-04T11:47:45+00:00","mainEntityOfPage":{"@id":"https:\/\/www.article-marketing.eu\/comunicatistampa\/brandina-si-prepara-per-lestate-con-un-nuovo-sito-web\/"},"wordCount":422,"commentCount":0,"keywords":["borse donna","Brandina","estate","Marco Morosini","moda","Nuovi siti"],"articleSection":["Comunicati stampa","Internet","Prodotti","Web","Web design"],"inLanguage":"it-IT","potentialAction":[{"@type":"CommentAction","name":"Comment","target":["https:\/\/www.article-marketing.eu\/comunicatistampa\/brandina-si-prepara-per-lestate-con-un-nuovo-sito-web\/#respond"]}]},{"@type":"WebPage","@id":"https:\/\/www.article-marketing.eu\/comunicatistampa\/brandina-si-prepara-per-lestate-con-un-nuovo-sito-web\/","url":"https:\/\/www.article-marketing.eu\/comunicatistampa\/brandina-si-prepara-per-lestate-con-un-nuovo-sito-web\/","name":"Brandina si prepara per l\u2019estate con un nuovo sito web - Article Marketing","isPartOf":{"@id":"https:\/\/www.article-marketing.eu\/comunicatistampa\/#website"},"datePublished":"2017-05-04T11:47:45+00:00","author":{"@id":"https:\/\/www.article-marketing.eu\/comunicatistampa\/#\/schema\/person\/c726f7362d0e5e59c977a2d4dff7a98e"},"breadcrumb":{"@id":"https:\/\/www.article-marketing.eu\/comunicatistampa\/brandina-si-prepara-per-lestate-con-un-nuovo-sito-web\/#breadcrumb"},"inLanguage":"it-IT","potentialAction":[{"@type":"ReadAction","target":["https:\/\/www.article-marketing.eu\/comunicatistampa\/brandina-si-prepara-per-lestate-con-un-nuovo-sito-web\/"]}]},{"@type":"BreadcrumbList","@id":"https:\/\/www.article-marketing.eu\/comunicatistampa\/brandina-si-prepara-per-lestate-con-un-nuovo-sito-web\/#breadcrumb","itemListElement":[{"@type":"ListItem","position":1,"name":"Home","item":"https:\/\/www.article-marketing.eu\/comunicatistampa\/"},{"@type":"ListItem","position":2,"name":"Brandina si prepara per l\u2019estate con un nuovo sito web"}]},{"@type":"WebSite","@id":"https:\/\/www.article-marketing.eu\/comunicatistampa\/#website","url":"https:\/\/www.article-marketing.eu\/comunicatistampa\/","name":"Article Marketing","description":"article marketing &amp; press release","potentialAction":[{"@type":"SearchAction","target":{"@type":"EntryPoint","urlTemplate":"https:\/\/www.article-marketing.eu\/comunicatistampa\/?s={search_term_string}"},"query-input":{"@type":"PropertyValueSpecification","valueRequired":true,"valueName":"search_term_string"}}],"inLanguage":"it-IT"},{"@type":"Person","@id":"https:\/\/www.article-marketing.eu\/comunicatistampa\/#\/schema\/person\/c726f7362d0e5e59c977a2d4dff7a98e","name":"monia","image":{"@type":"ImageObject","inLanguage":"it-IT","@id":"https:\/\/secure.gravatar.com\/avatar\/c89070f604c8d67b298bcdb89f3da2ac12ee91e055a0c05db63a19b019840a38?s=96&d=mm&r=g","url":"https:\/\/secure.gravatar.com\/avatar\/c89070f604c8d67b298bcdb89f3da2ac12ee91e055a0c05db63a19b019840a38?s=96&d=mm&r=g","contentUrl":"https:\/\/secure.gravatar.com\/avatar\/c89070f604c8d67b298bcdb89f3da2ac12ee91e055a0c05db63a19b019840a38?s=96&d=mm&r=g","caption":"monia"},"url":"https:\/\/www.article-marketing.eu\/comunicatistampa\/author\/monia\/"}]}},"_links":{"self":[{"href":"https:\/\/www.article-marketing.eu\/comunicatistampa\/wp-json\/wp\/v2\/posts\/2309","targetHints":{"allow":["GET"]}}],"collection":[{"href":"https:\/\/www.article-marketing.eu\/comunicatistampa\/wp-json\/wp\/v2\/posts"}],"about":[{"href":"https:\/\/www.article-marketing.eu\/comunicatistampa\/wp-json\/wp\/v2\/types\/post"}],"author":[{"embeddable":true,"href":"https:\/\/www.article-marketing.eu\/comunicatistampa\/wp-json\/wp\/v2\/users\/288"}],"replies":[{"embeddable":true,"href":"https:\/\/www.article-marketing.eu\/comunicatistampa\/wp-json\/wp\/v2\/comments?post=2309"}],"version-history":[{"count":2,"href":"https:\/\/www.article-marketing.eu\/comunicatistampa\/wp-json\/wp\/v2\/posts\/2309\/revisions"}],"predecessor-version":[{"id":2332,"href":"https:\/\/www.article-marketing.eu\/comunicatistampa\/wp-json\/wp\/v2\/posts\/2309\/revisions\/2332"}],"wp:attachment":[{"href":"https:\/\/www.article-marketing.eu\/comunicatistampa\/wp-json\/wp\/v2\/media?parent=2309"}],"wp:term":[{"taxonomy":"category","embeddable":true,"href":"https:\/\/www.article-marketing.eu\/comunicatistampa\/wp-json\/wp\/v2\/categories?post=2309"},{"taxonomy":"post_tag","embeddable":true,"href":"https:\/\/www.article-marketing.eu\/comunicatistampa\/wp-json\/wp\/v2\/tags?post=2309"}],"curies":[{"name":"wp","href":"https:\/\/api.w.org\/{rel}","templated":true}]}}