{"id":23101,"date":"2022-05-14T12:28:01","date_gmt":"2022-05-14T10:28:01","guid":{"rendered":"https:\/\/www.article-marketing.eu\/comunicatistampa\/?p=23101"},"modified":"2022-05-14T12:28:01","modified_gmt":"2022-05-14T10:28:01","slug":"circe-alla-biennale-light-art-di-mantova-lamore-e-la-guerra-nellinedita-performance-di-marilena-vita","status":"publish","type":"post","link":"https:\/\/www.article-marketing.eu\/comunicatistampa\/circe-alla-biennale-light-art-di-mantova-lamore-e-la-guerra-nellinedita-performance-di-marilena-vita\/","title":{"rendered":"Circe alla Biennale Light Art di Mantova: l\u2019amore e la guerra nell\u2019inedita performance di Marilena Vita"},"content":{"rendered":"<p><strong>Mantova (MN)<\/strong>. La luce \u00e8 un\u2019idea sociale alla Biennale Light Art di Mantova 2022. Nella splendida Casa di Andrea Mantegna, dal 27 maggio al 28 agosto, ventisei artisti di spessore internazionale si ispirano alla \u201cricerca contemporanea sulla Luce, tra Arte e Design\u201d. Un confine sottile, questo, che permette di concepire fonti luminose e chiaroscuri come esperienze emotive e relazionali tra luoghi e persone. \u00c8 una visione attualizzante, nella quale risulta profondamente significativa la performance \u201cCirce. Amore e guerra\u201d di Marilena Vita, invitata al festival mantovano curato da Vittorio Erlindo. Sabato 28 maggio alle ore 21.30 la poliedrica ed esuberante artista siracusana evocher\u00e0 attraverso il fascino della leggendaria incantatrice l\u2019archetipo che, reso celebre dagli <em>Amores<\/em> di Ovidio, rimanda al dramma bellico contemporaneo.<\/p>\n<p>&nbsp;<\/p>\n<p>Non solo performer ma anche pittrice, fotografa e videoartista, Marilena Vita opera tra la Sicilia, Milano e Amsterdam. Le sue opere sono accolte in prestigiose esposizioni di grandi metropoli come Berlino, New York, Citt\u00e0 del Capo, Roma, Parigi, per citarne alcune. E molte sono le manifestazioni di rilievo che l\u2019hanno vista protagonista, ad esempio la Prima Biennale d\u2019Arte Industriale a Labin in Croazia, Cafes Litteraires alla Fondazione Stelline di Milano, Vision in New York City alla Columbia University di New York, The Sixth Jinan International Photography Biennal Exhibition Worldwide in Cina, la Biennale di Praga, Kafka contro Kafka alla Galerie Brun Leglise di Parigi, \u03a0ai The Eon is a Child Playing al Museo di Alexandropolis, Hepiran Huyman Emotion Project a Teheran, Duomedia in Photography al Grattacielo Pirelli di Milano.<\/p>\n<p>&nbsp;<\/p>\n<p>L\u2019<em>opus <\/em>di Marilena Vita, che trova fascino e luogo nel progetto inedito della performance mantovana \u201cCirce. Amore e Guerra\u201d, \u00e8 l\u2019eterno femmineo colto nello studio degli archetipi, la Sicilia tra mito, rituali e storia, lo straniamento personale di carrolliana memoria, il tempo ritrovato nel gesto ludico, il viaggio immaginifico come astrazione della coscienza sociale, la riflessione sull\u2019ambiguit\u00e0 del segno. La sua ricerca artistica caratterizzata dalla precipua metamorfosi dell\u2019atto creativo ha ispirato scritti critici di Gillo Dorfles, Edward Lucie Smith, Ante Glibota, G\u00e8rard Georges Lemaire, Aldo Gerbino. Un pensiero su tutti, quello di Carmelo Strano, coglie in modo inequivocabile l\u2019anima dell\u2019artista siciliana: \u00ab<em>Che sia fotografia, performance, dipinto, video,\u00a0Marilena Vita naturalmente comunica e commuove. In maniera ambigua \u201cgioca\u201d. Il suo messaggio \u00e8 per cos\u00ec dire \u201cingabbiato\u201d da un\u2019ellisse e riesce\u00a0a strappare la complicit\u00e0 del fruitore. La sua fotografia \u00e8 il dominio in cui la performance e il video vengono esaltate. E cantano un unisono gregoriano. Non privo di sacralit\u00e0. Anche quando il corpo si accampa con prepotenza non solo come protagonista inevitabile della scena ma anche quale deuteragonista naturale dell\u2019autocoscienza dell\u2019artista\u00bb<\/em>.<\/p>\n<p>&nbsp;<\/p>\n<p>\u201cCirce. Amore e guerra\u201d \u00e8 un site-specific che Marilena Vita ha concepito per la Biennale Light Art di Mantova di quest\u2019anno. La riflessione iniziale dell\u2019artista ha sub\u00ecto delle interferenze sostanziali a causa del contingente conflitto in Ucraina: i tragici sviluppi investono di maggiore carica emotiva il ruolo della creatura mitologica. Circe \u00e8 dispensatrice di bene e di male, di luce e bellezza da un canto e di dolore e oscurit\u00e0 dall\u2019altro. Figlia di Elio e della ninfa Perseide, la dea che reca in s\u00e9 il seme della magia, diviene simbolo di trasformazione dell\u2019umano in non-umano e della passione in conflitto, perfetta incarnazione delle due facce dell\u2019Essere: amore e guerra.<\/p>\n<p>&nbsp;<\/p>\n<p>La performance di Marilena Vita, sponsorizzata da Laterne Magiche Ortigia e da Fimesa spa, sar\u00e0 accompagnata da un video, anch\u2019esso inedito, a lei dedicato dal noto architetto e artista multimediale brasiliano Emanuel Dimas de Melo Pimenta.<\/p>\n<p>&nbsp;<\/p>\n<p>&nbsp;<\/p>\n<p>Info e contatti:<\/p>\n<p><a href=\"blank\">www.biennalelightart.it<\/a><br \/>\ninfo@biennalelightart.it<\/p>\n<p>&nbsp;<\/p>\n","protected":false},"excerpt":{"rendered":"<p>Mantova (MN). La luce \u00e8 un\u2019idea sociale alla Biennale Light Art di Mantova 2022. Nella splendida Casa di Andrea Mantegna, dal 27 maggio al 28 agosto, ventisei artisti di spessore internazionale si ispirano alla \u201cricerca contemporanea sulla Luce, tra Arte e Design\u201d. Un confine sottile, questo, che permette di concepire fonti luminose e chiaroscuri come esperienze emotive e relazionali tra luoghi e persone. \u00c8 una visione attualizzante, nella quale risulta<\/p>\n<p><a class=\"continue-reading\" href=\"https:\/\/www.article-marketing.eu\/comunicatistampa\/circe-alla-biennale-light-art-di-mantova-lamore-e-la-guerra-nellinedita-performance-di-marilena-vita\/\">Continue reading&#8230;<\/a><\/p>\n","protected":false},"author":920,"featured_media":0,"comment_status":"open","ping_status":"open","sticky":false,"template":"","format":"standard","meta":{"_monsterinsights_skip_tracking":false,"_monsterinsights_sitenote_active":false,"_monsterinsights_sitenote_note":"","_monsterinsights_sitenote_category":0,"footnotes":""},"categories":[407],"tags":[9675,9672,9674,9673,7633,9676],"class_list":["post-23101","post","type-post","status-publish","format-standard","hentry","category-arte-e-cultura","tag-amore-e-guerra","tag-biennale-light-art-mantova-2022","tag-circe","tag-marilena-vita","tag-performance","tag-site-specific"],"yoast_head":"<!-- This site is optimized with the Yoast SEO plugin v27.3 - https:\/\/yoast.com\/product\/yoast-seo-wordpress\/ -->\n<title>Circe alla Biennale Light Art di Mantova: l\u2019amore e la guerra nell\u2019inedita performance di Marilena Vita<\/title>\n<meta name=\"robots\" content=\"index, follow, max-snippet:-1, max-image-preview:large, max-video-preview:-1\" \/>\n<link rel=\"canonical\" href=\"https:\/\/www.article-marketing.eu\/comunicatistampa\/circe-alla-biennale-light-art-di-mantova-lamore-e-la-guerra-nellinedita-performance-di-marilena-vita\/\" \/>\n<meta property=\"og:locale\" content=\"it_IT\" \/>\n<meta property=\"og:type\" content=\"article\" \/>\n<meta property=\"og:title\" content=\"Circe alla Biennale Light Art di Mantova: l\u2019amore e la guerra nell\u2019inedita performance di Marilena Vita\" \/>\n<meta property=\"og:description\" content=\"Mantova (MN). La luce \u00e8 un\u2019idea sociale alla Biennale Light Art di Mantova 2022. Nella splendida Casa di Andrea Mantegna, dal 27 maggio al 28 agosto, ventisei artisti di spessore internazionale si ispirano alla \u201cricerca contemporanea sulla Luce, tra Arte e Design\u201d. Un confine sottile, questo, che permette di concepire fonti luminose e chiaroscuri come esperienze emotive e relazionali tra luoghi e persone. \u00c8 una visione attualizzante, nella quale risultaContinue reading...\" \/>\n<meta property=\"og:url\" content=\"https:\/\/www.article-marketing.eu\/comunicatistampa\/circe-alla-biennale-light-art-di-mantova-lamore-e-la-guerra-nellinedita-performance-di-marilena-vita\/\" \/>\n<meta property=\"og:site_name\" content=\"Article Marketing\" \/>\n<meta property=\"article:published_time\" content=\"2022-05-14T10:28:01+00:00\" \/>\n<meta name=\"author\" content=\"inpress\" \/>\n<meta name=\"twitter:card\" content=\"summary_large_image\" \/>\n<meta name=\"twitter:label1\" content=\"Scritto da\" \/>\n\t<meta name=\"twitter:data1\" content=\"inpress\" \/>\n\t<meta name=\"twitter:label2\" content=\"Tempo di lettura stimato\" \/>\n\t<meta name=\"twitter:data2\" content=\"4 minuti\" \/>\n<script type=\"application\/ld+json\" class=\"yoast-schema-graph\">{\"@context\":\"https:\\\/\\\/schema.org\",\"@graph\":[{\"@type\":\"Article\",\"@id\":\"https:\\\/\\\/www.article-marketing.eu\\\/comunicatistampa\\\/circe-alla-biennale-light-art-di-mantova-lamore-e-la-guerra-nellinedita-performance-di-marilena-vita\\\/#article\",\"isPartOf\":{\"@id\":\"https:\\\/\\\/www.article-marketing.eu\\\/comunicatistampa\\\/circe-alla-biennale-light-art-di-mantova-lamore-e-la-guerra-nellinedita-performance-di-marilena-vita\\\/\"},\"author\":{\"name\":\"inpress\",\"@id\":\"https:\\\/\\\/www.article-marketing.eu\\\/comunicatistampa\\\/#\\\/schema\\\/person\\\/6f87d425bef304dd8be1a0895dea44b2\"},\"headline\":\"Circe alla Biennale Light Art di Mantova: l\u2019amore e la guerra nell\u2019inedita performance di Marilena Vita\",\"datePublished\":\"2022-05-14T10:28:01+00:00\",\"mainEntityOfPage\":{\"@id\":\"https:\\\/\\\/www.article-marketing.eu\\\/comunicatistampa\\\/circe-alla-biennale-light-art-di-mantova-lamore-e-la-guerra-nellinedita-performance-di-marilena-vita\\\/\"},\"wordCount\":619,\"commentCount\":0,\"keywords\":[\"amore e guerra\",\"Biennale Light Art Mantova 2022\",\"Circe\",\"Marilena Vita\",\"performance\",\"site-specific\"],\"articleSection\":[\"Arte e cultura\"],\"inLanguage\":\"it-IT\",\"potentialAction\":[{\"@type\":\"CommentAction\",\"name\":\"Comment\",\"target\":[\"https:\\\/\\\/www.article-marketing.eu\\\/comunicatistampa\\\/circe-alla-biennale-light-art-di-mantova-lamore-e-la-guerra-nellinedita-performance-di-marilena-vita\\\/#respond\"]}]},{\"@type\":\"WebPage\",\"@id\":\"https:\\\/\\\/www.article-marketing.eu\\\/comunicatistampa\\\/circe-alla-biennale-light-art-di-mantova-lamore-e-la-guerra-nellinedita-performance-di-marilena-vita\\\/\",\"url\":\"https:\\\/\\\/www.article-marketing.eu\\\/comunicatistampa\\\/circe-alla-biennale-light-art-di-mantova-lamore-e-la-guerra-nellinedita-performance-di-marilena-vita\\\/\",\"name\":\"Circe alla Biennale Light Art di Mantova: l\u2019amore e la guerra nell\u2019inedita performance di Marilena Vita\",\"isPartOf\":{\"@id\":\"https:\\\/\\\/www.article-marketing.eu\\\/comunicatistampa\\\/#website\"},\"datePublished\":\"2022-05-14T10:28:01+00:00\",\"author\":{\"@id\":\"https:\\\/\\\/www.article-marketing.eu\\\/comunicatistampa\\\/#\\\/schema\\\/person\\\/6f87d425bef304dd8be1a0895dea44b2\"},\"breadcrumb\":{\"@id\":\"https:\\\/\\\/www.article-marketing.eu\\\/comunicatistampa\\\/circe-alla-biennale-light-art-di-mantova-lamore-e-la-guerra-nellinedita-performance-di-marilena-vita\\\/#breadcrumb\"},\"inLanguage\":\"it-IT\",\"potentialAction\":[{\"@type\":\"ReadAction\",\"target\":[\"https:\\\/\\\/www.article-marketing.eu\\\/comunicatistampa\\\/circe-alla-biennale-light-art-di-mantova-lamore-e-la-guerra-nellinedita-performance-di-marilena-vita\\\/\"]}]},{\"@type\":\"BreadcrumbList\",\"@id\":\"https:\\\/\\\/www.article-marketing.eu\\\/comunicatistampa\\\/circe-alla-biennale-light-art-di-mantova-lamore-e-la-guerra-nellinedita-performance-di-marilena-vita\\\/#breadcrumb\",\"itemListElement\":[{\"@type\":\"ListItem\",\"position\":1,\"name\":\"Home\",\"item\":\"https:\\\/\\\/www.article-marketing.eu\\\/comunicatistampa\\\/\"},{\"@type\":\"ListItem\",\"position\":2,\"name\":\"Circe alla Biennale Light Art di Mantova: l\u2019amore e la guerra nell\u2019inedita performance di Marilena Vita\"}]},{\"@type\":\"WebSite\",\"@id\":\"https:\\\/\\\/www.article-marketing.eu\\\/comunicatistampa\\\/#website\",\"url\":\"https:\\\/\\\/www.article-marketing.eu\\\/comunicatistampa\\\/\",\"name\":\"Article Marketing\",\"description\":\"article marketing &amp; press release\",\"potentialAction\":[{\"@type\":\"SearchAction\",\"target\":{\"@type\":\"EntryPoint\",\"urlTemplate\":\"https:\\\/\\\/www.article-marketing.eu\\\/comunicatistampa\\\/?s={search_term_string}\"},\"query-input\":{\"@type\":\"PropertyValueSpecification\",\"valueRequired\":true,\"valueName\":\"search_term_string\"}}],\"inLanguage\":\"it-IT\"},{\"@type\":\"Person\",\"@id\":\"https:\\\/\\\/www.article-marketing.eu\\\/comunicatistampa\\\/#\\\/schema\\\/person\\\/6f87d425bef304dd8be1a0895dea44b2\",\"name\":\"inpress\",\"image\":{\"@type\":\"ImageObject\",\"inLanguage\":\"it-IT\",\"@id\":\"https:\\\/\\\/secure.gravatar.com\\\/avatar\\\/8b9495d9dcfa5a2ac0eb8e4559db3f5f00d7248a8baa15ed14f155afae420f7d?s=96&d=mm&r=g\",\"url\":\"https:\\\/\\\/secure.gravatar.com\\\/avatar\\\/8b9495d9dcfa5a2ac0eb8e4559db3f5f00d7248a8baa15ed14f155afae420f7d?s=96&d=mm&r=g\",\"contentUrl\":\"https:\\\/\\\/secure.gravatar.com\\\/avatar\\\/8b9495d9dcfa5a2ac0eb8e4559db3f5f00d7248a8baa15ed14f155afae420f7d?s=96&d=mm&r=g\",\"caption\":\"inpress\"},\"url\":\"https:\\\/\\\/www.article-marketing.eu\\\/comunicatistampa\\\/author\\\/inpress\\\/\"}]}<\/script>\n<!-- \/ Yoast SEO plugin. -->","yoast_head_json":{"title":"Circe alla Biennale Light Art di Mantova: l\u2019amore e la guerra nell\u2019inedita performance di Marilena Vita","robots":{"index":"index","follow":"follow","max-snippet":"max-snippet:-1","max-image-preview":"max-image-preview:large","max-video-preview":"max-video-preview:-1"},"canonical":"https:\/\/www.article-marketing.eu\/comunicatistampa\/circe-alla-biennale-light-art-di-mantova-lamore-e-la-guerra-nellinedita-performance-di-marilena-vita\/","og_locale":"it_IT","og_type":"article","og_title":"Circe alla Biennale Light Art di Mantova: l\u2019amore e la guerra nell\u2019inedita performance di Marilena Vita","og_description":"Mantova (MN). La luce \u00e8 un\u2019idea sociale alla Biennale Light Art di Mantova 2022. Nella splendida Casa di Andrea Mantegna, dal 27 maggio al 28 agosto, ventisei artisti di spessore internazionale si ispirano alla \u201cricerca contemporanea sulla Luce, tra Arte e Design\u201d. Un confine sottile, questo, che permette di concepire fonti luminose e chiaroscuri come esperienze emotive e relazionali tra luoghi e persone. \u00c8 una visione attualizzante, nella quale risultaContinue reading...","og_url":"https:\/\/www.article-marketing.eu\/comunicatistampa\/circe-alla-biennale-light-art-di-mantova-lamore-e-la-guerra-nellinedita-performance-di-marilena-vita\/","og_site_name":"Article Marketing","article_published_time":"2022-05-14T10:28:01+00:00","author":"inpress","twitter_card":"summary_large_image","twitter_misc":{"Scritto da":"inpress","Tempo di lettura stimato":"4 minuti"},"schema":{"@context":"https:\/\/schema.org","@graph":[{"@type":"Article","@id":"https:\/\/www.article-marketing.eu\/comunicatistampa\/circe-alla-biennale-light-art-di-mantova-lamore-e-la-guerra-nellinedita-performance-di-marilena-vita\/#article","isPartOf":{"@id":"https:\/\/www.article-marketing.eu\/comunicatistampa\/circe-alla-biennale-light-art-di-mantova-lamore-e-la-guerra-nellinedita-performance-di-marilena-vita\/"},"author":{"name":"inpress","@id":"https:\/\/www.article-marketing.eu\/comunicatistampa\/#\/schema\/person\/6f87d425bef304dd8be1a0895dea44b2"},"headline":"Circe alla Biennale Light Art di Mantova: l\u2019amore e la guerra nell\u2019inedita performance di Marilena Vita","datePublished":"2022-05-14T10:28:01+00:00","mainEntityOfPage":{"@id":"https:\/\/www.article-marketing.eu\/comunicatistampa\/circe-alla-biennale-light-art-di-mantova-lamore-e-la-guerra-nellinedita-performance-di-marilena-vita\/"},"wordCount":619,"commentCount":0,"keywords":["amore e guerra","Biennale Light Art Mantova 2022","Circe","Marilena Vita","performance","site-specific"],"articleSection":["Arte e cultura"],"inLanguage":"it-IT","potentialAction":[{"@type":"CommentAction","name":"Comment","target":["https:\/\/www.article-marketing.eu\/comunicatistampa\/circe-alla-biennale-light-art-di-mantova-lamore-e-la-guerra-nellinedita-performance-di-marilena-vita\/#respond"]}]},{"@type":"WebPage","@id":"https:\/\/www.article-marketing.eu\/comunicatistampa\/circe-alla-biennale-light-art-di-mantova-lamore-e-la-guerra-nellinedita-performance-di-marilena-vita\/","url":"https:\/\/www.article-marketing.eu\/comunicatistampa\/circe-alla-biennale-light-art-di-mantova-lamore-e-la-guerra-nellinedita-performance-di-marilena-vita\/","name":"Circe alla Biennale Light Art di Mantova: l\u2019amore e la guerra nell\u2019inedita performance di Marilena Vita","isPartOf":{"@id":"https:\/\/www.article-marketing.eu\/comunicatistampa\/#website"},"datePublished":"2022-05-14T10:28:01+00:00","author":{"@id":"https:\/\/www.article-marketing.eu\/comunicatistampa\/#\/schema\/person\/6f87d425bef304dd8be1a0895dea44b2"},"breadcrumb":{"@id":"https:\/\/www.article-marketing.eu\/comunicatistampa\/circe-alla-biennale-light-art-di-mantova-lamore-e-la-guerra-nellinedita-performance-di-marilena-vita\/#breadcrumb"},"inLanguage":"it-IT","potentialAction":[{"@type":"ReadAction","target":["https:\/\/www.article-marketing.eu\/comunicatistampa\/circe-alla-biennale-light-art-di-mantova-lamore-e-la-guerra-nellinedita-performance-di-marilena-vita\/"]}]},{"@type":"BreadcrumbList","@id":"https:\/\/www.article-marketing.eu\/comunicatistampa\/circe-alla-biennale-light-art-di-mantova-lamore-e-la-guerra-nellinedita-performance-di-marilena-vita\/#breadcrumb","itemListElement":[{"@type":"ListItem","position":1,"name":"Home","item":"https:\/\/www.article-marketing.eu\/comunicatistampa\/"},{"@type":"ListItem","position":2,"name":"Circe alla Biennale Light Art di Mantova: l\u2019amore e la guerra nell\u2019inedita performance di Marilena Vita"}]},{"@type":"WebSite","@id":"https:\/\/www.article-marketing.eu\/comunicatistampa\/#website","url":"https:\/\/www.article-marketing.eu\/comunicatistampa\/","name":"Article Marketing","description":"article marketing &amp; press release","potentialAction":[{"@type":"SearchAction","target":{"@type":"EntryPoint","urlTemplate":"https:\/\/www.article-marketing.eu\/comunicatistampa\/?s={search_term_string}"},"query-input":{"@type":"PropertyValueSpecification","valueRequired":true,"valueName":"search_term_string"}}],"inLanguage":"it-IT"},{"@type":"Person","@id":"https:\/\/www.article-marketing.eu\/comunicatistampa\/#\/schema\/person\/6f87d425bef304dd8be1a0895dea44b2","name":"inpress","image":{"@type":"ImageObject","inLanguage":"it-IT","@id":"https:\/\/secure.gravatar.com\/avatar\/8b9495d9dcfa5a2ac0eb8e4559db3f5f00d7248a8baa15ed14f155afae420f7d?s=96&d=mm&r=g","url":"https:\/\/secure.gravatar.com\/avatar\/8b9495d9dcfa5a2ac0eb8e4559db3f5f00d7248a8baa15ed14f155afae420f7d?s=96&d=mm&r=g","contentUrl":"https:\/\/secure.gravatar.com\/avatar\/8b9495d9dcfa5a2ac0eb8e4559db3f5f00d7248a8baa15ed14f155afae420f7d?s=96&d=mm&r=g","caption":"inpress"},"url":"https:\/\/www.article-marketing.eu\/comunicatistampa\/author\/inpress\/"}]}},"_links":{"self":[{"href":"https:\/\/www.article-marketing.eu\/comunicatistampa\/wp-json\/wp\/v2\/posts\/23101","targetHints":{"allow":["GET"]}}],"collection":[{"href":"https:\/\/www.article-marketing.eu\/comunicatistampa\/wp-json\/wp\/v2\/posts"}],"about":[{"href":"https:\/\/www.article-marketing.eu\/comunicatistampa\/wp-json\/wp\/v2\/types\/post"}],"author":[{"embeddable":true,"href":"https:\/\/www.article-marketing.eu\/comunicatistampa\/wp-json\/wp\/v2\/users\/920"}],"replies":[{"embeddable":true,"href":"https:\/\/www.article-marketing.eu\/comunicatistampa\/wp-json\/wp\/v2\/comments?post=23101"}],"version-history":[{"count":2,"href":"https:\/\/www.article-marketing.eu\/comunicatistampa\/wp-json\/wp\/v2\/posts\/23101\/revisions"}],"predecessor-version":[{"id":23140,"href":"https:\/\/www.article-marketing.eu\/comunicatistampa\/wp-json\/wp\/v2\/posts\/23101\/revisions\/23140"}],"wp:attachment":[{"href":"https:\/\/www.article-marketing.eu\/comunicatistampa\/wp-json\/wp\/v2\/media?parent=23101"}],"wp:term":[{"taxonomy":"category","embeddable":true,"href":"https:\/\/www.article-marketing.eu\/comunicatistampa\/wp-json\/wp\/v2\/categories?post=23101"},{"taxonomy":"post_tag","embeddable":true,"href":"https:\/\/www.article-marketing.eu\/comunicatistampa\/wp-json\/wp\/v2\/tags?post=23101"}],"curies":[{"name":"wp","href":"https:\/\/api.w.org\/{rel}","templated":true}]}}