{"id":23146,"date":"2022-05-18T19:25:46","date_gmt":"2022-05-18T17:25:46","guid":{"rendered":"https:\/\/www.article-marketing.eu\/comunicatistampa\/?p=23146"},"modified":"2022-05-18T19:25:46","modified_gmt":"2022-05-18T17:25:46","slug":"antonio-liseno-i-traguardi-dellimprenditore","status":"publish","type":"post","link":"https:\/\/www.article-marketing.eu\/comunicatistampa\/antonio-liseno-i-traguardi-dellimprenditore\/","title":{"rendered":"Antonio Liseno: i traguardi dell\u2019imprenditore"},"content":{"rendered":"<p><em><strong><a title=\"Antonio Liseno: il profilo professionale\" href=\"https:\/\/www.professionistieaziende.it\/antonio_liseno\/antonio_liseno.php\">Antonio Liseno<\/a> \u00e8 un imprenditore di origini lucane che ha iniziato la sua attivit\u00e0 imprenditoriale da giovanissimo. Dopo aver avviato diverse realt\u00e0 di successo, oggi \u00e8 impegnato soprattutto nella realizzazione di un polo di eccellenze che valorizzi la sua terra natale.<\/strong><\/em><\/p>\n<h2>Antonio Liseno: le tappe della carriera imprenditoriale<\/h2>\n<p>Nato a Lavello il 26 gennaio 1967, <strong>Antonio Liseno<\/strong> ottiene il diploma di Perito Agrario con il quale avvia la sua prima attivit\u00e0 imprenditoriale: Moderna Agricoltura Lavellese. Grazie alla cooperativa specializzata nella raccolta, trasformazione e commercializzazioni di prodotti ortofrutticoli, raggiunge presto il successo, arrivando a inglobare 500 soci consorziati con 300 addetti all&#8217;attivit\u00e0 agricola. L&#8217;esperienza gli consente di assorbire tutte le dinamiche e le logiche della grande distribuzione e di sviluppare spiccate competenze tecniche e finanziarie nel campo. Divenuta ormai una figura imprenditoriale affermata e dotata di tutte le conoscenze necessarie per la gestione della logistica della grande distribuzione, nel 2007 fonda <strong>SG S.p.A.<\/strong>, societ\u00e0 specializzata nella distribuzione di prodotti elettronici di largo consumo. Quella che inizialmente era denominata SG Trading \u00e8 oggi un&#8217;importante realt\u00e0 commerciale e costituisce il primo interlocutore nazionale ed estero dei grandi brand di elettronica.<\/p>\n<h2>Il progetto di Antonio Liseno: il San Barbato Resort Spa &amp; Golf<\/h2>\n<p>Dopo le esperienze imprenditoriali precedenti, nel 2018 <strong>Antonio Liseno<\/strong> si butta a capofitto in nuovo progetto a lui molto caro. Con l&#8217;intento di realizzare un polo di eccellenze italiane che torni a valorizzare le antiche Terre di Federico II, nonch\u00e9 quelle che gli hanno dato i natali, inaugura l&#8217;Hotel San Barbato Resort Spa &amp; Golf. Si tratta della prima struttura ricettiva cinque stelle lusso della Basilicata, situata tra le pendici del vulcano Monte Vulture e la Valle del fiume Ofanto. In poco tempo riesce a trasformarlo in un luogo in cui i clienti possono godere di un soggiorno multisensoriale a 5 stelle, risultato raggiunto anche grazie alle diverse collaborazioni avviate con rinomate personalit\u00e0 della cucina d&#8217;eccellenza nazionale e internazionale. La prima partnership coinvolge il famoso Alfonso Iaccarino, con il quale d\u00e0 vita al Don Alfonso 1890 San Barbato. Seguono poi le collaborazioni con Franco Pepe, per l&#8217;apertura della pizzeria Proxima, e con lo chef Nobuya Niimori, per l&#8217;inaugurazione del ristorante giapponese Sansei.<\/p>\n","protected":false},"excerpt":{"rendered":"<p>Antonio Liseno \u00e8 un imprenditore di origini lucane che ha iniziato la sua attivit\u00e0 imprenditoriale da giovanissimo. Dopo aver avviato diverse realt\u00e0 di successo, oggi \u00e8 impegnato soprattutto nella realizzazione di un polo di eccellenze che valorizzi la sua terra natale. Antonio Liseno: le tappe della carriera imprenditoriale Nato a Lavello il 26 gennaio 1967, Antonio Liseno ottiene il diploma di Perito Agrario con il quale avvia la sua prima<\/p>\n<p><a class=\"continue-reading\" href=\"https:\/\/www.article-marketing.eu\/comunicatistampa\/antonio-liseno-i-traguardi-dellimprenditore\/\">Continue reading&#8230;<\/a><\/p>\n","protected":false},"author":6477,"featured_media":0,"comment_status":"open","ping_status":"open","sticky":false,"template":"","format":"standard","meta":{"_monsterinsights_skip_tracking":false,"_monsterinsights_sitenote_active":false,"_monsterinsights_sitenote_note":"","_monsterinsights_sitenote_category":0,"footnotes":""},"categories":[362],"tags":[9204],"class_list":["post-23146","post","type-post","status-publish","format-standard","hentry","category-societa","tag-antonio-liseno"],"yoast_head":"<!-- This site is optimized with the Yoast SEO plugin v27.3 - https:\/\/yoast.com\/product\/yoast-seo-wordpress\/ -->\n<title>Antonio Liseno: i traguardi dell\u2019imprenditore - Article Marketing<\/title>\n<meta name=\"robots\" content=\"index, follow, max-snippet:-1, max-image-preview:large, max-video-preview:-1\" \/>\n<link rel=\"canonical\" href=\"https:\/\/www.article-marketing.eu\/comunicatistampa\/antonio-liseno-i-traguardi-dellimprenditore\/\" \/>\n<meta property=\"og:locale\" content=\"it_IT\" \/>\n<meta property=\"og:type\" content=\"article\" \/>\n<meta property=\"og:title\" content=\"Antonio Liseno: i traguardi dell\u2019imprenditore - Article Marketing\" \/>\n<meta property=\"og:description\" content=\"Antonio Liseno \u00e8 un imprenditore di origini lucane che ha iniziato la sua attivit\u00e0 imprenditoriale da giovanissimo. Dopo aver avviato diverse realt\u00e0 di successo, oggi \u00e8 impegnato soprattutto nella realizzazione di un polo di eccellenze che valorizzi la sua terra natale. Antonio Liseno: le tappe della carriera imprenditoriale Nato a Lavello il 26 gennaio 1967, Antonio Liseno ottiene il diploma di Perito Agrario con il quale avvia la sua primaContinue reading...\" \/>\n<meta property=\"og:url\" content=\"https:\/\/www.article-marketing.eu\/comunicatistampa\/antonio-liseno-i-traguardi-dellimprenditore\/\" \/>\n<meta property=\"og:site_name\" content=\"Article Marketing\" \/>\n<meta property=\"article:published_time\" content=\"2022-05-18T17:25:46+00:00\" \/>\n<meta name=\"author\" content=\"articolinews\" \/>\n<meta name=\"twitter:card\" content=\"summary_large_image\" \/>\n<meta name=\"twitter:label1\" content=\"Scritto da\" \/>\n\t<meta name=\"twitter:data1\" content=\"articolinews\" \/>\n\t<meta name=\"twitter:label2\" content=\"Tempo di lettura stimato\" \/>\n\t<meta name=\"twitter:data2\" content=\"3 minuti\" \/>\n<script type=\"application\/ld+json\" class=\"yoast-schema-graph\">{\"@context\":\"https:\\\/\\\/schema.org\",\"@graph\":[{\"@type\":\"Article\",\"@id\":\"https:\\\/\\\/www.article-marketing.eu\\\/comunicatistampa\\\/antonio-liseno-i-traguardi-dellimprenditore\\\/#article\",\"isPartOf\":{\"@id\":\"https:\\\/\\\/www.article-marketing.eu\\\/comunicatistampa\\\/antonio-liseno-i-traguardi-dellimprenditore\\\/\"},\"author\":{\"name\":\"articolinews\",\"@id\":\"https:\\\/\\\/www.article-marketing.eu\\\/comunicatistampa\\\/#\\\/schema\\\/person\\\/2fcaf8f8f3a9eef9eb7f27532d3ca458\"},\"headline\":\"Antonio Liseno: i traguardi dell\u2019imprenditore\",\"datePublished\":\"2022-05-18T17:25:46+00:00\",\"mainEntityOfPage\":{\"@id\":\"https:\\\/\\\/www.article-marketing.eu\\\/comunicatistampa\\\/antonio-liseno-i-traguardi-dellimprenditore\\\/\"},\"wordCount\":358,\"commentCount\":0,\"keywords\":[\"Antonio Liseno\"],\"articleSection\":[\"Societ\u00e0\"],\"inLanguage\":\"it-IT\",\"potentialAction\":[{\"@type\":\"CommentAction\",\"name\":\"Comment\",\"target\":[\"https:\\\/\\\/www.article-marketing.eu\\\/comunicatistampa\\\/antonio-liseno-i-traguardi-dellimprenditore\\\/#respond\"]}]},{\"@type\":\"WebPage\",\"@id\":\"https:\\\/\\\/www.article-marketing.eu\\\/comunicatistampa\\\/antonio-liseno-i-traguardi-dellimprenditore\\\/\",\"url\":\"https:\\\/\\\/www.article-marketing.eu\\\/comunicatistampa\\\/antonio-liseno-i-traguardi-dellimprenditore\\\/\",\"name\":\"Antonio Liseno: i traguardi dell\u2019imprenditore - Article Marketing\",\"isPartOf\":{\"@id\":\"https:\\\/\\\/www.article-marketing.eu\\\/comunicatistampa\\\/#website\"},\"datePublished\":\"2022-05-18T17:25:46+00:00\",\"author\":{\"@id\":\"https:\\\/\\\/www.article-marketing.eu\\\/comunicatistampa\\\/#\\\/schema\\\/person\\\/2fcaf8f8f3a9eef9eb7f27532d3ca458\"},\"breadcrumb\":{\"@id\":\"https:\\\/\\\/www.article-marketing.eu\\\/comunicatistampa\\\/antonio-liseno-i-traguardi-dellimprenditore\\\/#breadcrumb\"},\"inLanguage\":\"it-IT\",\"potentialAction\":[{\"@type\":\"ReadAction\",\"target\":[\"https:\\\/\\\/www.article-marketing.eu\\\/comunicatistampa\\\/antonio-liseno-i-traguardi-dellimprenditore\\\/\"]}]},{\"@type\":\"BreadcrumbList\",\"@id\":\"https:\\\/\\\/www.article-marketing.eu\\\/comunicatistampa\\\/antonio-liseno-i-traguardi-dellimprenditore\\\/#breadcrumb\",\"itemListElement\":[{\"@type\":\"ListItem\",\"position\":1,\"name\":\"Home\",\"item\":\"https:\\\/\\\/www.article-marketing.eu\\\/comunicatistampa\\\/\"},{\"@type\":\"ListItem\",\"position\":2,\"name\":\"Antonio Liseno: i traguardi dell\u2019imprenditore\"}]},{\"@type\":\"WebSite\",\"@id\":\"https:\\\/\\\/www.article-marketing.eu\\\/comunicatistampa\\\/#website\",\"url\":\"https:\\\/\\\/www.article-marketing.eu\\\/comunicatistampa\\\/\",\"name\":\"Article Marketing\",\"description\":\"article marketing &amp; press release\",\"potentialAction\":[{\"@type\":\"SearchAction\",\"target\":{\"@type\":\"EntryPoint\",\"urlTemplate\":\"https:\\\/\\\/www.article-marketing.eu\\\/comunicatistampa\\\/?s={search_term_string}\"},\"query-input\":{\"@type\":\"PropertyValueSpecification\",\"valueRequired\":true,\"valueName\":\"search_term_string\"}}],\"inLanguage\":\"it-IT\"},{\"@type\":\"Person\",\"@id\":\"https:\\\/\\\/www.article-marketing.eu\\\/comunicatistampa\\\/#\\\/schema\\\/person\\\/2fcaf8f8f3a9eef9eb7f27532d3ca458\",\"name\":\"articolinews\",\"image\":{\"@type\":\"ImageObject\",\"inLanguage\":\"it-IT\",\"@id\":\"https:\\\/\\\/secure.gravatar.com\\\/avatar\\\/9e2a264bab04e17dea24d937c9956304649a848cb73c46747a692ff1bdeb1cb7?s=96&d=mm&r=g\",\"url\":\"https:\\\/\\\/secure.gravatar.com\\\/avatar\\\/9e2a264bab04e17dea24d937c9956304649a848cb73c46747a692ff1bdeb1cb7?s=96&d=mm&r=g\",\"contentUrl\":\"https:\\\/\\\/secure.gravatar.com\\\/avatar\\\/9e2a264bab04e17dea24d937c9956304649a848cb73c46747a692ff1bdeb1cb7?s=96&d=mm&r=g\",\"caption\":\"articolinews\"},\"url\":\"https:\\\/\\\/www.article-marketing.eu\\\/comunicatistampa\\\/author\\\/articolinews\\\/\"}]}<\/script>\n<!-- \/ Yoast SEO plugin. -->","yoast_head_json":{"title":"Antonio Liseno: i traguardi dell\u2019imprenditore - Article Marketing","robots":{"index":"index","follow":"follow","max-snippet":"max-snippet:-1","max-image-preview":"max-image-preview:large","max-video-preview":"max-video-preview:-1"},"canonical":"https:\/\/www.article-marketing.eu\/comunicatistampa\/antonio-liseno-i-traguardi-dellimprenditore\/","og_locale":"it_IT","og_type":"article","og_title":"Antonio Liseno: i traguardi dell\u2019imprenditore - Article Marketing","og_description":"Antonio Liseno \u00e8 un imprenditore di origini lucane che ha iniziato la sua attivit\u00e0 imprenditoriale da giovanissimo. Dopo aver avviato diverse realt\u00e0 di successo, oggi \u00e8 impegnato soprattutto nella realizzazione di un polo di eccellenze che valorizzi la sua terra natale. Antonio Liseno: le tappe della carriera imprenditoriale Nato a Lavello il 26 gennaio 1967, Antonio Liseno ottiene il diploma di Perito Agrario con il quale avvia la sua primaContinue reading...","og_url":"https:\/\/www.article-marketing.eu\/comunicatistampa\/antonio-liseno-i-traguardi-dellimprenditore\/","og_site_name":"Article Marketing","article_published_time":"2022-05-18T17:25:46+00:00","author":"articolinews","twitter_card":"summary_large_image","twitter_misc":{"Scritto da":"articolinews","Tempo di lettura stimato":"3 minuti"},"schema":{"@context":"https:\/\/schema.org","@graph":[{"@type":"Article","@id":"https:\/\/www.article-marketing.eu\/comunicatistampa\/antonio-liseno-i-traguardi-dellimprenditore\/#article","isPartOf":{"@id":"https:\/\/www.article-marketing.eu\/comunicatistampa\/antonio-liseno-i-traguardi-dellimprenditore\/"},"author":{"name":"articolinews","@id":"https:\/\/www.article-marketing.eu\/comunicatistampa\/#\/schema\/person\/2fcaf8f8f3a9eef9eb7f27532d3ca458"},"headline":"Antonio Liseno: i traguardi dell\u2019imprenditore","datePublished":"2022-05-18T17:25:46+00:00","mainEntityOfPage":{"@id":"https:\/\/www.article-marketing.eu\/comunicatistampa\/antonio-liseno-i-traguardi-dellimprenditore\/"},"wordCount":358,"commentCount":0,"keywords":["Antonio Liseno"],"articleSection":["Societ\u00e0"],"inLanguage":"it-IT","potentialAction":[{"@type":"CommentAction","name":"Comment","target":["https:\/\/www.article-marketing.eu\/comunicatistampa\/antonio-liseno-i-traguardi-dellimprenditore\/#respond"]}]},{"@type":"WebPage","@id":"https:\/\/www.article-marketing.eu\/comunicatistampa\/antonio-liseno-i-traguardi-dellimprenditore\/","url":"https:\/\/www.article-marketing.eu\/comunicatistampa\/antonio-liseno-i-traguardi-dellimprenditore\/","name":"Antonio Liseno: i traguardi dell\u2019imprenditore - Article Marketing","isPartOf":{"@id":"https:\/\/www.article-marketing.eu\/comunicatistampa\/#website"},"datePublished":"2022-05-18T17:25:46+00:00","author":{"@id":"https:\/\/www.article-marketing.eu\/comunicatistampa\/#\/schema\/person\/2fcaf8f8f3a9eef9eb7f27532d3ca458"},"breadcrumb":{"@id":"https:\/\/www.article-marketing.eu\/comunicatistampa\/antonio-liseno-i-traguardi-dellimprenditore\/#breadcrumb"},"inLanguage":"it-IT","potentialAction":[{"@type":"ReadAction","target":["https:\/\/www.article-marketing.eu\/comunicatistampa\/antonio-liseno-i-traguardi-dellimprenditore\/"]}]},{"@type":"BreadcrumbList","@id":"https:\/\/www.article-marketing.eu\/comunicatistampa\/antonio-liseno-i-traguardi-dellimprenditore\/#breadcrumb","itemListElement":[{"@type":"ListItem","position":1,"name":"Home","item":"https:\/\/www.article-marketing.eu\/comunicatistampa\/"},{"@type":"ListItem","position":2,"name":"Antonio Liseno: i traguardi dell\u2019imprenditore"}]},{"@type":"WebSite","@id":"https:\/\/www.article-marketing.eu\/comunicatistampa\/#website","url":"https:\/\/www.article-marketing.eu\/comunicatistampa\/","name":"Article Marketing","description":"article marketing &amp; press release","potentialAction":[{"@type":"SearchAction","target":{"@type":"EntryPoint","urlTemplate":"https:\/\/www.article-marketing.eu\/comunicatistampa\/?s={search_term_string}"},"query-input":{"@type":"PropertyValueSpecification","valueRequired":true,"valueName":"search_term_string"}}],"inLanguage":"it-IT"},{"@type":"Person","@id":"https:\/\/www.article-marketing.eu\/comunicatistampa\/#\/schema\/person\/2fcaf8f8f3a9eef9eb7f27532d3ca458","name":"articolinews","image":{"@type":"ImageObject","inLanguage":"it-IT","@id":"https:\/\/secure.gravatar.com\/avatar\/9e2a264bab04e17dea24d937c9956304649a848cb73c46747a692ff1bdeb1cb7?s=96&d=mm&r=g","url":"https:\/\/secure.gravatar.com\/avatar\/9e2a264bab04e17dea24d937c9956304649a848cb73c46747a692ff1bdeb1cb7?s=96&d=mm&r=g","contentUrl":"https:\/\/secure.gravatar.com\/avatar\/9e2a264bab04e17dea24d937c9956304649a848cb73c46747a692ff1bdeb1cb7?s=96&d=mm&r=g","caption":"articolinews"},"url":"https:\/\/www.article-marketing.eu\/comunicatistampa\/author\/articolinews\/"}]}},"_links":{"self":[{"href":"https:\/\/www.article-marketing.eu\/comunicatistampa\/wp-json\/wp\/v2\/posts\/23146","targetHints":{"allow":["GET"]}}],"collection":[{"href":"https:\/\/www.article-marketing.eu\/comunicatistampa\/wp-json\/wp\/v2\/posts"}],"about":[{"href":"https:\/\/www.article-marketing.eu\/comunicatistampa\/wp-json\/wp\/v2\/types\/post"}],"author":[{"embeddable":true,"href":"https:\/\/www.article-marketing.eu\/comunicatistampa\/wp-json\/wp\/v2\/users\/6477"}],"replies":[{"embeddable":true,"href":"https:\/\/www.article-marketing.eu\/comunicatistampa\/wp-json\/wp\/v2\/comments?post=23146"}],"version-history":[{"count":4,"href":"https:\/\/www.article-marketing.eu\/comunicatistampa\/wp-json\/wp\/v2\/posts\/23146\/revisions"}],"predecessor-version":[{"id":23204,"href":"https:\/\/www.article-marketing.eu\/comunicatistampa\/wp-json\/wp\/v2\/posts\/23146\/revisions\/23204"}],"wp:attachment":[{"href":"https:\/\/www.article-marketing.eu\/comunicatistampa\/wp-json\/wp\/v2\/media?parent=23146"}],"wp:term":[{"taxonomy":"category","embeddable":true,"href":"https:\/\/www.article-marketing.eu\/comunicatistampa\/wp-json\/wp\/v2\/categories?post=23146"},{"taxonomy":"post_tag","embeddable":true,"href":"https:\/\/www.article-marketing.eu\/comunicatistampa\/wp-json\/wp\/v2\/tags?post=23146"}],"curies":[{"name":"wp","href":"https:\/\/api.w.org\/{rel}","templated":true}]}}