{"id":23172,"date":"2022-05-18T19:34:44","date_gmt":"2022-05-18T17:34:44","guid":{"rendered":"https:\/\/www.article-marketing.eu\/comunicatistampa\/?p=23172"},"modified":"2022-05-18T19:34:44","modified_gmt":"2022-05-18T17:34:44","slug":"fabrizio-di-amato-imprenditore-alla-guida-di-maire-tecnimont","status":"publish","type":"post","link":"https:\/\/www.article-marketing.eu\/comunicatistampa\/fabrizio-di-amato-imprenditore-alla-guida-di-maire-tecnimont\/","title":{"rendered":"Fabrizio Di Amato, imprenditore alla guida di Maire Tecnimont"},"content":{"rendered":"<p><em><strong>In oltre 40 anni di esperienza professionale <a title=\"Fabrizio Di Amato: il profilo professionale\" href=\"https:\/\/www.executivemanager.it\/Fabrizio-Di-Amato\/\">Fabrizio Di Amato<\/a> si \u00e8 reso protagonista di progetti imprenditoriali di successo. Oggi \u00e8 alla guida di Maire Tecnimont, leader mondiale nei settori impiantistica, ingegneria oil&amp;gas e tecnologie per la transizione energetica.<\/strong><\/em><\/p>\n<p><a title=\"Fabrizio Di Amato: la biografia - executivemanager\" href=\"https:\/\/www.executivemanager.it\/Fabrizio-Di-Amato\/\"><img decoding=\"async\" src=\"https:\/\/www.executivemanager.it\/images\/comprofiler\/0_623b4896d0888.jpg\" alt=\"Fabrizio Di Amato\" width=\"120\" \/><\/a><\/p>\n<h2>Fabrizio Di Amato: le tappe del percorso imprenditoriale<\/h2>\n<p>Nato a Roma nel 1963, <strong>Fabrizio Di Amato<\/strong> \u00e8 laureato in Scienze Politiche presso l&#8217;Universit\u00e0 &#8220;La Sapienza&#8221;. Ha conseguito, inoltre, una Laurea ad honorem in Ingegneria Chimica, conferitagli dal Politecnico di Milano nel 2021 per la sua competenza in ambito imprenditoriale. La sua carriera si avvia presto: a soli 19 anni fonda una societ\u00e0 con tre dipendenti attiva nel settore dell&#8217;impiantistica. Negli anni il progetto si sviluppa attraverso una lunga serie di acquisizioni: diversi i traguardi raggiunti, tra cui l&#8217;acquisizione di Fiat Engineering (Gruppo Fiat) nel 2004. La realt\u00e0 di <strong>Fabrizio Di Amato<\/strong> diviene cos\u00ec general contractor e fa ingresso nei settori dell&#8217;energia e delle infrastrutture civili, operando anche all&#8217;estero. Nel 2005 \u00e8 il turno di Tecnimont: l&#8217;acquisizione della divisione di Edison, specializzata in ingegneria per oil&amp;gas e petrolchimica, segna la nascita di Maire Tecnimont. Il Gruppo fa ingresso in Borsa nel 2007 e <strong>Fabrizio Di Amato<\/strong> ne diventa il maggior azionista. Assume in seguito l&#8217;incarico di Presidente e Amministratore Delegato del Gruppo. Numerose operazioni internazionali apportano ulteriore componente tecnologica: tra queste, l&#8217;acquisizione della controllata indiana Tecnimont Private Limited, dell&#8217;olandese Stamicarbon e dell&#8217;italiana Technip KTI (oggi Kinetics Technology).<\/p>\n<h2>Fabrizio Di Amato: la nascita di NextChem e della Fondazione Evolve in Maire Tecnimont<\/h2>\n<p>Il percorso professionale di <a title=\"Fabrizio Di Amato: il percorso professionale\" href=\"https:\/\/www.executivemanager.it\/Fabrizio-Di-Amato\/\">Fabrizio Di Amato<\/a> prosegue nel 2013 con la conferma nel ruolo di Presidente di Maire Tecnimont. Il Gruppo avvia una nuova fase di sviluppo: \u00e8 del 2018 la nascita di NextChem, attiva nel settore delle tecnologie della chimica verde e della transizione energetica, mentre nel 2021 nasce Fondazione Evolve, operativa nel recupero del patrimonio ingegneristico e di cultura industriale legato al settore. Oltre all&#8217;impegno in ambito imprenditoriale, <strong>Fabrizio Di Amato<\/strong> ha svolto e svolge anche attivit\u00e0 a sostegno della categoria: nel 2008 ha fondato Federprogetti &#8211; Federazione dell&#8217;impiantistica italiana (di cui \u00e8 stato Presidente fino al 2015) e tra il 2009 e il 2011 \u00e8 stato Presidente di Animp &#8211; Associazione nazionale di impiantistica industriale. Oggi \u00e8 Membro del Consiglio Generale di Unindustria, del Consiglio Generale di Assolombarda e del Consiglio Direttivo di Assonime. Nel maggio 2016 \u00e8 stato insignito dell&#8217;onorificenza di &#8220;Cavaliere del Lavoro&#8221; dal Presidente della Repubblica Italiana Sergio Mattarella.<\/p>\n","protected":false},"excerpt":{"rendered":"<p>In oltre 40 anni di esperienza professionale Fabrizio Di Amato si \u00e8 reso protagonista di progetti imprenditoriali di successo. Oggi \u00e8 alla guida di Maire Tecnimont, leader mondiale nei settori impiantistica, ingegneria oil&amp;gas e tecnologie per la transizione energetica. Fabrizio Di Amato: le tappe del percorso imprenditoriale Nato a Roma nel 1963, Fabrizio Di Amato \u00e8 laureato in Scienze Politiche presso l&#8217;Universit\u00e0 &#8220;La Sapienza&#8221;. Ha conseguito, inoltre, una Laurea ad<\/p>\n<p><a class=\"continue-reading\" href=\"https:\/\/www.article-marketing.eu\/comunicatistampa\/fabrizio-di-amato-imprenditore-alla-guida-di-maire-tecnimont\/\">Continue reading&#8230;<\/a><\/p>\n","protected":false},"author":7244,"featured_media":0,"comment_status":"open","ping_status":"open","sticky":false,"template":"","format":"standard","meta":{"_monsterinsights_skip_tracking":false,"_monsterinsights_sitenote_active":false,"_monsterinsights_sitenote_note":"","_monsterinsights_sitenote_category":0,"footnotes":""},"categories":[386],"tags":[9688],"class_list":["post-23172","post","type-post","status-publish","format-standard","hentry","category-economia-e-lavoro","tag-fabrizio-di-amato"],"yoast_head":"<!-- This site is optimized with the Yoast SEO plugin v27.3 - https:\/\/yoast.com\/product\/yoast-seo-wordpress\/ -->\n<title>Fabrizio Di Amato, imprenditore alla guida di Maire Tecnimont<\/title>\n<meta name=\"robots\" content=\"index, follow, max-snippet:-1, max-image-preview:large, max-video-preview:-1\" \/>\n<link rel=\"canonical\" href=\"https:\/\/www.article-marketing.eu\/comunicatistampa\/fabrizio-di-amato-imprenditore-alla-guida-di-maire-tecnimont\/\" \/>\n<meta property=\"og:locale\" content=\"it_IT\" \/>\n<meta property=\"og:type\" content=\"article\" \/>\n<meta property=\"og:title\" content=\"Fabrizio Di Amato, imprenditore alla guida di Maire Tecnimont\" \/>\n<meta property=\"og:description\" content=\"In oltre 40 anni di esperienza professionale Fabrizio Di Amato si \u00e8 reso protagonista di progetti imprenditoriali di successo. Oggi \u00e8 alla guida di Maire Tecnimont, leader mondiale nei settori impiantistica, ingegneria oil&amp;gas e tecnologie per la transizione energetica. Fabrizio Di Amato: le tappe del percorso imprenditoriale Nato a Roma nel 1963, Fabrizio Di Amato \u00e8 laureato in Scienze Politiche presso l&#8217;Universit\u00e0 &#8220;La Sapienza&#8221;. Ha conseguito, inoltre, una Laurea adContinue reading...\" \/>\n<meta property=\"og:url\" content=\"https:\/\/www.article-marketing.eu\/comunicatistampa\/fabrizio-di-amato-imprenditore-alla-guida-di-maire-tecnimont\/\" \/>\n<meta property=\"og:site_name\" content=\"Article Marketing\" \/>\n<meta property=\"article:published_time\" content=\"2022-05-18T17:34:44+00:00\" \/>\n<meta property=\"og:image\" content=\"https:\/\/www.executivemanager.it\/images\/comprofiler\/0_623b4896d0888.jpg\" \/>\n<meta name=\"author\" content=\"agencyfdapress\" \/>\n<meta name=\"twitter:card\" content=\"summary_large_image\" \/>\n<meta name=\"twitter:label1\" content=\"Scritto da\" \/>\n\t<meta name=\"twitter:data1\" content=\"agencyfdapress\" \/>\n\t<meta name=\"twitter:label2\" content=\"Tempo di lettura stimato\" \/>\n\t<meta name=\"twitter:data2\" content=\"2 minuti\" \/>\n<script type=\"application\/ld+json\" class=\"yoast-schema-graph\">{\"@context\":\"https:\\\/\\\/schema.org\",\"@graph\":[{\"@type\":\"Article\",\"@id\":\"https:\\\/\\\/www.article-marketing.eu\\\/comunicatistampa\\\/fabrizio-di-amato-imprenditore-alla-guida-di-maire-tecnimont\\\/#article\",\"isPartOf\":{\"@id\":\"https:\\\/\\\/www.article-marketing.eu\\\/comunicatistampa\\\/fabrizio-di-amato-imprenditore-alla-guida-di-maire-tecnimont\\\/\"},\"author\":{\"name\":\"agencyfdapress\",\"@id\":\"https:\\\/\\\/www.article-marketing.eu\\\/comunicatistampa\\\/#\\\/schema\\\/person\\\/51c7c9a1419e6d243af8502cd7e05aff\"},\"headline\":\"Fabrizio Di Amato, imprenditore alla guida di Maire Tecnimont\",\"datePublished\":\"2022-05-18T17:34:44+00:00\",\"mainEntityOfPage\":{\"@id\":\"https:\\\/\\\/www.article-marketing.eu\\\/comunicatistampa\\\/fabrizio-di-amato-imprenditore-alla-guida-di-maire-tecnimont\\\/\"},\"wordCount\":394,\"commentCount\":0,\"image\":{\"@id\":\"https:\\\/\\\/www.article-marketing.eu\\\/comunicatistampa\\\/fabrizio-di-amato-imprenditore-alla-guida-di-maire-tecnimont\\\/#primaryimage\"},\"thumbnailUrl\":\"https:\\\/\\\/www.executivemanager.it\\\/images\\\/comprofiler\\\/0_623b4896d0888.jpg\",\"keywords\":[\"Fabrizio Di Amato\"],\"articleSection\":[\"Economia e lavoro\"],\"inLanguage\":\"it-IT\",\"potentialAction\":[{\"@type\":\"CommentAction\",\"name\":\"Comment\",\"target\":[\"https:\\\/\\\/www.article-marketing.eu\\\/comunicatistampa\\\/fabrizio-di-amato-imprenditore-alla-guida-di-maire-tecnimont\\\/#respond\"]}]},{\"@type\":\"WebPage\",\"@id\":\"https:\\\/\\\/www.article-marketing.eu\\\/comunicatistampa\\\/fabrizio-di-amato-imprenditore-alla-guida-di-maire-tecnimont\\\/\",\"url\":\"https:\\\/\\\/www.article-marketing.eu\\\/comunicatistampa\\\/fabrizio-di-amato-imprenditore-alla-guida-di-maire-tecnimont\\\/\",\"name\":\"Fabrizio Di Amato, imprenditore alla guida di Maire Tecnimont\",\"isPartOf\":{\"@id\":\"https:\\\/\\\/www.article-marketing.eu\\\/comunicatistampa\\\/#website\"},\"primaryImageOfPage\":{\"@id\":\"https:\\\/\\\/www.article-marketing.eu\\\/comunicatistampa\\\/fabrizio-di-amato-imprenditore-alla-guida-di-maire-tecnimont\\\/#primaryimage\"},\"image\":{\"@id\":\"https:\\\/\\\/www.article-marketing.eu\\\/comunicatistampa\\\/fabrizio-di-amato-imprenditore-alla-guida-di-maire-tecnimont\\\/#primaryimage\"},\"thumbnailUrl\":\"https:\\\/\\\/www.executivemanager.it\\\/images\\\/comprofiler\\\/0_623b4896d0888.jpg\",\"datePublished\":\"2022-05-18T17:34:44+00:00\",\"author\":{\"@id\":\"https:\\\/\\\/www.article-marketing.eu\\\/comunicatistampa\\\/#\\\/schema\\\/person\\\/51c7c9a1419e6d243af8502cd7e05aff\"},\"breadcrumb\":{\"@id\":\"https:\\\/\\\/www.article-marketing.eu\\\/comunicatistampa\\\/fabrizio-di-amato-imprenditore-alla-guida-di-maire-tecnimont\\\/#breadcrumb\"},\"inLanguage\":\"it-IT\",\"potentialAction\":[{\"@type\":\"ReadAction\",\"target\":[\"https:\\\/\\\/www.article-marketing.eu\\\/comunicatistampa\\\/fabrizio-di-amato-imprenditore-alla-guida-di-maire-tecnimont\\\/\"]}]},{\"@type\":\"ImageObject\",\"inLanguage\":\"it-IT\",\"@id\":\"https:\\\/\\\/www.article-marketing.eu\\\/comunicatistampa\\\/fabrizio-di-amato-imprenditore-alla-guida-di-maire-tecnimont\\\/#primaryimage\",\"url\":\"https:\\\/\\\/www.executivemanager.it\\\/images\\\/comprofiler\\\/0_623b4896d0888.jpg\",\"contentUrl\":\"https:\\\/\\\/www.executivemanager.it\\\/images\\\/comprofiler\\\/0_623b4896d0888.jpg\"},{\"@type\":\"BreadcrumbList\",\"@id\":\"https:\\\/\\\/www.article-marketing.eu\\\/comunicatistampa\\\/fabrizio-di-amato-imprenditore-alla-guida-di-maire-tecnimont\\\/#breadcrumb\",\"itemListElement\":[{\"@type\":\"ListItem\",\"position\":1,\"name\":\"Home\",\"item\":\"https:\\\/\\\/www.article-marketing.eu\\\/comunicatistampa\\\/\"},{\"@type\":\"ListItem\",\"position\":2,\"name\":\"Fabrizio Di Amato, imprenditore alla guida di Maire Tecnimont\"}]},{\"@type\":\"WebSite\",\"@id\":\"https:\\\/\\\/www.article-marketing.eu\\\/comunicatistampa\\\/#website\",\"url\":\"https:\\\/\\\/www.article-marketing.eu\\\/comunicatistampa\\\/\",\"name\":\"Article Marketing\",\"description\":\"article marketing &amp; press release\",\"potentialAction\":[{\"@type\":\"SearchAction\",\"target\":{\"@type\":\"EntryPoint\",\"urlTemplate\":\"https:\\\/\\\/www.article-marketing.eu\\\/comunicatistampa\\\/?s={search_term_string}\"},\"query-input\":{\"@type\":\"PropertyValueSpecification\",\"valueRequired\":true,\"valueName\":\"search_term_string\"}}],\"inLanguage\":\"it-IT\"},{\"@type\":\"Person\",\"@id\":\"https:\\\/\\\/www.article-marketing.eu\\\/comunicatistampa\\\/#\\\/schema\\\/person\\\/51c7c9a1419e6d243af8502cd7e05aff\",\"name\":\"agencyfdapress\",\"image\":{\"@type\":\"ImageObject\",\"inLanguage\":\"it-IT\",\"@id\":\"https:\\\/\\\/secure.gravatar.com\\\/avatar\\\/8001b425ff309254d3f7f21ab2655c3f11e36b0fbd3ecbf99aad5e2ee4ebe309?s=96&d=mm&r=g\",\"url\":\"https:\\\/\\\/secure.gravatar.com\\\/avatar\\\/8001b425ff309254d3f7f21ab2655c3f11e36b0fbd3ecbf99aad5e2ee4ebe309?s=96&d=mm&r=g\",\"contentUrl\":\"https:\\\/\\\/secure.gravatar.com\\\/avatar\\\/8001b425ff309254d3f7f21ab2655c3f11e36b0fbd3ecbf99aad5e2ee4ebe309?s=96&d=mm&r=g\",\"caption\":\"agencyfdapress\"},\"url\":\"https:\\\/\\\/www.article-marketing.eu\\\/comunicatistampa\\\/author\\\/agencyfdapress\\\/\"}]}<\/script>\n<!-- \/ Yoast SEO plugin. -->","yoast_head_json":{"title":"Fabrizio Di Amato, imprenditore alla guida di Maire Tecnimont","robots":{"index":"index","follow":"follow","max-snippet":"max-snippet:-1","max-image-preview":"max-image-preview:large","max-video-preview":"max-video-preview:-1"},"canonical":"https:\/\/www.article-marketing.eu\/comunicatistampa\/fabrizio-di-amato-imprenditore-alla-guida-di-maire-tecnimont\/","og_locale":"it_IT","og_type":"article","og_title":"Fabrizio Di Amato, imprenditore alla guida di Maire Tecnimont","og_description":"In oltre 40 anni di esperienza professionale Fabrizio Di Amato si \u00e8 reso protagonista di progetti imprenditoriali di successo. Oggi \u00e8 alla guida di Maire Tecnimont, leader mondiale nei settori impiantistica, ingegneria oil&amp;gas e tecnologie per la transizione energetica. Fabrizio Di Amato: le tappe del percorso imprenditoriale Nato a Roma nel 1963, Fabrizio Di Amato \u00e8 laureato in Scienze Politiche presso l&#8217;Universit\u00e0 &#8220;La Sapienza&#8221;. Ha conseguito, inoltre, una Laurea adContinue reading...","og_url":"https:\/\/www.article-marketing.eu\/comunicatistampa\/fabrizio-di-amato-imprenditore-alla-guida-di-maire-tecnimont\/","og_site_name":"Article Marketing","article_published_time":"2022-05-18T17:34:44+00:00","og_image":[{"url":"https:\/\/www.executivemanager.it\/images\/comprofiler\/0_623b4896d0888.jpg","type":"","width":"","height":""}],"author":"agencyfdapress","twitter_card":"summary_large_image","twitter_misc":{"Scritto da":"agencyfdapress","Tempo di lettura stimato":"2 minuti"},"schema":{"@context":"https:\/\/schema.org","@graph":[{"@type":"Article","@id":"https:\/\/www.article-marketing.eu\/comunicatistampa\/fabrizio-di-amato-imprenditore-alla-guida-di-maire-tecnimont\/#article","isPartOf":{"@id":"https:\/\/www.article-marketing.eu\/comunicatistampa\/fabrizio-di-amato-imprenditore-alla-guida-di-maire-tecnimont\/"},"author":{"name":"agencyfdapress","@id":"https:\/\/www.article-marketing.eu\/comunicatistampa\/#\/schema\/person\/51c7c9a1419e6d243af8502cd7e05aff"},"headline":"Fabrizio Di Amato, imprenditore alla guida di Maire Tecnimont","datePublished":"2022-05-18T17:34:44+00:00","mainEntityOfPage":{"@id":"https:\/\/www.article-marketing.eu\/comunicatistampa\/fabrizio-di-amato-imprenditore-alla-guida-di-maire-tecnimont\/"},"wordCount":394,"commentCount":0,"image":{"@id":"https:\/\/www.article-marketing.eu\/comunicatistampa\/fabrizio-di-amato-imprenditore-alla-guida-di-maire-tecnimont\/#primaryimage"},"thumbnailUrl":"https:\/\/www.executivemanager.it\/images\/comprofiler\/0_623b4896d0888.jpg","keywords":["Fabrizio Di Amato"],"articleSection":["Economia e lavoro"],"inLanguage":"it-IT","potentialAction":[{"@type":"CommentAction","name":"Comment","target":["https:\/\/www.article-marketing.eu\/comunicatistampa\/fabrizio-di-amato-imprenditore-alla-guida-di-maire-tecnimont\/#respond"]}]},{"@type":"WebPage","@id":"https:\/\/www.article-marketing.eu\/comunicatistampa\/fabrizio-di-amato-imprenditore-alla-guida-di-maire-tecnimont\/","url":"https:\/\/www.article-marketing.eu\/comunicatistampa\/fabrizio-di-amato-imprenditore-alla-guida-di-maire-tecnimont\/","name":"Fabrizio Di Amato, imprenditore alla guida di Maire Tecnimont","isPartOf":{"@id":"https:\/\/www.article-marketing.eu\/comunicatistampa\/#website"},"primaryImageOfPage":{"@id":"https:\/\/www.article-marketing.eu\/comunicatistampa\/fabrizio-di-amato-imprenditore-alla-guida-di-maire-tecnimont\/#primaryimage"},"image":{"@id":"https:\/\/www.article-marketing.eu\/comunicatistampa\/fabrizio-di-amato-imprenditore-alla-guida-di-maire-tecnimont\/#primaryimage"},"thumbnailUrl":"https:\/\/www.executivemanager.it\/images\/comprofiler\/0_623b4896d0888.jpg","datePublished":"2022-05-18T17:34:44+00:00","author":{"@id":"https:\/\/www.article-marketing.eu\/comunicatistampa\/#\/schema\/person\/51c7c9a1419e6d243af8502cd7e05aff"},"breadcrumb":{"@id":"https:\/\/www.article-marketing.eu\/comunicatistampa\/fabrizio-di-amato-imprenditore-alla-guida-di-maire-tecnimont\/#breadcrumb"},"inLanguage":"it-IT","potentialAction":[{"@type":"ReadAction","target":["https:\/\/www.article-marketing.eu\/comunicatistampa\/fabrizio-di-amato-imprenditore-alla-guida-di-maire-tecnimont\/"]}]},{"@type":"ImageObject","inLanguage":"it-IT","@id":"https:\/\/www.article-marketing.eu\/comunicatistampa\/fabrizio-di-amato-imprenditore-alla-guida-di-maire-tecnimont\/#primaryimage","url":"https:\/\/www.executivemanager.it\/images\/comprofiler\/0_623b4896d0888.jpg","contentUrl":"https:\/\/www.executivemanager.it\/images\/comprofiler\/0_623b4896d0888.jpg"},{"@type":"BreadcrumbList","@id":"https:\/\/www.article-marketing.eu\/comunicatistampa\/fabrizio-di-amato-imprenditore-alla-guida-di-maire-tecnimont\/#breadcrumb","itemListElement":[{"@type":"ListItem","position":1,"name":"Home","item":"https:\/\/www.article-marketing.eu\/comunicatistampa\/"},{"@type":"ListItem","position":2,"name":"Fabrizio Di Amato, imprenditore alla guida di Maire Tecnimont"}]},{"@type":"WebSite","@id":"https:\/\/www.article-marketing.eu\/comunicatistampa\/#website","url":"https:\/\/www.article-marketing.eu\/comunicatistampa\/","name":"Article Marketing","description":"article marketing &amp; press release","potentialAction":[{"@type":"SearchAction","target":{"@type":"EntryPoint","urlTemplate":"https:\/\/www.article-marketing.eu\/comunicatistampa\/?s={search_term_string}"},"query-input":{"@type":"PropertyValueSpecification","valueRequired":true,"valueName":"search_term_string"}}],"inLanguage":"it-IT"},{"@type":"Person","@id":"https:\/\/www.article-marketing.eu\/comunicatistampa\/#\/schema\/person\/51c7c9a1419e6d243af8502cd7e05aff","name":"agencyfdapress","image":{"@type":"ImageObject","inLanguage":"it-IT","@id":"https:\/\/secure.gravatar.com\/avatar\/8001b425ff309254d3f7f21ab2655c3f11e36b0fbd3ecbf99aad5e2ee4ebe309?s=96&d=mm&r=g","url":"https:\/\/secure.gravatar.com\/avatar\/8001b425ff309254d3f7f21ab2655c3f11e36b0fbd3ecbf99aad5e2ee4ebe309?s=96&d=mm&r=g","contentUrl":"https:\/\/secure.gravatar.com\/avatar\/8001b425ff309254d3f7f21ab2655c3f11e36b0fbd3ecbf99aad5e2ee4ebe309?s=96&d=mm&r=g","caption":"agencyfdapress"},"url":"https:\/\/www.article-marketing.eu\/comunicatistampa\/author\/agencyfdapress\/"}]}},"_links":{"self":[{"href":"https:\/\/www.article-marketing.eu\/comunicatistampa\/wp-json\/wp\/v2\/posts\/23172","targetHints":{"allow":["GET"]}}],"collection":[{"href":"https:\/\/www.article-marketing.eu\/comunicatistampa\/wp-json\/wp\/v2\/posts"}],"about":[{"href":"https:\/\/www.article-marketing.eu\/comunicatistampa\/wp-json\/wp\/v2\/types\/post"}],"author":[{"embeddable":true,"href":"https:\/\/www.article-marketing.eu\/comunicatistampa\/wp-json\/wp\/v2\/users\/7244"}],"replies":[{"embeddable":true,"href":"https:\/\/www.article-marketing.eu\/comunicatistampa\/wp-json\/wp\/v2\/comments?post=23172"}],"version-history":[{"count":2,"href":"https:\/\/www.article-marketing.eu\/comunicatistampa\/wp-json\/wp\/v2\/posts\/23172\/revisions"}],"predecessor-version":[{"id":23214,"href":"https:\/\/www.article-marketing.eu\/comunicatistampa\/wp-json\/wp\/v2\/posts\/23172\/revisions\/23214"}],"wp:attachment":[{"href":"https:\/\/www.article-marketing.eu\/comunicatistampa\/wp-json\/wp\/v2\/media?parent=23172"}],"wp:term":[{"taxonomy":"category","embeddable":true,"href":"https:\/\/www.article-marketing.eu\/comunicatistampa\/wp-json\/wp\/v2\/categories?post=23172"},{"taxonomy":"post_tag","embeddable":true,"href":"https:\/\/www.article-marketing.eu\/comunicatistampa\/wp-json\/wp\/v2\/tags?post=23172"}],"curies":[{"name":"wp","href":"https:\/\/api.w.org\/{rel}","templated":true}]}}