{"id":23193,"date":"2022-05-18T19:39:06","date_gmt":"2022-05-18T17:39:06","guid":{"rendered":"https:\/\/www.article-marketing.eu\/comunicatistampa\/?p=23193"},"modified":"2022-05-18T19:39:06","modified_gmt":"2022-05-18T17:39:06","slug":"serenissima-ristorazione-le-iniziative-per-la-settimana-nazionale-della-celiachia","status":"publish","type":"post","link":"https:\/\/www.article-marketing.eu\/comunicatistampa\/serenissima-ristorazione-le-iniziative-per-la-settimana-nazionale-della-celiachia\/","title":{"rendered":"Serenissima Ristorazione: le iniziative per la Settimana Nazionale della Celiachia"},"content":{"rendered":"<p><em><strong><a title=\"Serenissima Ristorazione: la storia - Webbrand\" href=\"https:\/\/www.webbrand.it\/Gruppo-Serenissima-Ristorazione\/\">Serenissima Ristorazione<\/a> propone da anni iniziative di educazione alla diversit\u00e0 alimentare. In occasione della Settimana Nazionale della Celiachia, dal 14 al 22 maggio, tali progetti diventano sempre pi\u00f9 centrali.<\/strong><\/em><\/p>\n<p><img loading=\"lazy\" decoding=\"async\" class=\"alignnone\" src=\"http:\/\/www.webbrand.it\/images\/comprofiler\/0_53ac4553a826e.jpg\" alt=\"Serenissima Ristorazione\" width=\"119\" height=\"66\" \/><\/p>\n<h2>Le iniziative per la Settimana Nazionale della Celiachia di Serenissima Ristorazione<\/h2>\n<p>In contemporanea con la Settimana Nazionale della Celiachia, dal 14 al 22 maggio, <strong>Serenissima Ristorazione<\/strong> pubblicizza un&#8217;iniziativa in partnership con l&#8217;Associazione Italiana Celiachia che coinvolge alcuni istituti scolastici del Comune di Bolzano, in cui \u00e8 presente con il suo servizio di ristorazione. <strong>Serenissima Ristorazione<\/strong> ha aderito convintamente a questo progetto, impegnandosi con una sua personale iniziativa: la preparazione di merende golose completamente prive di glutine da distribuire tra i bambini nelle scuole, occasione per affiancarvi anche itinerari di approfondimento su tale importante tematica. Nel corso di questi appuntamenti la referente dell&#8217;AIC racconter\u00e0 ai giovani alunni cos&#8217;\u00e8 la celiachia, da cosa ha origine e quali sono i pericoli in caso di consumo accidentale di glutine. Per la realt\u00e0 guidata da <strong>Mario Putin<\/strong> \u00e8 fondamentale diffondere la consapevolezza del tema in particolar modo tra i bambini anche dopo la Settimana Nazionale della Celiachia: sono infatti previste ulteriori sessioni di approfondimento attraverso incontri con specialisti nelle classi. Lo scopo principale si allarga dal tema particolare della celiachia per coinvolgere principi pi\u00f9 grandi e generali, che spaziano dall&#8217;educazione alla diversit\u00e0 alimentare a quella culturale e religiosa.<\/p>\n<h2>La storia di Serenissima Ristorazione<\/h2>\n<p><strong>Serenissima Ristorazione<\/strong> \u00e8 tra le aziende capofila nel comparto della ristorazione commerciale e collettiva, forte di un organico di oltre 9.000 dipendenti, unitamente a 14 societ\u00e0 correlate. Riesce a garantire annualmente 50 milioni di pasti, per un fatturato totale superiore ai 330 milioni di euro. La caratteristica principale del Gruppo \u00e8 da sempre la vocazione internazionale, espressa anche attraverso la presenza di sedi distaccate in Spagna e in Polonia. La metodologia global service \u00e8 assurta fin dagli anni &#8217;80 a modello aziendale, con il fine ultimo di definire un&#8217;azione integrata in grado di venire incontro alle precise richieste dei clienti. Accortezza, customizzazione dell&#8217;offerta e focus sul commercio sono gli aspetti che hanno assicurato uno sviluppo costante dell&#8217;azienda nel corso del tempo. Presente nei maggiori settori della ristorazione, nello specifico in quello commerciale, socio-sanitario, scolastico e aziendale, <strong>Serenissima Ristorazione<\/strong> ha la propria sede principale a Vicenza, zona di raccordo con le altre controllate attive in Italia e in Europa. La vision dell&#8217;impresa si fonda su tre valori principali: innovazione, crescita e lavoro. L&#8217;educazione a una sana cultura dell&#8217;alimentazione e la volont\u00e0 di fornire risposte personalizzate e calibrate sulle esigenze della clientela completano l&#8217;offerta.<\/p>\n","protected":false},"excerpt":{"rendered":"<p>Serenissima Ristorazione propone da anni iniziative di educazione alla diversit\u00e0 alimentare. In occasione della Settimana Nazionale della Celiachia, dal 14 al 22 maggio, tali progetti diventano sempre pi\u00f9 centrali. Le iniziative per la Settimana Nazionale della Celiachia di Serenissima Ristorazione In contemporanea con la Settimana Nazionale della Celiachia, dal 14 al 22 maggio, Serenissima Ristorazione pubblicizza un&#8217;iniziativa in partnership con l&#8217;Associazione Italiana Celiachia che coinvolge alcuni istituti scolastici del Comune<\/p>\n<p><a class=\"continue-reading\" href=\"https:\/\/www.article-marketing.eu\/comunicatistampa\/serenissima-ristorazione-le-iniziative-per-la-settimana-nazionale-della-celiachia\/\">Continue reading&#8230;<\/a><\/p>\n","protected":false},"author":6477,"featured_media":0,"comment_status":"open","ping_status":"open","sticky":false,"template":"","format":"standard","meta":{"_monsterinsights_skip_tracking":false,"_monsterinsights_sitenote_active":false,"_monsterinsights_sitenote_note":"","_monsterinsights_sitenote_category":0,"footnotes":""},"categories":[388],"tags":[9302],"class_list":["post-23193","post","type-post","status-publish","format-standard","hentry","category-aziende","tag-serenissima-ristorazione"],"yoast_head":"<!-- This site is optimized with the Yoast SEO plugin v27.3 - https:\/\/yoast.com\/product\/yoast-seo-wordpress\/ -->\n<title>Serenissima Ristorazione: le iniziative per la Settimana Nazionale della Celiachia<\/title>\n<meta name=\"robots\" content=\"index, follow, max-snippet:-1, max-image-preview:large, max-video-preview:-1\" \/>\n<link rel=\"canonical\" href=\"https:\/\/www.article-marketing.eu\/comunicatistampa\/serenissima-ristorazione-le-iniziative-per-la-settimana-nazionale-della-celiachia\/\" \/>\n<meta property=\"og:locale\" content=\"it_IT\" \/>\n<meta property=\"og:type\" content=\"article\" \/>\n<meta property=\"og:title\" content=\"Serenissima Ristorazione: le iniziative per la Settimana Nazionale della Celiachia\" \/>\n<meta property=\"og:description\" content=\"Serenissima Ristorazione propone da anni iniziative di educazione alla diversit\u00e0 alimentare. In occasione della Settimana Nazionale della Celiachia, dal 14 al 22 maggio, tali progetti diventano sempre pi\u00f9 centrali. Le iniziative per la Settimana Nazionale della Celiachia di Serenissima Ristorazione In contemporanea con la Settimana Nazionale della Celiachia, dal 14 al 22 maggio, Serenissima Ristorazione pubblicizza un&#8217;iniziativa in partnership con l&#8217;Associazione Italiana Celiachia che coinvolge alcuni istituti scolastici del ComuneContinue reading...\" \/>\n<meta property=\"og:url\" content=\"https:\/\/www.article-marketing.eu\/comunicatistampa\/serenissima-ristorazione-le-iniziative-per-la-settimana-nazionale-della-celiachia\/\" \/>\n<meta property=\"og:site_name\" content=\"Article Marketing\" \/>\n<meta property=\"article:published_time\" content=\"2022-05-18T17:39:06+00:00\" \/>\n<meta property=\"og:image\" content=\"http:\/\/www.webbrand.it\/images\/comprofiler\/0_53ac4553a826e.jpg\" \/>\n<meta name=\"author\" content=\"articolinews\" \/>\n<meta name=\"twitter:card\" content=\"summary_large_image\" \/>\n<meta name=\"twitter:label1\" content=\"Scritto da\" \/>\n\t<meta name=\"twitter:data1\" content=\"articolinews\" \/>\n\t<meta name=\"twitter:label2\" content=\"Tempo di lettura stimato\" \/>\n\t<meta name=\"twitter:data2\" content=\"3 minuti\" \/>\n<script type=\"application\/ld+json\" class=\"yoast-schema-graph\">{\"@context\":\"https:\\\/\\\/schema.org\",\"@graph\":[{\"@type\":\"Article\",\"@id\":\"https:\\\/\\\/www.article-marketing.eu\\\/comunicatistampa\\\/serenissima-ristorazione-le-iniziative-per-la-settimana-nazionale-della-celiachia\\\/#article\",\"isPartOf\":{\"@id\":\"https:\\\/\\\/www.article-marketing.eu\\\/comunicatistampa\\\/serenissima-ristorazione-le-iniziative-per-la-settimana-nazionale-della-celiachia\\\/\"},\"author\":{\"name\":\"articolinews\",\"@id\":\"https:\\\/\\\/www.article-marketing.eu\\\/comunicatistampa\\\/#\\\/schema\\\/person\\\/2fcaf8f8f3a9eef9eb7f27532d3ca458\"},\"headline\":\"Serenissima Ristorazione: le iniziative per la Settimana Nazionale della Celiachia\",\"datePublished\":\"2022-05-18T17:39:06+00:00\",\"mainEntityOfPage\":{\"@id\":\"https:\\\/\\\/www.article-marketing.eu\\\/comunicatistampa\\\/serenissima-ristorazione-le-iniziative-per-la-settimana-nazionale-della-celiachia\\\/\"},\"wordCount\":416,\"commentCount\":0,\"image\":{\"@id\":\"https:\\\/\\\/www.article-marketing.eu\\\/comunicatistampa\\\/serenissima-ristorazione-le-iniziative-per-la-settimana-nazionale-della-celiachia\\\/#primaryimage\"},\"thumbnailUrl\":\"http:\\\/\\\/www.webbrand.it\\\/images\\\/comprofiler\\\/0_53ac4553a826e.jpg\",\"keywords\":[\"Serenissima Ristorazione\"],\"articleSection\":[\"Aziende\"],\"inLanguage\":\"it-IT\",\"potentialAction\":[{\"@type\":\"CommentAction\",\"name\":\"Comment\",\"target\":[\"https:\\\/\\\/www.article-marketing.eu\\\/comunicatistampa\\\/serenissima-ristorazione-le-iniziative-per-la-settimana-nazionale-della-celiachia\\\/#respond\"]}]},{\"@type\":\"WebPage\",\"@id\":\"https:\\\/\\\/www.article-marketing.eu\\\/comunicatistampa\\\/serenissima-ristorazione-le-iniziative-per-la-settimana-nazionale-della-celiachia\\\/\",\"url\":\"https:\\\/\\\/www.article-marketing.eu\\\/comunicatistampa\\\/serenissima-ristorazione-le-iniziative-per-la-settimana-nazionale-della-celiachia\\\/\",\"name\":\"Serenissima Ristorazione: le iniziative per la Settimana Nazionale della Celiachia\",\"isPartOf\":{\"@id\":\"https:\\\/\\\/www.article-marketing.eu\\\/comunicatistampa\\\/#website\"},\"primaryImageOfPage\":{\"@id\":\"https:\\\/\\\/www.article-marketing.eu\\\/comunicatistampa\\\/serenissima-ristorazione-le-iniziative-per-la-settimana-nazionale-della-celiachia\\\/#primaryimage\"},\"image\":{\"@id\":\"https:\\\/\\\/www.article-marketing.eu\\\/comunicatistampa\\\/serenissima-ristorazione-le-iniziative-per-la-settimana-nazionale-della-celiachia\\\/#primaryimage\"},\"thumbnailUrl\":\"http:\\\/\\\/www.webbrand.it\\\/images\\\/comprofiler\\\/0_53ac4553a826e.jpg\",\"datePublished\":\"2022-05-18T17:39:06+00:00\",\"author\":{\"@id\":\"https:\\\/\\\/www.article-marketing.eu\\\/comunicatistampa\\\/#\\\/schema\\\/person\\\/2fcaf8f8f3a9eef9eb7f27532d3ca458\"},\"breadcrumb\":{\"@id\":\"https:\\\/\\\/www.article-marketing.eu\\\/comunicatistampa\\\/serenissima-ristorazione-le-iniziative-per-la-settimana-nazionale-della-celiachia\\\/#breadcrumb\"},\"inLanguage\":\"it-IT\",\"potentialAction\":[{\"@type\":\"ReadAction\",\"target\":[\"https:\\\/\\\/www.article-marketing.eu\\\/comunicatistampa\\\/serenissima-ristorazione-le-iniziative-per-la-settimana-nazionale-della-celiachia\\\/\"]}]},{\"@type\":\"ImageObject\",\"inLanguage\":\"it-IT\",\"@id\":\"https:\\\/\\\/www.article-marketing.eu\\\/comunicatistampa\\\/serenissima-ristorazione-le-iniziative-per-la-settimana-nazionale-della-celiachia\\\/#primaryimage\",\"url\":\"http:\\\/\\\/www.webbrand.it\\\/images\\\/comprofiler\\\/0_53ac4553a826e.jpg\",\"contentUrl\":\"http:\\\/\\\/www.webbrand.it\\\/images\\\/comprofiler\\\/0_53ac4553a826e.jpg\"},{\"@type\":\"BreadcrumbList\",\"@id\":\"https:\\\/\\\/www.article-marketing.eu\\\/comunicatistampa\\\/serenissima-ristorazione-le-iniziative-per-la-settimana-nazionale-della-celiachia\\\/#breadcrumb\",\"itemListElement\":[{\"@type\":\"ListItem\",\"position\":1,\"name\":\"Home\",\"item\":\"https:\\\/\\\/www.article-marketing.eu\\\/comunicatistampa\\\/\"},{\"@type\":\"ListItem\",\"position\":2,\"name\":\"Serenissima Ristorazione: le iniziative per la Settimana Nazionale della Celiachia\"}]},{\"@type\":\"WebSite\",\"@id\":\"https:\\\/\\\/www.article-marketing.eu\\\/comunicatistampa\\\/#website\",\"url\":\"https:\\\/\\\/www.article-marketing.eu\\\/comunicatistampa\\\/\",\"name\":\"Article Marketing\",\"description\":\"article marketing &amp; press release\",\"potentialAction\":[{\"@type\":\"SearchAction\",\"target\":{\"@type\":\"EntryPoint\",\"urlTemplate\":\"https:\\\/\\\/www.article-marketing.eu\\\/comunicatistampa\\\/?s={search_term_string}\"},\"query-input\":{\"@type\":\"PropertyValueSpecification\",\"valueRequired\":true,\"valueName\":\"search_term_string\"}}],\"inLanguage\":\"it-IT\"},{\"@type\":\"Person\",\"@id\":\"https:\\\/\\\/www.article-marketing.eu\\\/comunicatistampa\\\/#\\\/schema\\\/person\\\/2fcaf8f8f3a9eef9eb7f27532d3ca458\",\"name\":\"articolinews\",\"image\":{\"@type\":\"ImageObject\",\"inLanguage\":\"it-IT\",\"@id\":\"https:\\\/\\\/secure.gravatar.com\\\/avatar\\\/9e2a264bab04e17dea24d937c9956304649a848cb73c46747a692ff1bdeb1cb7?s=96&d=mm&r=g\",\"url\":\"https:\\\/\\\/secure.gravatar.com\\\/avatar\\\/9e2a264bab04e17dea24d937c9956304649a848cb73c46747a692ff1bdeb1cb7?s=96&d=mm&r=g\",\"contentUrl\":\"https:\\\/\\\/secure.gravatar.com\\\/avatar\\\/9e2a264bab04e17dea24d937c9956304649a848cb73c46747a692ff1bdeb1cb7?s=96&d=mm&r=g\",\"caption\":\"articolinews\"},\"url\":\"https:\\\/\\\/www.article-marketing.eu\\\/comunicatistampa\\\/author\\\/articolinews\\\/\"}]}<\/script>\n<!-- \/ Yoast SEO plugin. -->","yoast_head_json":{"title":"Serenissima Ristorazione: le iniziative per la Settimana Nazionale della Celiachia","robots":{"index":"index","follow":"follow","max-snippet":"max-snippet:-1","max-image-preview":"max-image-preview:large","max-video-preview":"max-video-preview:-1"},"canonical":"https:\/\/www.article-marketing.eu\/comunicatistampa\/serenissima-ristorazione-le-iniziative-per-la-settimana-nazionale-della-celiachia\/","og_locale":"it_IT","og_type":"article","og_title":"Serenissima Ristorazione: le iniziative per la Settimana Nazionale della Celiachia","og_description":"Serenissima Ristorazione propone da anni iniziative di educazione alla diversit\u00e0 alimentare. In occasione della Settimana Nazionale della Celiachia, dal 14 al 22 maggio, tali progetti diventano sempre pi\u00f9 centrali. Le iniziative per la Settimana Nazionale della Celiachia di Serenissima Ristorazione In contemporanea con la Settimana Nazionale della Celiachia, dal 14 al 22 maggio, Serenissima Ristorazione pubblicizza un&#8217;iniziativa in partnership con l&#8217;Associazione Italiana Celiachia che coinvolge alcuni istituti scolastici del ComuneContinue reading...","og_url":"https:\/\/www.article-marketing.eu\/comunicatistampa\/serenissima-ristorazione-le-iniziative-per-la-settimana-nazionale-della-celiachia\/","og_site_name":"Article Marketing","article_published_time":"2022-05-18T17:39:06+00:00","og_image":[{"url":"http:\/\/www.webbrand.it\/images\/comprofiler\/0_53ac4553a826e.jpg","type":"","width":"","height":""}],"author":"articolinews","twitter_card":"summary_large_image","twitter_misc":{"Scritto da":"articolinews","Tempo di lettura stimato":"3 minuti"},"schema":{"@context":"https:\/\/schema.org","@graph":[{"@type":"Article","@id":"https:\/\/www.article-marketing.eu\/comunicatistampa\/serenissima-ristorazione-le-iniziative-per-la-settimana-nazionale-della-celiachia\/#article","isPartOf":{"@id":"https:\/\/www.article-marketing.eu\/comunicatistampa\/serenissima-ristorazione-le-iniziative-per-la-settimana-nazionale-della-celiachia\/"},"author":{"name":"articolinews","@id":"https:\/\/www.article-marketing.eu\/comunicatistampa\/#\/schema\/person\/2fcaf8f8f3a9eef9eb7f27532d3ca458"},"headline":"Serenissima Ristorazione: le iniziative per la Settimana Nazionale della Celiachia","datePublished":"2022-05-18T17:39:06+00:00","mainEntityOfPage":{"@id":"https:\/\/www.article-marketing.eu\/comunicatistampa\/serenissima-ristorazione-le-iniziative-per-la-settimana-nazionale-della-celiachia\/"},"wordCount":416,"commentCount":0,"image":{"@id":"https:\/\/www.article-marketing.eu\/comunicatistampa\/serenissima-ristorazione-le-iniziative-per-la-settimana-nazionale-della-celiachia\/#primaryimage"},"thumbnailUrl":"http:\/\/www.webbrand.it\/images\/comprofiler\/0_53ac4553a826e.jpg","keywords":["Serenissima Ristorazione"],"articleSection":["Aziende"],"inLanguage":"it-IT","potentialAction":[{"@type":"CommentAction","name":"Comment","target":["https:\/\/www.article-marketing.eu\/comunicatistampa\/serenissima-ristorazione-le-iniziative-per-la-settimana-nazionale-della-celiachia\/#respond"]}]},{"@type":"WebPage","@id":"https:\/\/www.article-marketing.eu\/comunicatistampa\/serenissima-ristorazione-le-iniziative-per-la-settimana-nazionale-della-celiachia\/","url":"https:\/\/www.article-marketing.eu\/comunicatistampa\/serenissima-ristorazione-le-iniziative-per-la-settimana-nazionale-della-celiachia\/","name":"Serenissima Ristorazione: le iniziative per la Settimana Nazionale della Celiachia","isPartOf":{"@id":"https:\/\/www.article-marketing.eu\/comunicatistampa\/#website"},"primaryImageOfPage":{"@id":"https:\/\/www.article-marketing.eu\/comunicatistampa\/serenissima-ristorazione-le-iniziative-per-la-settimana-nazionale-della-celiachia\/#primaryimage"},"image":{"@id":"https:\/\/www.article-marketing.eu\/comunicatistampa\/serenissima-ristorazione-le-iniziative-per-la-settimana-nazionale-della-celiachia\/#primaryimage"},"thumbnailUrl":"http:\/\/www.webbrand.it\/images\/comprofiler\/0_53ac4553a826e.jpg","datePublished":"2022-05-18T17:39:06+00:00","author":{"@id":"https:\/\/www.article-marketing.eu\/comunicatistampa\/#\/schema\/person\/2fcaf8f8f3a9eef9eb7f27532d3ca458"},"breadcrumb":{"@id":"https:\/\/www.article-marketing.eu\/comunicatistampa\/serenissima-ristorazione-le-iniziative-per-la-settimana-nazionale-della-celiachia\/#breadcrumb"},"inLanguage":"it-IT","potentialAction":[{"@type":"ReadAction","target":["https:\/\/www.article-marketing.eu\/comunicatistampa\/serenissima-ristorazione-le-iniziative-per-la-settimana-nazionale-della-celiachia\/"]}]},{"@type":"ImageObject","inLanguage":"it-IT","@id":"https:\/\/www.article-marketing.eu\/comunicatistampa\/serenissima-ristorazione-le-iniziative-per-la-settimana-nazionale-della-celiachia\/#primaryimage","url":"http:\/\/www.webbrand.it\/images\/comprofiler\/0_53ac4553a826e.jpg","contentUrl":"http:\/\/www.webbrand.it\/images\/comprofiler\/0_53ac4553a826e.jpg"},{"@type":"BreadcrumbList","@id":"https:\/\/www.article-marketing.eu\/comunicatistampa\/serenissima-ristorazione-le-iniziative-per-la-settimana-nazionale-della-celiachia\/#breadcrumb","itemListElement":[{"@type":"ListItem","position":1,"name":"Home","item":"https:\/\/www.article-marketing.eu\/comunicatistampa\/"},{"@type":"ListItem","position":2,"name":"Serenissima Ristorazione: le iniziative per la Settimana Nazionale della Celiachia"}]},{"@type":"WebSite","@id":"https:\/\/www.article-marketing.eu\/comunicatistampa\/#website","url":"https:\/\/www.article-marketing.eu\/comunicatistampa\/","name":"Article Marketing","description":"article marketing &amp; press release","potentialAction":[{"@type":"SearchAction","target":{"@type":"EntryPoint","urlTemplate":"https:\/\/www.article-marketing.eu\/comunicatistampa\/?s={search_term_string}"},"query-input":{"@type":"PropertyValueSpecification","valueRequired":true,"valueName":"search_term_string"}}],"inLanguage":"it-IT"},{"@type":"Person","@id":"https:\/\/www.article-marketing.eu\/comunicatistampa\/#\/schema\/person\/2fcaf8f8f3a9eef9eb7f27532d3ca458","name":"articolinews","image":{"@type":"ImageObject","inLanguage":"it-IT","@id":"https:\/\/secure.gravatar.com\/avatar\/9e2a264bab04e17dea24d937c9956304649a848cb73c46747a692ff1bdeb1cb7?s=96&d=mm&r=g","url":"https:\/\/secure.gravatar.com\/avatar\/9e2a264bab04e17dea24d937c9956304649a848cb73c46747a692ff1bdeb1cb7?s=96&d=mm&r=g","contentUrl":"https:\/\/secure.gravatar.com\/avatar\/9e2a264bab04e17dea24d937c9956304649a848cb73c46747a692ff1bdeb1cb7?s=96&d=mm&r=g","caption":"articolinews"},"url":"https:\/\/www.article-marketing.eu\/comunicatistampa\/author\/articolinews\/"}]}},"_links":{"self":[{"href":"https:\/\/www.article-marketing.eu\/comunicatistampa\/wp-json\/wp\/v2\/posts\/23193","targetHints":{"allow":["GET"]}}],"collection":[{"href":"https:\/\/www.article-marketing.eu\/comunicatistampa\/wp-json\/wp\/v2\/posts"}],"about":[{"href":"https:\/\/www.article-marketing.eu\/comunicatistampa\/wp-json\/wp\/v2\/types\/post"}],"author":[{"embeddable":true,"href":"https:\/\/www.article-marketing.eu\/comunicatistampa\/wp-json\/wp\/v2\/users\/6477"}],"replies":[{"embeddable":true,"href":"https:\/\/www.article-marketing.eu\/comunicatistampa\/wp-json\/wp\/v2\/comments?post=23193"}],"version-history":[{"count":2,"href":"https:\/\/www.article-marketing.eu\/comunicatistampa\/wp-json\/wp\/v2\/posts\/23193\/revisions"}],"predecessor-version":[{"id":23220,"href":"https:\/\/www.article-marketing.eu\/comunicatistampa\/wp-json\/wp\/v2\/posts\/23193\/revisions\/23220"}],"wp:attachment":[{"href":"https:\/\/www.article-marketing.eu\/comunicatistampa\/wp-json\/wp\/v2\/media?parent=23193"}],"wp:term":[{"taxonomy":"category","embeddable":true,"href":"https:\/\/www.article-marketing.eu\/comunicatistampa\/wp-json\/wp\/v2\/categories?post=23193"},{"taxonomy":"post_tag","embeddable":true,"href":"https:\/\/www.article-marketing.eu\/comunicatistampa\/wp-json\/wp\/v2\/tags?post=23193"}],"curies":[{"name":"wp","href":"https:\/\/api.w.org\/{rel}","templated":true}]}}