{"id":23198,"date":"2022-05-18T19:37:55","date_gmt":"2022-05-18T17:37:55","guid":{"rendered":"https:\/\/www.article-marketing.eu\/comunicatistampa\/?p=23198"},"modified":"2022-05-18T19:37:55","modified_gmt":"2022-05-18T17:37:55","slug":"malegno-lo-stabilimento-di-gruppo-riva-ospita-la-santa-messa-del-1-maggio","status":"publish","type":"post","link":"https:\/\/www.article-marketing.eu\/comunicatistampa\/malegno-lo-stabilimento-di-gruppo-riva-ospita-la-santa-messa-del-1-maggio\/","title":{"rendered":"Malegno: lo stabilimento di Gruppo Riva ospita la Santa Messa del 1\u00b0 maggio"},"content":{"rendered":"<p><em><strong>Il Vescovo della Diocesi di Brescia, Monsignor Pierantonio Tremolada, quest&#8217;anno ha presieduto la Santa Messa del 1\u00b0 maggio nello stabilimento di Malegno (<a title=\"Gruppo Riva: il profilo - Business Post\" href=\"https:\/\/www.businesspost.eu\/tag\/gruppo-riva\/\">Gruppo Riva<\/a>): qui ha invitato i presenti a riflettere sui concetti di lavoro e individuo. Valerio Bisio, Presidente del CdA del Gruppo, \u00e8 stato intervistato a margine dell&#8217;evento dal settimanale &#8220;La Voce del Popolo&#8221;.<\/strong><\/em><\/p>\n<p><img loading=\"lazy\" decoding=\"async\" class=\"alignnone\" src=\"https:\/\/www.businesspost.eu\/wp-content\/uploads\/2021\/09\/grupo-riva.jpg\" alt=\"Gruppo Riva\" width=\"120\" height=\"365\" \/><\/p>\n<h2>Malegno: nello stabilimento di Gruppo Riva si \u00e8 parlato di lavoro e individui<\/h2>\n<p>Quest&#8217;anno la Festa dei Lavoratori si \u00e8 celebrata in un momento poco felice per il mondo del lavoro, e in particolare per il comparto siderurgico. Al momento il settore si trova a dover far fronte a &#8220;difficolt\u00e0 economiche che non si prevedono di corta durata&#8221;. Ad affermarlo \u00e8 stato Valerio Bisio, Presidente del CdA di <strong>Gruppo Riva<\/strong>. Le conseguenze della guerra in Ucraina si stanno infatti ripercuotendo anche sull&#8217;attivit\u00e0 del leader siderurgico. <em>&#8220;Penso per\u00f2<\/em> &#8211; ha ammesso Bisio &#8211; <em>che il Vescovo voglia farci pensare a quali situazioni si devono affrontare durante un conflitto terribile come quello in corso tra Russia e Ucraina&#8221;<\/em>. L&#8217;importanza della sicurezza sul lavoro, cos\u00ec come quella data alla qualit\u00e0 del prodotto, non sono per\u00f2 messe in discussione, nonostante gli evidenti effetti sui costi. Per evidenziare quanto il Gruppo tenga alla sicurezza dei suoi dipendenti, il Presidente del CdA riporta l&#8217;esempio del corso sulla consapevolezza della propria sicurezza e di quella dei colleghi, attivato presso gli stabilimenti della Valle Camonica in collaborazione con l&#8217;Universit\u00e0 Cattolica di Brescia. Bisio ha inoltre spiegato che lo stesso corso verr\u00e0 presto proposto in tutte le fabbriche del Gruppo.<\/p>\n<h2>L&#8217;intervista al Presidente del CdA di Gruppo Riva per il settimanale &#8220;La Voce del Popolo&#8221;<\/h2>\n<p>Nell&#8217;intervista rilasciata dal Presidente del CdA al settimanale &#8220;La Voce del Popolo&#8221;, Valerio Bisio ha anche approfondito la questione del legame che unisce <strong>Gruppo Riva<\/strong> ai luoghi che ospitano i suoi stabilimenti, con particolare attenzione alla situazione della Valle Camonica. \u00c8 qui in effetti che sorgono ben tre siti produttivi: a Malegno, a Cerveno e a Sellero. Oltre alle fabbriche presenti sul territorio nazionale, il Gruppo possiede altri siti in Spagna, Germania, Francia, Belgio e Canada, e in ognuno di questi Paesi \u00e8 riuscito a creare forti legami. <em>&#8220;Deduco che si \u00e8 instaurato un rapporto di reciproco rispetto con il territorio partendo dai dipendenti arrivando alle istituzioni&#8221;<\/em>, ha sottolineato il Presidente, che ha portato l&#8217;esempio dello stabilimento di Lesegno, tradizionalmente caratterizzato da attivit\u00e0 come l&#8217;agricoltura e l&#8217;allevamento di bestiame, e dove oggi sorge un importante polo produttivo, nonch\u00e9 il cuore tecnologico del Gruppo.<\/p>\n","protected":false},"excerpt":{"rendered":"<p>Il Vescovo della Diocesi di Brescia, Monsignor Pierantonio Tremolada, quest&#8217;anno ha presieduto la Santa Messa del 1\u00b0 maggio nello stabilimento di Malegno (Gruppo Riva): qui ha invitato i presenti a riflettere sui concetti di lavoro e individuo. Valerio Bisio, Presidente del CdA del Gruppo, \u00e8 stato intervistato a margine dell&#8217;evento dal settimanale &#8220;La Voce del Popolo&#8221;. Malegno: nello stabilimento di Gruppo Riva si \u00e8 parlato di lavoro e individui Quest&#8217;anno<\/p>\n<p><a class=\"continue-reading\" href=\"https:\/\/www.article-marketing.eu\/comunicatistampa\/malegno-lo-stabilimento-di-gruppo-riva-ospita-la-santa-messa-del-1-maggio\/\">Continue reading&#8230;<\/a><\/p>\n","protected":false},"author":6477,"featured_media":0,"comment_status":"open","ping_status":"open","sticky":false,"template":"","format":"standard","meta":{"_monsterinsights_skip_tracking":false,"_monsterinsights_sitenote_active":false,"_monsterinsights_sitenote_note":"","_monsterinsights_sitenote_category":0,"footnotes":""},"categories":[388],"tags":[9332],"class_list":["post-23198","post","type-post","status-publish","format-standard","hentry","category-aziende","tag-gruppo-riva"],"yoast_head":"<!-- This site is optimized with the Yoast SEO plugin v27.3 - https:\/\/yoast.com\/product\/yoast-seo-wordpress\/ -->\n<title>Malegno: lo stabilimento di Gruppo Riva ospita la Santa Messa del 1\u00b0 maggio<\/title>\n<meta name=\"robots\" content=\"index, follow, max-snippet:-1, max-image-preview:large, max-video-preview:-1\" \/>\n<link rel=\"canonical\" href=\"https:\/\/www.article-marketing.eu\/comunicatistampa\/malegno-lo-stabilimento-di-gruppo-riva-ospita-la-santa-messa-del-1-maggio\/\" \/>\n<meta property=\"og:locale\" content=\"it_IT\" \/>\n<meta property=\"og:type\" content=\"article\" \/>\n<meta property=\"og:title\" content=\"Malegno: lo stabilimento di Gruppo Riva ospita la Santa Messa del 1\u00b0 maggio\" \/>\n<meta property=\"og:description\" content=\"Il Vescovo della Diocesi di Brescia, Monsignor Pierantonio Tremolada, quest&#8217;anno ha presieduto la Santa Messa del 1\u00b0 maggio nello stabilimento di Malegno (Gruppo Riva): qui ha invitato i presenti a riflettere sui concetti di lavoro e individuo. Valerio Bisio, Presidente del CdA del Gruppo, \u00e8 stato intervistato a margine dell&#8217;evento dal settimanale &#8220;La Voce del Popolo&#8221;. Malegno: nello stabilimento di Gruppo Riva si \u00e8 parlato di lavoro e individui Quest&#8217;annoContinue reading...\" \/>\n<meta property=\"og:url\" content=\"https:\/\/www.article-marketing.eu\/comunicatistampa\/malegno-lo-stabilimento-di-gruppo-riva-ospita-la-santa-messa-del-1-maggio\/\" \/>\n<meta property=\"og:site_name\" content=\"Article Marketing\" \/>\n<meta property=\"article:published_time\" content=\"2022-05-18T17:37:55+00:00\" \/>\n<meta property=\"og:image\" content=\"https:\/\/www.businesspost.eu\/wp-content\/uploads\/2021\/09\/grupo-riva.jpg\" \/>\n<meta name=\"author\" content=\"articolinews\" \/>\n<meta name=\"twitter:card\" content=\"summary_large_image\" \/>\n<meta name=\"twitter:label1\" content=\"Scritto da\" \/>\n\t<meta name=\"twitter:data1\" content=\"articolinews\" \/>\n\t<meta name=\"twitter:label2\" content=\"Tempo di lettura stimato\" \/>\n\t<meta name=\"twitter:data2\" content=\"3 minuti\" \/>\n<script type=\"application\/ld+json\" class=\"yoast-schema-graph\">{\"@context\":\"https:\\\/\\\/schema.org\",\"@graph\":[{\"@type\":\"Article\",\"@id\":\"https:\\\/\\\/www.article-marketing.eu\\\/comunicatistampa\\\/malegno-lo-stabilimento-di-gruppo-riva-ospita-la-santa-messa-del-1-maggio\\\/#article\",\"isPartOf\":{\"@id\":\"https:\\\/\\\/www.article-marketing.eu\\\/comunicatistampa\\\/malegno-lo-stabilimento-di-gruppo-riva-ospita-la-santa-messa-del-1-maggio\\\/\"},\"author\":{\"name\":\"articolinews\",\"@id\":\"https:\\\/\\\/www.article-marketing.eu\\\/comunicatistampa\\\/#\\\/schema\\\/person\\\/2fcaf8f8f3a9eef9eb7f27532d3ca458\"},\"headline\":\"Malegno: lo stabilimento di Gruppo Riva ospita la Santa Messa del 1\u00b0 maggio\",\"datePublished\":\"2022-05-18T17:37:55+00:00\",\"mainEntityOfPage\":{\"@id\":\"https:\\\/\\\/www.article-marketing.eu\\\/comunicatistampa\\\/malegno-lo-stabilimento-di-gruppo-riva-ospita-la-santa-messa-del-1-maggio\\\/\"},\"wordCount\":419,\"commentCount\":0,\"image\":{\"@id\":\"https:\\\/\\\/www.article-marketing.eu\\\/comunicatistampa\\\/malegno-lo-stabilimento-di-gruppo-riva-ospita-la-santa-messa-del-1-maggio\\\/#primaryimage\"},\"thumbnailUrl\":\"https:\\\/\\\/www.businesspost.eu\\\/wp-content\\\/uploads\\\/2021\\\/09\\\/grupo-riva.jpg\",\"keywords\":[\"Gruppo Riva\"],\"articleSection\":[\"Aziende\"],\"inLanguage\":\"it-IT\",\"potentialAction\":[{\"@type\":\"CommentAction\",\"name\":\"Comment\",\"target\":[\"https:\\\/\\\/www.article-marketing.eu\\\/comunicatistampa\\\/malegno-lo-stabilimento-di-gruppo-riva-ospita-la-santa-messa-del-1-maggio\\\/#respond\"]}]},{\"@type\":\"WebPage\",\"@id\":\"https:\\\/\\\/www.article-marketing.eu\\\/comunicatistampa\\\/malegno-lo-stabilimento-di-gruppo-riva-ospita-la-santa-messa-del-1-maggio\\\/\",\"url\":\"https:\\\/\\\/www.article-marketing.eu\\\/comunicatistampa\\\/malegno-lo-stabilimento-di-gruppo-riva-ospita-la-santa-messa-del-1-maggio\\\/\",\"name\":\"Malegno: lo stabilimento di Gruppo Riva ospita la Santa Messa del 1\u00b0 maggio\",\"isPartOf\":{\"@id\":\"https:\\\/\\\/www.article-marketing.eu\\\/comunicatistampa\\\/#website\"},\"primaryImageOfPage\":{\"@id\":\"https:\\\/\\\/www.article-marketing.eu\\\/comunicatistampa\\\/malegno-lo-stabilimento-di-gruppo-riva-ospita-la-santa-messa-del-1-maggio\\\/#primaryimage\"},\"image\":{\"@id\":\"https:\\\/\\\/www.article-marketing.eu\\\/comunicatistampa\\\/malegno-lo-stabilimento-di-gruppo-riva-ospita-la-santa-messa-del-1-maggio\\\/#primaryimage\"},\"thumbnailUrl\":\"https:\\\/\\\/www.businesspost.eu\\\/wp-content\\\/uploads\\\/2021\\\/09\\\/grupo-riva.jpg\",\"datePublished\":\"2022-05-18T17:37:55+00:00\",\"author\":{\"@id\":\"https:\\\/\\\/www.article-marketing.eu\\\/comunicatistampa\\\/#\\\/schema\\\/person\\\/2fcaf8f8f3a9eef9eb7f27532d3ca458\"},\"breadcrumb\":{\"@id\":\"https:\\\/\\\/www.article-marketing.eu\\\/comunicatistampa\\\/malegno-lo-stabilimento-di-gruppo-riva-ospita-la-santa-messa-del-1-maggio\\\/#breadcrumb\"},\"inLanguage\":\"it-IT\",\"potentialAction\":[{\"@type\":\"ReadAction\",\"target\":[\"https:\\\/\\\/www.article-marketing.eu\\\/comunicatistampa\\\/malegno-lo-stabilimento-di-gruppo-riva-ospita-la-santa-messa-del-1-maggio\\\/\"]}]},{\"@type\":\"ImageObject\",\"inLanguage\":\"it-IT\",\"@id\":\"https:\\\/\\\/www.article-marketing.eu\\\/comunicatistampa\\\/malegno-lo-stabilimento-di-gruppo-riva-ospita-la-santa-messa-del-1-maggio\\\/#primaryimage\",\"url\":\"https:\\\/\\\/www.businesspost.eu\\\/wp-content\\\/uploads\\\/2021\\\/09\\\/grupo-riva.jpg\",\"contentUrl\":\"https:\\\/\\\/www.businesspost.eu\\\/wp-content\\\/uploads\\\/2021\\\/09\\\/grupo-riva.jpg\"},{\"@type\":\"BreadcrumbList\",\"@id\":\"https:\\\/\\\/www.article-marketing.eu\\\/comunicatistampa\\\/malegno-lo-stabilimento-di-gruppo-riva-ospita-la-santa-messa-del-1-maggio\\\/#breadcrumb\",\"itemListElement\":[{\"@type\":\"ListItem\",\"position\":1,\"name\":\"Home\",\"item\":\"https:\\\/\\\/www.article-marketing.eu\\\/comunicatistampa\\\/\"},{\"@type\":\"ListItem\",\"position\":2,\"name\":\"Malegno: lo stabilimento di Gruppo Riva ospita la Santa Messa del 1\u00b0 maggio\"}]},{\"@type\":\"WebSite\",\"@id\":\"https:\\\/\\\/www.article-marketing.eu\\\/comunicatistampa\\\/#website\",\"url\":\"https:\\\/\\\/www.article-marketing.eu\\\/comunicatistampa\\\/\",\"name\":\"Article Marketing\",\"description\":\"article marketing &amp; press release\",\"potentialAction\":[{\"@type\":\"SearchAction\",\"target\":{\"@type\":\"EntryPoint\",\"urlTemplate\":\"https:\\\/\\\/www.article-marketing.eu\\\/comunicatistampa\\\/?s={search_term_string}\"},\"query-input\":{\"@type\":\"PropertyValueSpecification\",\"valueRequired\":true,\"valueName\":\"search_term_string\"}}],\"inLanguage\":\"it-IT\"},{\"@type\":\"Person\",\"@id\":\"https:\\\/\\\/www.article-marketing.eu\\\/comunicatistampa\\\/#\\\/schema\\\/person\\\/2fcaf8f8f3a9eef9eb7f27532d3ca458\",\"name\":\"articolinews\",\"image\":{\"@type\":\"ImageObject\",\"inLanguage\":\"it-IT\",\"@id\":\"https:\\\/\\\/secure.gravatar.com\\\/avatar\\\/9e2a264bab04e17dea24d937c9956304649a848cb73c46747a692ff1bdeb1cb7?s=96&d=mm&r=g\",\"url\":\"https:\\\/\\\/secure.gravatar.com\\\/avatar\\\/9e2a264bab04e17dea24d937c9956304649a848cb73c46747a692ff1bdeb1cb7?s=96&d=mm&r=g\",\"contentUrl\":\"https:\\\/\\\/secure.gravatar.com\\\/avatar\\\/9e2a264bab04e17dea24d937c9956304649a848cb73c46747a692ff1bdeb1cb7?s=96&d=mm&r=g\",\"caption\":\"articolinews\"},\"url\":\"https:\\\/\\\/www.article-marketing.eu\\\/comunicatistampa\\\/author\\\/articolinews\\\/\"}]}<\/script>\n<!-- \/ Yoast SEO plugin. -->","yoast_head_json":{"title":"Malegno: lo stabilimento di Gruppo Riva ospita la Santa Messa del 1\u00b0 maggio","robots":{"index":"index","follow":"follow","max-snippet":"max-snippet:-1","max-image-preview":"max-image-preview:large","max-video-preview":"max-video-preview:-1"},"canonical":"https:\/\/www.article-marketing.eu\/comunicatistampa\/malegno-lo-stabilimento-di-gruppo-riva-ospita-la-santa-messa-del-1-maggio\/","og_locale":"it_IT","og_type":"article","og_title":"Malegno: lo stabilimento di Gruppo Riva ospita la Santa Messa del 1\u00b0 maggio","og_description":"Il Vescovo della Diocesi di Brescia, Monsignor Pierantonio Tremolada, quest&#8217;anno ha presieduto la Santa Messa del 1\u00b0 maggio nello stabilimento di Malegno (Gruppo Riva): qui ha invitato i presenti a riflettere sui concetti di lavoro e individuo. Valerio Bisio, Presidente del CdA del Gruppo, \u00e8 stato intervistato a margine dell&#8217;evento dal settimanale &#8220;La Voce del Popolo&#8221;. Malegno: nello stabilimento di Gruppo Riva si \u00e8 parlato di lavoro e individui Quest&#8217;annoContinue reading...","og_url":"https:\/\/www.article-marketing.eu\/comunicatistampa\/malegno-lo-stabilimento-di-gruppo-riva-ospita-la-santa-messa-del-1-maggio\/","og_site_name":"Article Marketing","article_published_time":"2022-05-18T17:37:55+00:00","og_image":[{"url":"https:\/\/www.businesspost.eu\/wp-content\/uploads\/2021\/09\/grupo-riva.jpg","type":"","width":"","height":""}],"author":"articolinews","twitter_card":"summary_large_image","twitter_misc":{"Scritto da":"articolinews","Tempo di lettura stimato":"3 minuti"},"schema":{"@context":"https:\/\/schema.org","@graph":[{"@type":"Article","@id":"https:\/\/www.article-marketing.eu\/comunicatistampa\/malegno-lo-stabilimento-di-gruppo-riva-ospita-la-santa-messa-del-1-maggio\/#article","isPartOf":{"@id":"https:\/\/www.article-marketing.eu\/comunicatistampa\/malegno-lo-stabilimento-di-gruppo-riva-ospita-la-santa-messa-del-1-maggio\/"},"author":{"name":"articolinews","@id":"https:\/\/www.article-marketing.eu\/comunicatistampa\/#\/schema\/person\/2fcaf8f8f3a9eef9eb7f27532d3ca458"},"headline":"Malegno: lo stabilimento di Gruppo Riva ospita la Santa Messa del 1\u00b0 maggio","datePublished":"2022-05-18T17:37:55+00:00","mainEntityOfPage":{"@id":"https:\/\/www.article-marketing.eu\/comunicatistampa\/malegno-lo-stabilimento-di-gruppo-riva-ospita-la-santa-messa-del-1-maggio\/"},"wordCount":419,"commentCount":0,"image":{"@id":"https:\/\/www.article-marketing.eu\/comunicatistampa\/malegno-lo-stabilimento-di-gruppo-riva-ospita-la-santa-messa-del-1-maggio\/#primaryimage"},"thumbnailUrl":"https:\/\/www.businesspost.eu\/wp-content\/uploads\/2021\/09\/grupo-riva.jpg","keywords":["Gruppo Riva"],"articleSection":["Aziende"],"inLanguage":"it-IT","potentialAction":[{"@type":"CommentAction","name":"Comment","target":["https:\/\/www.article-marketing.eu\/comunicatistampa\/malegno-lo-stabilimento-di-gruppo-riva-ospita-la-santa-messa-del-1-maggio\/#respond"]}]},{"@type":"WebPage","@id":"https:\/\/www.article-marketing.eu\/comunicatistampa\/malegno-lo-stabilimento-di-gruppo-riva-ospita-la-santa-messa-del-1-maggio\/","url":"https:\/\/www.article-marketing.eu\/comunicatistampa\/malegno-lo-stabilimento-di-gruppo-riva-ospita-la-santa-messa-del-1-maggio\/","name":"Malegno: lo stabilimento di Gruppo Riva ospita la Santa Messa del 1\u00b0 maggio","isPartOf":{"@id":"https:\/\/www.article-marketing.eu\/comunicatistampa\/#website"},"primaryImageOfPage":{"@id":"https:\/\/www.article-marketing.eu\/comunicatistampa\/malegno-lo-stabilimento-di-gruppo-riva-ospita-la-santa-messa-del-1-maggio\/#primaryimage"},"image":{"@id":"https:\/\/www.article-marketing.eu\/comunicatistampa\/malegno-lo-stabilimento-di-gruppo-riva-ospita-la-santa-messa-del-1-maggio\/#primaryimage"},"thumbnailUrl":"https:\/\/www.businesspost.eu\/wp-content\/uploads\/2021\/09\/grupo-riva.jpg","datePublished":"2022-05-18T17:37:55+00:00","author":{"@id":"https:\/\/www.article-marketing.eu\/comunicatistampa\/#\/schema\/person\/2fcaf8f8f3a9eef9eb7f27532d3ca458"},"breadcrumb":{"@id":"https:\/\/www.article-marketing.eu\/comunicatistampa\/malegno-lo-stabilimento-di-gruppo-riva-ospita-la-santa-messa-del-1-maggio\/#breadcrumb"},"inLanguage":"it-IT","potentialAction":[{"@type":"ReadAction","target":["https:\/\/www.article-marketing.eu\/comunicatistampa\/malegno-lo-stabilimento-di-gruppo-riva-ospita-la-santa-messa-del-1-maggio\/"]}]},{"@type":"ImageObject","inLanguage":"it-IT","@id":"https:\/\/www.article-marketing.eu\/comunicatistampa\/malegno-lo-stabilimento-di-gruppo-riva-ospita-la-santa-messa-del-1-maggio\/#primaryimage","url":"https:\/\/www.businesspost.eu\/wp-content\/uploads\/2021\/09\/grupo-riva.jpg","contentUrl":"https:\/\/www.businesspost.eu\/wp-content\/uploads\/2021\/09\/grupo-riva.jpg"},{"@type":"BreadcrumbList","@id":"https:\/\/www.article-marketing.eu\/comunicatistampa\/malegno-lo-stabilimento-di-gruppo-riva-ospita-la-santa-messa-del-1-maggio\/#breadcrumb","itemListElement":[{"@type":"ListItem","position":1,"name":"Home","item":"https:\/\/www.article-marketing.eu\/comunicatistampa\/"},{"@type":"ListItem","position":2,"name":"Malegno: lo stabilimento di Gruppo Riva ospita la Santa Messa del 1\u00b0 maggio"}]},{"@type":"WebSite","@id":"https:\/\/www.article-marketing.eu\/comunicatistampa\/#website","url":"https:\/\/www.article-marketing.eu\/comunicatistampa\/","name":"Article Marketing","description":"article marketing &amp; press release","potentialAction":[{"@type":"SearchAction","target":{"@type":"EntryPoint","urlTemplate":"https:\/\/www.article-marketing.eu\/comunicatistampa\/?s={search_term_string}"},"query-input":{"@type":"PropertyValueSpecification","valueRequired":true,"valueName":"search_term_string"}}],"inLanguage":"it-IT"},{"@type":"Person","@id":"https:\/\/www.article-marketing.eu\/comunicatistampa\/#\/schema\/person\/2fcaf8f8f3a9eef9eb7f27532d3ca458","name":"articolinews","image":{"@type":"ImageObject","inLanguage":"it-IT","@id":"https:\/\/secure.gravatar.com\/avatar\/9e2a264bab04e17dea24d937c9956304649a848cb73c46747a692ff1bdeb1cb7?s=96&d=mm&r=g","url":"https:\/\/secure.gravatar.com\/avatar\/9e2a264bab04e17dea24d937c9956304649a848cb73c46747a692ff1bdeb1cb7?s=96&d=mm&r=g","contentUrl":"https:\/\/secure.gravatar.com\/avatar\/9e2a264bab04e17dea24d937c9956304649a848cb73c46747a692ff1bdeb1cb7?s=96&d=mm&r=g","caption":"articolinews"},"url":"https:\/\/www.article-marketing.eu\/comunicatistampa\/author\/articolinews\/"}]}},"_links":{"self":[{"href":"https:\/\/www.article-marketing.eu\/comunicatistampa\/wp-json\/wp\/v2\/posts\/23198","targetHints":{"allow":["GET"]}}],"collection":[{"href":"https:\/\/www.article-marketing.eu\/comunicatistampa\/wp-json\/wp\/v2\/posts"}],"about":[{"href":"https:\/\/www.article-marketing.eu\/comunicatistampa\/wp-json\/wp\/v2\/types\/post"}],"author":[{"embeddable":true,"href":"https:\/\/www.article-marketing.eu\/comunicatistampa\/wp-json\/wp\/v2\/users\/6477"}],"replies":[{"embeddable":true,"href":"https:\/\/www.article-marketing.eu\/comunicatistampa\/wp-json\/wp\/v2\/comments?post=23198"}],"version-history":[{"count":2,"href":"https:\/\/www.article-marketing.eu\/comunicatistampa\/wp-json\/wp\/v2\/posts\/23198\/revisions"}],"predecessor-version":[{"id":23216,"href":"https:\/\/www.article-marketing.eu\/comunicatistampa\/wp-json\/wp\/v2\/posts\/23198\/revisions\/23216"}],"wp:attachment":[{"href":"https:\/\/www.article-marketing.eu\/comunicatistampa\/wp-json\/wp\/v2\/media?parent=23198"}],"wp:term":[{"taxonomy":"category","embeddable":true,"href":"https:\/\/www.article-marketing.eu\/comunicatistampa\/wp-json\/wp\/v2\/categories?post=23198"},{"taxonomy":"post_tag","embeddable":true,"href":"https:\/\/www.article-marketing.eu\/comunicatistampa\/wp-json\/wp\/v2\/tags?post=23198"}],"curies":[{"name":"wp","href":"https:\/\/api.w.org\/{rel}","templated":true}]}}