{"id":23235,"date":"2022-05-19T14:26:20","date_gmt":"2022-05-19T12:26:20","guid":{"rendered":"https:\/\/www.article-marketing.eu\/comunicatistampa\/?p=23235"},"modified":"2022-05-20T15:39:24","modified_gmt":"2022-05-20T13:39:24","slug":"cielo-1908-approda-al-festival-del-cinema-di-cannes-con-un-look-tutto-nuovo","status":"publish","type":"post","link":"https:\/\/www.article-marketing.eu\/comunicatistampa\/cielo-1908-approda-al-festival-del-cinema-di-cannes-con-un-look-tutto-nuovo\/","title":{"rendered":"Cielo 1908 approda al Festival del Cinema di Cannes con un look tutto nuovo"},"content":{"rendered":"<p><em>Durante il Pro Wein e il Festival di Cannes l\u2019azienda presenter\u00e0 al pubblico il restyling che ha coinvolto le etichette della linea principale dell\u2019azienda vicentina oggi presente in 60 paesi nel mondo<\/em><\/p>\n<p>&nbsp;<\/p>\n<p>Frutto di una lunga tradizione fatta di passione, esperienza e amore per il vino, Cielo e Terra ha deciso di rilanciare la sua linea principale, oggi presente in 60 paesi, puntando su un nuovo packaging. <strong>Un restyling innovativo e pensato per esaltare la storia, i valori e anche gli obiettivi futuri dell\u2019azienda<\/strong>, sempre pi\u00f9 ancorata a un visione decisa a conciliare le esigenze commerciali con un modello di business sostenibile.<\/p>\n<p><strong>La novit\u00e0 della realt\u00e0 vicentina<\/strong>, nata dall\u2019unione della famiglia Cielo e le Cantine dei Colli Berici, <strong>sar\u00e0 presentata in occasione di due grandi eventi<\/strong>: <strong>il Pro Wein<\/strong>, la pi\u00f9 importante fiera internazionale dedicata al settore vitivinicolo che si terr\u00e0 a D\u00fcsseldorf dal 15 al 17 maggio 2022 <strong>e il Festival di Cannes<\/strong> (Padiglione Americano), che si terr\u00e0 dal 17 al 18 maggio nell\u2019omonima cittadina francese. Due palcoscenici ideali <strong>per comunicare al pubblico gli sviluppi di un percorso di successo che dal 1908 ad oggi ha visto protagoniste bene 4 generazioni<\/strong> e la proposta di una selezione di vini veneti dall\u2019ottimo rapporto qualit\u00e0 \u2013 prezzo in diverse fasce di mercato: dal Pinot Grigio al Prosecco, dal Ripasso all\u2019Amarone fino al Primitivo.<\/p>\n<p><strong>La famiglia Cielo<\/strong>, oggi partner in Cielo e Terra con le Cantine dei Colli Berici, <strong>decide di rilanciare la sua linea principale<\/strong>, oggi presente in pi\u00f9 di 60 paesi, con un restyling volto ad esaltare i propri valori.<\/p>\n<p>Una storia di 4 generazioni , che partita da un piccolo paesi, dinanzi\u00a0ai Castelli di Romeo e Giulietta, oggi propone una selezione di vini veneti dall&#8217;ottimo\u00a0rapporto qualit\u00e0 e prezzo, in diverse fasce di prezzo, dal Pinot Grigio al Prosecco, Ripasso ed Amarone.\u00a0Completata dal rinomato Primitivo, perch\u00e8 \u00e8 nelle vene di Veneti \/ Veneziani di importare vini corposi\u00a0del sud per affiancarli a quelli pi\u00f9 beverini del nord ed &#8220;accomodar&#8221; i clienti pi\u00f9 esigenti. Infine gli uvaggi creati dall&#8217;esperienza enologica dell&#8217;azienda, per salvaguardare i vitigni meno rinomati e bilanciare note di terroirs ed annate diverse.<\/p>\n<p>\u201c<em>L&#8217;impegno dell\u2019azienda nella sostenibilit\u00e0, gi\u00e0 certificate B corp e Viva sustainable, si accompagna all&#8217;impegno verso la solidariet\u00e0, con la partnership, evidenziata nel fronte etichetta dei vini Cielo, con\u00a0<\/em><a href=\"http:\/\/winetowater.org\/\"><em>Winetowater.org<\/em><\/a><em>. &#8220;L&#8217;acqua e&#8217; il bene piu&#8217; prezioso per la vite e soprattutto per la vita, pertanto grazie ai sistemi di purificazione di winetowater oggi doniamo acqua sana e pulita laddove, dalle Americhe, all&#8217;Africa\u00a0e da quest&#8217;anno sfortunatamente anche in Ucraina<\/em>&#8220;<em>,<\/em>\u201d <strong>dice Pierpaolo Cielo, Sales and Marketing manager<\/strong>.<\/p>\n<p>&nbsp;<\/p>\n<p>&nbsp;<\/p>\n<p><a href=\"https:\/\/www.cieloeterravini.com\/\"><strong>Cielo e Terra<\/strong> <\/a>nasce nel 1908, \u00a0nelle campagne di Vicenza, vicino ai Castelli di Romeo e Giulietta, dove il<strong>\u00a0<\/strong>bisnonno<strong>\u00a0<\/strong>aveva acquistato un piccolo podere con vigneto, Casa Defr\u00e0.\u00a0Il\u00a0nonno Pietro<strong>\u00a0<\/strong>ha proseguito la guida dell\u2019azienda con grande passione impegno sociale. Oggi<strong>\u00a0<\/strong>alla guida dell&#8217;azienda\u00a0ci sono\u00a0Luca e Pierpaolo Cielo, assieme ai soci delle Cantine dei Colli Berici unitisi all\u2019azienda della famiglia Cielo nel 1999. Oggi l\u2019azienda che conta 3000 ettari di vigneto tra Vincenza e Verona, \u00e8 conosciuta in tutto il mondo con i marchi Cielo, Casa Defr\u00e0 e Bericanto. Il gruppo che nel 2021 ha sfiorato i 60 milioni si caratterizza per un approccio socialmente responsabile, orientato alla trasparenza e alla sostenibilit\u00e0. Dopo aver ottenuto la certificazione B Corp, l\u2019azienda ha aderito anche VIVA Sustainable, con l\u2019obiettivo di ottimizzare l\u2019impatto ambientale della filiera vite \u2013 vino. Prima realt\u00e0 vinicola italiana a introdurre in azienda il modello della Lean Organization, Cielo e Terra integra numerosi progetti con un piano di economia circolare, affermandosi come realt\u00e0 in grado di fronteggiare le sfide dei mercati mondiali ed attestare la sua presenza in oltre 60 Paesi.<\/p>\n","protected":false},"excerpt":{"rendered":"<p>Durante il Pro Wein e il Festival di Cannes l\u2019azienda presenter\u00e0 al pubblico il restyling che ha coinvolto le etichette della linea principale dell\u2019azienda vicentina oggi presente in 60 paesi nel mondo &nbsp; Frutto di una lunga tradizione fatta di passione, esperienza e amore per il vino, Cielo e Terra ha deciso di rilanciare la sua linea principale, oggi presente in 60 paesi, puntando su un nuovo packaging. Un restyling<\/p>\n<p><a class=\"continue-reading\" href=\"https:\/\/www.article-marketing.eu\/comunicatistampa\/cielo-1908-approda-al-festival-del-cinema-di-cannes-con-un-look-tutto-nuovo\/\">Continue reading&#8230;<\/a><\/p>\n","protected":false},"author":397,"featured_media":0,"comment_status":"open","ping_status":"open","sticky":false,"template":"","format":"standard","meta":{"_monsterinsights_skip_tracking":false,"_monsterinsights_sitenote_active":false,"_monsterinsights_sitenote_note":"","_monsterinsights_sitenote_category":0,"footnotes":""},"categories":[388,408,78,392],"tags":[9715,9385,9717,9708,9711,880,9712,9716,9710,9713,9709,9714,69],"class_list":["post-23235","post","type-post","status-publish","format-standard","hentry","category-aziende","category-cinema","category-comunicati-stampa","category-eventi","tag-amarone","tag-cantine-dei-colli-berici","tag-cielo-1908","tag-cielo-e-terra","tag-festival-di-cannes","tag-packaging","tag-pinot-grigio","tag-primitivo","tag-pro-wein","tag-prosecco","tag-restyling","tag-ripasso","tag-vino"],"yoast_head":"<!-- This site is optimized with the Yoast SEO plugin v27.3 - https:\/\/yoast.com\/product\/yoast-seo-wordpress\/ -->\n<title>Cielo 1908 approda al Festival del Cinema di Cannes con un look tutto nuovo<\/title>\n<meta name=\"robots\" content=\"index, follow, max-snippet:-1, max-image-preview:large, max-video-preview:-1\" \/>\n<link rel=\"canonical\" href=\"https:\/\/www.article-marketing.eu\/comunicatistampa\/cielo-1908-approda-al-festival-del-cinema-di-cannes-con-un-look-tutto-nuovo\/\" \/>\n<meta property=\"og:locale\" content=\"it_IT\" \/>\n<meta property=\"og:type\" content=\"article\" \/>\n<meta property=\"og:title\" content=\"Cielo 1908 approda al Festival del Cinema di Cannes con un look tutto nuovo\" \/>\n<meta property=\"og:description\" content=\"Durante il Pro Wein e il Festival di Cannes l\u2019azienda presenter\u00e0 al pubblico il restyling che ha coinvolto le etichette della linea principale dell\u2019azienda vicentina oggi presente in 60 paesi nel mondo &nbsp; Frutto di una lunga tradizione fatta di passione, esperienza e amore per il vino, Cielo e Terra ha deciso di rilanciare la sua linea principale, oggi presente in 60 paesi, puntando su un nuovo packaging. Un restylingContinue reading...\" \/>\n<meta property=\"og:url\" content=\"https:\/\/www.article-marketing.eu\/comunicatistampa\/cielo-1908-approda-al-festival-del-cinema-di-cannes-con-un-look-tutto-nuovo\/\" \/>\n<meta property=\"og:site_name\" content=\"Article Marketing\" \/>\n<meta property=\"article:published_time\" content=\"2022-05-19T12:26:20+00:00\" \/>\n<meta property=\"article:modified_time\" content=\"2022-05-20T13:39:24+00:00\" \/>\n<meta name=\"author\" content=\"Borderline Agency\" \/>\n<meta name=\"twitter:card\" content=\"summary_large_image\" \/>\n<meta name=\"twitter:label1\" content=\"Scritto da\" \/>\n\t<meta name=\"twitter:data1\" content=\"Borderline Agency\" \/>\n\t<meta name=\"twitter:label2\" content=\"Tempo di lettura stimato\" \/>\n\t<meta name=\"twitter:data2\" content=\"3 minuti\" \/>\n<script type=\"application\/ld+json\" class=\"yoast-schema-graph\">{\"@context\":\"https:\\\/\\\/schema.org\",\"@graph\":[{\"@type\":\"Article\",\"@id\":\"https:\\\/\\\/www.article-marketing.eu\\\/comunicatistampa\\\/cielo-1908-approda-al-festival-del-cinema-di-cannes-con-un-look-tutto-nuovo\\\/#article\",\"isPartOf\":{\"@id\":\"https:\\\/\\\/www.article-marketing.eu\\\/comunicatistampa\\\/cielo-1908-approda-al-festival-del-cinema-di-cannes-con-un-look-tutto-nuovo\\\/\"},\"author\":{\"name\":\"Borderline Agency\",\"@id\":\"https:\\\/\\\/www.article-marketing.eu\\\/comunicatistampa\\\/#\\\/schema\\\/person\\\/1c4ab1c7aad84347e26e78235da6ff1b\"},\"headline\":\"Cielo 1908 approda al Festival del Cinema di Cannes con un look tutto nuovo\",\"datePublished\":\"2022-05-19T12:26:20+00:00\",\"dateModified\":\"2022-05-20T13:39:24+00:00\",\"mainEntityOfPage\":{\"@id\":\"https:\\\/\\\/www.article-marketing.eu\\\/comunicatistampa\\\/cielo-1908-approda-al-festival-del-cinema-di-cannes-con-un-look-tutto-nuovo\\\/\"},\"wordCount\":627,\"commentCount\":0,\"keywords\":[\"Amarone\",\"Cantine dei Colli Berici\",\"Cielo 1908\",\"Cielo e Terra\",\"Festival di Cannes\",\"packaging\",\"Pinot Grigio\",\"Primitivo\",\"Pro Wein\",\"Prosecco\",\"restyling\",\"Ripasso\",\"vino\"],\"articleSection\":[\"Aziende\",\"Cinema\",\"Comunicati stampa\",\"Eventi\"],\"inLanguage\":\"it-IT\",\"potentialAction\":[{\"@type\":\"CommentAction\",\"name\":\"Comment\",\"target\":[\"https:\\\/\\\/www.article-marketing.eu\\\/comunicatistampa\\\/cielo-1908-approda-al-festival-del-cinema-di-cannes-con-un-look-tutto-nuovo\\\/#respond\"]}]},{\"@type\":\"WebPage\",\"@id\":\"https:\\\/\\\/www.article-marketing.eu\\\/comunicatistampa\\\/cielo-1908-approda-al-festival-del-cinema-di-cannes-con-un-look-tutto-nuovo\\\/\",\"url\":\"https:\\\/\\\/www.article-marketing.eu\\\/comunicatistampa\\\/cielo-1908-approda-al-festival-del-cinema-di-cannes-con-un-look-tutto-nuovo\\\/\",\"name\":\"Cielo 1908 approda al Festival del Cinema di Cannes con un look tutto nuovo\",\"isPartOf\":{\"@id\":\"https:\\\/\\\/www.article-marketing.eu\\\/comunicatistampa\\\/#website\"},\"datePublished\":\"2022-05-19T12:26:20+00:00\",\"dateModified\":\"2022-05-20T13:39:24+00:00\",\"author\":{\"@id\":\"https:\\\/\\\/www.article-marketing.eu\\\/comunicatistampa\\\/#\\\/schema\\\/person\\\/1c4ab1c7aad84347e26e78235da6ff1b\"},\"breadcrumb\":{\"@id\":\"https:\\\/\\\/www.article-marketing.eu\\\/comunicatistampa\\\/cielo-1908-approda-al-festival-del-cinema-di-cannes-con-un-look-tutto-nuovo\\\/#breadcrumb\"},\"inLanguage\":\"it-IT\",\"potentialAction\":[{\"@type\":\"ReadAction\",\"target\":[\"https:\\\/\\\/www.article-marketing.eu\\\/comunicatistampa\\\/cielo-1908-approda-al-festival-del-cinema-di-cannes-con-un-look-tutto-nuovo\\\/\"]}]},{\"@type\":\"BreadcrumbList\",\"@id\":\"https:\\\/\\\/www.article-marketing.eu\\\/comunicatistampa\\\/cielo-1908-approda-al-festival-del-cinema-di-cannes-con-un-look-tutto-nuovo\\\/#breadcrumb\",\"itemListElement\":[{\"@type\":\"ListItem\",\"position\":1,\"name\":\"Home\",\"item\":\"https:\\\/\\\/www.article-marketing.eu\\\/comunicatistampa\\\/\"},{\"@type\":\"ListItem\",\"position\":2,\"name\":\"Cielo 1908 approda al Festival del Cinema di Cannes con un look tutto nuovo\"}]},{\"@type\":\"WebSite\",\"@id\":\"https:\\\/\\\/www.article-marketing.eu\\\/comunicatistampa\\\/#website\",\"url\":\"https:\\\/\\\/www.article-marketing.eu\\\/comunicatistampa\\\/\",\"name\":\"Article Marketing\",\"description\":\"article marketing &amp; press release\",\"potentialAction\":[{\"@type\":\"SearchAction\",\"target\":{\"@type\":\"EntryPoint\",\"urlTemplate\":\"https:\\\/\\\/www.article-marketing.eu\\\/comunicatistampa\\\/?s={search_term_string}\"},\"query-input\":{\"@type\":\"PropertyValueSpecification\",\"valueRequired\":true,\"valueName\":\"search_term_string\"}}],\"inLanguage\":\"it-IT\"},{\"@type\":\"Person\",\"@id\":\"https:\\\/\\\/www.article-marketing.eu\\\/comunicatistampa\\\/#\\\/schema\\\/person\\\/1c4ab1c7aad84347e26e78235da6ff1b\",\"name\":\"Borderline Agency\",\"image\":{\"@type\":\"ImageObject\",\"inLanguage\":\"it-IT\",\"@id\":\"https:\\\/\\\/secure.gravatar.com\\\/avatar\\\/741fa053101610cb0be7dc835c116926549ae4ae2142ff35eac04d78fda61461?s=96&d=mm&r=g\",\"url\":\"https:\\\/\\\/secure.gravatar.com\\\/avatar\\\/741fa053101610cb0be7dc835c116926549ae4ae2142ff35eac04d78fda61461?s=96&d=mm&r=g\",\"contentUrl\":\"https:\\\/\\\/secure.gravatar.com\\\/avatar\\\/741fa053101610cb0be7dc835c116926549ae4ae2142ff35eac04d78fda61461?s=96&d=mm&r=g\",\"caption\":\"Borderline Agency\"},\"url\":\"https:\\\/\\\/www.article-marketing.eu\\\/comunicatistampa\\\/author\\\/borderline-agency\\\/\"}]}<\/script>\n<!-- \/ Yoast SEO plugin. -->","yoast_head_json":{"title":"Cielo 1908 approda al Festival del Cinema di Cannes con un look tutto nuovo","robots":{"index":"index","follow":"follow","max-snippet":"max-snippet:-1","max-image-preview":"max-image-preview:large","max-video-preview":"max-video-preview:-1"},"canonical":"https:\/\/www.article-marketing.eu\/comunicatistampa\/cielo-1908-approda-al-festival-del-cinema-di-cannes-con-un-look-tutto-nuovo\/","og_locale":"it_IT","og_type":"article","og_title":"Cielo 1908 approda al Festival del Cinema di Cannes con un look tutto nuovo","og_description":"Durante il Pro Wein e il Festival di Cannes l\u2019azienda presenter\u00e0 al pubblico il restyling che ha coinvolto le etichette della linea principale dell\u2019azienda vicentina oggi presente in 60 paesi nel mondo &nbsp; Frutto di una lunga tradizione fatta di passione, esperienza e amore per il vino, Cielo e Terra ha deciso di rilanciare la sua linea principale, oggi presente in 60 paesi, puntando su un nuovo packaging. Un restylingContinue reading...","og_url":"https:\/\/www.article-marketing.eu\/comunicatistampa\/cielo-1908-approda-al-festival-del-cinema-di-cannes-con-un-look-tutto-nuovo\/","og_site_name":"Article Marketing","article_published_time":"2022-05-19T12:26:20+00:00","article_modified_time":"2022-05-20T13:39:24+00:00","author":"Borderline Agency","twitter_card":"summary_large_image","twitter_misc":{"Scritto da":"Borderline Agency","Tempo di lettura stimato":"3 minuti"},"schema":{"@context":"https:\/\/schema.org","@graph":[{"@type":"Article","@id":"https:\/\/www.article-marketing.eu\/comunicatistampa\/cielo-1908-approda-al-festival-del-cinema-di-cannes-con-un-look-tutto-nuovo\/#article","isPartOf":{"@id":"https:\/\/www.article-marketing.eu\/comunicatistampa\/cielo-1908-approda-al-festival-del-cinema-di-cannes-con-un-look-tutto-nuovo\/"},"author":{"name":"Borderline Agency","@id":"https:\/\/www.article-marketing.eu\/comunicatistampa\/#\/schema\/person\/1c4ab1c7aad84347e26e78235da6ff1b"},"headline":"Cielo 1908 approda al Festival del Cinema di Cannes con un look tutto nuovo","datePublished":"2022-05-19T12:26:20+00:00","dateModified":"2022-05-20T13:39:24+00:00","mainEntityOfPage":{"@id":"https:\/\/www.article-marketing.eu\/comunicatistampa\/cielo-1908-approda-al-festival-del-cinema-di-cannes-con-un-look-tutto-nuovo\/"},"wordCount":627,"commentCount":0,"keywords":["Amarone","Cantine dei Colli Berici","Cielo 1908","Cielo e Terra","Festival di Cannes","packaging","Pinot Grigio","Primitivo","Pro Wein","Prosecco","restyling","Ripasso","vino"],"articleSection":["Aziende","Cinema","Comunicati stampa","Eventi"],"inLanguage":"it-IT","potentialAction":[{"@type":"CommentAction","name":"Comment","target":["https:\/\/www.article-marketing.eu\/comunicatistampa\/cielo-1908-approda-al-festival-del-cinema-di-cannes-con-un-look-tutto-nuovo\/#respond"]}]},{"@type":"WebPage","@id":"https:\/\/www.article-marketing.eu\/comunicatistampa\/cielo-1908-approda-al-festival-del-cinema-di-cannes-con-un-look-tutto-nuovo\/","url":"https:\/\/www.article-marketing.eu\/comunicatistampa\/cielo-1908-approda-al-festival-del-cinema-di-cannes-con-un-look-tutto-nuovo\/","name":"Cielo 1908 approda al Festival del Cinema di Cannes con un look tutto nuovo","isPartOf":{"@id":"https:\/\/www.article-marketing.eu\/comunicatistampa\/#website"},"datePublished":"2022-05-19T12:26:20+00:00","dateModified":"2022-05-20T13:39:24+00:00","author":{"@id":"https:\/\/www.article-marketing.eu\/comunicatistampa\/#\/schema\/person\/1c4ab1c7aad84347e26e78235da6ff1b"},"breadcrumb":{"@id":"https:\/\/www.article-marketing.eu\/comunicatistampa\/cielo-1908-approda-al-festival-del-cinema-di-cannes-con-un-look-tutto-nuovo\/#breadcrumb"},"inLanguage":"it-IT","potentialAction":[{"@type":"ReadAction","target":["https:\/\/www.article-marketing.eu\/comunicatistampa\/cielo-1908-approda-al-festival-del-cinema-di-cannes-con-un-look-tutto-nuovo\/"]}]},{"@type":"BreadcrumbList","@id":"https:\/\/www.article-marketing.eu\/comunicatistampa\/cielo-1908-approda-al-festival-del-cinema-di-cannes-con-un-look-tutto-nuovo\/#breadcrumb","itemListElement":[{"@type":"ListItem","position":1,"name":"Home","item":"https:\/\/www.article-marketing.eu\/comunicatistampa\/"},{"@type":"ListItem","position":2,"name":"Cielo 1908 approda al Festival del Cinema di Cannes con un look tutto nuovo"}]},{"@type":"WebSite","@id":"https:\/\/www.article-marketing.eu\/comunicatistampa\/#website","url":"https:\/\/www.article-marketing.eu\/comunicatistampa\/","name":"Article Marketing","description":"article marketing &amp; press release","potentialAction":[{"@type":"SearchAction","target":{"@type":"EntryPoint","urlTemplate":"https:\/\/www.article-marketing.eu\/comunicatistampa\/?s={search_term_string}"},"query-input":{"@type":"PropertyValueSpecification","valueRequired":true,"valueName":"search_term_string"}}],"inLanguage":"it-IT"},{"@type":"Person","@id":"https:\/\/www.article-marketing.eu\/comunicatistampa\/#\/schema\/person\/1c4ab1c7aad84347e26e78235da6ff1b","name":"Borderline Agency","image":{"@type":"ImageObject","inLanguage":"it-IT","@id":"https:\/\/secure.gravatar.com\/avatar\/741fa053101610cb0be7dc835c116926549ae4ae2142ff35eac04d78fda61461?s=96&d=mm&r=g","url":"https:\/\/secure.gravatar.com\/avatar\/741fa053101610cb0be7dc835c116926549ae4ae2142ff35eac04d78fda61461?s=96&d=mm&r=g","contentUrl":"https:\/\/secure.gravatar.com\/avatar\/741fa053101610cb0be7dc835c116926549ae4ae2142ff35eac04d78fda61461?s=96&d=mm&r=g","caption":"Borderline Agency"},"url":"https:\/\/www.article-marketing.eu\/comunicatistampa\/author\/borderline-agency\/"}]}},"_links":{"self":[{"href":"https:\/\/www.article-marketing.eu\/comunicatistampa\/wp-json\/wp\/v2\/posts\/23235","targetHints":{"allow":["GET"]}}],"collection":[{"href":"https:\/\/www.article-marketing.eu\/comunicatistampa\/wp-json\/wp\/v2\/posts"}],"about":[{"href":"https:\/\/www.article-marketing.eu\/comunicatistampa\/wp-json\/wp\/v2\/types\/post"}],"author":[{"embeddable":true,"href":"https:\/\/www.article-marketing.eu\/comunicatistampa\/wp-json\/wp\/v2\/users\/397"}],"replies":[{"embeddable":true,"href":"https:\/\/www.article-marketing.eu\/comunicatistampa\/wp-json\/wp\/v2\/comments?post=23235"}],"version-history":[{"count":2,"href":"https:\/\/www.article-marketing.eu\/comunicatistampa\/wp-json\/wp\/v2\/posts\/23235\/revisions"}],"predecessor-version":[{"id":23270,"href":"https:\/\/www.article-marketing.eu\/comunicatistampa\/wp-json\/wp\/v2\/posts\/23235\/revisions\/23270"}],"wp:attachment":[{"href":"https:\/\/www.article-marketing.eu\/comunicatistampa\/wp-json\/wp\/v2\/media?parent=23235"}],"wp:term":[{"taxonomy":"category","embeddable":true,"href":"https:\/\/www.article-marketing.eu\/comunicatistampa\/wp-json\/wp\/v2\/categories?post=23235"},{"taxonomy":"post_tag","embeddable":true,"href":"https:\/\/www.article-marketing.eu\/comunicatistampa\/wp-json\/wp\/v2\/tags?post=23235"}],"curies":[{"name":"wp","href":"https:\/\/api.w.org\/{rel}","templated":true}]}}