{"id":23238,"date":"2022-05-20T15:37:02","date_gmt":"2022-05-20T13:37:02","guid":{"rendered":"https:\/\/www.article-marketing.eu\/comunicatistampa\/?p=23238"},"modified":"2022-05-20T15:37:02","modified_gmt":"2022-05-20T13:37:02","slug":"nuovo-ruolo-per-carmelo-abissi-a-supervisione-dei-progetti-di-altea-federation","status":"publish","type":"post","link":"https:\/\/www.article-marketing.eu\/comunicatistampa\/nuovo-ruolo-per-carmelo-abissi-a-supervisione-dei-progetti-di-altea-federation\/","title":{"rendered":"Nuovo ruolo per Carmelo Abissi a supervisione dei progetti di Altea Federation"},"content":{"rendered":"<p>All\u2019interno di<strong> Altea Federation<\/strong> nasce la figura professionale del <strong>Business Protection &amp; Control<\/strong> (BP&amp;C), compito affidato a <strong>Carmelo Abissi<\/strong>, manager del gruppo fondato da <strong>Andrea Ruscica<\/strong> che vanta un\u2019esperienza professionale di livello internazionale. Con questo nuovo ruolo, Abissi avr\u00e0 il compito di sostenere la qualit\u00e0 dei progetti in termini di Key Performance Indicator, rafforzando la comunit\u00e0 professionale dei Project Manager e dedicando ai clienti una focalizzazione di risultato sempre maggiore. Ogni step della commessa, dalla sua progettazione iniziale fino all\u2019implementazione operativa, sar\u00e0 monitorato adottando metodologie specifiche altamente efficaci.<\/p>\n<p>\u201cL\u2019introduzione della figura di Business Protection &amp; Control in Altea Federation vuole rafforzare il nostro sistema interno di audit e monitoraggio di commessa, con lo scopo di supportare i PM e aiutarli a uscire (o meglio evitare) le zone di allerta.<br \/>\nIl modello messo a punto da Carmelo Abissi, e affinato dal nostro team di Controlling, ha il plus della semplicit\u00e0 di utilizzo e applicazione ai diversi contesti progettuali: alla base di tutto vi \u00e8 un approccio preventivo, di anticipazione dei problemi e attuazione di strategie per evitare gli stessi, invece che di reazione all\u2019insorgere delle difficolt\u00e0\u201d, commenta <strong>Andrea Ruscica, President e Strategy Lead di Altea Federation<\/strong>.<\/p>\n<p><strong>IL RUOLO<\/strong><\/p>\n<p>La funzione di Business Protection &amp; Control (BP&amp;C) nasce dall\u2019esigenza di muoversi in un mondo in continua trasformazione, dove anticipare i rischi e le situazioni critiche \u00e8 considerato uno dei fattori fondamentali di successo. In particolare, nel gruppo Altea Federation alla BP&amp;C \u00e8 affidato il monitoraggio di commessa delle diverse company attraverso l\u2019analisi di alcuni punti-chiave, che vanno dall\u2019importanza del progetto stesso alla valutazione periodica dei \u201cparametri sentinella\u201d (ordine, variazioni sostanziali delle condizioni, criticit\u00e0 di delivery, ecc.). Questi Engagement Review (cos\u00ec \u00e8 chiamato il processo di monitoraggio e ingaggio dei PM) permetteranno di tenere sotto continuo controllo le diverse operativit\u00e0 dei progetti e, nel caso, intervenire se dovessero insorgere criticit\u00e0. Anzi, riuscire a prevenire le stesse e impostare in maniera tempestiva le azioni d\u2019intervento e correttive.<\/p>\n<p>L\u2019Engagement Review sar\u00e0, inoltre, un utile momento di confronto con i Project Manager, che riceveranno un supporto nel prendere le decisioni importanti e costruttive sui progetti, secondo una linea di intervento comune.<\/p>\n<p>\u201cIl compito che mi \u00e8 stato affidato nel mio nuovo incarico, \u00e8 garantire, alle diverse company del gruppo Altea Federation, un monitoraggio di buona qualit\u00e0 dei progetti, con una visione di ampio respiro, che sia in grado di valutare gli impatti economici non preventivati\u201d, commenta <strong>Carmelo Abissi, Business Protection &amp; Control Manager. <\/strong>\u201cInoltre, insieme al team dedicato affiancheremo i PM per incentivare la loro crescita professionale, verso il nuovo ruolo di Engage Manager, che entra in relazione con il cliente e rimane ingaggiato nel tempo.\u201d<\/p>\n<p>Carmelo Abissi \u00e8 dal 2018 in Altea Federation &#8211; il gruppo fondato quasi 30 anni fa da Andrea Ruscica, President &amp; Strategy Lead &#8211; prima come Industry Director &amp; Account Manager Large Enterprise di Altea UP e in seguito nel ruolo attuale di Chief Operation Officer di Altea IN. Dopo la laurea in Scienze Informatiche, ha sviluppato un\u2019esperienza di oltre 32 anni nel mondo ERP, in particolare nei settori manifatturiero, automobilistico e dei prodotti di largo consumo a livello internazionale.<\/p>\n<p>&nbsp;<\/p>\n<p><strong>About Altea Federation<\/strong><\/p>\n<p><em>Da quasi 30 anni Altea Federation collabora con i leader mondiali dell\u2019innovazione tecnologica attraverso un modello di business olonico-virtuale che raccoglie sotto un unico marchio la professionalit\u00e0 e l\u2019alta specializzazione di 20 Aziende: mondi diversi ma complementari che si fortificano a vicenda, mantenendo una forte identit\u00e0 di Gruppo e un approccio inconfondibile alle sfide dettate dai nuovi paradigmi in ambito Consulting, Technology, Digital e Operations. <\/em><\/p>\n<p><em>Tra le prime 30 aziende di Software e Servizi IT in Italia (fonte #TOP100 IDC Italia 2021), con circa 1.500 persone focalizzate sui bisogni del cliente, una presenza capillare sul territorio italiano ed estero, Altea Federation \u00e8 Partner di prestigiosi brand del tessuto imprenditoriale nazionale e internazionale.<\/em><\/p>\n<p><em>\u00a0<\/em><\/p>\n<table>\n<tbody>\n<tr>\n<td width=\"321\"><em>\u00a0<\/em><\/td>\n<td width=\"321\"><strong>&gt;<\/strong> <a href=\"https:\/\/alteafederation.it\/\"><strong>alteafederation.it<\/strong><\/a><\/td>\n<\/tr>\n<\/tbody>\n<\/table>\n<p>&nbsp;<\/p>\n<p><strong><em>Connect with us<\/em><\/strong><\/p>\n<p><strong>Valentina Bonetto<\/strong>\u00a0<a href=\"mailto:vbonetto@alteanet.it\">vbonetto@alteanet.it<\/a><\/p>\n<p><em>Branding &amp; Communication Master Advisor<\/em><\/p>\n<p><strong>Elena Meazza<\/strong>\u00a0<a href=\"mailto:emeazza@alteanet.it\">emeazza@alteanet.it<\/a><\/p>\n<p><em>Senior PR Account<\/em><\/p>\n<p><em>\u00a0<\/em><\/p>\n","protected":false},"excerpt":{"rendered":"<p>All\u2019interno di Altea Federation nasce la figura professionale del Business Protection &amp; Control (BP&amp;C), compito affidato a Carmelo Abissi, manager del gruppo fondato da Andrea Ruscica che vanta un\u2019esperienza professionale di livello internazionale. Con questo nuovo ruolo, Abissi avr\u00e0 il compito di sostenere la qualit\u00e0 dei progetti in termini di Key Performance Indicator, rafforzando la comunit\u00e0 professionale dei Project Manager e dedicando ai clienti una focalizzazione di risultato sempre maggiore.<\/p>\n<p><a class=\"continue-reading\" href=\"https:\/\/www.article-marketing.eu\/comunicatistampa\/nuovo-ruolo-per-carmelo-abissi-a-supervisione-dei-progetti-di-altea-federation\/\">Continue reading&#8230;<\/a><\/p>\n","protected":false},"author":1699,"featured_media":0,"comment_status":"open","ping_status":"open","sticky":false,"template":"","format":"standard","meta":{"_monsterinsights_skip_tracking":false,"_monsterinsights_sitenote_active":false,"_monsterinsights_sitenote_note":"","_monsterinsights_sitenote_category":0,"footnotes":""},"categories":[388,78],"tags":[6358,7339,9719,9718,6211,9720],"class_list":["post-23238","post","type-post","status-publish","format-standard","hentry","category-aziende","category-comunicati-stampa","tag-altea-federation","tag-andrea-ruscica","tag-business-protection-control","tag-carmelo-abissi","tag-monitoraggio","tag-pm"],"yoast_head":"<!-- This site is optimized with the Yoast SEO plugin v27.3 - https:\/\/yoast.com\/product\/yoast-seo-wordpress\/ -->\n<title>Nuovo ruolo per Carmelo Abissi a supervisione dei progetti di Altea Federation<\/title>\n<meta name=\"description\" content=\"Con la nomina a Business Protection &amp; Control, Abissi avr\u00e0 il compito di monitorare la qualit\u00e0 e visionare l\u2019intero processo di esecuzione dei progetti di Altea Federation\" \/>\n<meta name=\"robots\" content=\"index, follow, max-snippet:-1, max-image-preview:large, max-video-preview:-1\" \/>\n<link rel=\"canonical\" href=\"https:\/\/www.article-marketing.eu\/comunicatistampa\/nuovo-ruolo-per-carmelo-abissi-a-supervisione-dei-progetti-di-altea-federation\/\" \/>\n<meta property=\"og:locale\" content=\"it_IT\" \/>\n<meta property=\"og:type\" content=\"article\" \/>\n<meta property=\"og:title\" content=\"Nuovo ruolo per Carmelo Abissi a supervisione dei progetti di Altea Federation\" \/>\n<meta property=\"og:description\" content=\"Con la nomina a Business Protection &amp; Control, Abissi avr\u00e0 il compito di monitorare la qualit\u00e0 e visionare l\u2019intero processo di esecuzione dei progetti di Altea Federation\" \/>\n<meta property=\"og:url\" content=\"https:\/\/www.article-marketing.eu\/comunicatistampa\/nuovo-ruolo-per-carmelo-abissi-a-supervisione-dei-progetti-di-altea-federation\/\" \/>\n<meta property=\"og:site_name\" content=\"Article Marketing\" \/>\n<meta property=\"article:published_time\" content=\"2022-05-20T13:37:02+00:00\" \/>\n<meta name=\"author\" content=\"Altea Federation\" \/>\n<meta name=\"twitter:card\" content=\"summary_large_image\" \/>\n<meta name=\"twitter:label1\" content=\"Scritto da\" \/>\n\t<meta name=\"twitter:data1\" content=\"Altea Federation\" \/>\n\t<meta name=\"twitter:label2\" content=\"Tempo di lettura stimato\" \/>\n\t<meta name=\"twitter:data2\" content=\"4 minuti\" \/>\n<script type=\"application\/ld+json\" class=\"yoast-schema-graph\">{\"@context\":\"https:\\\/\\\/schema.org\",\"@graph\":[{\"@type\":\"Article\",\"@id\":\"https:\\\/\\\/www.article-marketing.eu\\\/comunicatistampa\\\/nuovo-ruolo-per-carmelo-abissi-a-supervisione-dei-progetti-di-altea-federation\\\/#article\",\"isPartOf\":{\"@id\":\"https:\\\/\\\/www.article-marketing.eu\\\/comunicatistampa\\\/nuovo-ruolo-per-carmelo-abissi-a-supervisione-dei-progetti-di-altea-federation\\\/\"},\"author\":{\"name\":\"Altea Federation\",\"@id\":\"https:\\\/\\\/www.article-marketing.eu\\\/comunicatistampa\\\/#\\\/schema\\\/person\\\/d62cbab963ff85c4ad3b7e5fde15e4b4\"},\"headline\":\"Nuovo ruolo per Carmelo Abissi a supervisione dei progetti di Altea Federation\",\"datePublished\":\"2022-05-20T13:37:02+00:00\",\"mainEntityOfPage\":{\"@id\":\"https:\\\/\\\/www.article-marketing.eu\\\/comunicatistampa\\\/nuovo-ruolo-per-carmelo-abissi-a-supervisione-dei-progetti-di-altea-federation\\\/\"},\"wordCount\":676,\"commentCount\":0,\"keywords\":[\"altea federation\",\"Andrea Ruscica\",\"Business Protection &amp; Control\",\"Carmelo Abissi\",\"monitoraggio\",\"PM\"],\"articleSection\":[\"Aziende\",\"Comunicati stampa\"],\"inLanguage\":\"it-IT\",\"potentialAction\":[{\"@type\":\"CommentAction\",\"name\":\"Comment\",\"target\":[\"https:\\\/\\\/www.article-marketing.eu\\\/comunicatistampa\\\/nuovo-ruolo-per-carmelo-abissi-a-supervisione-dei-progetti-di-altea-federation\\\/#respond\"]}]},{\"@type\":\"WebPage\",\"@id\":\"https:\\\/\\\/www.article-marketing.eu\\\/comunicatistampa\\\/nuovo-ruolo-per-carmelo-abissi-a-supervisione-dei-progetti-di-altea-federation\\\/\",\"url\":\"https:\\\/\\\/www.article-marketing.eu\\\/comunicatistampa\\\/nuovo-ruolo-per-carmelo-abissi-a-supervisione-dei-progetti-di-altea-federation\\\/\",\"name\":\"Nuovo ruolo per Carmelo Abissi a supervisione dei progetti di Altea Federation\",\"isPartOf\":{\"@id\":\"https:\\\/\\\/www.article-marketing.eu\\\/comunicatistampa\\\/#website\"},\"datePublished\":\"2022-05-20T13:37:02+00:00\",\"author\":{\"@id\":\"https:\\\/\\\/www.article-marketing.eu\\\/comunicatistampa\\\/#\\\/schema\\\/person\\\/d62cbab963ff85c4ad3b7e5fde15e4b4\"},\"description\":\"Con la nomina a Business Protection & Control, Abissi avr\u00e0 il compito di monitorare la qualit\u00e0 e visionare l\u2019intero processo di esecuzione dei progetti di Altea Federation\",\"breadcrumb\":{\"@id\":\"https:\\\/\\\/www.article-marketing.eu\\\/comunicatistampa\\\/nuovo-ruolo-per-carmelo-abissi-a-supervisione-dei-progetti-di-altea-federation\\\/#breadcrumb\"},\"inLanguage\":\"it-IT\",\"potentialAction\":[{\"@type\":\"ReadAction\",\"target\":[\"https:\\\/\\\/www.article-marketing.eu\\\/comunicatistampa\\\/nuovo-ruolo-per-carmelo-abissi-a-supervisione-dei-progetti-di-altea-federation\\\/\"]}]},{\"@type\":\"BreadcrumbList\",\"@id\":\"https:\\\/\\\/www.article-marketing.eu\\\/comunicatistampa\\\/nuovo-ruolo-per-carmelo-abissi-a-supervisione-dei-progetti-di-altea-federation\\\/#breadcrumb\",\"itemListElement\":[{\"@type\":\"ListItem\",\"position\":1,\"name\":\"Home\",\"item\":\"https:\\\/\\\/www.article-marketing.eu\\\/comunicatistampa\\\/\"},{\"@type\":\"ListItem\",\"position\":2,\"name\":\"Nuovo ruolo per Carmelo Abissi a supervisione dei progetti di Altea Federation\"}]},{\"@type\":\"WebSite\",\"@id\":\"https:\\\/\\\/www.article-marketing.eu\\\/comunicatistampa\\\/#website\",\"url\":\"https:\\\/\\\/www.article-marketing.eu\\\/comunicatistampa\\\/\",\"name\":\"Article Marketing\",\"description\":\"article marketing &amp; press release\",\"potentialAction\":[{\"@type\":\"SearchAction\",\"target\":{\"@type\":\"EntryPoint\",\"urlTemplate\":\"https:\\\/\\\/www.article-marketing.eu\\\/comunicatistampa\\\/?s={search_term_string}\"},\"query-input\":{\"@type\":\"PropertyValueSpecification\",\"valueRequired\":true,\"valueName\":\"search_term_string\"}}],\"inLanguage\":\"it-IT\"},{\"@type\":\"Person\",\"@id\":\"https:\\\/\\\/www.article-marketing.eu\\\/comunicatistampa\\\/#\\\/schema\\\/person\\\/d62cbab963ff85c4ad3b7e5fde15e4b4\",\"name\":\"Altea Federation\",\"image\":{\"@type\":\"ImageObject\",\"inLanguage\":\"it-IT\",\"@id\":\"https:\\\/\\\/secure.gravatar.com\\\/avatar\\\/c3d5ad750870c49673b54c68a9fd0a5eaeb9f4de408f07b4899c47d49453cd85?s=96&d=mm&r=g\",\"url\":\"https:\\\/\\\/secure.gravatar.com\\\/avatar\\\/c3d5ad750870c49673b54c68a9fd0a5eaeb9f4de408f07b4899c47d49453cd85?s=96&d=mm&r=g\",\"contentUrl\":\"https:\\\/\\\/secure.gravatar.com\\\/avatar\\\/c3d5ad750870c49673b54c68a9fd0a5eaeb9f4de408f07b4899c47d49453cd85?s=96&d=mm&r=g\",\"caption\":\"Altea Federation\"},\"url\":\"https:\\\/\\\/www.article-marketing.eu\\\/comunicatistampa\\\/author\\\/altea-federation\\\/\"}]}<\/script>\n<!-- \/ Yoast SEO plugin. -->","yoast_head_json":{"title":"Nuovo ruolo per Carmelo Abissi a supervisione dei progetti di Altea Federation","description":"Con la nomina a Business Protection & Control, Abissi avr\u00e0 il compito di monitorare la qualit\u00e0 e visionare l\u2019intero processo di esecuzione dei progetti di Altea Federation","robots":{"index":"index","follow":"follow","max-snippet":"max-snippet:-1","max-image-preview":"max-image-preview:large","max-video-preview":"max-video-preview:-1"},"canonical":"https:\/\/www.article-marketing.eu\/comunicatistampa\/nuovo-ruolo-per-carmelo-abissi-a-supervisione-dei-progetti-di-altea-federation\/","og_locale":"it_IT","og_type":"article","og_title":"Nuovo ruolo per Carmelo Abissi a supervisione dei progetti di Altea Federation","og_description":"Con la nomina a Business Protection & Control, Abissi avr\u00e0 il compito di monitorare la qualit\u00e0 e visionare l\u2019intero processo di esecuzione dei progetti di Altea Federation","og_url":"https:\/\/www.article-marketing.eu\/comunicatistampa\/nuovo-ruolo-per-carmelo-abissi-a-supervisione-dei-progetti-di-altea-federation\/","og_site_name":"Article Marketing","article_published_time":"2022-05-20T13:37:02+00:00","author":"Altea Federation","twitter_card":"summary_large_image","twitter_misc":{"Scritto da":"Altea Federation","Tempo di lettura stimato":"4 minuti"},"schema":{"@context":"https:\/\/schema.org","@graph":[{"@type":"Article","@id":"https:\/\/www.article-marketing.eu\/comunicatistampa\/nuovo-ruolo-per-carmelo-abissi-a-supervisione-dei-progetti-di-altea-federation\/#article","isPartOf":{"@id":"https:\/\/www.article-marketing.eu\/comunicatistampa\/nuovo-ruolo-per-carmelo-abissi-a-supervisione-dei-progetti-di-altea-federation\/"},"author":{"name":"Altea Federation","@id":"https:\/\/www.article-marketing.eu\/comunicatistampa\/#\/schema\/person\/d62cbab963ff85c4ad3b7e5fde15e4b4"},"headline":"Nuovo ruolo per Carmelo Abissi a supervisione dei progetti di Altea Federation","datePublished":"2022-05-20T13:37:02+00:00","mainEntityOfPage":{"@id":"https:\/\/www.article-marketing.eu\/comunicatistampa\/nuovo-ruolo-per-carmelo-abissi-a-supervisione-dei-progetti-di-altea-federation\/"},"wordCount":676,"commentCount":0,"keywords":["altea federation","Andrea Ruscica","Business Protection &amp; Control","Carmelo Abissi","monitoraggio","PM"],"articleSection":["Aziende","Comunicati stampa"],"inLanguage":"it-IT","potentialAction":[{"@type":"CommentAction","name":"Comment","target":["https:\/\/www.article-marketing.eu\/comunicatistampa\/nuovo-ruolo-per-carmelo-abissi-a-supervisione-dei-progetti-di-altea-federation\/#respond"]}]},{"@type":"WebPage","@id":"https:\/\/www.article-marketing.eu\/comunicatistampa\/nuovo-ruolo-per-carmelo-abissi-a-supervisione-dei-progetti-di-altea-federation\/","url":"https:\/\/www.article-marketing.eu\/comunicatistampa\/nuovo-ruolo-per-carmelo-abissi-a-supervisione-dei-progetti-di-altea-federation\/","name":"Nuovo ruolo per Carmelo Abissi a supervisione dei progetti di Altea Federation","isPartOf":{"@id":"https:\/\/www.article-marketing.eu\/comunicatistampa\/#website"},"datePublished":"2022-05-20T13:37:02+00:00","author":{"@id":"https:\/\/www.article-marketing.eu\/comunicatistampa\/#\/schema\/person\/d62cbab963ff85c4ad3b7e5fde15e4b4"},"description":"Con la nomina a Business Protection & Control, Abissi avr\u00e0 il compito di monitorare la qualit\u00e0 e visionare l\u2019intero processo di esecuzione dei progetti di Altea Federation","breadcrumb":{"@id":"https:\/\/www.article-marketing.eu\/comunicatistampa\/nuovo-ruolo-per-carmelo-abissi-a-supervisione-dei-progetti-di-altea-federation\/#breadcrumb"},"inLanguage":"it-IT","potentialAction":[{"@type":"ReadAction","target":["https:\/\/www.article-marketing.eu\/comunicatistampa\/nuovo-ruolo-per-carmelo-abissi-a-supervisione-dei-progetti-di-altea-federation\/"]}]},{"@type":"BreadcrumbList","@id":"https:\/\/www.article-marketing.eu\/comunicatistampa\/nuovo-ruolo-per-carmelo-abissi-a-supervisione-dei-progetti-di-altea-federation\/#breadcrumb","itemListElement":[{"@type":"ListItem","position":1,"name":"Home","item":"https:\/\/www.article-marketing.eu\/comunicatistampa\/"},{"@type":"ListItem","position":2,"name":"Nuovo ruolo per Carmelo Abissi a supervisione dei progetti di Altea Federation"}]},{"@type":"WebSite","@id":"https:\/\/www.article-marketing.eu\/comunicatistampa\/#website","url":"https:\/\/www.article-marketing.eu\/comunicatistampa\/","name":"Article Marketing","description":"article marketing &amp; press release","potentialAction":[{"@type":"SearchAction","target":{"@type":"EntryPoint","urlTemplate":"https:\/\/www.article-marketing.eu\/comunicatistampa\/?s={search_term_string}"},"query-input":{"@type":"PropertyValueSpecification","valueRequired":true,"valueName":"search_term_string"}}],"inLanguage":"it-IT"},{"@type":"Person","@id":"https:\/\/www.article-marketing.eu\/comunicatistampa\/#\/schema\/person\/d62cbab963ff85c4ad3b7e5fde15e4b4","name":"Altea Federation","image":{"@type":"ImageObject","inLanguage":"it-IT","@id":"https:\/\/secure.gravatar.com\/avatar\/c3d5ad750870c49673b54c68a9fd0a5eaeb9f4de408f07b4899c47d49453cd85?s=96&d=mm&r=g","url":"https:\/\/secure.gravatar.com\/avatar\/c3d5ad750870c49673b54c68a9fd0a5eaeb9f4de408f07b4899c47d49453cd85?s=96&d=mm&r=g","contentUrl":"https:\/\/secure.gravatar.com\/avatar\/c3d5ad750870c49673b54c68a9fd0a5eaeb9f4de408f07b4899c47d49453cd85?s=96&d=mm&r=g","caption":"Altea Federation"},"url":"https:\/\/www.article-marketing.eu\/comunicatistampa\/author\/altea-federation\/"}]}},"_links":{"self":[{"href":"https:\/\/www.article-marketing.eu\/comunicatistampa\/wp-json\/wp\/v2\/posts\/23238","targetHints":{"allow":["GET"]}}],"collection":[{"href":"https:\/\/www.article-marketing.eu\/comunicatistampa\/wp-json\/wp\/v2\/posts"}],"about":[{"href":"https:\/\/www.article-marketing.eu\/comunicatistampa\/wp-json\/wp\/v2\/types\/post"}],"author":[{"embeddable":true,"href":"https:\/\/www.article-marketing.eu\/comunicatistampa\/wp-json\/wp\/v2\/users\/1699"}],"replies":[{"embeddable":true,"href":"https:\/\/www.article-marketing.eu\/comunicatistampa\/wp-json\/wp\/v2\/comments?post=23238"}],"version-history":[{"count":3,"href":"https:\/\/www.article-marketing.eu\/comunicatistampa\/wp-json\/wp\/v2\/posts\/23238\/revisions"}],"predecessor-version":[{"id":23269,"href":"https:\/\/www.article-marketing.eu\/comunicatistampa\/wp-json\/wp\/v2\/posts\/23238\/revisions\/23269"}],"wp:attachment":[{"href":"https:\/\/www.article-marketing.eu\/comunicatistampa\/wp-json\/wp\/v2\/media?parent=23238"}],"wp:term":[{"taxonomy":"category","embeddable":true,"href":"https:\/\/www.article-marketing.eu\/comunicatistampa\/wp-json\/wp\/v2\/categories?post=23238"},{"taxonomy":"post_tag","embeddable":true,"href":"https:\/\/www.article-marketing.eu\/comunicatistampa\/wp-json\/wp\/v2\/tags?post=23238"}],"curies":[{"name":"wp","href":"https:\/\/api.w.org\/{rel}","templated":true}]}}