{"id":23370,"date":"2022-05-31T18:45:22","date_gmt":"2022-05-31T16:45:22","guid":{"rendered":"https:\/\/www.article-marketing.eu\/comunicatistampa\/?p=23370"},"modified":"2022-05-31T18:45:22","modified_gmt":"2022-05-31T16:45:22","slug":"illycaffe-quotazione-e-sviluppo-delle-commerce-intervista-allad-cristina-scocchia","status":"publish","type":"post","link":"https:\/\/www.article-marketing.eu\/comunicatistampa\/illycaffe-quotazione-e-sviluppo-delle-commerce-intervista-allad-cristina-scocchia\/","title":{"rendered":"Illycaff\u00e8: quotazione e sviluppo dell\u2019e-commerce, intervista all\u2019AD Cristina Scocchia"},"content":{"rendered":"<p><em><strong><a title=\"Cristina Scocchia: i progetti di crescita di Illycaff\u00e8\" href=\"https:\/\/nordesteconomia.gelocal.it\/imprese\/2022\/05\/20\/news\/l-ad-scocchia-illycaffe-si-allea-con-amazon-e-cresce-in-usa-e-europa-1.41454335?__vfz=medium%3Dsharebar\">Cristina Scocchia<\/a> ha intrapreso una nuova sfida professionale agli inizi del 2022 assumendo l&#8217;incarico di Amministratore Delegato di Illycaff\u00e8. In un&#8217;intervista rilasciata a &#8220;Nordest Economia&#8221; la manager ha parlato delle prospettive di crescita in programma per il Gruppo.<\/strong><\/em><\/p>\n<p><a title=\"Cristina Scocchia: investimenti e progetti in Illycaff\u00e8\" href=\"https:\/\/nordesteconomia.gelocal.it\/imprese\/2022\/05\/20\/news\/l-ad-scocchia-illycaffe-si-allea-con-amazon-e-cresce-in-usa-e-europa-1.41454335?__vfz=medium%3Dsharebar\"><img decoding=\"async\" src=\"https:\/\/cristinascocchia.it\/wp-content\/uploads\/2021\/04\/img_entrepreneurs_cristinascocchia.jpg\" alt=\"Cristina Scocchia\" width=\"120\" \/><\/a><\/p>\n<h2>Illycaff\u00e8, Cristina Scocchia: 2021 punto di partenza per sviluppare il business<\/h2>\n<p>Forte di un 2021 gi\u00e0 in decisa crescita &#8211; con un utile netto a 11,9 milioni di euro (+104,7% sul 2020) e ricavi consolidati a quasi 500 milioni (+17,4%) &#8211; Illycaff\u00e8 avvia un nuovo corso nel 2022 affidando le redini a <strong>Cristina Scocchia<\/strong> nel ruolo di Amministratore Delegato. La manager ha illustrato i piani in programma in un&#8217;intervista rilasciata il 20 maggio a &#8220;Nordest Economia&#8221;. <em>&#8220;I risultati del 2021 e un miglioramento del profilo della redditivit\u00e0 rappresentano un solido punto di partenza&#8221;<\/em>, sottolinea l&#8217;AD, con cui <em>&#8220;affrontare questo anno contraddistinto da un contesto macroeconomico particolarmente sfidante sul quale pesano tensioni geo-politiche&#8221;<\/em>. Il mercato italiano sta crescendo, con livelli superiori a quelli pre-pandemia: <em>&#8220;La nostra presenza storica nel canale horeca (hotel, ristoranti, bar), che rappresenta il cuore dell&#8217;azienda, sta recuperando molto. Anche nei primi mesi del 2022 registriamo una buona ripresa in Italia&#8221;<\/em>, evidenzia <strong>Cristina Scocchia<\/strong> nell&#8217;intervista. Quali, dunque, le direttrici per il futuro? Il Piano Industriale di prossima presentazione prevede un&#8217;espansione <em>&#8220;sull&#8217;e-commerce e sullo sviluppo nel canale della grande distribuzione. Sui mercati internazionali vogliamo raddoppiare la quota di mercato negli Stati Uniti, che oggi \u00e8 pari al 15% del nostro fatturato, sviluppando l&#8217;espansione nel canale della grande distribuzione organizzata&#8221;<\/em>. Non solo Stati Uniti, come evidenziato dalla manager: <em>&#8220;Guardiamo anche un rafforzamento sul mercato cinese conquistando consumatori tradizionalmente abituati al consumo di t\u00e8&#8221;<\/em>.<\/p>\n<h2>Cristina Scocchia: collaborazione con Amazon, quotazione e investimenti a Trieste<\/h2>\n<p><a title=\"Cristina Scocchia, l'intervista di &quot;Nordest Economia&quot;\" href=\"https:\/\/nordesteconomia.gelocal.it\/imprese\/2022\/05\/20\/news\/l-ad-scocchia-illycaffe-si-allea-con-amazon-e-cresce-in-usa-e-europa-1.41454335?__vfz=medium%3Dsharebar\">Cristina Scocchia<\/a> evidenzia inoltre quale sia la strategia alla base della crescita nel mercato statunitense: <em>&#8220;Stiamo studiando un rafforzamento della nostra collaborazione di medio e lungo termine con Amazon per crescere ulteriormente nell&#8217;e-commerce valorizzando il nostro store virtuale&#8221;<\/em>. Con il gruppo di Jeff Bezos <em>&#8220;pensiamo a una cooperazione nel digitale anche in Europa. L&#8217;obiettivo \u00e8 di consolidare la crescita delle vendite online investendo nel nostro store e nel marketplace&#8221;<\/em>. \u00c8 previsto inoltre l&#8217;ingresso di Illycaff\u00e8 in Borsa: a tal proposito, <strong>Cristina Scocchia<\/strong> specifica come questo sia <em>&#8220;un progetto nel medio termine&#8221;<\/em>, con l&#8217;obiettivo di <em>&#8220;quotarci nell&#8217;arco del Piano Industriale (2022-2026), ma \u00e8 prematuro indicare una data precisa&#8221;<\/em>. Piazza Affari o Wall Street? <em>&#8220;Siamo pronti per ambedue le ipotesi considerato che da quest&#8217;anno abbiamo adottato i principi contabili internazionali&#8221;<\/em>. Progetti di grande portata per un Gruppo che, nonostante il momento storico <em>&#8220;di grande incertezza a causa della guerra e di una pandemia ancora resiliente&#8221;<\/em>, a cui si somma l&#8217;aumento dei prezzi delle materie prime e dei costi logistici, continua a puntare i propri investimenti su Trieste: <em>&#8220;Rester\u00e0 il cuore pulsante dell&#8217;azienda&#8221;<\/em>, conclude l&#8217;AD, <em>&#8220;anche quando Illycaff\u00e8 diventer\u00e0 ancora pi\u00f9 globale e qui continueremo a investire potenziando le linee produttive&#8221;<\/em>.<\/p>\n","protected":false},"excerpt":{"rendered":"<p>Cristina Scocchia ha intrapreso una nuova sfida professionale agli inizi del 2022 assumendo l&#8217;incarico di Amministratore Delegato di Illycaff\u00e8. In un&#8217;intervista rilasciata a &#8220;Nordest Economia&#8221; la manager ha parlato delle prospettive di crescita in programma per il Gruppo. Illycaff\u00e8, Cristina Scocchia: 2021 punto di partenza per sviluppare il business Forte di un 2021 gi\u00e0 in decisa crescita &#8211; con un utile netto a 11,9 milioni di euro (+104,7% sul 2020)<\/p>\n<p><a class=\"continue-reading\" href=\"https:\/\/www.article-marketing.eu\/comunicatistampa\/illycaffe-quotazione-e-sviluppo-delle-commerce-intervista-allad-cristina-scocchia\/\">Continue reading&#8230;<\/a><\/p>\n","protected":false},"author":7088,"featured_media":0,"comment_status":"open","ping_status":"open","sticky":false,"template":"","format":"standard","meta":{"_monsterinsights_skip_tracking":false,"_monsterinsights_sitenote_active":false,"_monsterinsights_sitenote_note":"","_monsterinsights_sitenote_category":0,"footnotes":""},"categories":[386],"tags":[9654],"class_list":["post-23370","post","type-post","status-publish","format-standard","hentry","category-economia-e-lavoro","tag-cristina-scocchia"],"yoast_head":"<!-- This site is optimized with the Yoast SEO plugin v27.3 - https:\/\/yoast.com\/product\/yoast-seo-wordpress\/ -->\n<title>Illycaff\u00e8: quotazione e sviluppo dell\u2019e-commerce, intervista all\u2019AD Cristina Scocchia<\/title>\n<meta name=\"robots\" content=\"index, follow, max-snippet:-1, max-image-preview:large, max-video-preview:-1\" \/>\n<link rel=\"canonical\" href=\"https:\/\/www.article-marketing.eu\/comunicatistampa\/illycaffe-quotazione-e-sviluppo-delle-commerce-intervista-allad-cristina-scocchia\/\" \/>\n<meta property=\"og:locale\" content=\"it_IT\" \/>\n<meta property=\"og:type\" content=\"article\" \/>\n<meta property=\"og:title\" content=\"Illycaff\u00e8: quotazione e sviluppo dell\u2019e-commerce, intervista all\u2019AD Cristina Scocchia\" \/>\n<meta property=\"og:description\" content=\"Cristina Scocchia ha intrapreso una nuova sfida professionale agli inizi del 2022 assumendo l&#8217;incarico di Amministratore Delegato di Illycaff\u00e8. In un&#8217;intervista rilasciata a &#8220;Nordest Economia&#8221; la manager ha parlato delle prospettive di crescita in programma per il Gruppo. Illycaff\u00e8, Cristina Scocchia: 2021 punto di partenza per sviluppare il business Forte di un 2021 gi\u00e0 in decisa crescita &#8211; con un utile netto a 11,9 milioni di euro (+104,7% sul 2020)Continue reading...\" \/>\n<meta property=\"og:url\" content=\"https:\/\/www.article-marketing.eu\/comunicatistampa\/illycaffe-quotazione-e-sviluppo-delle-commerce-intervista-allad-cristina-scocchia\/\" \/>\n<meta property=\"og:site_name\" content=\"Article Marketing\" \/>\n<meta property=\"article:published_time\" content=\"2022-05-31T16:45:22+00:00\" \/>\n<meta property=\"og:image\" content=\"https:\/\/cristinascocchia.it\/wp-content\/uploads\/2021\/04\/img_entrepreneurs_cristinascocchia.jpg\" \/>\n<meta name=\"author\" content=\"officecsweb\" \/>\n<meta name=\"twitter:card\" content=\"summary_large_image\" \/>\n<meta name=\"twitter:label1\" content=\"Scritto da\" \/>\n\t<meta name=\"twitter:data1\" content=\"officecsweb\" \/>\n\t<meta name=\"twitter:label2\" content=\"Tempo di lettura stimato\" \/>\n\t<meta name=\"twitter:data2\" content=\"2 minuti\" \/>\n<script type=\"application\/ld+json\" class=\"yoast-schema-graph\">{\"@context\":\"https:\\\/\\\/schema.org\",\"@graph\":[{\"@type\":\"Article\",\"@id\":\"https:\\\/\\\/www.article-marketing.eu\\\/comunicatistampa\\\/illycaffe-quotazione-e-sviluppo-delle-commerce-intervista-allad-cristina-scocchia\\\/#article\",\"isPartOf\":{\"@id\":\"https:\\\/\\\/www.article-marketing.eu\\\/comunicatistampa\\\/illycaffe-quotazione-e-sviluppo-delle-commerce-intervista-allad-cristina-scocchia\\\/\"},\"author\":{\"name\":\"officecsweb\",\"@id\":\"https:\\\/\\\/www.article-marketing.eu\\\/comunicatistampa\\\/#\\\/schema\\\/person\\\/cfe0e3fe87ac4e737efb364fc81b596f\"},\"headline\":\"Illycaff\u00e8: quotazione e sviluppo dell\u2019e-commerce, intervista all\u2019AD Cristina Scocchia\",\"datePublished\":\"2022-05-31T16:45:22+00:00\",\"mainEntityOfPage\":{\"@id\":\"https:\\\/\\\/www.article-marketing.eu\\\/comunicatistampa\\\/illycaffe-quotazione-e-sviluppo-delle-commerce-intervista-allad-cristina-scocchia\\\/\"},\"wordCount\":473,\"commentCount\":0,\"image\":{\"@id\":\"https:\\\/\\\/www.article-marketing.eu\\\/comunicatistampa\\\/illycaffe-quotazione-e-sviluppo-delle-commerce-intervista-allad-cristina-scocchia\\\/#primaryimage\"},\"thumbnailUrl\":\"https:\\\/\\\/cristinascocchia.it\\\/wp-content\\\/uploads\\\/2021\\\/04\\\/img_entrepreneurs_cristinascocchia.jpg\",\"keywords\":[\"Cristina Scocchia\"],\"articleSection\":[\"Economia e lavoro\"],\"inLanguage\":\"it-IT\",\"potentialAction\":[{\"@type\":\"CommentAction\",\"name\":\"Comment\",\"target\":[\"https:\\\/\\\/www.article-marketing.eu\\\/comunicatistampa\\\/illycaffe-quotazione-e-sviluppo-delle-commerce-intervista-allad-cristina-scocchia\\\/#respond\"]}]},{\"@type\":\"WebPage\",\"@id\":\"https:\\\/\\\/www.article-marketing.eu\\\/comunicatistampa\\\/illycaffe-quotazione-e-sviluppo-delle-commerce-intervista-allad-cristina-scocchia\\\/\",\"url\":\"https:\\\/\\\/www.article-marketing.eu\\\/comunicatistampa\\\/illycaffe-quotazione-e-sviluppo-delle-commerce-intervista-allad-cristina-scocchia\\\/\",\"name\":\"Illycaff\u00e8: quotazione e sviluppo dell\u2019e-commerce, intervista all\u2019AD Cristina Scocchia\",\"isPartOf\":{\"@id\":\"https:\\\/\\\/www.article-marketing.eu\\\/comunicatistampa\\\/#website\"},\"primaryImageOfPage\":{\"@id\":\"https:\\\/\\\/www.article-marketing.eu\\\/comunicatistampa\\\/illycaffe-quotazione-e-sviluppo-delle-commerce-intervista-allad-cristina-scocchia\\\/#primaryimage\"},\"image\":{\"@id\":\"https:\\\/\\\/www.article-marketing.eu\\\/comunicatistampa\\\/illycaffe-quotazione-e-sviluppo-delle-commerce-intervista-allad-cristina-scocchia\\\/#primaryimage\"},\"thumbnailUrl\":\"https:\\\/\\\/cristinascocchia.it\\\/wp-content\\\/uploads\\\/2021\\\/04\\\/img_entrepreneurs_cristinascocchia.jpg\",\"datePublished\":\"2022-05-31T16:45:22+00:00\",\"author\":{\"@id\":\"https:\\\/\\\/www.article-marketing.eu\\\/comunicatistampa\\\/#\\\/schema\\\/person\\\/cfe0e3fe87ac4e737efb364fc81b596f\"},\"breadcrumb\":{\"@id\":\"https:\\\/\\\/www.article-marketing.eu\\\/comunicatistampa\\\/illycaffe-quotazione-e-sviluppo-delle-commerce-intervista-allad-cristina-scocchia\\\/#breadcrumb\"},\"inLanguage\":\"it-IT\",\"potentialAction\":[{\"@type\":\"ReadAction\",\"target\":[\"https:\\\/\\\/www.article-marketing.eu\\\/comunicatistampa\\\/illycaffe-quotazione-e-sviluppo-delle-commerce-intervista-allad-cristina-scocchia\\\/\"]}]},{\"@type\":\"ImageObject\",\"inLanguage\":\"it-IT\",\"@id\":\"https:\\\/\\\/www.article-marketing.eu\\\/comunicatistampa\\\/illycaffe-quotazione-e-sviluppo-delle-commerce-intervista-allad-cristina-scocchia\\\/#primaryimage\",\"url\":\"https:\\\/\\\/cristinascocchia.it\\\/wp-content\\\/uploads\\\/2021\\\/04\\\/img_entrepreneurs_cristinascocchia.jpg\",\"contentUrl\":\"https:\\\/\\\/cristinascocchia.it\\\/wp-content\\\/uploads\\\/2021\\\/04\\\/img_entrepreneurs_cristinascocchia.jpg\"},{\"@type\":\"BreadcrumbList\",\"@id\":\"https:\\\/\\\/www.article-marketing.eu\\\/comunicatistampa\\\/illycaffe-quotazione-e-sviluppo-delle-commerce-intervista-allad-cristina-scocchia\\\/#breadcrumb\",\"itemListElement\":[{\"@type\":\"ListItem\",\"position\":1,\"name\":\"Home\",\"item\":\"https:\\\/\\\/www.article-marketing.eu\\\/comunicatistampa\\\/\"},{\"@type\":\"ListItem\",\"position\":2,\"name\":\"Illycaff\u00e8: quotazione e sviluppo dell\u2019e-commerce, intervista all\u2019AD Cristina Scocchia\"}]},{\"@type\":\"WebSite\",\"@id\":\"https:\\\/\\\/www.article-marketing.eu\\\/comunicatistampa\\\/#website\",\"url\":\"https:\\\/\\\/www.article-marketing.eu\\\/comunicatistampa\\\/\",\"name\":\"Article Marketing\",\"description\":\"article marketing &amp; press release\",\"potentialAction\":[{\"@type\":\"SearchAction\",\"target\":{\"@type\":\"EntryPoint\",\"urlTemplate\":\"https:\\\/\\\/www.article-marketing.eu\\\/comunicatistampa\\\/?s={search_term_string}\"},\"query-input\":{\"@type\":\"PropertyValueSpecification\",\"valueRequired\":true,\"valueName\":\"search_term_string\"}}],\"inLanguage\":\"it-IT\"},{\"@type\":\"Person\",\"@id\":\"https:\\\/\\\/www.article-marketing.eu\\\/comunicatistampa\\\/#\\\/schema\\\/person\\\/cfe0e3fe87ac4e737efb364fc81b596f\",\"name\":\"officecsweb\",\"image\":{\"@type\":\"ImageObject\",\"inLanguage\":\"it-IT\",\"@id\":\"https:\\\/\\\/secure.gravatar.com\\\/avatar\\\/fe6a2860ccda1397815d483f3a9a4df158a311e9771fbd77255eba4a7d3f7d49?s=96&d=mm&r=g\",\"url\":\"https:\\\/\\\/secure.gravatar.com\\\/avatar\\\/fe6a2860ccda1397815d483f3a9a4df158a311e9771fbd77255eba4a7d3f7d49?s=96&d=mm&r=g\",\"contentUrl\":\"https:\\\/\\\/secure.gravatar.com\\\/avatar\\\/fe6a2860ccda1397815d483f3a9a4df158a311e9771fbd77255eba4a7d3f7d49?s=96&d=mm&r=g\",\"caption\":\"officecsweb\"},\"url\":\"https:\\\/\\\/www.article-marketing.eu\\\/comunicatistampa\\\/author\\\/officecsweb\\\/\"}]}<\/script>\n<!-- \/ Yoast SEO plugin. -->","yoast_head_json":{"title":"Illycaff\u00e8: quotazione e sviluppo dell\u2019e-commerce, intervista all\u2019AD Cristina Scocchia","robots":{"index":"index","follow":"follow","max-snippet":"max-snippet:-1","max-image-preview":"max-image-preview:large","max-video-preview":"max-video-preview:-1"},"canonical":"https:\/\/www.article-marketing.eu\/comunicatistampa\/illycaffe-quotazione-e-sviluppo-delle-commerce-intervista-allad-cristina-scocchia\/","og_locale":"it_IT","og_type":"article","og_title":"Illycaff\u00e8: quotazione e sviluppo dell\u2019e-commerce, intervista all\u2019AD Cristina Scocchia","og_description":"Cristina Scocchia ha intrapreso una nuova sfida professionale agli inizi del 2022 assumendo l&#8217;incarico di Amministratore Delegato di Illycaff\u00e8. In un&#8217;intervista rilasciata a &#8220;Nordest Economia&#8221; la manager ha parlato delle prospettive di crescita in programma per il Gruppo. Illycaff\u00e8, Cristina Scocchia: 2021 punto di partenza per sviluppare il business Forte di un 2021 gi\u00e0 in decisa crescita &#8211; con un utile netto a 11,9 milioni di euro (+104,7% sul 2020)Continue reading...","og_url":"https:\/\/www.article-marketing.eu\/comunicatistampa\/illycaffe-quotazione-e-sviluppo-delle-commerce-intervista-allad-cristina-scocchia\/","og_site_name":"Article Marketing","article_published_time":"2022-05-31T16:45:22+00:00","og_image":[{"url":"https:\/\/cristinascocchia.it\/wp-content\/uploads\/2021\/04\/img_entrepreneurs_cristinascocchia.jpg","type":"","width":"","height":""}],"author":"officecsweb","twitter_card":"summary_large_image","twitter_misc":{"Scritto da":"officecsweb","Tempo di lettura stimato":"2 minuti"},"schema":{"@context":"https:\/\/schema.org","@graph":[{"@type":"Article","@id":"https:\/\/www.article-marketing.eu\/comunicatistampa\/illycaffe-quotazione-e-sviluppo-delle-commerce-intervista-allad-cristina-scocchia\/#article","isPartOf":{"@id":"https:\/\/www.article-marketing.eu\/comunicatistampa\/illycaffe-quotazione-e-sviluppo-delle-commerce-intervista-allad-cristina-scocchia\/"},"author":{"name":"officecsweb","@id":"https:\/\/www.article-marketing.eu\/comunicatistampa\/#\/schema\/person\/cfe0e3fe87ac4e737efb364fc81b596f"},"headline":"Illycaff\u00e8: quotazione e sviluppo dell\u2019e-commerce, intervista all\u2019AD Cristina Scocchia","datePublished":"2022-05-31T16:45:22+00:00","mainEntityOfPage":{"@id":"https:\/\/www.article-marketing.eu\/comunicatistampa\/illycaffe-quotazione-e-sviluppo-delle-commerce-intervista-allad-cristina-scocchia\/"},"wordCount":473,"commentCount":0,"image":{"@id":"https:\/\/www.article-marketing.eu\/comunicatistampa\/illycaffe-quotazione-e-sviluppo-delle-commerce-intervista-allad-cristina-scocchia\/#primaryimage"},"thumbnailUrl":"https:\/\/cristinascocchia.it\/wp-content\/uploads\/2021\/04\/img_entrepreneurs_cristinascocchia.jpg","keywords":["Cristina Scocchia"],"articleSection":["Economia e lavoro"],"inLanguage":"it-IT","potentialAction":[{"@type":"CommentAction","name":"Comment","target":["https:\/\/www.article-marketing.eu\/comunicatistampa\/illycaffe-quotazione-e-sviluppo-delle-commerce-intervista-allad-cristina-scocchia\/#respond"]}]},{"@type":"WebPage","@id":"https:\/\/www.article-marketing.eu\/comunicatistampa\/illycaffe-quotazione-e-sviluppo-delle-commerce-intervista-allad-cristina-scocchia\/","url":"https:\/\/www.article-marketing.eu\/comunicatistampa\/illycaffe-quotazione-e-sviluppo-delle-commerce-intervista-allad-cristina-scocchia\/","name":"Illycaff\u00e8: quotazione e sviluppo dell\u2019e-commerce, intervista all\u2019AD Cristina Scocchia","isPartOf":{"@id":"https:\/\/www.article-marketing.eu\/comunicatistampa\/#website"},"primaryImageOfPage":{"@id":"https:\/\/www.article-marketing.eu\/comunicatistampa\/illycaffe-quotazione-e-sviluppo-delle-commerce-intervista-allad-cristina-scocchia\/#primaryimage"},"image":{"@id":"https:\/\/www.article-marketing.eu\/comunicatistampa\/illycaffe-quotazione-e-sviluppo-delle-commerce-intervista-allad-cristina-scocchia\/#primaryimage"},"thumbnailUrl":"https:\/\/cristinascocchia.it\/wp-content\/uploads\/2021\/04\/img_entrepreneurs_cristinascocchia.jpg","datePublished":"2022-05-31T16:45:22+00:00","author":{"@id":"https:\/\/www.article-marketing.eu\/comunicatistampa\/#\/schema\/person\/cfe0e3fe87ac4e737efb364fc81b596f"},"breadcrumb":{"@id":"https:\/\/www.article-marketing.eu\/comunicatistampa\/illycaffe-quotazione-e-sviluppo-delle-commerce-intervista-allad-cristina-scocchia\/#breadcrumb"},"inLanguage":"it-IT","potentialAction":[{"@type":"ReadAction","target":["https:\/\/www.article-marketing.eu\/comunicatistampa\/illycaffe-quotazione-e-sviluppo-delle-commerce-intervista-allad-cristina-scocchia\/"]}]},{"@type":"ImageObject","inLanguage":"it-IT","@id":"https:\/\/www.article-marketing.eu\/comunicatistampa\/illycaffe-quotazione-e-sviluppo-delle-commerce-intervista-allad-cristina-scocchia\/#primaryimage","url":"https:\/\/cristinascocchia.it\/wp-content\/uploads\/2021\/04\/img_entrepreneurs_cristinascocchia.jpg","contentUrl":"https:\/\/cristinascocchia.it\/wp-content\/uploads\/2021\/04\/img_entrepreneurs_cristinascocchia.jpg"},{"@type":"BreadcrumbList","@id":"https:\/\/www.article-marketing.eu\/comunicatistampa\/illycaffe-quotazione-e-sviluppo-delle-commerce-intervista-allad-cristina-scocchia\/#breadcrumb","itemListElement":[{"@type":"ListItem","position":1,"name":"Home","item":"https:\/\/www.article-marketing.eu\/comunicatistampa\/"},{"@type":"ListItem","position":2,"name":"Illycaff\u00e8: quotazione e sviluppo dell\u2019e-commerce, intervista all\u2019AD Cristina Scocchia"}]},{"@type":"WebSite","@id":"https:\/\/www.article-marketing.eu\/comunicatistampa\/#website","url":"https:\/\/www.article-marketing.eu\/comunicatistampa\/","name":"Article Marketing","description":"article marketing &amp; press release","potentialAction":[{"@type":"SearchAction","target":{"@type":"EntryPoint","urlTemplate":"https:\/\/www.article-marketing.eu\/comunicatistampa\/?s={search_term_string}"},"query-input":{"@type":"PropertyValueSpecification","valueRequired":true,"valueName":"search_term_string"}}],"inLanguage":"it-IT"},{"@type":"Person","@id":"https:\/\/www.article-marketing.eu\/comunicatistampa\/#\/schema\/person\/cfe0e3fe87ac4e737efb364fc81b596f","name":"officecsweb","image":{"@type":"ImageObject","inLanguage":"it-IT","@id":"https:\/\/secure.gravatar.com\/avatar\/fe6a2860ccda1397815d483f3a9a4df158a311e9771fbd77255eba4a7d3f7d49?s=96&d=mm&r=g","url":"https:\/\/secure.gravatar.com\/avatar\/fe6a2860ccda1397815d483f3a9a4df158a311e9771fbd77255eba4a7d3f7d49?s=96&d=mm&r=g","contentUrl":"https:\/\/secure.gravatar.com\/avatar\/fe6a2860ccda1397815d483f3a9a4df158a311e9771fbd77255eba4a7d3f7d49?s=96&d=mm&r=g","caption":"officecsweb"},"url":"https:\/\/www.article-marketing.eu\/comunicatistampa\/author\/officecsweb\/"}]}},"_links":{"self":[{"href":"https:\/\/www.article-marketing.eu\/comunicatistampa\/wp-json\/wp\/v2\/posts\/23370","targetHints":{"allow":["GET"]}}],"collection":[{"href":"https:\/\/www.article-marketing.eu\/comunicatistampa\/wp-json\/wp\/v2\/posts"}],"about":[{"href":"https:\/\/www.article-marketing.eu\/comunicatistampa\/wp-json\/wp\/v2\/types\/post"}],"author":[{"embeddable":true,"href":"https:\/\/www.article-marketing.eu\/comunicatistampa\/wp-json\/wp\/v2\/users\/7088"}],"replies":[{"embeddable":true,"href":"https:\/\/www.article-marketing.eu\/comunicatistampa\/wp-json\/wp\/v2\/comments?post=23370"}],"version-history":[{"count":2,"href":"https:\/\/www.article-marketing.eu\/comunicatistampa\/wp-json\/wp\/v2\/posts\/23370\/revisions"}],"predecessor-version":[{"id":23412,"href":"https:\/\/www.article-marketing.eu\/comunicatistampa\/wp-json\/wp\/v2\/posts\/23370\/revisions\/23412"}],"wp:attachment":[{"href":"https:\/\/www.article-marketing.eu\/comunicatistampa\/wp-json\/wp\/v2\/media?parent=23370"}],"wp:term":[{"taxonomy":"category","embeddable":true,"href":"https:\/\/www.article-marketing.eu\/comunicatistampa\/wp-json\/wp\/v2\/categories?post=23370"},{"taxonomy":"post_tag","embeddable":true,"href":"https:\/\/www.article-marketing.eu\/comunicatistampa\/wp-json\/wp\/v2\/tags?post=23370"}],"curies":[{"name":"wp","href":"https:\/\/api.w.org\/{rel}","templated":true}]}}