{"id":23393,"date":"2022-06-01T05:51:30","date_gmt":"2022-06-01T03:51:30","guid":{"rendered":"https:\/\/www.article-marketing.eu\/comunicatistampa\/?p=23393"},"modified":"2022-06-01T05:51:30","modified_gmt":"2022-06-01T03:51:30","slug":"lazienda-ideal-standard-tra-storia-e-riconoscimenti-il-focus","status":"publish","type":"post","link":"https:\/\/www.article-marketing.eu\/comunicatistampa\/lazienda-ideal-standard-tra-storia-e-riconoscimenti-il-focus\/","title":{"rendered":"L\u2019azienda Ideal Standard tra storia e riconoscimenti: il focus"},"content":{"rendered":"<p><em><strong>La storia di <a title=\"Ideal Standard: il profilo aziendale\" href=\"https:\/\/www.professionistieaziende.it\/ideal-standard\/ideal-standard.php\">Ideal Standard<\/a>: da oltre 100 anni collaborazioni autorevoli per accompagnare l&#8217;evoluzione della societ\u00e0 e plasmare il futuro del Modern Living.<\/strong><\/em><\/p>\n<p><a title=\"Ideal Standard: la storia dell'azienda\" href=\"https:\/\/www.professionistieaziende.it\/ideal-standard\/ideal-standard.php\"><img decoding=\"async\" src=\"https:\/\/www.professionistieaziende.it\/ideal-standard\/ideal-standard.png\" alt=\"Ideal Standard\" width=\"120\" \/><\/a><\/p>\n<h2>Ideal Standard: innovazione tecnologica, funzionalit\u00e0 e design i punti di forza dell&#8217;azienda<\/h2>\n<p>Fornire soluzioni per ambienti bagno sempre pi\u00f9 confortevoli e migliorare la vita delle persone. <strong>Ideal Standard<\/strong> si impegna da oltre 100 anni modellando le proprie proposte su tre peculiarit\u00e0 chiave: innovazione, funzionalit\u00e0, design. L&#8217;azienda ha collaborato con alcuni dei pi\u00f9 autorevoli maestri che hanno contribuito a scrivere la storia del design e, in questo ambito, a dare lustro internazionale al nostro Paese: nomi come Gi\u00f2 Ponti e Achille Castiglioni che hanno firmato alcune storiche proposte dell&#8217;azienda, riconosciute oggi come pezzi unici. Tra le prime aziende in Italia a importare e distribuire impianti costruiti con materiali innovativi, come il Vitreous-China durante gli anni &#8217;20, <strong>Ideal Standard<\/strong> ancora oggi punta fortemente sull&#8217;innovazione tecnologica progettando e realizzando proposte di qualit\u00e0: prodotti ergonomici e duraturi in grado di combinarsi tra loro per permettere al cliente di strutturare la soluzione pi\u00f9 consona alle proprie esigenze e arredare il proprio bagno ideale.<\/p>\n<h2>Ideal Standard: la collaborazione con lo Studio Palomba Serafini Associati e la nuova linea Atelier Collections<\/h2>\n<p>\u00c8 il 2018 quando <a title=\"Ideal Standard - Professionisti e Aziende\" href=\"https:\/\/www.professionistieaziende.it\/ideal-standard\/ideal-standard.php\">Ideal Standard<\/a> inizia a collaborare con lo Studio Palomba Serafini Associati. La nuova collaborazione si distingue oggi per eleganza, purezza e semplicit\u00e0 inserendosi perfettamente nella lunga e importante storia di innovazione e design che l&#8217;azienda ha costruito in oltre un secolo di attivit\u00e0 e che l&#8217;ha vista accompagnare l&#8217;evoluzione della societ\u00e0 ridefinendo il ruolo del bagno nel contesto abitativo quale luogo in cui architettura e design industriale e di prodotto si incontrano. Uno dei frutti pi\u00f9 recenti dell&#8217;importante collaborazione \u00e8 la nuova Atelier Collections, progettata nell&#8217;ottica di garantire la massima personalizzazione per l&#8217;ambiente bagno. Atelier Collections si compone di molteplici prodotti tra cui i sanitari Blend Cube e Blend Curve e le nuove serie rubinetteria Conca e Joy: presentata nel corso del Salone del Mobile 2022, rappresenta il legame tra passato, presente e futuro di <strong>Ideal Standard<\/strong> a espressione del connubio tra design, senso estetico e innovazione a cui l&#8217;azienda tende da sempre.<\/p>\n","protected":false},"excerpt":{"rendered":"<p>La storia di Ideal Standard: da oltre 100 anni collaborazioni autorevoli per accompagnare l&#8217;evoluzione della societ\u00e0 e plasmare il futuro del Modern Living. Ideal Standard: innovazione tecnologica, funzionalit\u00e0 e design i punti di forza dell&#8217;azienda Fornire soluzioni per ambienti bagno sempre pi\u00f9 confortevoli e migliorare la vita delle persone. Ideal Standard si impegna da oltre 100 anni modellando le proprie proposte su tre peculiarit\u00e0 chiave: innovazione, funzionalit\u00e0, design. L&#8217;azienda ha<\/p>\n<p><a class=\"continue-reading\" href=\"https:\/\/www.article-marketing.eu\/comunicatistampa\/lazienda-ideal-standard-tra-storia-e-riconoscimenti-il-focus\/\">Continue reading&#8230;<\/a><\/p>\n","protected":false},"author":6477,"featured_media":0,"comment_status":"open","ping_status":"open","sticky":false,"template":"","format":"standard","meta":{"_monsterinsights_skip_tracking":false,"_monsterinsights_sitenote_active":false,"_monsterinsights_sitenote_note":"","_monsterinsights_sitenote_category":0,"footnotes":""},"categories":[403],"tags":[9145],"class_list":["post-23393","post","type-post","status-publish","format-standard","hentry","category-casa","tag-ideal-standard"],"yoast_head":"<!-- This site is optimized with the Yoast SEO plugin v27.3 - https:\/\/yoast.com\/product\/yoast-seo-wordpress\/ -->\n<title>L\u2019azienda Ideal Standard tra storia e riconoscimenti: il focus<\/title>\n<meta name=\"robots\" content=\"index, follow, max-snippet:-1, max-image-preview:large, max-video-preview:-1\" \/>\n<link rel=\"canonical\" href=\"https:\/\/www.article-marketing.eu\/comunicatistampa\/lazienda-ideal-standard-tra-storia-e-riconoscimenti-il-focus\/\" \/>\n<meta property=\"og:locale\" content=\"it_IT\" \/>\n<meta property=\"og:type\" content=\"article\" \/>\n<meta property=\"og:title\" content=\"L\u2019azienda Ideal Standard tra storia e riconoscimenti: il focus\" \/>\n<meta property=\"og:description\" content=\"La storia di Ideal Standard: da oltre 100 anni collaborazioni autorevoli per accompagnare l&#8217;evoluzione della societ\u00e0 e plasmare il futuro del Modern Living. Ideal Standard: innovazione tecnologica, funzionalit\u00e0 e design i punti di forza dell&#8217;azienda Fornire soluzioni per ambienti bagno sempre pi\u00f9 confortevoli e migliorare la vita delle persone. Ideal Standard si impegna da oltre 100 anni modellando le proprie proposte su tre peculiarit\u00e0 chiave: innovazione, funzionalit\u00e0, design. L&#8217;azienda haContinue reading...\" \/>\n<meta property=\"og:url\" content=\"https:\/\/www.article-marketing.eu\/comunicatistampa\/lazienda-ideal-standard-tra-storia-e-riconoscimenti-il-focus\/\" \/>\n<meta property=\"og:site_name\" content=\"Article Marketing\" \/>\n<meta property=\"article:published_time\" content=\"2022-06-01T03:51:30+00:00\" \/>\n<meta property=\"og:image\" content=\"https:\/\/www.professionistieaziende.it\/ideal-standard\/ideal-standard.png\" \/>\n<meta name=\"author\" content=\"articolinews\" \/>\n<meta name=\"twitter:card\" content=\"summary_large_image\" \/>\n<meta name=\"twitter:label1\" content=\"Scritto da\" \/>\n\t<meta name=\"twitter:data1\" content=\"articolinews\" \/>\n\t<meta name=\"twitter:label2\" content=\"Tempo di lettura stimato\" \/>\n\t<meta name=\"twitter:data2\" content=\"3 minuti\" \/>\n<script type=\"application\/ld+json\" class=\"yoast-schema-graph\">{\"@context\":\"https:\\\/\\\/schema.org\",\"@graph\":[{\"@type\":\"Article\",\"@id\":\"https:\\\/\\\/www.article-marketing.eu\\\/comunicatistampa\\\/lazienda-ideal-standard-tra-storia-e-riconoscimenti-il-focus\\\/#article\",\"isPartOf\":{\"@id\":\"https:\\\/\\\/www.article-marketing.eu\\\/comunicatistampa\\\/lazienda-ideal-standard-tra-storia-e-riconoscimenti-il-focus\\\/\"},\"author\":{\"name\":\"articolinews\",\"@id\":\"https:\\\/\\\/www.article-marketing.eu\\\/comunicatistampa\\\/#\\\/schema\\\/person\\\/2fcaf8f8f3a9eef9eb7f27532d3ca458\"},\"headline\":\"L\u2019azienda Ideal Standard tra storia e riconoscimenti: il focus\",\"datePublished\":\"2022-06-01T03:51:30+00:00\",\"mainEntityOfPage\":{\"@id\":\"https:\\\/\\\/www.article-marketing.eu\\\/comunicatistampa\\\/lazienda-ideal-standard-tra-storia-e-riconoscimenti-il-focus\\\/\"},\"wordCount\":358,\"commentCount\":0,\"image\":{\"@id\":\"https:\\\/\\\/www.article-marketing.eu\\\/comunicatistampa\\\/lazienda-ideal-standard-tra-storia-e-riconoscimenti-il-focus\\\/#primaryimage\"},\"thumbnailUrl\":\"https:\\\/\\\/www.professionistieaziende.it\\\/ideal-standard\\\/ideal-standard.png\",\"keywords\":[\"Ideal Standard\"],\"articleSection\":[\"Casa\"],\"inLanguage\":\"it-IT\",\"potentialAction\":[{\"@type\":\"CommentAction\",\"name\":\"Comment\",\"target\":[\"https:\\\/\\\/www.article-marketing.eu\\\/comunicatistampa\\\/lazienda-ideal-standard-tra-storia-e-riconoscimenti-il-focus\\\/#respond\"]}]},{\"@type\":\"WebPage\",\"@id\":\"https:\\\/\\\/www.article-marketing.eu\\\/comunicatistampa\\\/lazienda-ideal-standard-tra-storia-e-riconoscimenti-il-focus\\\/\",\"url\":\"https:\\\/\\\/www.article-marketing.eu\\\/comunicatistampa\\\/lazienda-ideal-standard-tra-storia-e-riconoscimenti-il-focus\\\/\",\"name\":\"L\u2019azienda Ideal Standard tra storia e riconoscimenti: il focus\",\"isPartOf\":{\"@id\":\"https:\\\/\\\/www.article-marketing.eu\\\/comunicatistampa\\\/#website\"},\"primaryImageOfPage\":{\"@id\":\"https:\\\/\\\/www.article-marketing.eu\\\/comunicatistampa\\\/lazienda-ideal-standard-tra-storia-e-riconoscimenti-il-focus\\\/#primaryimage\"},\"image\":{\"@id\":\"https:\\\/\\\/www.article-marketing.eu\\\/comunicatistampa\\\/lazienda-ideal-standard-tra-storia-e-riconoscimenti-il-focus\\\/#primaryimage\"},\"thumbnailUrl\":\"https:\\\/\\\/www.professionistieaziende.it\\\/ideal-standard\\\/ideal-standard.png\",\"datePublished\":\"2022-06-01T03:51:30+00:00\",\"author\":{\"@id\":\"https:\\\/\\\/www.article-marketing.eu\\\/comunicatistampa\\\/#\\\/schema\\\/person\\\/2fcaf8f8f3a9eef9eb7f27532d3ca458\"},\"breadcrumb\":{\"@id\":\"https:\\\/\\\/www.article-marketing.eu\\\/comunicatistampa\\\/lazienda-ideal-standard-tra-storia-e-riconoscimenti-il-focus\\\/#breadcrumb\"},\"inLanguage\":\"it-IT\",\"potentialAction\":[{\"@type\":\"ReadAction\",\"target\":[\"https:\\\/\\\/www.article-marketing.eu\\\/comunicatistampa\\\/lazienda-ideal-standard-tra-storia-e-riconoscimenti-il-focus\\\/\"]}]},{\"@type\":\"ImageObject\",\"inLanguage\":\"it-IT\",\"@id\":\"https:\\\/\\\/www.article-marketing.eu\\\/comunicatistampa\\\/lazienda-ideal-standard-tra-storia-e-riconoscimenti-il-focus\\\/#primaryimage\",\"url\":\"https:\\\/\\\/www.professionistieaziende.it\\\/ideal-standard\\\/ideal-standard.png\",\"contentUrl\":\"https:\\\/\\\/www.professionistieaziende.it\\\/ideal-standard\\\/ideal-standard.png\"},{\"@type\":\"BreadcrumbList\",\"@id\":\"https:\\\/\\\/www.article-marketing.eu\\\/comunicatistampa\\\/lazienda-ideal-standard-tra-storia-e-riconoscimenti-il-focus\\\/#breadcrumb\",\"itemListElement\":[{\"@type\":\"ListItem\",\"position\":1,\"name\":\"Home\",\"item\":\"https:\\\/\\\/www.article-marketing.eu\\\/comunicatistampa\\\/\"},{\"@type\":\"ListItem\",\"position\":2,\"name\":\"L\u2019azienda Ideal Standard tra storia e riconoscimenti: il focus\"}]},{\"@type\":\"WebSite\",\"@id\":\"https:\\\/\\\/www.article-marketing.eu\\\/comunicatistampa\\\/#website\",\"url\":\"https:\\\/\\\/www.article-marketing.eu\\\/comunicatistampa\\\/\",\"name\":\"Article Marketing\",\"description\":\"article marketing &amp; press release\",\"potentialAction\":[{\"@type\":\"SearchAction\",\"target\":{\"@type\":\"EntryPoint\",\"urlTemplate\":\"https:\\\/\\\/www.article-marketing.eu\\\/comunicatistampa\\\/?s={search_term_string}\"},\"query-input\":{\"@type\":\"PropertyValueSpecification\",\"valueRequired\":true,\"valueName\":\"search_term_string\"}}],\"inLanguage\":\"it-IT\"},{\"@type\":\"Person\",\"@id\":\"https:\\\/\\\/www.article-marketing.eu\\\/comunicatistampa\\\/#\\\/schema\\\/person\\\/2fcaf8f8f3a9eef9eb7f27532d3ca458\",\"name\":\"articolinews\",\"image\":{\"@type\":\"ImageObject\",\"inLanguage\":\"it-IT\",\"@id\":\"https:\\\/\\\/secure.gravatar.com\\\/avatar\\\/9e2a264bab04e17dea24d937c9956304649a848cb73c46747a692ff1bdeb1cb7?s=96&d=mm&r=g\",\"url\":\"https:\\\/\\\/secure.gravatar.com\\\/avatar\\\/9e2a264bab04e17dea24d937c9956304649a848cb73c46747a692ff1bdeb1cb7?s=96&d=mm&r=g\",\"contentUrl\":\"https:\\\/\\\/secure.gravatar.com\\\/avatar\\\/9e2a264bab04e17dea24d937c9956304649a848cb73c46747a692ff1bdeb1cb7?s=96&d=mm&r=g\",\"caption\":\"articolinews\"},\"url\":\"https:\\\/\\\/www.article-marketing.eu\\\/comunicatistampa\\\/author\\\/articolinews\\\/\"}]}<\/script>\n<!-- \/ Yoast SEO plugin. -->","yoast_head_json":{"title":"L\u2019azienda Ideal Standard tra storia e riconoscimenti: il focus","robots":{"index":"index","follow":"follow","max-snippet":"max-snippet:-1","max-image-preview":"max-image-preview:large","max-video-preview":"max-video-preview:-1"},"canonical":"https:\/\/www.article-marketing.eu\/comunicatistampa\/lazienda-ideal-standard-tra-storia-e-riconoscimenti-il-focus\/","og_locale":"it_IT","og_type":"article","og_title":"L\u2019azienda Ideal Standard tra storia e riconoscimenti: il focus","og_description":"La storia di Ideal Standard: da oltre 100 anni collaborazioni autorevoli per accompagnare l&#8217;evoluzione della societ\u00e0 e plasmare il futuro del Modern Living. Ideal Standard: innovazione tecnologica, funzionalit\u00e0 e design i punti di forza dell&#8217;azienda Fornire soluzioni per ambienti bagno sempre pi\u00f9 confortevoli e migliorare la vita delle persone. Ideal Standard si impegna da oltre 100 anni modellando le proprie proposte su tre peculiarit\u00e0 chiave: innovazione, funzionalit\u00e0, design. L&#8217;azienda haContinue reading...","og_url":"https:\/\/www.article-marketing.eu\/comunicatistampa\/lazienda-ideal-standard-tra-storia-e-riconoscimenti-il-focus\/","og_site_name":"Article Marketing","article_published_time":"2022-06-01T03:51:30+00:00","og_image":[{"url":"https:\/\/www.professionistieaziende.it\/ideal-standard\/ideal-standard.png","type":"","width":"","height":""}],"author":"articolinews","twitter_card":"summary_large_image","twitter_misc":{"Scritto da":"articolinews","Tempo di lettura stimato":"3 minuti"},"schema":{"@context":"https:\/\/schema.org","@graph":[{"@type":"Article","@id":"https:\/\/www.article-marketing.eu\/comunicatistampa\/lazienda-ideal-standard-tra-storia-e-riconoscimenti-il-focus\/#article","isPartOf":{"@id":"https:\/\/www.article-marketing.eu\/comunicatistampa\/lazienda-ideal-standard-tra-storia-e-riconoscimenti-il-focus\/"},"author":{"name":"articolinews","@id":"https:\/\/www.article-marketing.eu\/comunicatistampa\/#\/schema\/person\/2fcaf8f8f3a9eef9eb7f27532d3ca458"},"headline":"L\u2019azienda Ideal Standard tra storia e riconoscimenti: il focus","datePublished":"2022-06-01T03:51:30+00:00","mainEntityOfPage":{"@id":"https:\/\/www.article-marketing.eu\/comunicatistampa\/lazienda-ideal-standard-tra-storia-e-riconoscimenti-il-focus\/"},"wordCount":358,"commentCount":0,"image":{"@id":"https:\/\/www.article-marketing.eu\/comunicatistampa\/lazienda-ideal-standard-tra-storia-e-riconoscimenti-il-focus\/#primaryimage"},"thumbnailUrl":"https:\/\/www.professionistieaziende.it\/ideal-standard\/ideal-standard.png","keywords":["Ideal Standard"],"articleSection":["Casa"],"inLanguage":"it-IT","potentialAction":[{"@type":"CommentAction","name":"Comment","target":["https:\/\/www.article-marketing.eu\/comunicatistampa\/lazienda-ideal-standard-tra-storia-e-riconoscimenti-il-focus\/#respond"]}]},{"@type":"WebPage","@id":"https:\/\/www.article-marketing.eu\/comunicatistampa\/lazienda-ideal-standard-tra-storia-e-riconoscimenti-il-focus\/","url":"https:\/\/www.article-marketing.eu\/comunicatistampa\/lazienda-ideal-standard-tra-storia-e-riconoscimenti-il-focus\/","name":"L\u2019azienda Ideal Standard tra storia e riconoscimenti: il focus","isPartOf":{"@id":"https:\/\/www.article-marketing.eu\/comunicatistampa\/#website"},"primaryImageOfPage":{"@id":"https:\/\/www.article-marketing.eu\/comunicatistampa\/lazienda-ideal-standard-tra-storia-e-riconoscimenti-il-focus\/#primaryimage"},"image":{"@id":"https:\/\/www.article-marketing.eu\/comunicatistampa\/lazienda-ideal-standard-tra-storia-e-riconoscimenti-il-focus\/#primaryimage"},"thumbnailUrl":"https:\/\/www.professionistieaziende.it\/ideal-standard\/ideal-standard.png","datePublished":"2022-06-01T03:51:30+00:00","author":{"@id":"https:\/\/www.article-marketing.eu\/comunicatistampa\/#\/schema\/person\/2fcaf8f8f3a9eef9eb7f27532d3ca458"},"breadcrumb":{"@id":"https:\/\/www.article-marketing.eu\/comunicatistampa\/lazienda-ideal-standard-tra-storia-e-riconoscimenti-il-focus\/#breadcrumb"},"inLanguage":"it-IT","potentialAction":[{"@type":"ReadAction","target":["https:\/\/www.article-marketing.eu\/comunicatistampa\/lazienda-ideal-standard-tra-storia-e-riconoscimenti-il-focus\/"]}]},{"@type":"ImageObject","inLanguage":"it-IT","@id":"https:\/\/www.article-marketing.eu\/comunicatistampa\/lazienda-ideal-standard-tra-storia-e-riconoscimenti-il-focus\/#primaryimage","url":"https:\/\/www.professionistieaziende.it\/ideal-standard\/ideal-standard.png","contentUrl":"https:\/\/www.professionistieaziende.it\/ideal-standard\/ideal-standard.png"},{"@type":"BreadcrumbList","@id":"https:\/\/www.article-marketing.eu\/comunicatistampa\/lazienda-ideal-standard-tra-storia-e-riconoscimenti-il-focus\/#breadcrumb","itemListElement":[{"@type":"ListItem","position":1,"name":"Home","item":"https:\/\/www.article-marketing.eu\/comunicatistampa\/"},{"@type":"ListItem","position":2,"name":"L\u2019azienda Ideal Standard tra storia e riconoscimenti: il focus"}]},{"@type":"WebSite","@id":"https:\/\/www.article-marketing.eu\/comunicatistampa\/#website","url":"https:\/\/www.article-marketing.eu\/comunicatistampa\/","name":"Article Marketing","description":"article marketing &amp; press release","potentialAction":[{"@type":"SearchAction","target":{"@type":"EntryPoint","urlTemplate":"https:\/\/www.article-marketing.eu\/comunicatistampa\/?s={search_term_string}"},"query-input":{"@type":"PropertyValueSpecification","valueRequired":true,"valueName":"search_term_string"}}],"inLanguage":"it-IT"},{"@type":"Person","@id":"https:\/\/www.article-marketing.eu\/comunicatistampa\/#\/schema\/person\/2fcaf8f8f3a9eef9eb7f27532d3ca458","name":"articolinews","image":{"@type":"ImageObject","inLanguage":"it-IT","@id":"https:\/\/secure.gravatar.com\/avatar\/9e2a264bab04e17dea24d937c9956304649a848cb73c46747a692ff1bdeb1cb7?s=96&d=mm&r=g","url":"https:\/\/secure.gravatar.com\/avatar\/9e2a264bab04e17dea24d937c9956304649a848cb73c46747a692ff1bdeb1cb7?s=96&d=mm&r=g","contentUrl":"https:\/\/secure.gravatar.com\/avatar\/9e2a264bab04e17dea24d937c9956304649a848cb73c46747a692ff1bdeb1cb7?s=96&d=mm&r=g","caption":"articolinews"},"url":"https:\/\/www.article-marketing.eu\/comunicatistampa\/author\/articolinews\/"}]}},"_links":{"self":[{"href":"https:\/\/www.article-marketing.eu\/comunicatistampa\/wp-json\/wp\/v2\/posts\/23393","targetHints":{"allow":["GET"]}}],"collection":[{"href":"https:\/\/www.article-marketing.eu\/comunicatistampa\/wp-json\/wp\/v2\/posts"}],"about":[{"href":"https:\/\/www.article-marketing.eu\/comunicatistampa\/wp-json\/wp\/v2\/types\/post"}],"author":[{"embeddable":true,"href":"https:\/\/www.article-marketing.eu\/comunicatistampa\/wp-json\/wp\/v2\/users\/6477"}],"replies":[{"embeddable":true,"href":"https:\/\/www.article-marketing.eu\/comunicatistampa\/wp-json\/wp\/v2\/comments?post=23393"}],"version-history":[{"count":2,"href":"https:\/\/www.article-marketing.eu\/comunicatistampa\/wp-json\/wp\/v2\/posts\/23393\/revisions"}],"predecessor-version":[{"id":23424,"href":"https:\/\/www.article-marketing.eu\/comunicatistampa\/wp-json\/wp\/v2\/posts\/23393\/revisions\/23424"}],"wp:attachment":[{"href":"https:\/\/www.article-marketing.eu\/comunicatistampa\/wp-json\/wp\/v2\/media?parent=23393"}],"wp:term":[{"taxonomy":"category","embeddable":true,"href":"https:\/\/www.article-marketing.eu\/comunicatistampa\/wp-json\/wp\/v2\/categories?post=23393"},{"taxonomy":"post_tag","embeddable":true,"href":"https:\/\/www.article-marketing.eu\/comunicatistampa\/wp-json\/wp\/v2\/tags?post=23393"}],"curies":[{"name":"wp","href":"https:\/\/api.w.org\/{rel}","templated":true}]}}