{"id":23479,"date":"2022-06-15T19:06:53","date_gmt":"2022-06-15T17:06:53","guid":{"rendered":"https:\/\/www.article-marketing.eu\/comunicatistampa\/?p=23479"},"modified":"2022-06-15T19:06:53","modified_gmt":"2022-06-15T17:06:53","slug":"giornata-ambiente-vademecum-dellordine-dei-dottori-agronomi-e-forestali-scaligeri-per-la-gestione-del-verde","status":"publish","type":"post","link":"https:\/\/www.article-marketing.eu\/comunicatistampa\/giornata-ambiente-vademecum-dellordine-dei-dottori-agronomi-e-forestali-scaligeri-per-la-gestione-del-verde\/","title":{"rendered":"Giornata Ambiente. Vademecum dell&#8217;Ordine dei dottori agronomi e forestali scaligeri per la gestione del verde"},"content":{"rendered":"<p><strong>Per contrastare l\u2019impatto ambientale dei cambiamenti climatici<\/strong> nelle nostre citt\u00e0 <strong>serve una<\/strong> <strong>maggiore cura del verde<\/strong> sia da parte delle Pubbliche Amministrazioni che dei privati. Gestire in modo corretto il patrimonio di piante e alberi significa purificare l\u2019aria, migliorare la vita delle persone, preservare l\u2019acqua e rendere pi\u00f9 bello il paesaggio che acquista maggior valore economico. Per sensibilizzare il settore pubblico e i privati su un\u2019adeguata attenzione e manutenzione di parchi, giardini e siepi, l<strong>\u2019Ordine dei dottori agronomi e dottori forestali della Provincia di Verona<\/strong>, in occasione della Giornata dell\u2019Ambiente che si celebra domenica 5 giugno, <strong>ha predisposto un vademecum pratico.<\/strong><\/p>\n<p>Gli alberi e tutte le altre piante, infatti, oltre ad avere un valore estetico sono necessarie per puri\ufb01care l\u2019aria, producono ossigeno, riducono l\u2019anidride carbonica, catturano polveri, particolati e PM10, agiscono come barriere acustiche e visive e aiutano a risparmiare energia grazie al potere rinfrescante in estate ed alla protezione dai freddi venti in inverno.<\/p>\n<p><strong>Una pianta adulta \u00e8 capace di catturare dall\u2019aria dai 100 ai 250 grammi di polveri sottili<\/strong> mentre un ettaro di piante \u00e8 in grado di aspirare dall\u2019ambiente ben 20mila chili di anidride carbonica (CO2) all\u2019anno. Da non dimenticare gli effetti di mitigazione sui microclimi metropolitani visto che la differenza di temperatura estiva delle aree urbane rispetto a quelle rurali raggiunge spesso valori superiori a 2\u00b0C nelle citt\u00e0 pi\u00f9 grandi, secondo uno studio Ispra.<\/p>\n<p><strong>Gli spazi verdi nelle citt\u00e0 inoltre vanno progettati con piante adeguate ai cambiamenti climatici,<\/strong> come i lunghi periodi siccitosi, favorendo la diffusione del verde pubblico e privato con le essenze pi\u00f9 adatte alle condizioni climatiche e ambientali dei singoli territori.<\/p>\n<p>\u201cSe le piante non sono gestite in modo adeguato \u2013 spiega il <strong>presidente dell\u2019Ordine Lorenzo Tosi<\/strong> &#8211; il rischio \u00e8 quello di avere alberi piantati correttamente ma non utili ed efficaci per la riduzione dell\u2019inquinamento urbano o per contrastare gli effetti del clima. Molte pubbliche Amministrazioni, come Verona, hanno adottato specifici regolamenti ma sono ancora numerosi i Comuni e i privati che non prestano abbastanza attenzione alle piante o non si affidano a professionisti competenti. Il verde \u00e8 un vero alleato dei cittadini per le sue funzioni sull\u2019ambiente e sul paesaggio con un significativo valore economico. <strong>Gestire bene le piante e gli alberi significa migliorare la qualit\u00e0 della vita delle persone, migliorare il paesaggio e risparmiare risorse come l\u2019acqua,<\/strong> bene sempre pi\u00f9 prezioso in periodi di siccit\u00e0 come questo. Invitiamo tutti coloro che hanno piante e giardini a leggere il vademecum per salvaguardare un patrimonio che non appartiene solo ai proprietari ma \u00e8 soprattutto collettivo\u201d.<\/p>\n<p>&nbsp;<\/p>\n<p><strong>VADEMECUM PER LA GESTIONE CORRETTA DELLE PIANTE<\/strong><\/p>\n<p>1: <strong>Gli alberi in citt\u00e0 devono essere potati<\/strong><\/p>\n<p>Gli alberi devono essere curati, nel pieno rispetto della loro struttura, e della loro capacit\u00e0 di adattarsi all\u2019ambiente frutto di milioni di anni di evoluzione.<\/p>\n<p>2: <strong>Conoscere le responsabilit\u00e0 per la gestione delle piante<\/strong><\/p>\n<p>Tutti gli attori coinvolti nella gestione delle piante sono responsabili della salute della pianta e dei danni che essa pu\u00f2 arrecare a terzi. Affidarsi a personale qualificato permette di gestire al meglio queste responsabilit\u00e0.<\/p>\n<p>Gli attori coinvolti nella gestione degli alberi urbani sono: il proprietario\/gestore che possiede le piante e che normalmente richiede l\u2019intervento di potatura. Il tecnico: \u00e8 il professionista che valuta lo stato di salute della pianta ed il rischio ad essa connesso. Individua e propone gli interventi (se necessari) atti a mitigare il livello di rischio. L\u2019operatore: colui che opera seguendo le prescrizioni del tecnico.<\/p>\n<p>3:<strong> Mettere a dimora piante adatte ai cambiamenti climatici<\/strong><\/p>\n<p>Nella progettazione del verde urbano o privato \u00e8 importante scegliere specie di piante che siano in grado di vivere in un microclima, quello urbano, talvolta molto diverso da quello dell\u2019immediata periferia rurale. Non esiste un vademecum delle specie migliori da mettere a dimora, piuttosto \u00e8 importante valutare bene il sito di impianto sotto i molteplici aspetti che lo compongono. Si deve porre attenzione al suolo, alla disponibilit\u00e0 di spazio, alla luce e a qualsiasi possibile interferenza ambientale tipica delle citt\u00e0. Per i motivi descritti non vale la regola di scegliere la specie autoctona poich\u00e9 la citt\u00e0 \u00e8 un ecosistema a parte. Vale piuttosto l\u2019orientamento di scegliere la specie pi\u00f9 idonea e performante per contrastare i cambiamenti climatici.<\/p>\n<p>4: <strong>Potare il giusto al momento giusto<\/strong><\/p>\n<p>Potare troppo una pianta significa indebolirla. Una potatura corretta dovrebbe asportare non pi\u00f9 del 15-20% della chioma per non creare pericolosi squilibri nella pianta.<\/p>\n<p>Le piante caducifoglie possono essere potate sia durante la stasi autunno-invernale che in estate (potatura verde). Bisogna evitare di potare le piante quando hanno da poco aperto le gemme (le si sottopone ad un inutile stress energetico) ed in autunno, quando la pianta si sta preparando per il riposo invernale e l\u2019ambiente \u00e8 ricco delle spore dei funghi cariogeni, pericolosi nemici delle piante, che potrebbero pi\u00f9 facilmente infettare le ferite.<\/p>\n<p>5: <strong>Curare le ferite delle piante con prodotti adeguati<\/strong><\/p>\n<p>Le piante, durante tutta la loro evoluzione, hanno sviluppato sistemi per difendersi dalle ferite. \u00c8 stato ampiamente dimostrato che l\u2019utilizzo di prodotti come il mastice \u00e8 addirittura dannoso per le piante. Occorre non recidere il colletto (l\u2019attaccatura del ramo tagliato) e lasciar asciugare le ferite. Potare con la pioggia facilita la penetrazione di funghi cariogeni. Eventualmente si pu\u00f2 intervenire con l\u2019irrorazione delle ferite con prodotti disinfettanti appositamente studiati.<\/p>\n<p>6: <strong>Le piante hanno valore <\/strong><\/p>\n<p>Grazie a moderni algoritmi sviluppati da professionisti in collaborazione con Universit\u00e0 italiane ed estere, oggi i professionisti sono in grado di stimare il valore economico di una pianta. Tale valore economico \u00e8 dato dall\u2019impatto estetico, dalle condizioni di salute, ma anche dalla stima del valore dei benefici ambientali apportati dalle piante. Le piante hanno l\u2019importante ruolo di fungere da \u201cspazzini\u201d delle polveri sottili (PM10) che danno problemi respiratori nelle citt\u00e0.<\/p>\n<p>7: <strong>Servirsi di professionisti per la cura degli alberi<\/strong><\/p>\n<p>Il consiglio dell\u2019Ordine dei dottori agronomi e forestali \u00e8 di affidarsi a persone esperte e qualificate in materia arboricolturale.<\/p>\n<p>8: <strong>Conoscere i regolamenti a tutela delle piante<\/strong><\/p>\n<p>Il Comune di Verona ha adottato uno specifico regolamento (reperibile sul sito istituzionale del Comune). Nel documento sono riportate le normative di riferimento e le schede tecniche in grado di guidare il cittadino nella scelta del miglior piano gestionale comprese le sanzioni per danneggiamento alberi, come potature errate o scavi che ne possano compromettere l\u2019apparato radicale.<\/p>\n<p>&nbsp;<\/p>\n<p>&nbsp;<\/p>\n<p>&nbsp;<\/p>\n<p>&nbsp;<\/p>\n","protected":false},"excerpt":{"rendered":"<p>Per contrastare l\u2019impatto ambientale dei cambiamenti climatici nelle nostre citt\u00e0 serve una maggiore cura del verde sia da parte delle Pubbliche Amministrazioni che dei privati. Gestire in modo corretto il patrimonio di piante e alberi significa purificare l\u2019aria, migliorare la vita delle persone, preservare l\u2019acqua e rendere pi\u00f9 bello il paesaggio che acquista maggior valore economico. Per sensibilizzare il settore pubblico e i privati su un\u2019adeguata attenzione e manutenzione di<\/p>\n<p><a class=\"continue-reading\" href=\"https:\/\/www.article-marketing.eu\/comunicatistampa\/giornata-ambiente-vademecum-dellordine-dei-dottori-agronomi-e-forestali-scaligeri-per-la-gestione-del-verde\/\">Continue reading&#8230;<\/a><\/p>\n","protected":false},"author":7225,"featured_media":0,"comment_status":"open","ping_status":"open","sticky":false,"template":"","format":"standard","meta":{"_monsterinsights_skip_tracking":false,"_monsterinsights_sitenote_active":false,"_monsterinsights_sitenote_note":"","_monsterinsights_sitenote_category":0,"footnotes":""},"categories":[416,367,369],"tags":[],"class_list":["post-23479","post","type-post","status-publish","format-standard","hentry","category-ambiente","category-news-e-attualita","category-salute-e-benessere"],"yoast_head":"<!-- This site is optimized with the Yoast SEO plugin v27.3 - https:\/\/yoast.com\/product\/yoast-seo-wordpress\/ -->\n<title>Giornata Ambiente. Vademecum dell&#039;Ordine dei dottori agronomi e forestali scaligeri per la gestione del verde<\/title>\n<meta name=\"description\" content=\"La corretta gestione del verde pubblico e privato significa migliorare la vita delle persone, purificare l\u2019aria, preservare l\u2019acqua e rendere pi\u00f9 bello il paesaggio che acquista maggior valore economico\" \/>\n<meta name=\"robots\" content=\"index, follow, max-snippet:-1, max-image-preview:large, max-video-preview:-1\" \/>\n<link rel=\"canonical\" href=\"https:\/\/www.article-marketing.eu\/comunicatistampa\/giornata-ambiente-vademecum-dellordine-dei-dottori-agronomi-e-forestali-scaligeri-per-la-gestione-del-verde\/\" \/>\n<meta property=\"og:locale\" content=\"it_IT\" \/>\n<meta property=\"og:type\" content=\"article\" \/>\n<meta property=\"og:title\" content=\"Giornata Ambiente. Vademecum dell&#039;Ordine dei dottori agronomi e forestali scaligeri per la gestione del verde\" \/>\n<meta property=\"og:description\" content=\"La corretta gestione del verde pubblico e privato significa migliorare la vita delle persone, purificare l\u2019aria, preservare l\u2019acqua e rendere pi\u00f9 bello il paesaggio che acquista maggior valore economico\" \/>\n<meta property=\"og:url\" content=\"https:\/\/www.article-marketing.eu\/comunicatistampa\/giornata-ambiente-vademecum-dellordine-dei-dottori-agronomi-e-forestali-scaligeri-per-la-gestione-del-verde\/\" \/>\n<meta property=\"og:site_name\" content=\"Article Marketing\" \/>\n<meta property=\"article:published_time\" content=\"2022-06-15T17:06:53+00:00\" \/>\n<meta name=\"author\" content=\"Atomica Comunicazione\" \/>\n<meta name=\"twitter:card\" content=\"summary_large_image\" \/>\n<meta name=\"twitter:label1\" content=\"Scritto da\" \/>\n\t<meta name=\"twitter:data1\" content=\"Atomica Comunicazione\" \/>\n\t<meta name=\"twitter:label2\" content=\"Tempo di lettura stimato\" \/>\n\t<meta name=\"twitter:data2\" content=\"6 minuti\" \/>\n<script type=\"application\/ld+json\" class=\"yoast-schema-graph\">{\"@context\":\"https:\\\/\\\/schema.org\",\"@graph\":[{\"@type\":\"Article\",\"@id\":\"https:\\\/\\\/www.article-marketing.eu\\\/comunicatistampa\\\/giornata-ambiente-vademecum-dellordine-dei-dottori-agronomi-e-forestali-scaligeri-per-la-gestione-del-verde\\\/#article\",\"isPartOf\":{\"@id\":\"https:\\\/\\\/www.article-marketing.eu\\\/comunicatistampa\\\/giornata-ambiente-vademecum-dellordine-dei-dottori-agronomi-e-forestali-scaligeri-per-la-gestione-del-verde\\\/\"},\"author\":{\"name\":\"Atomica Comunicazione\",\"@id\":\"https:\\\/\\\/www.article-marketing.eu\\\/comunicatistampa\\\/#\\\/schema\\\/person\\\/003f2c82abc62b3d0e3ffd9840f85ee4\"},\"headline\":\"Giornata Ambiente. Vademecum dell&#8217;Ordine dei dottori agronomi e forestali scaligeri per la gestione del verde\",\"datePublished\":\"2022-06-15T17:06:53+00:00\",\"mainEntityOfPage\":{\"@id\":\"https:\\\/\\\/www.article-marketing.eu\\\/comunicatistampa\\\/giornata-ambiente-vademecum-dellordine-dei-dottori-agronomi-e-forestali-scaligeri-per-la-gestione-del-verde\\\/\"},\"wordCount\":1065,\"commentCount\":0,\"articleSection\":[\"Ambiente\",\"News e Attualit\u00e0\",\"Salute e benessere\"],\"inLanguage\":\"it-IT\",\"potentialAction\":[{\"@type\":\"CommentAction\",\"name\":\"Comment\",\"target\":[\"https:\\\/\\\/www.article-marketing.eu\\\/comunicatistampa\\\/giornata-ambiente-vademecum-dellordine-dei-dottori-agronomi-e-forestali-scaligeri-per-la-gestione-del-verde\\\/#respond\"]}]},{\"@type\":\"WebPage\",\"@id\":\"https:\\\/\\\/www.article-marketing.eu\\\/comunicatistampa\\\/giornata-ambiente-vademecum-dellordine-dei-dottori-agronomi-e-forestali-scaligeri-per-la-gestione-del-verde\\\/\",\"url\":\"https:\\\/\\\/www.article-marketing.eu\\\/comunicatistampa\\\/giornata-ambiente-vademecum-dellordine-dei-dottori-agronomi-e-forestali-scaligeri-per-la-gestione-del-verde\\\/\",\"name\":\"Giornata Ambiente. Vademecum dell'Ordine dei dottori agronomi e forestali scaligeri per la gestione del verde\",\"isPartOf\":{\"@id\":\"https:\\\/\\\/www.article-marketing.eu\\\/comunicatistampa\\\/#website\"},\"datePublished\":\"2022-06-15T17:06:53+00:00\",\"author\":{\"@id\":\"https:\\\/\\\/www.article-marketing.eu\\\/comunicatistampa\\\/#\\\/schema\\\/person\\\/003f2c82abc62b3d0e3ffd9840f85ee4\"},\"description\":\"La corretta gestione del verde pubblico e privato significa migliorare la vita delle persone, purificare l\u2019aria, preservare l\u2019acqua e rendere pi\u00f9 bello il paesaggio che acquista maggior valore economico\",\"breadcrumb\":{\"@id\":\"https:\\\/\\\/www.article-marketing.eu\\\/comunicatistampa\\\/giornata-ambiente-vademecum-dellordine-dei-dottori-agronomi-e-forestali-scaligeri-per-la-gestione-del-verde\\\/#breadcrumb\"},\"inLanguage\":\"it-IT\",\"potentialAction\":[{\"@type\":\"ReadAction\",\"target\":[\"https:\\\/\\\/www.article-marketing.eu\\\/comunicatistampa\\\/giornata-ambiente-vademecum-dellordine-dei-dottori-agronomi-e-forestali-scaligeri-per-la-gestione-del-verde\\\/\"]}]},{\"@type\":\"BreadcrumbList\",\"@id\":\"https:\\\/\\\/www.article-marketing.eu\\\/comunicatistampa\\\/giornata-ambiente-vademecum-dellordine-dei-dottori-agronomi-e-forestali-scaligeri-per-la-gestione-del-verde\\\/#breadcrumb\",\"itemListElement\":[{\"@type\":\"ListItem\",\"position\":1,\"name\":\"Home\",\"item\":\"https:\\\/\\\/www.article-marketing.eu\\\/comunicatistampa\\\/\"},{\"@type\":\"ListItem\",\"position\":2,\"name\":\"Giornata Ambiente. Vademecum dell&#8217;Ordine dei dottori agronomi e forestali scaligeri per la gestione del verde\"}]},{\"@type\":\"WebSite\",\"@id\":\"https:\\\/\\\/www.article-marketing.eu\\\/comunicatistampa\\\/#website\",\"url\":\"https:\\\/\\\/www.article-marketing.eu\\\/comunicatistampa\\\/\",\"name\":\"Article Marketing\",\"description\":\"article marketing &amp; press release\",\"potentialAction\":[{\"@type\":\"SearchAction\",\"target\":{\"@type\":\"EntryPoint\",\"urlTemplate\":\"https:\\\/\\\/www.article-marketing.eu\\\/comunicatistampa\\\/?s={search_term_string}\"},\"query-input\":{\"@type\":\"PropertyValueSpecification\",\"valueRequired\":true,\"valueName\":\"search_term_string\"}}],\"inLanguage\":\"it-IT\"},{\"@type\":\"Person\",\"@id\":\"https:\\\/\\\/www.article-marketing.eu\\\/comunicatistampa\\\/#\\\/schema\\\/person\\\/003f2c82abc62b3d0e3ffd9840f85ee4\",\"name\":\"Atomica Comunicazione\",\"image\":{\"@type\":\"ImageObject\",\"inLanguage\":\"it-IT\",\"@id\":\"https:\\\/\\\/secure.gravatar.com\\\/avatar\\\/dd8ec421a4a751aa06d5d740be819407bfa775b9db3e27df542fc9a7b0b2d601?s=96&d=mm&r=g\",\"url\":\"https:\\\/\\\/secure.gravatar.com\\\/avatar\\\/dd8ec421a4a751aa06d5d740be819407bfa775b9db3e27df542fc9a7b0b2d601?s=96&d=mm&r=g\",\"contentUrl\":\"https:\\\/\\\/secure.gravatar.com\\\/avatar\\\/dd8ec421a4a751aa06d5d740be819407bfa775b9db3e27df542fc9a7b0b2d601?s=96&d=mm&r=g\",\"caption\":\"Atomica Comunicazione\"},\"url\":\"https:\\\/\\\/www.article-marketing.eu\\\/comunicatistampa\\\/author\\\/atomica-comunicazione\\\/\"}]}<\/script>\n<!-- \/ Yoast SEO plugin. -->","yoast_head_json":{"title":"Giornata Ambiente. Vademecum dell'Ordine dei dottori agronomi e forestali scaligeri per la gestione del verde","description":"La corretta gestione del verde pubblico e privato significa migliorare la vita delle persone, purificare l\u2019aria, preservare l\u2019acqua e rendere pi\u00f9 bello il paesaggio che acquista maggior valore economico","robots":{"index":"index","follow":"follow","max-snippet":"max-snippet:-1","max-image-preview":"max-image-preview:large","max-video-preview":"max-video-preview:-1"},"canonical":"https:\/\/www.article-marketing.eu\/comunicatistampa\/giornata-ambiente-vademecum-dellordine-dei-dottori-agronomi-e-forestali-scaligeri-per-la-gestione-del-verde\/","og_locale":"it_IT","og_type":"article","og_title":"Giornata Ambiente. Vademecum dell'Ordine dei dottori agronomi e forestali scaligeri per la gestione del verde","og_description":"La corretta gestione del verde pubblico e privato significa migliorare la vita delle persone, purificare l\u2019aria, preservare l\u2019acqua e rendere pi\u00f9 bello il paesaggio che acquista maggior valore economico","og_url":"https:\/\/www.article-marketing.eu\/comunicatistampa\/giornata-ambiente-vademecum-dellordine-dei-dottori-agronomi-e-forestali-scaligeri-per-la-gestione-del-verde\/","og_site_name":"Article Marketing","article_published_time":"2022-06-15T17:06:53+00:00","author":"Atomica Comunicazione","twitter_card":"summary_large_image","twitter_misc":{"Scritto da":"Atomica Comunicazione","Tempo di lettura stimato":"6 minuti"},"schema":{"@context":"https:\/\/schema.org","@graph":[{"@type":"Article","@id":"https:\/\/www.article-marketing.eu\/comunicatistampa\/giornata-ambiente-vademecum-dellordine-dei-dottori-agronomi-e-forestali-scaligeri-per-la-gestione-del-verde\/#article","isPartOf":{"@id":"https:\/\/www.article-marketing.eu\/comunicatistampa\/giornata-ambiente-vademecum-dellordine-dei-dottori-agronomi-e-forestali-scaligeri-per-la-gestione-del-verde\/"},"author":{"name":"Atomica Comunicazione","@id":"https:\/\/www.article-marketing.eu\/comunicatistampa\/#\/schema\/person\/003f2c82abc62b3d0e3ffd9840f85ee4"},"headline":"Giornata Ambiente. Vademecum dell&#8217;Ordine dei dottori agronomi e forestali scaligeri per la gestione del verde","datePublished":"2022-06-15T17:06:53+00:00","mainEntityOfPage":{"@id":"https:\/\/www.article-marketing.eu\/comunicatistampa\/giornata-ambiente-vademecum-dellordine-dei-dottori-agronomi-e-forestali-scaligeri-per-la-gestione-del-verde\/"},"wordCount":1065,"commentCount":0,"articleSection":["Ambiente","News e Attualit\u00e0","Salute e benessere"],"inLanguage":"it-IT","potentialAction":[{"@type":"CommentAction","name":"Comment","target":["https:\/\/www.article-marketing.eu\/comunicatistampa\/giornata-ambiente-vademecum-dellordine-dei-dottori-agronomi-e-forestali-scaligeri-per-la-gestione-del-verde\/#respond"]}]},{"@type":"WebPage","@id":"https:\/\/www.article-marketing.eu\/comunicatistampa\/giornata-ambiente-vademecum-dellordine-dei-dottori-agronomi-e-forestali-scaligeri-per-la-gestione-del-verde\/","url":"https:\/\/www.article-marketing.eu\/comunicatistampa\/giornata-ambiente-vademecum-dellordine-dei-dottori-agronomi-e-forestali-scaligeri-per-la-gestione-del-verde\/","name":"Giornata Ambiente. Vademecum dell'Ordine dei dottori agronomi e forestali scaligeri per la gestione del verde","isPartOf":{"@id":"https:\/\/www.article-marketing.eu\/comunicatistampa\/#website"},"datePublished":"2022-06-15T17:06:53+00:00","author":{"@id":"https:\/\/www.article-marketing.eu\/comunicatistampa\/#\/schema\/person\/003f2c82abc62b3d0e3ffd9840f85ee4"},"description":"La corretta gestione del verde pubblico e privato significa migliorare la vita delle persone, purificare l\u2019aria, preservare l\u2019acqua e rendere pi\u00f9 bello il paesaggio che acquista maggior valore economico","breadcrumb":{"@id":"https:\/\/www.article-marketing.eu\/comunicatistampa\/giornata-ambiente-vademecum-dellordine-dei-dottori-agronomi-e-forestali-scaligeri-per-la-gestione-del-verde\/#breadcrumb"},"inLanguage":"it-IT","potentialAction":[{"@type":"ReadAction","target":["https:\/\/www.article-marketing.eu\/comunicatistampa\/giornata-ambiente-vademecum-dellordine-dei-dottori-agronomi-e-forestali-scaligeri-per-la-gestione-del-verde\/"]}]},{"@type":"BreadcrumbList","@id":"https:\/\/www.article-marketing.eu\/comunicatistampa\/giornata-ambiente-vademecum-dellordine-dei-dottori-agronomi-e-forestali-scaligeri-per-la-gestione-del-verde\/#breadcrumb","itemListElement":[{"@type":"ListItem","position":1,"name":"Home","item":"https:\/\/www.article-marketing.eu\/comunicatistampa\/"},{"@type":"ListItem","position":2,"name":"Giornata Ambiente. Vademecum dell&#8217;Ordine dei dottori agronomi e forestali scaligeri per la gestione del verde"}]},{"@type":"WebSite","@id":"https:\/\/www.article-marketing.eu\/comunicatistampa\/#website","url":"https:\/\/www.article-marketing.eu\/comunicatistampa\/","name":"Article Marketing","description":"article marketing &amp; press release","potentialAction":[{"@type":"SearchAction","target":{"@type":"EntryPoint","urlTemplate":"https:\/\/www.article-marketing.eu\/comunicatistampa\/?s={search_term_string}"},"query-input":{"@type":"PropertyValueSpecification","valueRequired":true,"valueName":"search_term_string"}}],"inLanguage":"it-IT"},{"@type":"Person","@id":"https:\/\/www.article-marketing.eu\/comunicatistampa\/#\/schema\/person\/003f2c82abc62b3d0e3ffd9840f85ee4","name":"Atomica Comunicazione","image":{"@type":"ImageObject","inLanguage":"it-IT","@id":"https:\/\/secure.gravatar.com\/avatar\/dd8ec421a4a751aa06d5d740be819407bfa775b9db3e27df542fc9a7b0b2d601?s=96&d=mm&r=g","url":"https:\/\/secure.gravatar.com\/avatar\/dd8ec421a4a751aa06d5d740be819407bfa775b9db3e27df542fc9a7b0b2d601?s=96&d=mm&r=g","contentUrl":"https:\/\/secure.gravatar.com\/avatar\/dd8ec421a4a751aa06d5d740be819407bfa775b9db3e27df542fc9a7b0b2d601?s=96&d=mm&r=g","caption":"Atomica Comunicazione"},"url":"https:\/\/www.article-marketing.eu\/comunicatistampa\/author\/atomica-comunicazione\/"}]}},"_links":{"self":[{"href":"https:\/\/www.article-marketing.eu\/comunicatistampa\/wp-json\/wp\/v2\/posts\/23479","targetHints":{"allow":["GET"]}}],"collection":[{"href":"https:\/\/www.article-marketing.eu\/comunicatistampa\/wp-json\/wp\/v2\/posts"}],"about":[{"href":"https:\/\/www.article-marketing.eu\/comunicatistampa\/wp-json\/wp\/v2\/types\/post"}],"author":[{"embeddable":true,"href":"https:\/\/www.article-marketing.eu\/comunicatistampa\/wp-json\/wp\/v2\/users\/7225"}],"replies":[{"embeddable":true,"href":"https:\/\/www.article-marketing.eu\/comunicatistampa\/wp-json\/wp\/v2\/comments?post=23479"}],"version-history":[{"count":2,"href":"https:\/\/www.article-marketing.eu\/comunicatistampa\/wp-json\/wp\/v2\/posts\/23479\/revisions"}],"predecessor-version":[{"id":23540,"href":"https:\/\/www.article-marketing.eu\/comunicatistampa\/wp-json\/wp\/v2\/posts\/23479\/revisions\/23540"}],"wp:attachment":[{"href":"https:\/\/www.article-marketing.eu\/comunicatistampa\/wp-json\/wp\/v2\/media?parent=23479"}],"wp:term":[{"taxonomy":"category","embeddable":true,"href":"https:\/\/www.article-marketing.eu\/comunicatistampa\/wp-json\/wp\/v2\/categories?post=23479"},{"taxonomy":"post_tag","embeddable":true,"href":"https:\/\/www.article-marketing.eu\/comunicatistampa\/wp-json\/wp\/v2\/tags?post=23479"}],"curies":[{"name":"wp","href":"https:\/\/api.w.org\/{rel}","templated":true}]}}