{"id":23481,"date":"2022-06-15T19:07:10","date_gmt":"2022-06-15T17:07:10","guid":{"rendered":"https:\/\/www.article-marketing.eu\/comunicatistampa\/?p=23481"},"modified":"2022-06-15T19:07:10","modified_gmt":"2022-06-15T17:07:10","slug":"ares-ambiente-la-carriera-del-fondatore-marco-domizio","status":"publish","type":"post","link":"https:\/\/www.article-marketing.eu\/comunicatistampa\/ares-ambiente-la-carriera-del-fondatore-marco-domizio\/","title":{"rendered":"Ares Ambiente: la carriera del fondatore Marco Domizio"},"content":{"rendered":"<p><strong><em>In oltre 20 anni di carriera, <a title=\"Marco Domizio: la biografia - crunchbase\" href=\"https:\/\/www.crunchbase.com\/person\/marco-domizio\">Marco Domizio<\/a> ha sviluppato ampie competenze di tipo gestionale e autorizzativo riguardanti il settore dei rifiuti. Dopo aver maturato esperienze di rilievo, nel 2008 ha fondato Ares Ambiente, azienda specializzata nell\u2019intermediazione dei rifiuti e nella gestione di impianti autorizzati.<\/em><\/strong><\/p>\n<h2>Marco Domizio: gli incarichi professionali prima della fondazione di Ares Ambiente<\/h2>\n<p>Il percorso professionale di <strong>Marco Nicola Domizio<\/strong> prende avvio dopo il conseguimento del Diploma di geometra nel 1995. Di l\u00ec a poco fa ingresso in un\u2019azienda di intermediazione rifiuti attiva in Lombardia: l\u2019esperienza si sviluppa per sei anni, durante i quali si dedica anche alla partecipazione nelle gare di appalto. Successivamente entra in una societ\u00e0 specializzata in attivit\u00e0 di spurghi e pulizie industriali: nel ruolo di Responsabile Commerciale \u00e8 incaricato dell\u2019espansione della clientela e della realizzazione di un impianto di compostaggio, avviato in provincia di Bergamo e tuttora operativo. Prosegue nel ruolo di Responsabile Commerciale per una primaria azienda della provincia di Milano, occupandosi dell\u2019istallazione di sette impianti di trito-vagliatura in Campania. Si specializza anche nel settore del trasporto transfrontaliero di rifiuti, sia a mezzo gomma\/intermodale che a mezzo nave. In seguito, \u00e8 nominato Responsabile Commerciale di un impianto di compostaggio in provincia di Bergamo. Dopo una breve esperienza nella gestione di una cava di estrazione di minerali naturali, <strong>Marco Domizio<\/strong> torna a occuparsi del settore ambientale in una societ\u00e0 di trasporti conto terzi e in una di intermediazione. Le solide esperienze accumulate gli consentono di avviare una propria attivit\u00e0 nel 2008, anno di nascita di <strong>Ares Ambiente<\/strong>.<\/p>\n<h2>Marco Nicola Domizio: le attivit\u00e0 alla guida di Ares Ambiente<\/h2>\n<p>Fondata da <strong>Marco Domizio<\/strong>, <strong>Ares Ambiente<\/strong> ha sede a Treviolo (BG) ed \u00e8 attiva nell\u2019intermediazione dei rifiuti e nella gestione di impianti autorizzati. Negli anni si \u00e8 specializzata in diverse aree del settore ambientale quali lo smaltimento, il recupero e il trasporto di rifiuti urbani, speciali pericolosi e speciali non pericolosi su tutto il territorio nazionale. Iscritta presso l\u2019Albo Nazionale Gestori Ambientali, Categoria 8 Classe A e Categoria 4F e 5F &#8211; Sezione Regionale della Lombardia, conduce le proprie attivit\u00e0 ispirandosi a scrupolosi principi di efficienza, economicit\u00e0 e trasparenza. Ci\u00f2 ha consentito all\u2019azienda di affermarsi come anello di congiunzione tra i soggetti attivi nel ciclo di gestione del rifiuto. In linea con la classificazione \u201cElenco Europeo dei Rifiuti &#8211; EER 2014\/955\/UE\u201d, i suoi servizi si focalizzano sul trattamento di rifiuti caratterizzati in numerosi codici CER &#8211; Codice Europeo dei Rifiuti. L\u2019esperienza di <strong>Marco Domizio<\/strong> ha condotto <strong>Ares Ambiente<\/strong> verso l\u2019acquisizione di importanti certificazioni, in particolare in ambito Qualit\u00e0 (UNI EN ISO 9001:2015), Ambiente (UNI EN ISO 14001:2015 e Regolamento Europeo EMAS), Sicurezza (UNI ISO 45001:2018) e Responsabilit\u00e0 Sociale (SA 8000:2014). Inoltre, \u00e8 stata premiata da \u201cLombardiaPost\u201d con il titolo di azienda Best Performer nella provincia di Bergamo.<\/p>\n","protected":false},"excerpt":{"rendered":"<p>In oltre 20 anni di carriera, Marco Domizio ha sviluppato ampie competenze di tipo gestionale e autorizzativo riguardanti il settore dei rifiuti. Dopo aver maturato esperienze di rilievo, nel 2008 ha fondato Ares Ambiente, azienda specializzata nell\u2019intermediazione dei rifiuti e nella gestione di impianti autorizzati. Marco Domizio: gli incarichi professionali prima della fondazione di Ares Ambiente Il percorso professionale di Marco Nicola Domizio prende avvio dopo il conseguimento del Diploma<\/p>\n<p><a class=\"continue-reading\" href=\"https:\/\/www.article-marketing.eu\/comunicatistampa\/ares-ambiente-la-carriera-del-fondatore-marco-domizio\/\">Continue reading&#8230;<\/a><\/p>\n","protected":false},"author":6477,"featured_media":0,"comment_status":"open","ping_status":"open","sticky":false,"template":"","format":"standard","meta":{"_monsterinsights_skip_tracking":false,"_monsterinsights_sitenote_active":false,"_monsterinsights_sitenote_note":"","_monsterinsights_sitenote_category":0,"footnotes":""},"categories":[390],"tags":[9620],"class_list":["post-23481","post","type-post","status-publish","format-standard","hentry","category-professionisti","tag-marco-domizio"],"yoast_head":"<!-- This site is optimized with the Yoast SEO plugin v27.3 - https:\/\/yoast.com\/product\/yoast-seo-wordpress\/ -->\n<title>Ares Ambiente: la carriera del fondatore Marco Domizio - Article Marketing<\/title>\n<meta name=\"robots\" content=\"index, follow, max-snippet:-1, max-image-preview:large, max-video-preview:-1\" \/>\n<link rel=\"canonical\" href=\"https:\/\/www.article-marketing.eu\/comunicatistampa\/ares-ambiente-la-carriera-del-fondatore-marco-domizio\/\" \/>\n<meta property=\"og:locale\" content=\"it_IT\" \/>\n<meta property=\"og:type\" content=\"article\" \/>\n<meta property=\"og:title\" content=\"Ares Ambiente: la carriera del fondatore Marco Domizio - Article Marketing\" \/>\n<meta property=\"og:description\" content=\"In oltre 20 anni di carriera, Marco Domizio ha sviluppato ampie competenze di tipo gestionale e autorizzativo riguardanti il settore dei rifiuti. Dopo aver maturato esperienze di rilievo, nel 2008 ha fondato Ares Ambiente, azienda specializzata nell\u2019intermediazione dei rifiuti e nella gestione di impianti autorizzati. Marco Domizio: gli incarichi professionali prima della fondazione di Ares Ambiente Il percorso professionale di Marco Nicola Domizio prende avvio dopo il conseguimento del DiplomaContinue reading...\" \/>\n<meta property=\"og:url\" content=\"https:\/\/www.article-marketing.eu\/comunicatistampa\/ares-ambiente-la-carriera-del-fondatore-marco-domizio\/\" \/>\n<meta property=\"og:site_name\" content=\"Article Marketing\" \/>\n<meta property=\"article:published_time\" content=\"2022-06-15T17:07:10+00:00\" \/>\n<meta name=\"author\" content=\"articolinews\" \/>\n<meta name=\"twitter:card\" content=\"summary_large_image\" \/>\n<meta name=\"twitter:label1\" content=\"Scritto da\" \/>\n\t<meta name=\"twitter:data1\" content=\"articolinews\" \/>\n\t<meta name=\"twitter:label2\" content=\"Tempo di lettura stimato\" \/>\n\t<meta name=\"twitter:data2\" content=\"3 minuti\" \/>\n<script type=\"application\/ld+json\" class=\"yoast-schema-graph\">{\"@context\":\"https:\\\/\\\/schema.org\",\"@graph\":[{\"@type\":\"Article\",\"@id\":\"https:\\\/\\\/www.article-marketing.eu\\\/comunicatistampa\\\/ares-ambiente-la-carriera-del-fondatore-marco-domizio\\\/#article\",\"isPartOf\":{\"@id\":\"https:\\\/\\\/www.article-marketing.eu\\\/comunicatistampa\\\/ares-ambiente-la-carriera-del-fondatore-marco-domizio\\\/\"},\"author\":{\"name\":\"articolinews\",\"@id\":\"https:\\\/\\\/www.article-marketing.eu\\\/comunicatistampa\\\/#\\\/schema\\\/person\\\/2fcaf8f8f3a9eef9eb7f27532d3ca458\"},\"headline\":\"Ares Ambiente: la carriera del fondatore Marco Domizio\",\"datePublished\":\"2022-06-15T17:07:10+00:00\",\"mainEntityOfPage\":{\"@id\":\"https:\\\/\\\/www.article-marketing.eu\\\/comunicatistampa\\\/ares-ambiente-la-carriera-del-fondatore-marco-domizio\\\/\"},\"wordCount\":466,\"commentCount\":0,\"keywords\":[\"Marco Domizio\"],\"articleSection\":[\"Professionisti\"],\"inLanguage\":\"it-IT\",\"potentialAction\":[{\"@type\":\"CommentAction\",\"name\":\"Comment\",\"target\":[\"https:\\\/\\\/www.article-marketing.eu\\\/comunicatistampa\\\/ares-ambiente-la-carriera-del-fondatore-marco-domizio\\\/#respond\"]}]},{\"@type\":\"WebPage\",\"@id\":\"https:\\\/\\\/www.article-marketing.eu\\\/comunicatistampa\\\/ares-ambiente-la-carriera-del-fondatore-marco-domizio\\\/\",\"url\":\"https:\\\/\\\/www.article-marketing.eu\\\/comunicatistampa\\\/ares-ambiente-la-carriera-del-fondatore-marco-domizio\\\/\",\"name\":\"Ares Ambiente: la carriera del fondatore Marco Domizio - Article Marketing\",\"isPartOf\":{\"@id\":\"https:\\\/\\\/www.article-marketing.eu\\\/comunicatistampa\\\/#website\"},\"datePublished\":\"2022-06-15T17:07:10+00:00\",\"author\":{\"@id\":\"https:\\\/\\\/www.article-marketing.eu\\\/comunicatistampa\\\/#\\\/schema\\\/person\\\/2fcaf8f8f3a9eef9eb7f27532d3ca458\"},\"breadcrumb\":{\"@id\":\"https:\\\/\\\/www.article-marketing.eu\\\/comunicatistampa\\\/ares-ambiente-la-carriera-del-fondatore-marco-domizio\\\/#breadcrumb\"},\"inLanguage\":\"it-IT\",\"potentialAction\":[{\"@type\":\"ReadAction\",\"target\":[\"https:\\\/\\\/www.article-marketing.eu\\\/comunicatistampa\\\/ares-ambiente-la-carriera-del-fondatore-marco-domizio\\\/\"]}]},{\"@type\":\"BreadcrumbList\",\"@id\":\"https:\\\/\\\/www.article-marketing.eu\\\/comunicatistampa\\\/ares-ambiente-la-carriera-del-fondatore-marco-domizio\\\/#breadcrumb\",\"itemListElement\":[{\"@type\":\"ListItem\",\"position\":1,\"name\":\"Home\",\"item\":\"https:\\\/\\\/www.article-marketing.eu\\\/comunicatistampa\\\/\"},{\"@type\":\"ListItem\",\"position\":2,\"name\":\"Ares Ambiente: la carriera del fondatore Marco Domizio\"}]},{\"@type\":\"WebSite\",\"@id\":\"https:\\\/\\\/www.article-marketing.eu\\\/comunicatistampa\\\/#website\",\"url\":\"https:\\\/\\\/www.article-marketing.eu\\\/comunicatistampa\\\/\",\"name\":\"Article Marketing\",\"description\":\"article marketing &amp; press release\",\"potentialAction\":[{\"@type\":\"SearchAction\",\"target\":{\"@type\":\"EntryPoint\",\"urlTemplate\":\"https:\\\/\\\/www.article-marketing.eu\\\/comunicatistampa\\\/?s={search_term_string}\"},\"query-input\":{\"@type\":\"PropertyValueSpecification\",\"valueRequired\":true,\"valueName\":\"search_term_string\"}}],\"inLanguage\":\"it-IT\"},{\"@type\":\"Person\",\"@id\":\"https:\\\/\\\/www.article-marketing.eu\\\/comunicatistampa\\\/#\\\/schema\\\/person\\\/2fcaf8f8f3a9eef9eb7f27532d3ca458\",\"name\":\"articolinews\",\"image\":{\"@type\":\"ImageObject\",\"inLanguage\":\"it-IT\",\"@id\":\"https:\\\/\\\/secure.gravatar.com\\\/avatar\\\/9e2a264bab04e17dea24d937c9956304649a848cb73c46747a692ff1bdeb1cb7?s=96&d=mm&r=g\",\"url\":\"https:\\\/\\\/secure.gravatar.com\\\/avatar\\\/9e2a264bab04e17dea24d937c9956304649a848cb73c46747a692ff1bdeb1cb7?s=96&d=mm&r=g\",\"contentUrl\":\"https:\\\/\\\/secure.gravatar.com\\\/avatar\\\/9e2a264bab04e17dea24d937c9956304649a848cb73c46747a692ff1bdeb1cb7?s=96&d=mm&r=g\",\"caption\":\"articolinews\"},\"url\":\"https:\\\/\\\/www.article-marketing.eu\\\/comunicatistampa\\\/author\\\/articolinews\\\/\"}]}<\/script>\n<!-- \/ Yoast SEO plugin. -->","yoast_head_json":{"title":"Ares Ambiente: la carriera del fondatore Marco Domizio - Article Marketing","robots":{"index":"index","follow":"follow","max-snippet":"max-snippet:-1","max-image-preview":"max-image-preview:large","max-video-preview":"max-video-preview:-1"},"canonical":"https:\/\/www.article-marketing.eu\/comunicatistampa\/ares-ambiente-la-carriera-del-fondatore-marco-domizio\/","og_locale":"it_IT","og_type":"article","og_title":"Ares Ambiente: la carriera del fondatore Marco Domizio - Article Marketing","og_description":"In oltre 20 anni di carriera, Marco Domizio ha sviluppato ampie competenze di tipo gestionale e autorizzativo riguardanti il settore dei rifiuti. Dopo aver maturato esperienze di rilievo, nel 2008 ha fondato Ares Ambiente, azienda specializzata nell\u2019intermediazione dei rifiuti e nella gestione di impianti autorizzati. Marco Domizio: gli incarichi professionali prima della fondazione di Ares Ambiente Il percorso professionale di Marco Nicola Domizio prende avvio dopo il conseguimento del DiplomaContinue reading...","og_url":"https:\/\/www.article-marketing.eu\/comunicatistampa\/ares-ambiente-la-carriera-del-fondatore-marco-domizio\/","og_site_name":"Article Marketing","article_published_time":"2022-06-15T17:07:10+00:00","author":"articolinews","twitter_card":"summary_large_image","twitter_misc":{"Scritto da":"articolinews","Tempo di lettura stimato":"3 minuti"},"schema":{"@context":"https:\/\/schema.org","@graph":[{"@type":"Article","@id":"https:\/\/www.article-marketing.eu\/comunicatistampa\/ares-ambiente-la-carriera-del-fondatore-marco-domizio\/#article","isPartOf":{"@id":"https:\/\/www.article-marketing.eu\/comunicatistampa\/ares-ambiente-la-carriera-del-fondatore-marco-domizio\/"},"author":{"name":"articolinews","@id":"https:\/\/www.article-marketing.eu\/comunicatistampa\/#\/schema\/person\/2fcaf8f8f3a9eef9eb7f27532d3ca458"},"headline":"Ares Ambiente: la carriera del fondatore Marco Domizio","datePublished":"2022-06-15T17:07:10+00:00","mainEntityOfPage":{"@id":"https:\/\/www.article-marketing.eu\/comunicatistampa\/ares-ambiente-la-carriera-del-fondatore-marco-domizio\/"},"wordCount":466,"commentCount":0,"keywords":["Marco Domizio"],"articleSection":["Professionisti"],"inLanguage":"it-IT","potentialAction":[{"@type":"CommentAction","name":"Comment","target":["https:\/\/www.article-marketing.eu\/comunicatistampa\/ares-ambiente-la-carriera-del-fondatore-marco-domizio\/#respond"]}]},{"@type":"WebPage","@id":"https:\/\/www.article-marketing.eu\/comunicatistampa\/ares-ambiente-la-carriera-del-fondatore-marco-domizio\/","url":"https:\/\/www.article-marketing.eu\/comunicatistampa\/ares-ambiente-la-carriera-del-fondatore-marco-domizio\/","name":"Ares Ambiente: la carriera del fondatore Marco Domizio - Article Marketing","isPartOf":{"@id":"https:\/\/www.article-marketing.eu\/comunicatistampa\/#website"},"datePublished":"2022-06-15T17:07:10+00:00","author":{"@id":"https:\/\/www.article-marketing.eu\/comunicatistampa\/#\/schema\/person\/2fcaf8f8f3a9eef9eb7f27532d3ca458"},"breadcrumb":{"@id":"https:\/\/www.article-marketing.eu\/comunicatistampa\/ares-ambiente-la-carriera-del-fondatore-marco-domizio\/#breadcrumb"},"inLanguage":"it-IT","potentialAction":[{"@type":"ReadAction","target":["https:\/\/www.article-marketing.eu\/comunicatistampa\/ares-ambiente-la-carriera-del-fondatore-marco-domizio\/"]}]},{"@type":"BreadcrumbList","@id":"https:\/\/www.article-marketing.eu\/comunicatistampa\/ares-ambiente-la-carriera-del-fondatore-marco-domizio\/#breadcrumb","itemListElement":[{"@type":"ListItem","position":1,"name":"Home","item":"https:\/\/www.article-marketing.eu\/comunicatistampa\/"},{"@type":"ListItem","position":2,"name":"Ares Ambiente: la carriera del fondatore Marco Domizio"}]},{"@type":"WebSite","@id":"https:\/\/www.article-marketing.eu\/comunicatistampa\/#website","url":"https:\/\/www.article-marketing.eu\/comunicatistampa\/","name":"Article Marketing","description":"article marketing &amp; press release","potentialAction":[{"@type":"SearchAction","target":{"@type":"EntryPoint","urlTemplate":"https:\/\/www.article-marketing.eu\/comunicatistampa\/?s={search_term_string}"},"query-input":{"@type":"PropertyValueSpecification","valueRequired":true,"valueName":"search_term_string"}}],"inLanguage":"it-IT"},{"@type":"Person","@id":"https:\/\/www.article-marketing.eu\/comunicatistampa\/#\/schema\/person\/2fcaf8f8f3a9eef9eb7f27532d3ca458","name":"articolinews","image":{"@type":"ImageObject","inLanguage":"it-IT","@id":"https:\/\/secure.gravatar.com\/avatar\/9e2a264bab04e17dea24d937c9956304649a848cb73c46747a692ff1bdeb1cb7?s=96&d=mm&r=g","url":"https:\/\/secure.gravatar.com\/avatar\/9e2a264bab04e17dea24d937c9956304649a848cb73c46747a692ff1bdeb1cb7?s=96&d=mm&r=g","contentUrl":"https:\/\/secure.gravatar.com\/avatar\/9e2a264bab04e17dea24d937c9956304649a848cb73c46747a692ff1bdeb1cb7?s=96&d=mm&r=g","caption":"articolinews"},"url":"https:\/\/www.article-marketing.eu\/comunicatistampa\/author\/articolinews\/"}]}},"_links":{"self":[{"href":"https:\/\/www.article-marketing.eu\/comunicatistampa\/wp-json\/wp\/v2\/posts\/23481","targetHints":{"allow":["GET"]}}],"collection":[{"href":"https:\/\/www.article-marketing.eu\/comunicatistampa\/wp-json\/wp\/v2\/posts"}],"about":[{"href":"https:\/\/www.article-marketing.eu\/comunicatistampa\/wp-json\/wp\/v2\/types\/post"}],"author":[{"embeddable":true,"href":"https:\/\/www.article-marketing.eu\/comunicatistampa\/wp-json\/wp\/v2\/users\/6477"}],"replies":[{"embeddable":true,"href":"https:\/\/www.article-marketing.eu\/comunicatistampa\/wp-json\/wp\/v2\/comments?post=23481"}],"version-history":[{"count":3,"href":"https:\/\/www.article-marketing.eu\/comunicatistampa\/wp-json\/wp\/v2\/posts\/23481\/revisions"}],"predecessor-version":[{"id":23541,"href":"https:\/\/www.article-marketing.eu\/comunicatistampa\/wp-json\/wp\/v2\/posts\/23481\/revisions\/23541"}],"wp:attachment":[{"href":"https:\/\/www.article-marketing.eu\/comunicatistampa\/wp-json\/wp\/v2\/media?parent=23481"}],"wp:term":[{"taxonomy":"category","embeddable":true,"href":"https:\/\/www.article-marketing.eu\/comunicatistampa\/wp-json\/wp\/v2\/categories?post=23481"},{"taxonomy":"post_tag","embeddable":true,"href":"https:\/\/www.article-marketing.eu\/comunicatistampa\/wp-json\/wp\/v2\/tags?post=23481"}],"curies":[{"name":"wp","href":"https:\/\/api.w.org\/{rel}","templated":true}]}}