{"id":23520,"date":"2022-06-15T19:34:05","date_gmt":"2022-06-15T17:34:05","guid":{"rendered":"https:\/\/www.article-marketing.eu\/comunicatistampa\/?p=23520"},"modified":"2022-06-15T19:34:05","modified_gmt":"2022-06-15T17:34:05","slug":"fabrizio-di-amato-pnrr-puntare-sullenorme-patrimonio-culturale-e-di-competenze-delle-imprese","status":"publish","type":"post","link":"https:\/\/www.article-marketing.eu\/comunicatistampa\/fabrizio-di-amato-pnrr-puntare-sullenorme-patrimonio-culturale-e-di-competenze-delle-imprese\/","title":{"rendered":"Fabrizio Di Amato: PNRR, puntare sull\u2019enorme patrimonio culturale e di competenze delle imprese"},"content":{"rendered":"<p><strong><em>&#8220;Forum in Masseria&#8221;, l&#8217;intervista de &#8220;Il Giornale d&#8217;Italia&#8221; al Presidente di Maire Tecnimont <a title=\"Fabrizio Di Amato: l\u2019excursus professionale - H2biz\" href=\"https:\/\/h2biz.net\/Imprenditore\/fabrizio-di-amato-12249\">Fabrizio Di Amato<\/a>: &#8220;Il PNRR va accelerato&#8221;.<\/em><\/strong><\/p>\n<p><a title=\"Fabrizio Di Amato: il percorso formativo e professionale\" href=\"https:\/\/h2biz.net\/Imprenditore\/fabrizio-di-amato-12249\"><img loading=\"lazy\" decoding=\"async\" src=\"https:\/\/h2biz.net\/images\/Plats\/crop_min_20220504180235.jpg\" alt=\"Fabrizio Di Amato\" width=\"120\" height=\"120\" \/><\/a><\/p>\n<h2>&#8220;Forum in Masseria&#8221;: la partecipazione di Fabrizio Di Amato, Presidente di Maire Tecnimont<\/h2>\n<p>Parla di <em>&#8220;occasione unica&#8221;<\/em> <strong>Fabrizio Di Amato<\/strong>, intervistato a margine del &#8220;Forum In Masseria&#8221; a cui ha preso parte il 28 maggio. Il riferimento del Presidente di Maire Tecnimont \u00e8 al Piano Nazionale di Ripresa e Resilienza ma nel corso della seconda edizione si \u00e8 parlato anche di sostenibilit\u00e0, digitalizzazione e delle potenzialit\u00e0 del Sud del Paese. In merito al PNRR <strong>Fabrizio Di Amato<\/strong> nell&#8217;intervista de &#8220;Il Giornale d&#8217;Italia&#8221; ha spiegato approfonditamente come si tratti di <em>&#8220;un&#8217;opportunit\u00e0 straordinaria&#8221;<\/em>. Il Presidente di Maire Tecnimont ha inoltre evidenziato come <em>&#8220;abbiamo tanti capitali a disposizione e abbiamo anche tante competenze&#8221;<\/em>. Tuttavia, come emerso nel corso dei diversi incontri sulle tematiche legate al Piano che sono stati promossi nell&#8217;ambito del &#8220;Forum in Masseria&#8221;, per arrivare a coglierne pienamente le opportunit\u00e0 \u00e8 fondamentale arrivare a colmare il gap di competenze che permane.<\/p>\n<h2>Il Presidente di Maire Tecnimont Fabrizio Di Amato: PNRR, abbiamo un&#8217;occasione unica<\/h2>\n<p><em>&#8220;Per colmare questo gap delle competenze bisognerebbe coniugare di pi\u00f9 e avere un po&#8217; pi\u00f9 di slancio da parte dello Stato verso le imprese&#8221;<\/em>: nel corso dell&#8217;intervista il Presidente di Maire Tecnimont <a title=\"Fabrizio Di Amato: la storia professionale\" href=\"https:\/\/h2biz.net\/Imprenditore\/fabrizio-di-amato-12249\">Fabrizio Di Amato<\/a> ha invitato a riflettere sull&#8217;importanza del <em>&#8220;patrimonio culturale e di competenze enorme&#8221;<\/em> di cui le aziende dispongono. E <em>&#8220;credo che queste sfide possano essere colte coniugando questi due elementi&#8221;<\/em>. In quest&#8217;ottica, soprattutto per le realt\u00e0 attive in ambito energetica, assumono notevole valore gli investimenti nelle nuove tecnologie: <em>&#8220;Noi come Gruppo abbiamo investito tantissimo in tecnologie waste-to-chemical e quindi nel fare i nuovi prodotti che oggi noi importiamo, compreso il gas di sintesi che potrebbe essere una risposta alla soluzione ad esempio al problema energetico. Abbiamo stimato che producendo e recuperando tutti i rifiuti che vanno oggi in discarica, si potrebbe produrre circa il 10% del gas necessario per il fabbisogno termoelettrico italiano&#8221;<\/em>. Si dice quindi <em>&#8220;positivo&#8221;<\/em> il Presidente <strong>Fabrizio Di Amato<\/strong>: <em>&#8220;Abbiamo un&#8217;occasione unica, dobbiamo rimboccarci le maniche e dare quell&#8217;impulso al Paese che tanto si aspetta&#8221;<\/em>.<\/p>\n","protected":false},"excerpt":{"rendered":"<p>&#8220;Forum in Masseria&#8221;, l&#8217;intervista de &#8220;Il Giornale d&#8217;Italia&#8221; al Presidente di Maire Tecnimont Fabrizio Di Amato: &#8220;Il PNRR va accelerato&#8221;. &#8220;Forum in Masseria&#8221;: la partecipazione di Fabrizio Di Amato, Presidente di Maire Tecnimont Parla di &#8220;occasione unica&#8221; Fabrizio Di Amato, intervistato a margine del &#8220;Forum In Masseria&#8221; a cui ha preso parte il 28 maggio. Il riferimento del Presidente di Maire Tecnimont \u00e8 al Piano Nazionale di Ripresa e Resilienza<\/p>\n<p><a class=\"continue-reading\" href=\"https:\/\/www.article-marketing.eu\/comunicatistampa\/fabrizio-di-amato-pnrr-puntare-sullenorme-patrimonio-culturale-e-di-competenze-delle-imprese\/\">Continue reading&#8230;<\/a><\/p>\n","protected":false},"author":7244,"featured_media":0,"comment_status":"open","ping_status":"open","sticky":false,"template":"","format":"standard","meta":{"_monsterinsights_skip_tracking":false,"_monsterinsights_sitenote_active":false,"_monsterinsights_sitenote_note":"","_monsterinsights_sitenote_category":0,"footnotes":""},"categories":[78],"tags":[9688],"class_list":["post-23520","post","type-post","status-publish","format-standard","hentry","category-comunicati-stampa","tag-fabrizio-di-amato"],"yoast_head":"<!-- This site is optimized with the Yoast SEO plugin v27.3 - https:\/\/yoast.com\/product\/yoast-seo-wordpress\/ -->\n<title>Fabrizio Di Amato: PNRR, puntare sull\u2019enorme patrimonio culturale e di competenze delle imprese<\/title>\n<meta name=\"robots\" content=\"index, follow, max-snippet:-1, max-image-preview:large, max-video-preview:-1\" \/>\n<link rel=\"canonical\" href=\"https:\/\/www.article-marketing.eu\/comunicatistampa\/fabrizio-di-amato-pnrr-puntare-sullenorme-patrimonio-culturale-e-di-competenze-delle-imprese\/\" \/>\n<meta property=\"og:locale\" content=\"it_IT\" \/>\n<meta property=\"og:type\" content=\"article\" \/>\n<meta property=\"og:title\" content=\"Fabrizio Di Amato: PNRR, puntare sull\u2019enorme patrimonio culturale e di competenze delle imprese\" \/>\n<meta property=\"og:description\" content=\"&#8220;Forum in Masseria&#8221;, l&#8217;intervista de &#8220;Il Giornale d&#8217;Italia&#8221; al Presidente di Maire Tecnimont Fabrizio Di Amato: &#8220;Il PNRR va accelerato&#8221;. &#8220;Forum in Masseria&#8221;: la partecipazione di Fabrizio Di Amato, Presidente di Maire Tecnimont Parla di &#8220;occasione unica&#8221; Fabrizio Di Amato, intervistato a margine del &#8220;Forum In Masseria&#8221; a cui ha preso parte il 28 maggio. Il riferimento del Presidente di Maire Tecnimont \u00e8 al Piano Nazionale di Ripresa e ResilienzaContinue reading...\" \/>\n<meta property=\"og:url\" content=\"https:\/\/www.article-marketing.eu\/comunicatistampa\/fabrizio-di-amato-pnrr-puntare-sullenorme-patrimonio-culturale-e-di-competenze-delle-imprese\/\" \/>\n<meta property=\"og:site_name\" content=\"Article Marketing\" \/>\n<meta property=\"article:published_time\" content=\"2022-06-15T17:34:05+00:00\" \/>\n<meta property=\"og:image\" content=\"https:\/\/h2biz.net\/images\/Plats\/crop_min_20220504180235.jpg\" \/>\n<meta name=\"author\" content=\"agencyfdapress\" \/>\n<meta name=\"twitter:card\" content=\"summary_large_image\" \/>\n<meta name=\"twitter:label1\" content=\"Scritto da\" \/>\n\t<meta name=\"twitter:data1\" content=\"agencyfdapress\" \/>\n\t<meta name=\"twitter:label2\" content=\"Tempo di lettura stimato\" \/>\n\t<meta name=\"twitter:data2\" content=\"2 minuti\" \/>\n<script type=\"application\/ld+json\" class=\"yoast-schema-graph\">{\"@context\":\"https:\\\/\\\/schema.org\",\"@graph\":[{\"@type\":\"Article\",\"@id\":\"https:\\\/\\\/www.article-marketing.eu\\\/comunicatistampa\\\/fabrizio-di-amato-pnrr-puntare-sullenorme-patrimonio-culturale-e-di-competenze-delle-imprese\\\/#article\",\"isPartOf\":{\"@id\":\"https:\\\/\\\/www.article-marketing.eu\\\/comunicatistampa\\\/fabrizio-di-amato-pnrr-puntare-sullenorme-patrimonio-culturale-e-di-competenze-delle-imprese\\\/\"},\"author\":{\"name\":\"agencyfdapress\",\"@id\":\"https:\\\/\\\/www.article-marketing.eu\\\/comunicatistampa\\\/#\\\/schema\\\/person\\\/51c7c9a1419e6d243af8502cd7e05aff\"},\"headline\":\"Fabrizio Di Amato: PNRR, puntare sull\u2019enorme patrimonio culturale e di competenze delle imprese\",\"datePublished\":\"2022-06-15T17:34:05+00:00\",\"mainEntityOfPage\":{\"@id\":\"https:\\\/\\\/www.article-marketing.eu\\\/comunicatistampa\\\/fabrizio-di-amato-pnrr-puntare-sullenorme-patrimonio-culturale-e-di-competenze-delle-imprese\\\/\"},\"wordCount\":363,\"commentCount\":0,\"image\":{\"@id\":\"https:\\\/\\\/www.article-marketing.eu\\\/comunicatistampa\\\/fabrizio-di-amato-pnrr-puntare-sullenorme-patrimonio-culturale-e-di-competenze-delle-imprese\\\/#primaryimage\"},\"thumbnailUrl\":\"https:\\\/\\\/h2biz.net\\\/images\\\/Plats\\\/crop_min_20220504180235.jpg\",\"keywords\":[\"Fabrizio Di Amato\"],\"articleSection\":[\"Comunicati stampa\"],\"inLanguage\":\"it-IT\",\"potentialAction\":[{\"@type\":\"CommentAction\",\"name\":\"Comment\",\"target\":[\"https:\\\/\\\/www.article-marketing.eu\\\/comunicatistampa\\\/fabrizio-di-amato-pnrr-puntare-sullenorme-patrimonio-culturale-e-di-competenze-delle-imprese\\\/#respond\"]}]},{\"@type\":\"WebPage\",\"@id\":\"https:\\\/\\\/www.article-marketing.eu\\\/comunicatistampa\\\/fabrizio-di-amato-pnrr-puntare-sullenorme-patrimonio-culturale-e-di-competenze-delle-imprese\\\/\",\"url\":\"https:\\\/\\\/www.article-marketing.eu\\\/comunicatistampa\\\/fabrizio-di-amato-pnrr-puntare-sullenorme-patrimonio-culturale-e-di-competenze-delle-imprese\\\/\",\"name\":\"Fabrizio Di Amato: PNRR, puntare sull\u2019enorme patrimonio culturale e di competenze delle imprese\",\"isPartOf\":{\"@id\":\"https:\\\/\\\/www.article-marketing.eu\\\/comunicatistampa\\\/#website\"},\"primaryImageOfPage\":{\"@id\":\"https:\\\/\\\/www.article-marketing.eu\\\/comunicatistampa\\\/fabrizio-di-amato-pnrr-puntare-sullenorme-patrimonio-culturale-e-di-competenze-delle-imprese\\\/#primaryimage\"},\"image\":{\"@id\":\"https:\\\/\\\/www.article-marketing.eu\\\/comunicatistampa\\\/fabrizio-di-amato-pnrr-puntare-sullenorme-patrimonio-culturale-e-di-competenze-delle-imprese\\\/#primaryimage\"},\"thumbnailUrl\":\"https:\\\/\\\/h2biz.net\\\/images\\\/Plats\\\/crop_min_20220504180235.jpg\",\"datePublished\":\"2022-06-15T17:34:05+00:00\",\"author\":{\"@id\":\"https:\\\/\\\/www.article-marketing.eu\\\/comunicatistampa\\\/#\\\/schema\\\/person\\\/51c7c9a1419e6d243af8502cd7e05aff\"},\"breadcrumb\":{\"@id\":\"https:\\\/\\\/www.article-marketing.eu\\\/comunicatistampa\\\/fabrizio-di-amato-pnrr-puntare-sullenorme-patrimonio-culturale-e-di-competenze-delle-imprese\\\/#breadcrumb\"},\"inLanguage\":\"it-IT\",\"potentialAction\":[{\"@type\":\"ReadAction\",\"target\":[\"https:\\\/\\\/www.article-marketing.eu\\\/comunicatistampa\\\/fabrizio-di-amato-pnrr-puntare-sullenorme-patrimonio-culturale-e-di-competenze-delle-imprese\\\/\"]}]},{\"@type\":\"ImageObject\",\"inLanguage\":\"it-IT\",\"@id\":\"https:\\\/\\\/www.article-marketing.eu\\\/comunicatistampa\\\/fabrizio-di-amato-pnrr-puntare-sullenorme-patrimonio-culturale-e-di-competenze-delle-imprese\\\/#primaryimage\",\"url\":\"https:\\\/\\\/h2biz.net\\\/images\\\/Plats\\\/crop_min_20220504180235.jpg\",\"contentUrl\":\"https:\\\/\\\/h2biz.net\\\/images\\\/Plats\\\/crop_min_20220504180235.jpg\"},{\"@type\":\"BreadcrumbList\",\"@id\":\"https:\\\/\\\/www.article-marketing.eu\\\/comunicatistampa\\\/fabrizio-di-amato-pnrr-puntare-sullenorme-patrimonio-culturale-e-di-competenze-delle-imprese\\\/#breadcrumb\",\"itemListElement\":[{\"@type\":\"ListItem\",\"position\":1,\"name\":\"Home\",\"item\":\"https:\\\/\\\/www.article-marketing.eu\\\/comunicatistampa\\\/\"},{\"@type\":\"ListItem\",\"position\":2,\"name\":\"Fabrizio Di Amato: PNRR, puntare sull\u2019enorme patrimonio culturale e di competenze delle imprese\"}]},{\"@type\":\"WebSite\",\"@id\":\"https:\\\/\\\/www.article-marketing.eu\\\/comunicatistampa\\\/#website\",\"url\":\"https:\\\/\\\/www.article-marketing.eu\\\/comunicatistampa\\\/\",\"name\":\"Article Marketing\",\"description\":\"article marketing &amp; press release\",\"potentialAction\":[{\"@type\":\"SearchAction\",\"target\":{\"@type\":\"EntryPoint\",\"urlTemplate\":\"https:\\\/\\\/www.article-marketing.eu\\\/comunicatistampa\\\/?s={search_term_string}\"},\"query-input\":{\"@type\":\"PropertyValueSpecification\",\"valueRequired\":true,\"valueName\":\"search_term_string\"}}],\"inLanguage\":\"it-IT\"},{\"@type\":\"Person\",\"@id\":\"https:\\\/\\\/www.article-marketing.eu\\\/comunicatistampa\\\/#\\\/schema\\\/person\\\/51c7c9a1419e6d243af8502cd7e05aff\",\"name\":\"agencyfdapress\",\"image\":{\"@type\":\"ImageObject\",\"inLanguage\":\"it-IT\",\"@id\":\"https:\\\/\\\/secure.gravatar.com\\\/avatar\\\/8001b425ff309254d3f7f21ab2655c3f11e36b0fbd3ecbf99aad5e2ee4ebe309?s=96&d=mm&r=g\",\"url\":\"https:\\\/\\\/secure.gravatar.com\\\/avatar\\\/8001b425ff309254d3f7f21ab2655c3f11e36b0fbd3ecbf99aad5e2ee4ebe309?s=96&d=mm&r=g\",\"contentUrl\":\"https:\\\/\\\/secure.gravatar.com\\\/avatar\\\/8001b425ff309254d3f7f21ab2655c3f11e36b0fbd3ecbf99aad5e2ee4ebe309?s=96&d=mm&r=g\",\"caption\":\"agencyfdapress\"},\"url\":\"https:\\\/\\\/www.article-marketing.eu\\\/comunicatistampa\\\/author\\\/agencyfdapress\\\/\"}]}<\/script>\n<!-- \/ Yoast SEO plugin. -->","yoast_head_json":{"title":"Fabrizio Di Amato: PNRR, puntare sull\u2019enorme patrimonio culturale e di competenze delle imprese","robots":{"index":"index","follow":"follow","max-snippet":"max-snippet:-1","max-image-preview":"max-image-preview:large","max-video-preview":"max-video-preview:-1"},"canonical":"https:\/\/www.article-marketing.eu\/comunicatistampa\/fabrizio-di-amato-pnrr-puntare-sullenorme-patrimonio-culturale-e-di-competenze-delle-imprese\/","og_locale":"it_IT","og_type":"article","og_title":"Fabrizio Di Amato: PNRR, puntare sull\u2019enorme patrimonio culturale e di competenze delle imprese","og_description":"&#8220;Forum in Masseria&#8221;, l&#8217;intervista de &#8220;Il Giornale d&#8217;Italia&#8221; al Presidente di Maire Tecnimont Fabrizio Di Amato: &#8220;Il PNRR va accelerato&#8221;. &#8220;Forum in Masseria&#8221;: la partecipazione di Fabrizio Di Amato, Presidente di Maire Tecnimont Parla di &#8220;occasione unica&#8221; Fabrizio Di Amato, intervistato a margine del &#8220;Forum In Masseria&#8221; a cui ha preso parte il 28 maggio. Il riferimento del Presidente di Maire Tecnimont \u00e8 al Piano Nazionale di Ripresa e ResilienzaContinue reading...","og_url":"https:\/\/www.article-marketing.eu\/comunicatistampa\/fabrizio-di-amato-pnrr-puntare-sullenorme-patrimonio-culturale-e-di-competenze-delle-imprese\/","og_site_name":"Article Marketing","article_published_time":"2022-06-15T17:34:05+00:00","og_image":[{"url":"https:\/\/h2biz.net\/images\/Plats\/crop_min_20220504180235.jpg","type":"","width":"","height":""}],"author":"agencyfdapress","twitter_card":"summary_large_image","twitter_misc":{"Scritto da":"agencyfdapress","Tempo di lettura stimato":"2 minuti"},"schema":{"@context":"https:\/\/schema.org","@graph":[{"@type":"Article","@id":"https:\/\/www.article-marketing.eu\/comunicatistampa\/fabrizio-di-amato-pnrr-puntare-sullenorme-patrimonio-culturale-e-di-competenze-delle-imprese\/#article","isPartOf":{"@id":"https:\/\/www.article-marketing.eu\/comunicatistampa\/fabrizio-di-amato-pnrr-puntare-sullenorme-patrimonio-culturale-e-di-competenze-delle-imprese\/"},"author":{"name":"agencyfdapress","@id":"https:\/\/www.article-marketing.eu\/comunicatistampa\/#\/schema\/person\/51c7c9a1419e6d243af8502cd7e05aff"},"headline":"Fabrizio Di Amato: PNRR, puntare sull\u2019enorme patrimonio culturale e di competenze delle imprese","datePublished":"2022-06-15T17:34:05+00:00","mainEntityOfPage":{"@id":"https:\/\/www.article-marketing.eu\/comunicatistampa\/fabrizio-di-amato-pnrr-puntare-sullenorme-patrimonio-culturale-e-di-competenze-delle-imprese\/"},"wordCount":363,"commentCount":0,"image":{"@id":"https:\/\/www.article-marketing.eu\/comunicatistampa\/fabrizio-di-amato-pnrr-puntare-sullenorme-patrimonio-culturale-e-di-competenze-delle-imprese\/#primaryimage"},"thumbnailUrl":"https:\/\/h2biz.net\/images\/Plats\/crop_min_20220504180235.jpg","keywords":["Fabrizio Di Amato"],"articleSection":["Comunicati stampa"],"inLanguage":"it-IT","potentialAction":[{"@type":"CommentAction","name":"Comment","target":["https:\/\/www.article-marketing.eu\/comunicatistampa\/fabrizio-di-amato-pnrr-puntare-sullenorme-patrimonio-culturale-e-di-competenze-delle-imprese\/#respond"]}]},{"@type":"WebPage","@id":"https:\/\/www.article-marketing.eu\/comunicatistampa\/fabrizio-di-amato-pnrr-puntare-sullenorme-patrimonio-culturale-e-di-competenze-delle-imprese\/","url":"https:\/\/www.article-marketing.eu\/comunicatistampa\/fabrizio-di-amato-pnrr-puntare-sullenorme-patrimonio-culturale-e-di-competenze-delle-imprese\/","name":"Fabrizio Di Amato: PNRR, puntare sull\u2019enorme patrimonio culturale e di competenze delle imprese","isPartOf":{"@id":"https:\/\/www.article-marketing.eu\/comunicatistampa\/#website"},"primaryImageOfPage":{"@id":"https:\/\/www.article-marketing.eu\/comunicatistampa\/fabrizio-di-amato-pnrr-puntare-sullenorme-patrimonio-culturale-e-di-competenze-delle-imprese\/#primaryimage"},"image":{"@id":"https:\/\/www.article-marketing.eu\/comunicatistampa\/fabrizio-di-amato-pnrr-puntare-sullenorme-patrimonio-culturale-e-di-competenze-delle-imprese\/#primaryimage"},"thumbnailUrl":"https:\/\/h2biz.net\/images\/Plats\/crop_min_20220504180235.jpg","datePublished":"2022-06-15T17:34:05+00:00","author":{"@id":"https:\/\/www.article-marketing.eu\/comunicatistampa\/#\/schema\/person\/51c7c9a1419e6d243af8502cd7e05aff"},"breadcrumb":{"@id":"https:\/\/www.article-marketing.eu\/comunicatistampa\/fabrizio-di-amato-pnrr-puntare-sullenorme-patrimonio-culturale-e-di-competenze-delle-imprese\/#breadcrumb"},"inLanguage":"it-IT","potentialAction":[{"@type":"ReadAction","target":["https:\/\/www.article-marketing.eu\/comunicatistampa\/fabrizio-di-amato-pnrr-puntare-sullenorme-patrimonio-culturale-e-di-competenze-delle-imprese\/"]}]},{"@type":"ImageObject","inLanguage":"it-IT","@id":"https:\/\/www.article-marketing.eu\/comunicatistampa\/fabrizio-di-amato-pnrr-puntare-sullenorme-patrimonio-culturale-e-di-competenze-delle-imprese\/#primaryimage","url":"https:\/\/h2biz.net\/images\/Plats\/crop_min_20220504180235.jpg","contentUrl":"https:\/\/h2biz.net\/images\/Plats\/crop_min_20220504180235.jpg"},{"@type":"BreadcrumbList","@id":"https:\/\/www.article-marketing.eu\/comunicatistampa\/fabrizio-di-amato-pnrr-puntare-sullenorme-patrimonio-culturale-e-di-competenze-delle-imprese\/#breadcrumb","itemListElement":[{"@type":"ListItem","position":1,"name":"Home","item":"https:\/\/www.article-marketing.eu\/comunicatistampa\/"},{"@type":"ListItem","position":2,"name":"Fabrizio Di Amato: PNRR, puntare sull\u2019enorme patrimonio culturale e di competenze delle imprese"}]},{"@type":"WebSite","@id":"https:\/\/www.article-marketing.eu\/comunicatistampa\/#website","url":"https:\/\/www.article-marketing.eu\/comunicatistampa\/","name":"Article Marketing","description":"article marketing &amp; press release","potentialAction":[{"@type":"SearchAction","target":{"@type":"EntryPoint","urlTemplate":"https:\/\/www.article-marketing.eu\/comunicatistampa\/?s={search_term_string}"},"query-input":{"@type":"PropertyValueSpecification","valueRequired":true,"valueName":"search_term_string"}}],"inLanguage":"it-IT"},{"@type":"Person","@id":"https:\/\/www.article-marketing.eu\/comunicatistampa\/#\/schema\/person\/51c7c9a1419e6d243af8502cd7e05aff","name":"agencyfdapress","image":{"@type":"ImageObject","inLanguage":"it-IT","@id":"https:\/\/secure.gravatar.com\/avatar\/8001b425ff309254d3f7f21ab2655c3f11e36b0fbd3ecbf99aad5e2ee4ebe309?s=96&d=mm&r=g","url":"https:\/\/secure.gravatar.com\/avatar\/8001b425ff309254d3f7f21ab2655c3f11e36b0fbd3ecbf99aad5e2ee4ebe309?s=96&d=mm&r=g","contentUrl":"https:\/\/secure.gravatar.com\/avatar\/8001b425ff309254d3f7f21ab2655c3f11e36b0fbd3ecbf99aad5e2ee4ebe309?s=96&d=mm&r=g","caption":"agencyfdapress"},"url":"https:\/\/www.article-marketing.eu\/comunicatistampa\/author\/agencyfdapress\/"}]}},"_links":{"self":[{"href":"https:\/\/www.article-marketing.eu\/comunicatistampa\/wp-json\/wp\/v2\/posts\/23520","targetHints":{"allow":["GET"]}}],"collection":[{"href":"https:\/\/www.article-marketing.eu\/comunicatistampa\/wp-json\/wp\/v2\/posts"}],"about":[{"href":"https:\/\/www.article-marketing.eu\/comunicatistampa\/wp-json\/wp\/v2\/types\/post"}],"author":[{"embeddable":true,"href":"https:\/\/www.article-marketing.eu\/comunicatistampa\/wp-json\/wp\/v2\/users\/7244"}],"replies":[{"embeddable":true,"href":"https:\/\/www.article-marketing.eu\/comunicatistampa\/wp-json\/wp\/v2\/comments?post=23520"}],"version-history":[{"count":3,"href":"https:\/\/www.article-marketing.eu\/comunicatistampa\/wp-json\/wp\/v2\/posts\/23520\/revisions"}],"predecessor-version":[{"id":23548,"href":"https:\/\/www.article-marketing.eu\/comunicatistampa\/wp-json\/wp\/v2\/posts\/23520\/revisions\/23548"}],"wp:attachment":[{"href":"https:\/\/www.article-marketing.eu\/comunicatistampa\/wp-json\/wp\/v2\/media?parent=23520"}],"wp:term":[{"taxonomy":"category","embeddable":true,"href":"https:\/\/www.article-marketing.eu\/comunicatistampa\/wp-json\/wp\/v2\/categories?post=23520"},{"taxonomy":"post_tag","embeddable":true,"href":"https:\/\/www.article-marketing.eu\/comunicatistampa\/wp-json\/wp\/v2\/tags?post=23520"}],"curies":[{"name":"wp","href":"https:\/\/api.w.org\/{rel}","templated":true}]}}