{"id":23562,"date":"2022-06-17T04:53:45","date_gmt":"2022-06-17T02:53:45","guid":{"rendered":"https:\/\/www.article-marketing.eu\/comunicatistampa\/?p=23562"},"modified":"2022-06-17T04:53:45","modified_gmt":"2022-06-17T02:53:45","slug":"limited-n-0-francesca-gentili","status":"publish","type":"post","link":"https:\/\/www.article-marketing.eu\/comunicatistampa\/limited-n-0-francesca-gentili\/","title":{"rendered":"Limited n.0 &#8211; Francesca Gentili"},"content":{"rendered":"<p>Sala Ipogei \u201cGalleria Marconi\u201d riprende la sua attivit\u00e0 espositiva. Sabato 18 giugno 2022, alle 18.30, presso il Museo della Cripta di Monsampolo del Tronto si inaugura Limited n 0, mostra personale di Francesca Gentili, che si avvale della cura e del testo di Dario Ciferri.<br \/>\nLa mostra, che propone le opere del nuovo progetto dell\u2019artista, \u00e8 organizzata dal Comune di Monsampolo del Tronto, da Sala Ipogei \u201cGalleria Marconi\u201d e da Marche Centro d\u2019Arte.<br \/>\nLa mostra pu\u00f2 essere visitata tutti i giorni tutti i giorni (10:00\/13:00 &#8211; 16:00\/19:00) fino al 30 settembre 2022. Info 3771500858<\/p>\n<p><img decoding=\"async\" src=\"https:\/\/blogger.googleusercontent.com\/img\/b\/R29vZ2xl\/AVvXsEhDQkb_9R25zhP5GsXPoUDBKPF1lQL8ySBJ8RuEu1Sxk-wFCEe9yJPpDcbQ0ZdxQmqU3RtIq7vn6lkgrytIeYyIUMKylKRq0OCWdglpYsZmWfd1zfdVaioKdn-xPs27hpWayzGyFsonhGX03x37paA5r7T-_MspAB7HZo2IThit0JQWzvIrd0Wo0Q\/w301-h400\/IMG_0164.JPG\" alt=\"\" \/><\/p>\n<p>Limited n 0 introduce in un luogo meraviglioso come il Museo della Cripta le opere di Francesca Gentili, creando un potente dialogo di pensieri e vite. Le vite raccontate nel museo, di cui tanto poco sappiamo, si incontrano con i volti, i corpi, le storie \u201cnarrati\u201d dalla pittura.<br \/>\n\u201cLa pittura ha una forza straordinaria, ha un legame magico con l\u2019uomo, lo racconta, lo esalta, lo rende divino. Francesca Gentili accarezza la pittura, la fa assaporare e la maltratta. Nel suo cammino artistico l\u2019ha percorsa in tante direzioni, alla ricerca di un ordine forse impossibile da trovare. Il suo \u00e8 un rapporto entropico con la pittura, genera arte, ma rilascia disordine nell\u2019artista, una necessit\u00e0 di provare altre strade per raccontarsi. Limited n 0 nasce qui, non la voglia di raccontare l\u2019essere umano, ma dietro ogni volto, ogni corpo, ogni frammento, il bisogno di scandagliare se stessa, di scuotere la propria esperienza personale e narrarla, di generare una narrazione interiore attraverso l\u2019osservazione della realt\u00e0. Realt\u00e0 e pittura che non si incontrano direttamente, ma sono mediate dallo strumento fotografico, con i suoi limiti e le sue potenzialit\u00e0. Francesca Gentili ci racconta tutto ci\u00f2, ci fa approssimare al suo personale, senza svelarsi fino in fondo, tendiamo al suo punto zero, ma continuiamo ad ammirarlo, senza arrivarci mai \u201c<\/p>\n<p>L&#8217;iniziativa rientra nello sviluppo del progetto del Sistema Museale Piceno teso alla valorizzazione del pi\u00f9 vasto comprensorio comunale ed in particolare del vecchio incasato, dei suoi musei e della rete dei 58 musei del territorio piceno sostenuta dal BIM Tronto.<br \/>\nSala Ipogei \u201cGalleria Marconi\u201d nasce come ideale prosecuzione dell\u2019esperienza ventennale della Galleria Marconi di Cupra Marittima, e per non disperdere la qualit\u00e0 della ricerca artistica e culturale portata avanti in tanti anni di lavoro del suo direttore artistico Franco Marconi.<\/p>\n<p>\u201cL\u2019arte \u00e8 un farmaco potente, nel senso letterario del termine \u00e8 una cura e un veleno. \u00c8 capace di esaltarti o di scuoterti nel profondo. In questi 27 anni di attivit\u00e0 ho sempre vissuto in profondit\u00e0 il mio rapporto con l\u2019arte, ho dato tutto per lei e l\u2019ho anche odiata. Il mio \u00e8 un amore immenso che a ogni ripartenza mi prende alla bocca dello stomaco. In questi anni di cultura a singhiozzo, di limiti, di distanze, ho aumentato il desiderio di stare vicino agli altri, di condividere esperienze, di crescere. Non smettiamo mai di imparare, di accumulare suggestioni, di cercare la bellezza. Ancora oggi ho un rapporto epidermico con le opere degli artisti, e il primo impatto \u00e8 sempre determinante, e ogni mostra \u00e8 un\u2019emozione fortissima da vivere con le persone che ho intorno. Voglio ringraziare sinceramente il sostegno e la fiducia del Comune di Monsampolo del Tronto, del Sindaco Massimo Narcisi e di Mario Plebani, di Marche Centro d\u2019Arte e di Lino Rosetti, infaticabile e insostituibile nella sua attivit\u00e0 e un amico sincero. (Franco Marconi)<\/p>\n<p>Limited n 0 \u2013<\/p>\n<p>Info e contatti<br \/>\nArtista: Francesca Gentili<br \/>\nCura e testo Dario Ciferri<\/p>\n<p>fotografia: Catia Panciera<br \/>\nallestimenti: Pasquale Fanelli \u2013 Sabatino Polce<\/p>\n<p>Museo della Cripta &#8211; Monsampolo del Tronto<br \/>\nvia Giuseppe Mazzini, 50<br \/>\ninfo3771500858<\/p>\n<p>Inaugurazione 18 giugno 2022 ore 18.30<br \/>\nOrario di apertura: tutti i giorni<br \/>\nMattino 10:00\/13:00<br \/>\nPomeri. 16:00\/19:00<br \/>\nChiusura 30 settembre 2022<\/p>\n<p>Spazi Ipogei Galleria Marconi<br \/>\nVia Fratelli Kennedy<br \/>\n63077 Monsampolo del Tronto<br \/>\nweb http:\/\/galleriamarconi.it\/ &#8211; http:\/\/marchecentrodarte.it<br \/>\ne-mail galleriamarconi@outlook.it<br \/>\nFacebook http:\/\/www.facebook.com\/galleriamarconi<\/p>\n","protected":false},"excerpt":{"rendered":"<p>Sala Ipogei \u201cGalleria Marconi\u201d riprende la sua attivit\u00e0 espositiva. Sabato 18 giugno 2022, alle 18.30, presso il Museo della Cripta di Monsampolo del Tronto si inaugura Limited n 0, mostra personale di Francesca Gentili, che si avvale della cura e del testo di Dario Ciferri. La mostra, che propone le opere del nuovo progetto dell\u2019artista, \u00e8 organizzata dal Comune di Monsampolo del Tronto, da Sala Ipogei \u201cGalleria Marconi\u201d e da<\/p>\n<p><a class=\"continue-reading\" href=\"https:\/\/www.article-marketing.eu\/comunicatistampa\/limited-n-0-francesca-gentili\/\">Continue reading&#8230;<\/a><\/p>\n","protected":false},"author":237,"featured_media":0,"comment_status":"open","ping_status":"open","sticky":false,"template":"","format":"standard","meta":{"_monsterinsights_skip_tracking":false,"_monsterinsights_sitenote_active":false,"_monsterinsights_sitenote_note":"","_monsterinsights_sitenote_category":0,"footnotes":""},"categories":[407,78,392],"tags":[],"class_list":["post-23562","post","type-post","status-publish","format-standard","hentry","category-arte-e-cultura","category-comunicati-stampa","category-eventi"],"yoast_head":"<!-- This site is optimized with the Yoast SEO plugin v27.3 - https:\/\/yoast.com\/product\/yoast-seo-wordpress\/ -->\n<title>Limited n.0 - Francesca Gentili - Article Marketing<\/title>\n<meta name=\"robots\" content=\"index, follow, max-snippet:-1, max-image-preview:large, max-video-preview:-1\" \/>\n<link rel=\"canonical\" href=\"https:\/\/www.article-marketing.eu\/comunicatistampa\/limited-n-0-francesca-gentili\/\" \/>\n<meta property=\"og:locale\" content=\"it_IT\" \/>\n<meta property=\"og:type\" content=\"article\" \/>\n<meta property=\"og:title\" content=\"Limited n.0 - Francesca Gentili - Article Marketing\" \/>\n<meta property=\"og:description\" content=\"Sala Ipogei \u201cGalleria Marconi\u201d riprende la sua attivit\u00e0 espositiva. Sabato 18 giugno 2022, alle 18.30, presso il Museo della Cripta di Monsampolo del Tronto si inaugura Limited n 0, mostra personale di Francesca Gentili, che si avvale della cura e del testo di Dario Ciferri. La mostra, che propone le opere del nuovo progetto dell\u2019artista, \u00e8 organizzata dal Comune di Monsampolo del Tronto, da Sala Ipogei \u201cGalleria Marconi\u201d e daContinue reading...\" \/>\n<meta property=\"og:url\" content=\"https:\/\/www.article-marketing.eu\/comunicatistampa\/limited-n-0-francesca-gentili\/\" \/>\n<meta property=\"og:site_name\" content=\"Article Marketing\" \/>\n<meta property=\"article:published_time\" content=\"2022-06-17T02:53:45+00:00\" \/>\n<meta property=\"og:image\" content=\"https:\/\/blogger.googleusercontent.com\/img\/b\/R29vZ2xl\/AVvXsEhDQkb_9R25zhP5GsXPoUDBKPF1lQL8ySBJ8RuEu1Sxk-wFCEe9yJPpDcbQ0ZdxQmqU3RtIq7vn6lkgrytIeYyIUMKylKRq0OCWdglpYsZmWfd1zfdVaioKdn-xPs27hpWayzGyFsonhGX03x37paA5r7T-_MspAB7HZo2IThit0JQWzvIrd0Wo0Q\/w301-h400\/IMG_0164.JPG\" \/>\n<meta name=\"author\" content=\"dariociferri\" \/>\n<meta name=\"twitter:card\" content=\"summary_large_image\" \/>\n<meta name=\"twitter:label1\" content=\"Scritto da\" \/>\n\t<meta name=\"twitter:data1\" content=\"dariociferri\" \/>\n\t<meta name=\"twitter:label2\" content=\"Tempo di lettura stimato\" \/>\n\t<meta name=\"twitter:data2\" content=\"3 minuti\" \/>\n<script type=\"application\/ld+json\" class=\"yoast-schema-graph\">{\"@context\":\"https:\\\/\\\/schema.org\",\"@graph\":[{\"@type\":\"Article\",\"@id\":\"https:\\\/\\\/www.article-marketing.eu\\\/comunicatistampa\\\/limited-n-0-francesca-gentili\\\/#article\",\"isPartOf\":{\"@id\":\"https:\\\/\\\/www.article-marketing.eu\\\/comunicatistampa\\\/limited-n-0-francesca-gentili\\\/\"},\"author\":{\"name\":\"dariociferri\",\"@id\":\"https:\\\/\\\/www.article-marketing.eu\\\/comunicatistampa\\\/#\\\/schema\\\/person\\\/7e31cacfcb859d79d5b89c5ca7a9d3be\"},\"headline\":\"Limited n.0 &#8211; Francesca Gentili\",\"datePublished\":\"2022-06-17T02:53:45+00:00\",\"mainEntityOfPage\":{\"@id\":\"https:\\\/\\\/www.article-marketing.eu\\\/comunicatistampa\\\/limited-n-0-francesca-gentili\\\/\"},\"wordCount\":634,\"commentCount\":0,\"image\":{\"@id\":\"https:\\\/\\\/www.article-marketing.eu\\\/comunicatistampa\\\/limited-n-0-francesca-gentili\\\/#primaryimage\"},\"thumbnailUrl\":\"https:\\\/\\\/blogger.googleusercontent.com\\\/img\\\/b\\\/R29vZ2xl\\\/AVvXsEhDQkb_9R25zhP5GsXPoUDBKPF1lQL8ySBJ8RuEu1Sxk-wFCEe9yJPpDcbQ0ZdxQmqU3RtIq7vn6lkgrytIeYyIUMKylKRq0OCWdglpYsZmWfd1zfdVaioKdn-xPs27hpWayzGyFsonhGX03x37paA5r7T-_MspAB7HZo2IThit0JQWzvIrd0Wo0Q\\\/w301-h400\\\/IMG_0164.JPG\",\"articleSection\":[\"Arte e cultura\",\"Comunicati stampa\",\"Eventi\"],\"inLanguage\":\"it-IT\",\"potentialAction\":[{\"@type\":\"CommentAction\",\"name\":\"Comment\",\"target\":[\"https:\\\/\\\/www.article-marketing.eu\\\/comunicatistampa\\\/limited-n-0-francesca-gentili\\\/#respond\"]}]},{\"@type\":\"WebPage\",\"@id\":\"https:\\\/\\\/www.article-marketing.eu\\\/comunicatistampa\\\/limited-n-0-francesca-gentili\\\/\",\"url\":\"https:\\\/\\\/www.article-marketing.eu\\\/comunicatistampa\\\/limited-n-0-francesca-gentili\\\/\",\"name\":\"Limited n.0 - Francesca Gentili - Article Marketing\",\"isPartOf\":{\"@id\":\"https:\\\/\\\/www.article-marketing.eu\\\/comunicatistampa\\\/#website\"},\"primaryImageOfPage\":{\"@id\":\"https:\\\/\\\/www.article-marketing.eu\\\/comunicatistampa\\\/limited-n-0-francesca-gentili\\\/#primaryimage\"},\"image\":{\"@id\":\"https:\\\/\\\/www.article-marketing.eu\\\/comunicatistampa\\\/limited-n-0-francesca-gentili\\\/#primaryimage\"},\"thumbnailUrl\":\"https:\\\/\\\/blogger.googleusercontent.com\\\/img\\\/b\\\/R29vZ2xl\\\/AVvXsEhDQkb_9R25zhP5GsXPoUDBKPF1lQL8ySBJ8RuEu1Sxk-wFCEe9yJPpDcbQ0ZdxQmqU3RtIq7vn6lkgrytIeYyIUMKylKRq0OCWdglpYsZmWfd1zfdVaioKdn-xPs27hpWayzGyFsonhGX03x37paA5r7T-_MspAB7HZo2IThit0JQWzvIrd0Wo0Q\\\/w301-h400\\\/IMG_0164.JPG\",\"datePublished\":\"2022-06-17T02:53:45+00:00\",\"author\":{\"@id\":\"https:\\\/\\\/www.article-marketing.eu\\\/comunicatistampa\\\/#\\\/schema\\\/person\\\/7e31cacfcb859d79d5b89c5ca7a9d3be\"},\"breadcrumb\":{\"@id\":\"https:\\\/\\\/www.article-marketing.eu\\\/comunicatistampa\\\/limited-n-0-francesca-gentili\\\/#breadcrumb\"},\"inLanguage\":\"it-IT\",\"potentialAction\":[{\"@type\":\"ReadAction\",\"target\":[\"https:\\\/\\\/www.article-marketing.eu\\\/comunicatistampa\\\/limited-n-0-francesca-gentili\\\/\"]}]},{\"@type\":\"ImageObject\",\"inLanguage\":\"it-IT\",\"@id\":\"https:\\\/\\\/www.article-marketing.eu\\\/comunicatistampa\\\/limited-n-0-francesca-gentili\\\/#primaryimage\",\"url\":\"https:\\\/\\\/blogger.googleusercontent.com\\\/img\\\/b\\\/R29vZ2xl\\\/AVvXsEhDQkb_9R25zhP5GsXPoUDBKPF1lQL8ySBJ8RuEu1Sxk-wFCEe9yJPpDcbQ0ZdxQmqU3RtIq7vn6lkgrytIeYyIUMKylKRq0OCWdglpYsZmWfd1zfdVaioKdn-xPs27hpWayzGyFsonhGX03x37paA5r7T-_MspAB7HZo2IThit0JQWzvIrd0Wo0Q\\\/w301-h400\\\/IMG_0164.JPG\",\"contentUrl\":\"https:\\\/\\\/blogger.googleusercontent.com\\\/img\\\/b\\\/R29vZ2xl\\\/AVvXsEhDQkb_9R25zhP5GsXPoUDBKPF1lQL8ySBJ8RuEu1Sxk-wFCEe9yJPpDcbQ0ZdxQmqU3RtIq7vn6lkgrytIeYyIUMKylKRq0OCWdglpYsZmWfd1zfdVaioKdn-xPs27hpWayzGyFsonhGX03x37paA5r7T-_MspAB7HZo2IThit0JQWzvIrd0Wo0Q\\\/w301-h400\\\/IMG_0164.JPG\"},{\"@type\":\"BreadcrumbList\",\"@id\":\"https:\\\/\\\/www.article-marketing.eu\\\/comunicatistampa\\\/limited-n-0-francesca-gentili\\\/#breadcrumb\",\"itemListElement\":[{\"@type\":\"ListItem\",\"position\":1,\"name\":\"Home\",\"item\":\"https:\\\/\\\/www.article-marketing.eu\\\/comunicatistampa\\\/\"},{\"@type\":\"ListItem\",\"position\":2,\"name\":\"Limited n.0 &#8211; Francesca Gentili\"}]},{\"@type\":\"WebSite\",\"@id\":\"https:\\\/\\\/www.article-marketing.eu\\\/comunicatistampa\\\/#website\",\"url\":\"https:\\\/\\\/www.article-marketing.eu\\\/comunicatistampa\\\/\",\"name\":\"Article Marketing\",\"description\":\"article marketing &amp; press release\",\"potentialAction\":[{\"@type\":\"SearchAction\",\"target\":{\"@type\":\"EntryPoint\",\"urlTemplate\":\"https:\\\/\\\/www.article-marketing.eu\\\/comunicatistampa\\\/?s={search_term_string}\"},\"query-input\":{\"@type\":\"PropertyValueSpecification\",\"valueRequired\":true,\"valueName\":\"search_term_string\"}}],\"inLanguage\":\"it-IT\"},{\"@type\":\"Person\",\"@id\":\"https:\\\/\\\/www.article-marketing.eu\\\/comunicatistampa\\\/#\\\/schema\\\/person\\\/7e31cacfcb859d79d5b89c5ca7a9d3be\",\"name\":\"dariociferri\",\"image\":{\"@type\":\"ImageObject\",\"inLanguage\":\"it-IT\",\"@id\":\"https:\\\/\\\/secure.gravatar.com\\\/avatar\\\/6d67194bfa09452298793ad2f9a24592bd367814b34116ffa1c6bc0aad8057d6?s=96&d=mm&r=g\",\"url\":\"https:\\\/\\\/secure.gravatar.com\\\/avatar\\\/6d67194bfa09452298793ad2f9a24592bd367814b34116ffa1c6bc0aad8057d6?s=96&d=mm&r=g\",\"contentUrl\":\"https:\\\/\\\/secure.gravatar.com\\\/avatar\\\/6d67194bfa09452298793ad2f9a24592bd367814b34116ffa1c6bc0aad8057d6?s=96&d=mm&r=g\",\"caption\":\"dariociferri\"},\"url\":\"https:\\\/\\\/www.article-marketing.eu\\\/comunicatistampa\\\/author\\\/dariociferri\\\/\"}]}<\/script>\n<!-- \/ Yoast SEO plugin. -->","yoast_head_json":{"title":"Limited n.0 - Francesca Gentili - Article Marketing","robots":{"index":"index","follow":"follow","max-snippet":"max-snippet:-1","max-image-preview":"max-image-preview:large","max-video-preview":"max-video-preview:-1"},"canonical":"https:\/\/www.article-marketing.eu\/comunicatistampa\/limited-n-0-francesca-gentili\/","og_locale":"it_IT","og_type":"article","og_title":"Limited n.0 - Francesca Gentili - Article Marketing","og_description":"Sala Ipogei \u201cGalleria Marconi\u201d riprende la sua attivit\u00e0 espositiva. Sabato 18 giugno 2022, alle 18.30, presso il Museo della Cripta di Monsampolo del Tronto si inaugura Limited n 0, mostra personale di Francesca Gentili, che si avvale della cura e del testo di Dario Ciferri. La mostra, che propone le opere del nuovo progetto dell\u2019artista, \u00e8 organizzata dal Comune di Monsampolo del Tronto, da Sala Ipogei \u201cGalleria Marconi\u201d e daContinue reading...","og_url":"https:\/\/www.article-marketing.eu\/comunicatistampa\/limited-n-0-francesca-gentili\/","og_site_name":"Article Marketing","article_published_time":"2022-06-17T02:53:45+00:00","og_image":[{"url":"https:\/\/blogger.googleusercontent.com\/img\/b\/R29vZ2xl\/AVvXsEhDQkb_9R25zhP5GsXPoUDBKPF1lQL8ySBJ8RuEu1Sxk-wFCEe9yJPpDcbQ0ZdxQmqU3RtIq7vn6lkgrytIeYyIUMKylKRq0OCWdglpYsZmWfd1zfdVaioKdn-xPs27hpWayzGyFsonhGX03x37paA5r7T-_MspAB7HZo2IThit0JQWzvIrd0Wo0Q\/w301-h400\/IMG_0164.JPG","type":"","width":"","height":""}],"author":"dariociferri","twitter_card":"summary_large_image","twitter_misc":{"Scritto da":"dariociferri","Tempo di lettura stimato":"3 minuti"},"schema":{"@context":"https:\/\/schema.org","@graph":[{"@type":"Article","@id":"https:\/\/www.article-marketing.eu\/comunicatistampa\/limited-n-0-francesca-gentili\/#article","isPartOf":{"@id":"https:\/\/www.article-marketing.eu\/comunicatistampa\/limited-n-0-francesca-gentili\/"},"author":{"name":"dariociferri","@id":"https:\/\/www.article-marketing.eu\/comunicatistampa\/#\/schema\/person\/7e31cacfcb859d79d5b89c5ca7a9d3be"},"headline":"Limited n.0 &#8211; Francesca Gentili","datePublished":"2022-06-17T02:53:45+00:00","mainEntityOfPage":{"@id":"https:\/\/www.article-marketing.eu\/comunicatistampa\/limited-n-0-francesca-gentili\/"},"wordCount":634,"commentCount":0,"image":{"@id":"https:\/\/www.article-marketing.eu\/comunicatistampa\/limited-n-0-francesca-gentili\/#primaryimage"},"thumbnailUrl":"https:\/\/blogger.googleusercontent.com\/img\/b\/R29vZ2xl\/AVvXsEhDQkb_9R25zhP5GsXPoUDBKPF1lQL8ySBJ8RuEu1Sxk-wFCEe9yJPpDcbQ0ZdxQmqU3RtIq7vn6lkgrytIeYyIUMKylKRq0OCWdglpYsZmWfd1zfdVaioKdn-xPs27hpWayzGyFsonhGX03x37paA5r7T-_MspAB7HZo2IThit0JQWzvIrd0Wo0Q\/w301-h400\/IMG_0164.JPG","articleSection":["Arte e cultura","Comunicati stampa","Eventi"],"inLanguage":"it-IT","potentialAction":[{"@type":"CommentAction","name":"Comment","target":["https:\/\/www.article-marketing.eu\/comunicatistampa\/limited-n-0-francesca-gentili\/#respond"]}]},{"@type":"WebPage","@id":"https:\/\/www.article-marketing.eu\/comunicatistampa\/limited-n-0-francesca-gentili\/","url":"https:\/\/www.article-marketing.eu\/comunicatistampa\/limited-n-0-francesca-gentili\/","name":"Limited n.0 - Francesca Gentili - Article Marketing","isPartOf":{"@id":"https:\/\/www.article-marketing.eu\/comunicatistampa\/#website"},"primaryImageOfPage":{"@id":"https:\/\/www.article-marketing.eu\/comunicatistampa\/limited-n-0-francesca-gentili\/#primaryimage"},"image":{"@id":"https:\/\/www.article-marketing.eu\/comunicatistampa\/limited-n-0-francesca-gentili\/#primaryimage"},"thumbnailUrl":"https:\/\/blogger.googleusercontent.com\/img\/b\/R29vZ2xl\/AVvXsEhDQkb_9R25zhP5GsXPoUDBKPF1lQL8ySBJ8RuEu1Sxk-wFCEe9yJPpDcbQ0ZdxQmqU3RtIq7vn6lkgrytIeYyIUMKylKRq0OCWdglpYsZmWfd1zfdVaioKdn-xPs27hpWayzGyFsonhGX03x37paA5r7T-_MspAB7HZo2IThit0JQWzvIrd0Wo0Q\/w301-h400\/IMG_0164.JPG","datePublished":"2022-06-17T02:53:45+00:00","author":{"@id":"https:\/\/www.article-marketing.eu\/comunicatistampa\/#\/schema\/person\/7e31cacfcb859d79d5b89c5ca7a9d3be"},"breadcrumb":{"@id":"https:\/\/www.article-marketing.eu\/comunicatistampa\/limited-n-0-francesca-gentili\/#breadcrumb"},"inLanguage":"it-IT","potentialAction":[{"@type":"ReadAction","target":["https:\/\/www.article-marketing.eu\/comunicatistampa\/limited-n-0-francesca-gentili\/"]}]},{"@type":"ImageObject","inLanguage":"it-IT","@id":"https:\/\/www.article-marketing.eu\/comunicatistampa\/limited-n-0-francesca-gentili\/#primaryimage","url":"https:\/\/blogger.googleusercontent.com\/img\/b\/R29vZ2xl\/AVvXsEhDQkb_9R25zhP5GsXPoUDBKPF1lQL8ySBJ8RuEu1Sxk-wFCEe9yJPpDcbQ0ZdxQmqU3RtIq7vn6lkgrytIeYyIUMKylKRq0OCWdglpYsZmWfd1zfdVaioKdn-xPs27hpWayzGyFsonhGX03x37paA5r7T-_MspAB7HZo2IThit0JQWzvIrd0Wo0Q\/w301-h400\/IMG_0164.JPG","contentUrl":"https:\/\/blogger.googleusercontent.com\/img\/b\/R29vZ2xl\/AVvXsEhDQkb_9R25zhP5GsXPoUDBKPF1lQL8ySBJ8RuEu1Sxk-wFCEe9yJPpDcbQ0ZdxQmqU3RtIq7vn6lkgrytIeYyIUMKylKRq0OCWdglpYsZmWfd1zfdVaioKdn-xPs27hpWayzGyFsonhGX03x37paA5r7T-_MspAB7HZo2IThit0JQWzvIrd0Wo0Q\/w301-h400\/IMG_0164.JPG"},{"@type":"BreadcrumbList","@id":"https:\/\/www.article-marketing.eu\/comunicatistampa\/limited-n-0-francesca-gentili\/#breadcrumb","itemListElement":[{"@type":"ListItem","position":1,"name":"Home","item":"https:\/\/www.article-marketing.eu\/comunicatistampa\/"},{"@type":"ListItem","position":2,"name":"Limited n.0 &#8211; Francesca Gentili"}]},{"@type":"WebSite","@id":"https:\/\/www.article-marketing.eu\/comunicatistampa\/#website","url":"https:\/\/www.article-marketing.eu\/comunicatistampa\/","name":"Article Marketing","description":"article marketing &amp; press release","potentialAction":[{"@type":"SearchAction","target":{"@type":"EntryPoint","urlTemplate":"https:\/\/www.article-marketing.eu\/comunicatistampa\/?s={search_term_string}"},"query-input":{"@type":"PropertyValueSpecification","valueRequired":true,"valueName":"search_term_string"}}],"inLanguage":"it-IT"},{"@type":"Person","@id":"https:\/\/www.article-marketing.eu\/comunicatistampa\/#\/schema\/person\/7e31cacfcb859d79d5b89c5ca7a9d3be","name":"dariociferri","image":{"@type":"ImageObject","inLanguage":"it-IT","@id":"https:\/\/secure.gravatar.com\/avatar\/6d67194bfa09452298793ad2f9a24592bd367814b34116ffa1c6bc0aad8057d6?s=96&d=mm&r=g","url":"https:\/\/secure.gravatar.com\/avatar\/6d67194bfa09452298793ad2f9a24592bd367814b34116ffa1c6bc0aad8057d6?s=96&d=mm&r=g","contentUrl":"https:\/\/secure.gravatar.com\/avatar\/6d67194bfa09452298793ad2f9a24592bd367814b34116ffa1c6bc0aad8057d6?s=96&d=mm&r=g","caption":"dariociferri"},"url":"https:\/\/www.article-marketing.eu\/comunicatistampa\/author\/dariociferri\/"}]}},"_links":{"self":[{"href":"https:\/\/www.article-marketing.eu\/comunicatistampa\/wp-json\/wp\/v2\/posts\/23562","targetHints":{"allow":["GET"]}}],"collection":[{"href":"https:\/\/www.article-marketing.eu\/comunicatistampa\/wp-json\/wp\/v2\/posts"}],"about":[{"href":"https:\/\/www.article-marketing.eu\/comunicatistampa\/wp-json\/wp\/v2\/types\/post"}],"author":[{"embeddable":true,"href":"https:\/\/www.article-marketing.eu\/comunicatistampa\/wp-json\/wp\/v2\/users\/237"}],"replies":[{"embeddable":true,"href":"https:\/\/www.article-marketing.eu\/comunicatistampa\/wp-json\/wp\/v2\/comments?post=23562"}],"version-history":[{"count":2,"href":"https:\/\/www.article-marketing.eu\/comunicatistampa\/wp-json\/wp\/v2\/posts\/23562\/revisions"}],"predecessor-version":[{"id":23586,"href":"https:\/\/www.article-marketing.eu\/comunicatistampa\/wp-json\/wp\/v2\/posts\/23562\/revisions\/23586"}],"wp:attachment":[{"href":"https:\/\/www.article-marketing.eu\/comunicatistampa\/wp-json\/wp\/v2\/media?parent=23562"}],"wp:term":[{"taxonomy":"category","embeddable":true,"href":"https:\/\/www.article-marketing.eu\/comunicatistampa\/wp-json\/wp\/v2\/categories?post=23562"},{"taxonomy":"post_tag","embeddable":true,"href":"https:\/\/www.article-marketing.eu\/comunicatistampa\/wp-json\/wp\/v2\/tags?post=23562"}],"curies":[{"name":"wp","href":"https:\/\/api.w.org\/{rel}","templated":true}]}}