{"id":23565,"date":"2022-06-17T04:54:18","date_gmt":"2022-06-17T02:54:18","guid":{"rendered":"https:\/\/www.article-marketing.eu\/comunicatistampa\/?p=23565"},"modified":"2022-06-17T04:54:18","modified_gmt":"2022-06-17T02:54:18","slug":"qualificazione-dei-formatori-conoscere-i-fondamenti-della-didattica","status":"publish","type":"post","link":"https:\/\/www.article-marketing.eu\/comunicatistampa\/qualificazione-dei-formatori-conoscere-i-fondamenti-della-didattica\/","title":{"rendered":"Qualificazione dei formatori: conoscere i fondamenti della didattica"},"content":{"rendered":"<h1>Comunicato Stampa<\/h1>\n<p><strong>Qualificazione dei formatori: conoscere i fondamenti della didattica<\/strong><\/p>\n<p><strong><em>\u00a0<\/em><\/strong><\/p>\n<p><strong><em>Corsi <\/em><\/strong><strong><em>tra Lombardia e Sardegna <\/em><\/strong><strong><em>per aiutare i formatori a realizzare, progettare ed erogare percorsi formativi, in materia di salute e sicurezza sul lavoro, conformi alla normativa, innovativi ed efficaci.<\/em><\/strong><\/p>\n<p>&nbsp;<\/p>\n<p>Perch\u00e9 la <strong>formazione su salute e sicurezza <\/strong>sia uno degli elementi decisivi nelle strategie di prevenzione di ogni luogo di lavoro, sono necessari <strong>formatori competenti<\/strong>, consapevoli delle proprie responsabilit\u00e0, abili nel comunicare e aggiornati alle ultime novit\u00e0 normative, tecnologiche e metodologiche.<\/p>\n<p>&nbsp;<\/p>\n<p>L\u2019<strong>efficacia<\/strong> <strong>della formazione<\/strong> dipende, infatti, non solo dalla qualit\u00e0 dei contenuti erogati, ma anche dalla capacit\u00e0 e competenza dei formatori nel sapere come comunicare le proprie conoscenze.<\/p>\n<p>\u00c8 proprio attraverso la figura del formatore, attraverso la sua capacit\u00e0 di mettere in atto tecniche didattiche adeguate, che la formazione dei lavoratori pu\u00f2 diventare un progetto condiviso di sicurezza aziendale e un efficace strumento per ridurre incidenti e malattie professionali.<\/p>\n<p>&nbsp;<\/p>\n<p>Per migliorare le competenze e abilit\u00e0 dei formatori, l\u2019Associazione Italiana Formatori ed Operatori della Sicurezza sul Lavoro (<strong>AiFOS<\/strong>) organizza in tutta Italia \u2013 ininterrottamente da dieci anni anticipando anche le indicazioni della normativa del 2013 \u2013 i corsi di formazione dal titolo \u201c<strong>Qualificazione del formatore: i fondamenti della didattica<\/strong>\u201d.<\/p>\n<p>&nbsp;<\/p>\n<p><strong>I corsi AiFOS di qualificazione del formatore<\/strong><\/p>\n<p>Nel 2022 i corsi sulla qualificazione del formatore (24 ore in presenza) si terrano da giugno a settembre, in Lombardia &#8211; <strong>Milano<\/strong>, <strong>Brescia<\/strong>, <strong>Varese<\/strong> (Gallarate) \u2013 e in Sardegna a <strong>Oristano<\/strong> (Marrubiu).<\/p>\n<p>&nbsp;<\/p>\n<p>Ogni corso, che comprende una parte propedeutica in e-learning, 24 ore in presenza e l\u2019esame finale, si propone di fornire ai partecipanti nozioni di base utili a <strong>realizzare, progettare ed erogare percorsi formativi<\/strong> in materia di salute e sicurezza sul lavoro.<\/p>\n<p>&nbsp;<\/p>\n<p>Durante il corso sono privilegiate <strong>tecniche didattiche attive<\/strong> che, tramite il coinvolgimento dei partecipanti, agevolano l\u2019apprendimento e l\u2019acquisizione di metodi, strategie e strumenti. Le competenze acquisite consentiranno di progettare e di erogare percorsi formativi alla salute e alla sicurezza in diversi contesti produttivi.<\/p>\n<p>&nbsp;<\/p>\n<p>La <strong>partecipazione al corso<\/strong>, superato l\u2019esame finale, consente di acquisire una delle specifiche dei <strong>criteri stabiliti dalla normativa<\/strong> e garantisce l\u2019esonero dal colloquio finale previsto dalle procedure di ammissione ai Registri professionali AiFOS e dal pagamento della quota relativa al suo sostenimento.<\/p>\n<p>&nbsp;<\/p>\n<p><strong>Qualificazione dei formatori: gli argomenti del corso<\/strong><\/p>\n<p>Ogni partecipante al corso fruir\u00e0 di <strong>5 moduli in E-Learning<\/strong> propedeutici al corso in presenza. Le nozioni forniranno al partecipante le basi teoriche riguardanti le tematiche che verranno trattate in aula:<\/p>\n<ul>\n<li>Modulo 1 &#8211; Analisi dei bisogni<\/li>\n<li>Modulo 2 &#8211; La comunicazione: Elementi di Base<\/li>\n<li>Modulo 3 &#8211; La progettazione<\/li>\n<li>Modulo 4 &#8211; Il Decreto Formatori<\/li>\n<li>Modulo 5 &#8211; I registri professionali<\/li>\n<\/ul>\n<p>&nbsp;<\/p>\n<p>Le 24 ore in presenza prevedono poi una divisione in tre diversi moduli:<\/p>\n<ul>\n<li>Modulo 1 &#8211; <strong>il processo formativo e l\u2019apprendimento degli adulti<\/strong>: nella prima giornata si tracceranno le basi per la progettazione di un buon intervento formativo, ponendo l\u2019attenzione su tutte le sue fasi, sull\u2019importanza di una formazione efficace, su come l\u2019adulto apprende e sulle teorie della formazione;<\/li>\n<li>Modulo 2 &#8211; <strong>la formazione in ambito di salute e sicurezza<\/strong>: nella seconda giornata si approfondiranno gli strumenti e le metodologie esperienziali a supporto della formazione su salute e sicurezza, soffermandosi anche sul ruolo e sullo stile comunicativo del formatore;<\/li>\n<li>Modulo 3 &#8211; <strong>il formatore efficace<\/strong>: nella terza giornata i partecipanti cercheranno di delineare le caratteristiche del formatore (parlare in pubblico; la gestione dei contenuti; la comunicazione in aula; tecniche di gestione d\u2019aula).<\/li>\n<\/ul>\n<p>&nbsp;<\/p>\n<p>Il percorso formativo si conclude con un esame finale che permette di accertare non solo le conoscenze acquisite, ma anche le competenze e le abilit\u00e0 del buon formatore alla sicurezza.<\/p>\n<p>&nbsp;<\/p>\n<p>Il superamento dell\u2019esame finale consente, dunque, di acquisire <strong>una delle specifiche indicate nei criteri 2, 3, 4, 5, 6<\/strong> stabiliti dalla Commissione Consultiva permanente per la salute e sicurezza sul lavoro e formalizzati nel <strong>Decreto Interministeriale 6 marzo 2013 <\/strong>recante i criteri di qualificazione della figura del formatore per la salute e sicurezza sul lavoro.<\/p>\n<p>&nbsp;<\/p>\n<p><strong>Dove si tengono i corsi AiFOS per i formatori <\/strong><\/p>\n<p>Queste le date e i luoghi del corso \u201c<strong>Qualificazione del formatore: i fondamenti della didattica<\/strong>\u201d:<\/p>\n<ul>\n<li><strong>16, 17 e 20 giugno 2022 <\/strong>a <strong>Marrubiu <\/strong>(Oristano) &#8211; in via Lisbona n.3 \u2013 ISFOR srl<\/li>\n<li><strong>21, 22 e 23 giugno 2022<\/strong> a <strong>Milano<\/strong> in via Giovanni Battista Fauch\u00e8, 15 (c\/o UNAHOTELS Scandinavia) \u2013 esame finale il 30 giugno 2022 &#8211; IS&amp;FM srl<\/li>\n<li><strong>01, 08, 15 luglio 2022 <\/strong>a <strong>Gallarate<\/strong> (Varese) in via A. Gramsci 72 &#8211; esame finale il 22 luglio 2022 &#8211; Safety Contact srl<\/li>\n<li><strong>28, 29, 30 settembre 2022 <\/strong>a <strong>Brescia<\/strong> in via Branze, 45 &#8211; esame finale il 07 ottobre 2022 &#8211; AiFOS Service<\/li>\n<\/ul>\n<p>&nbsp;<\/p>\n<p>La partecipazione a ogni corso vale come 16 ore di <strong>aggiornamento<\/strong> per RSPP\/ASPP e Coordinatori alla sicurezza.<\/p>\n<p>Il corso \u00e8 valido anche ai fini della formazione prevista per il Manager HSE (UNI 11720:2018 \u2013 area organizzativa-gestionale) e ai fini della formazione necessaria per l&#8217;iscrizione al Registro Consulenti AiFOS (L. 4\/2013).<\/p>\n<p>&nbsp;<\/p>\n<p>&nbsp;<\/p>\n<p>Per avere ulteriori dettagli sui corsi e iscriversi, \u00e8 possibile utilizzare questo link: <a href=\"https:\/\/aifos.org\/home\/formazione\/corsi\/corsi-in-programma\/corsi-in-programma\/qualificazione-formatore-fondamenti-didattica\">https:\/\/aifos.org\/home\/formazione\/corsi\/corsi-in-programma\/corsi-in-programma\/qualificazione-formatore-fondamenti-didattica<\/a><\/p>\n<p>&nbsp;<\/p>\n<p>Per informazioni:<\/p>\n<p><strong>Sede nazionale AiFOS<\/strong> &#8211; via Branze, 45 &#8211; 25123 Brescia c\/o CSMT, Universit\u00e0 degli Studi di Brescia &#8211; tel.030.6595035 &#8211; fax 030.6595040 <a href=\"http:\/\/www.aifos.it\">www.aifos.it<\/a> \u00a0&#8211; <a href=\"mailto:info@aifos.it\">info@aifos.it<\/a> &#8211; formarsi@aifos.it<\/p>\n<p>&nbsp;<\/p>\n<p>&nbsp;<\/p>\n<p><em>16 giugno 2022<\/em><\/p>\n<p><em>\u00a0<\/em><\/p>\n<p>&nbsp;<\/p>\n<p>&nbsp;<\/p>\n<p>Ufficio Stampa di AiFOS<\/p>\n<p>ufficiostampa@aifos.it<\/p>\n<p>http:\/\/www.aifos.it\/<\/p>\n","protected":false},"excerpt":{"rendered":"<p>Comunicato Stampa Qualificazione dei formatori: conoscere i fondamenti della didattica \u00a0 Corsi tra Lombardia e Sardegna per aiutare i formatori a realizzare, progettare ed erogare percorsi formativi, in materia di salute e sicurezza sul lavoro, conformi alla normativa, innovativi ed efficaci. &nbsp; Perch\u00e9 la formazione su salute e sicurezza sia uno degli elementi decisivi nelle strategie di prevenzione di ogni luogo di lavoro, sono necessari formatori competenti, consapevoli delle proprie<\/p>\n<p><a class=\"continue-reading\" href=\"https:\/\/www.article-marketing.eu\/comunicatistampa\/qualificazione-dei-formatori-conoscere-i-fondamenti-della-didattica\/\">Continue reading&#8230;<\/a><\/p>\n","protected":false},"author":881,"featured_media":0,"comment_status":"open","ping_status":"open","sticky":false,"template":"","format":"standard","meta":{"_monsterinsights_skip_tracking":false,"_monsterinsights_sitenote_active":false,"_monsterinsights_sitenote_note":"","_monsterinsights_sitenote_category":0,"footnotes":""},"categories":[78,379,392,378,394],"tags":[3301,3235,8528,5827,9845,36,9847,6449,3296,9844,1538,9846,554],"class_list":["post-23565","post","type-post","status-publish","format-standard","hentry","category-comunicati-stampa","category-corsi","category-eventi","category-istruzione","category-servizi","tag-aifos","tag-brescia","tag-corso-in-presenza","tag-decreto-interministeriale-6-marzo-2013","tag-formazione-su-salute-e-sicurezza","tag-milano","tag-moduli-in-e-learning","tag-oristano","tag-processo-formativo","tag-qualificazione-del-formatore-i-fondamenti-della-didattica","tag-sicurezza-sul-lavoro","tag-tecniche-didattiche-attive","tag-varese"],"yoast_head":"<!-- This site is optimized with the Yoast SEO plugin v27.3 - https:\/\/yoast.com\/product\/yoast-seo-wordpress\/ -->\n<title>Qualificazione dei formatori: conoscere i fondamenti della didattica<\/title>\n<meta name=\"robots\" content=\"index, follow, max-snippet:-1, max-image-preview:large, max-video-preview:-1\" \/>\n<link rel=\"canonical\" href=\"https:\/\/www.article-marketing.eu\/comunicatistampa\/qualificazione-dei-formatori-conoscere-i-fondamenti-della-didattica\/\" \/>\n<meta property=\"og:locale\" content=\"it_IT\" \/>\n<meta property=\"og:type\" content=\"article\" \/>\n<meta property=\"og:title\" content=\"Qualificazione dei formatori: conoscere i fondamenti della didattica\" \/>\n<meta property=\"og:description\" content=\"Comunicato Stampa Qualificazione dei formatori: conoscere i fondamenti della didattica \u00a0 Corsi tra Lombardia e Sardegna per aiutare i formatori a realizzare, progettare ed erogare percorsi formativi, in materia di salute e sicurezza sul lavoro, conformi alla normativa, innovativi ed efficaci. &nbsp; Perch\u00e9 la formazione su salute e sicurezza sia uno degli elementi decisivi nelle strategie di prevenzione di ogni luogo di lavoro, sono necessari formatori competenti, consapevoli delle proprieContinue reading...\" \/>\n<meta property=\"og:url\" content=\"https:\/\/www.article-marketing.eu\/comunicatistampa\/qualificazione-dei-formatori-conoscere-i-fondamenti-della-didattica\/\" \/>\n<meta property=\"og:site_name\" content=\"Article Marketing\" \/>\n<meta property=\"article:published_time\" content=\"2022-06-17T02:54:18+00:00\" \/>\n<meta name=\"author\" content=\"AIFUS\" \/>\n<meta name=\"twitter:card\" content=\"summary_large_image\" \/>\n<meta name=\"twitter:label1\" content=\"Scritto da\" \/>\n\t<meta name=\"twitter:data1\" content=\"AIFUS\" \/>\n\t<meta name=\"twitter:label2\" content=\"Tempo di lettura stimato\" \/>\n\t<meta name=\"twitter:data2\" content=\"5 minuti\" \/>\n<script type=\"application\/ld+json\" class=\"yoast-schema-graph\">{\"@context\":\"https:\\\/\\\/schema.org\",\"@graph\":[{\"@type\":\"Article\",\"@id\":\"https:\\\/\\\/www.article-marketing.eu\\\/comunicatistampa\\\/qualificazione-dei-formatori-conoscere-i-fondamenti-della-didattica\\\/#article\",\"isPartOf\":{\"@id\":\"https:\\\/\\\/www.article-marketing.eu\\\/comunicatistampa\\\/qualificazione-dei-formatori-conoscere-i-fondamenti-della-didattica\\\/\"},\"author\":{\"name\":\"AIFUS\",\"@id\":\"https:\\\/\\\/www.article-marketing.eu\\\/comunicatistampa\\\/#\\\/schema\\\/person\\\/d1985c4955ff71a05f49d68e3034b3cd\"},\"headline\":\"Qualificazione dei formatori: conoscere i fondamenti della didattica\",\"datePublished\":\"2022-06-17T02:54:18+00:00\",\"mainEntityOfPage\":{\"@id\":\"https:\\\/\\\/www.article-marketing.eu\\\/comunicatistampa\\\/qualificazione-dei-formatori-conoscere-i-fondamenti-della-didattica\\\/\"},\"wordCount\":866,\"commentCount\":0,\"keywords\":[\"Aifos\",\"Brescia\",\"corso in presenza\",\"Decreto Interministeriale 6 marzo 2013\",\"formazione su salute e sicurezza\",\"Milano\",\"moduli in E-Learning\",\"Oristano\",\"processo formativo\",\"Qualificazione del formatore: i fondamenti della didattica\",\"sicurezza sul lavoro\",\"tecniche didattiche attive\",\"varese\"],\"articleSection\":[\"Comunicati stampa\",\"Corsi\",\"Eventi\",\"Istruzione\",\"Servizi\"],\"inLanguage\":\"it-IT\",\"potentialAction\":[{\"@type\":\"CommentAction\",\"name\":\"Comment\",\"target\":[\"https:\\\/\\\/www.article-marketing.eu\\\/comunicatistampa\\\/qualificazione-dei-formatori-conoscere-i-fondamenti-della-didattica\\\/#respond\"]}]},{\"@type\":\"WebPage\",\"@id\":\"https:\\\/\\\/www.article-marketing.eu\\\/comunicatistampa\\\/qualificazione-dei-formatori-conoscere-i-fondamenti-della-didattica\\\/\",\"url\":\"https:\\\/\\\/www.article-marketing.eu\\\/comunicatistampa\\\/qualificazione-dei-formatori-conoscere-i-fondamenti-della-didattica\\\/\",\"name\":\"Qualificazione dei formatori: conoscere i fondamenti della didattica\",\"isPartOf\":{\"@id\":\"https:\\\/\\\/www.article-marketing.eu\\\/comunicatistampa\\\/#website\"},\"datePublished\":\"2022-06-17T02:54:18+00:00\",\"author\":{\"@id\":\"https:\\\/\\\/www.article-marketing.eu\\\/comunicatistampa\\\/#\\\/schema\\\/person\\\/d1985c4955ff71a05f49d68e3034b3cd\"},\"breadcrumb\":{\"@id\":\"https:\\\/\\\/www.article-marketing.eu\\\/comunicatistampa\\\/qualificazione-dei-formatori-conoscere-i-fondamenti-della-didattica\\\/#breadcrumb\"},\"inLanguage\":\"it-IT\",\"potentialAction\":[{\"@type\":\"ReadAction\",\"target\":[\"https:\\\/\\\/www.article-marketing.eu\\\/comunicatistampa\\\/qualificazione-dei-formatori-conoscere-i-fondamenti-della-didattica\\\/\"]}]},{\"@type\":\"BreadcrumbList\",\"@id\":\"https:\\\/\\\/www.article-marketing.eu\\\/comunicatistampa\\\/qualificazione-dei-formatori-conoscere-i-fondamenti-della-didattica\\\/#breadcrumb\",\"itemListElement\":[{\"@type\":\"ListItem\",\"position\":1,\"name\":\"Home\",\"item\":\"https:\\\/\\\/www.article-marketing.eu\\\/comunicatistampa\\\/\"},{\"@type\":\"ListItem\",\"position\":2,\"name\":\"Qualificazione dei formatori: conoscere i fondamenti della didattica\"}]},{\"@type\":\"WebSite\",\"@id\":\"https:\\\/\\\/www.article-marketing.eu\\\/comunicatistampa\\\/#website\",\"url\":\"https:\\\/\\\/www.article-marketing.eu\\\/comunicatistampa\\\/\",\"name\":\"Article Marketing\",\"description\":\"article marketing &amp; press release\",\"potentialAction\":[{\"@type\":\"SearchAction\",\"target\":{\"@type\":\"EntryPoint\",\"urlTemplate\":\"https:\\\/\\\/www.article-marketing.eu\\\/comunicatistampa\\\/?s={search_term_string}\"},\"query-input\":{\"@type\":\"PropertyValueSpecification\",\"valueRequired\":true,\"valueName\":\"search_term_string\"}}],\"inLanguage\":\"it-IT\"},{\"@type\":\"Person\",\"@id\":\"https:\\\/\\\/www.article-marketing.eu\\\/comunicatistampa\\\/#\\\/schema\\\/person\\\/d1985c4955ff71a05f49d68e3034b3cd\",\"name\":\"AIFUS\",\"image\":{\"@type\":\"ImageObject\",\"inLanguage\":\"it-IT\",\"@id\":\"https:\\\/\\\/secure.gravatar.com\\\/avatar\\\/05cf2a2ba057667571308b94c84f00ff48766ffac95710a87491a9b3ddcee484?s=96&d=mm&r=g\",\"url\":\"https:\\\/\\\/secure.gravatar.com\\\/avatar\\\/05cf2a2ba057667571308b94c84f00ff48766ffac95710a87491a9b3ddcee484?s=96&d=mm&r=g\",\"contentUrl\":\"https:\\\/\\\/secure.gravatar.com\\\/avatar\\\/05cf2a2ba057667571308b94c84f00ff48766ffac95710a87491a9b3ddcee484?s=96&d=mm&r=g\",\"caption\":\"AIFUS\"},\"url\":\"https:\\\/\\\/www.article-marketing.eu\\\/comunicatistampa\\\/author\\\/aifus\\\/\"}]}<\/script>\n<!-- \/ Yoast SEO plugin. -->","yoast_head_json":{"title":"Qualificazione dei formatori: conoscere i fondamenti della didattica","robots":{"index":"index","follow":"follow","max-snippet":"max-snippet:-1","max-image-preview":"max-image-preview:large","max-video-preview":"max-video-preview:-1"},"canonical":"https:\/\/www.article-marketing.eu\/comunicatistampa\/qualificazione-dei-formatori-conoscere-i-fondamenti-della-didattica\/","og_locale":"it_IT","og_type":"article","og_title":"Qualificazione dei formatori: conoscere i fondamenti della didattica","og_description":"Comunicato Stampa Qualificazione dei formatori: conoscere i fondamenti della didattica \u00a0 Corsi tra Lombardia e Sardegna per aiutare i formatori a realizzare, progettare ed erogare percorsi formativi, in materia di salute e sicurezza sul lavoro, conformi alla normativa, innovativi ed efficaci. &nbsp; Perch\u00e9 la formazione su salute e sicurezza sia uno degli elementi decisivi nelle strategie di prevenzione di ogni luogo di lavoro, sono necessari formatori competenti, consapevoli delle proprieContinue reading...","og_url":"https:\/\/www.article-marketing.eu\/comunicatistampa\/qualificazione-dei-formatori-conoscere-i-fondamenti-della-didattica\/","og_site_name":"Article Marketing","article_published_time":"2022-06-17T02:54:18+00:00","author":"AIFUS","twitter_card":"summary_large_image","twitter_misc":{"Scritto da":"AIFUS","Tempo di lettura stimato":"5 minuti"},"schema":{"@context":"https:\/\/schema.org","@graph":[{"@type":"Article","@id":"https:\/\/www.article-marketing.eu\/comunicatistampa\/qualificazione-dei-formatori-conoscere-i-fondamenti-della-didattica\/#article","isPartOf":{"@id":"https:\/\/www.article-marketing.eu\/comunicatistampa\/qualificazione-dei-formatori-conoscere-i-fondamenti-della-didattica\/"},"author":{"name":"AIFUS","@id":"https:\/\/www.article-marketing.eu\/comunicatistampa\/#\/schema\/person\/d1985c4955ff71a05f49d68e3034b3cd"},"headline":"Qualificazione dei formatori: conoscere i fondamenti della didattica","datePublished":"2022-06-17T02:54:18+00:00","mainEntityOfPage":{"@id":"https:\/\/www.article-marketing.eu\/comunicatistampa\/qualificazione-dei-formatori-conoscere-i-fondamenti-della-didattica\/"},"wordCount":866,"commentCount":0,"keywords":["Aifos","Brescia","corso in presenza","Decreto Interministeriale 6 marzo 2013","formazione su salute e sicurezza","Milano","moduli in E-Learning","Oristano","processo formativo","Qualificazione del formatore: i fondamenti della didattica","sicurezza sul lavoro","tecniche didattiche attive","varese"],"articleSection":["Comunicati stampa","Corsi","Eventi","Istruzione","Servizi"],"inLanguage":"it-IT","potentialAction":[{"@type":"CommentAction","name":"Comment","target":["https:\/\/www.article-marketing.eu\/comunicatistampa\/qualificazione-dei-formatori-conoscere-i-fondamenti-della-didattica\/#respond"]}]},{"@type":"WebPage","@id":"https:\/\/www.article-marketing.eu\/comunicatistampa\/qualificazione-dei-formatori-conoscere-i-fondamenti-della-didattica\/","url":"https:\/\/www.article-marketing.eu\/comunicatistampa\/qualificazione-dei-formatori-conoscere-i-fondamenti-della-didattica\/","name":"Qualificazione dei formatori: conoscere i fondamenti della didattica","isPartOf":{"@id":"https:\/\/www.article-marketing.eu\/comunicatistampa\/#website"},"datePublished":"2022-06-17T02:54:18+00:00","author":{"@id":"https:\/\/www.article-marketing.eu\/comunicatistampa\/#\/schema\/person\/d1985c4955ff71a05f49d68e3034b3cd"},"breadcrumb":{"@id":"https:\/\/www.article-marketing.eu\/comunicatistampa\/qualificazione-dei-formatori-conoscere-i-fondamenti-della-didattica\/#breadcrumb"},"inLanguage":"it-IT","potentialAction":[{"@type":"ReadAction","target":["https:\/\/www.article-marketing.eu\/comunicatistampa\/qualificazione-dei-formatori-conoscere-i-fondamenti-della-didattica\/"]}]},{"@type":"BreadcrumbList","@id":"https:\/\/www.article-marketing.eu\/comunicatistampa\/qualificazione-dei-formatori-conoscere-i-fondamenti-della-didattica\/#breadcrumb","itemListElement":[{"@type":"ListItem","position":1,"name":"Home","item":"https:\/\/www.article-marketing.eu\/comunicatistampa\/"},{"@type":"ListItem","position":2,"name":"Qualificazione dei formatori: conoscere i fondamenti della didattica"}]},{"@type":"WebSite","@id":"https:\/\/www.article-marketing.eu\/comunicatistampa\/#website","url":"https:\/\/www.article-marketing.eu\/comunicatistampa\/","name":"Article Marketing","description":"article marketing &amp; press release","potentialAction":[{"@type":"SearchAction","target":{"@type":"EntryPoint","urlTemplate":"https:\/\/www.article-marketing.eu\/comunicatistampa\/?s={search_term_string}"},"query-input":{"@type":"PropertyValueSpecification","valueRequired":true,"valueName":"search_term_string"}}],"inLanguage":"it-IT"},{"@type":"Person","@id":"https:\/\/www.article-marketing.eu\/comunicatistampa\/#\/schema\/person\/d1985c4955ff71a05f49d68e3034b3cd","name":"AIFUS","image":{"@type":"ImageObject","inLanguage":"it-IT","@id":"https:\/\/secure.gravatar.com\/avatar\/05cf2a2ba057667571308b94c84f00ff48766ffac95710a87491a9b3ddcee484?s=96&d=mm&r=g","url":"https:\/\/secure.gravatar.com\/avatar\/05cf2a2ba057667571308b94c84f00ff48766ffac95710a87491a9b3ddcee484?s=96&d=mm&r=g","contentUrl":"https:\/\/secure.gravatar.com\/avatar\/05cf2a2ba057667571308b94c84f00ff48766ffac95710a87491a9b3ddcee484?s=96&d=mm&r=g","caption":"AIFUS"},"url":"https:\/\/www.article-marketing.eu\/comunicatistampa\/author\/aifus\/"}]}},"_links":{"self":[{"href":"https:\/\/www.article-marketing.eu\/comunicatistampa\/wp-json\/wp\/v2\/posts\/23565","targetHints":{"allow":["GET"]}}],"collection":[{"href":"https:\/\/www.article-marketing.eu\/comunicatistampa\/wp-json\/wp\/v2\/posts"}],"about":[{"href":"https:\/\/www.article-marketing.eu\/comunicatistampa\/wp-json\/wp\/v2\/types\/post"}],"author":[{"embeddable":true,"href":"https:\/\/www.article-marketing.eu\/comunicatistampa\/wp-json\/wp\/v2\/users\/881"}],"replies":[{"embeddable":true,"href":"https:\/\/www.article-marketing.eu\/comunicatistampa\/wp-json\/wp\/v2\/comments?post=23565"}],"version-history":[{"count":2,"href":"https:\/\/www.article-marketing.eu\/comunicatistampa\/wp-json\/wp\/v2\/posts\/23565\/revisions"}],"predecessor-version":[{"id":23588,"href":"https:\/\/www.article-marketing.eu\/comunicatistampa\/wp-json\/wp\/v2\/posts\/23565\/revisions\/23588"}],"wp:attachment":[{"href":"https:\/\/www.article-marketing.eu\/comunicatistampa\/wp-json\/wp\/v2\/media?parent=23565"}],"wp:term":[{"taxonomy":"category","embeddable":true,"href":"https:\/\/www.article-marketing.eu\/comunicatistampa\/wp-json\/wp\/v2\/categories?post=23565"},{"taxonomy":"post_tag","embeddable":true,"href":"https:\/\/www.article-marketing.eu\/comunicatistampa\/wp-json\/wp\/v2\/tags?post=23565"}],"curies":[{"name":"wp","href":"https:\/\/api.w.org\/{rel}","templated":true}]}}