{"id":23583,"date":"2022-06-17T04:53:32","date_gmt":"2022-06-17T02:53:32","guid":{"rendered":"https:\/\/www.article-marketing.eu\/comunicatistampa\/?p=23583"},"modified":"2022-06-17T04:53:32","modified_gmt":"2022-06-17T02:53:32","slug":"sostenibilita-per-ricoh-giugno-e-il-global-sdgs-action-month","status":"publish","type":"post","link":"https:\/\/www.article-marketing.eu\/comunicatistampa\/sostenibilita-per-ricoh-giugno-e-il-global-sdgs-action-month\/","title":{"rendered":"Sostenibilit\u00e0: per Ricoh giugno \u00e8 il \u201cGlobal SDGs Action Month\u201d"},"content":{"rendered":"<p><strong>Anche quest\u2019anno, durante il mese di giugno, Ricoh vuole incoraggiare i dipendenti di tutto il mondo a dare il proprio contributo agli Obiettivi di Sviluppo delle Nazioni Unite. Sostenibilit\u00e0, diversit\u00e0, inclusione e crisi umanitaria in Ucraina sono sotto i riflettori. <\/strong><strong>\u00a0<\/strong><\/p>\n<p>Per il Gruppo Ricoh le persone e il pianeta sono in cima all\u2019agenda. La sostenibilit\u00e0 rappresenta un aspetto fondamentale nelle strategie dell\u2019azienda giapponese con l\u2019obiettivo di dare un apporto alla risoluzione di importanti questioni sociali e di <a href=\"https:\/\/www.ricoh.it\/chi-siamo\/ambiente-responsabilita-sociale-e-governance\/\">supportare concretamente gli Obiettivi di Sviluppo delle Nazioni Unite<\/a> (SDG). \u00a0Per coinvolgere i dipendenti e promuovere questo approccio, Ricoh celebra il <em>Ricoh Global SDGs Action 2022<\/em>. Il mese sar\u00e0 ricco di spunti su differenti tematiche, tra cui sostenibilit\u00e0, diversit\u00e0, inclusione e crisi umanitaria in Ucraina. A quest\u2019ultimo proposito, Ricoh Europe ha organizzato una raccolta fondi che coinvolge tutti i dipendenti e che si aggiunge alle iniziative gi\u00e0 organizzate da molte filiali europee tra cui quella italiana. Negli scorsi mesi, infatti, il Gruppo Ricoh in Italia ha dato ai dipendenti la possibilit\u00e0 di donare ore lavoro raddoppiando poi l\u2019importo raggiunto. Grazie a questa raccolta fondi sono stati devoluti oltre 48.000 euro alla Croce Rossa Italiana.<\/p>\n<p><strong>Coinvolgimento e inclusione per valorizzare i talenti<\/strong><\/p>\n<p>Il tema centrale del <em>Ricoh Global SDGs Action 2022<\/em> \u00e8 \u201cFulfillment through Work\u201d (realizzazione di se stessi mediante il proprio lavoro), un aspetto fondamentale nella vision di Ricoh per il 2036, anno in cui ricorrer\u00e0 il centesimo anniversario della sua fondazione. Cosa significa esattamente? Ricoh vuole creare un ambiente di lavoro basato su concetti quali coinvolgimento, creativit\u00e0 e valore, andando quindi oltre il \u201csemplice\u201d miglioramento della produttivit\u00e0 e dell\u2019efficienza. Questo approccio passa ovviamente anche dalla diversit\u00e0 e dall\u2019inclusione. \u201cE\u2019 importante che siano le persone a promuovere e ispirare la cultura dell\u2019inclusione &#8211; commenta Nicola Downing, CEO di Ricoh Europe &#8211; e questo deve essere fatto in modo intenzionale, positivo e consapevole affinch\u00e9 tutti possano beneficiarne. Io stessa da molto tempo sono promotrice di un ambiente di lavoro inclusivo in cui la diversit\u00e0 \u00e8 percepita come un valore. Le migliore idee, si sa, nascono dalla collaborazione tra talenti eterogenei\u201d.<\/p>\n","protected":false},"excerpt":{"rendered":"<p>Anche quest\u2019anno, durante il mese di giugno, Ricoh vuole incoraggiare i dipendenti di tutto il mondo a dare il proprio contributo agli Obiettivi di Sviluppo delle Nazioni Unite. Sostenibilit\u00e0, diversit\u00e0, inclusione e crisi umanitaria in Ucraina sono sotto i riflettori. \u00a0 Per il Gruppo Ricoh le persone e il pianeta sono in cima all\u2019agenda. La sostenibilit\u00e0 rappresenta un aspetto fondamentale nelle strategie dell\u2019azienda giapponese con l\u2019obiettivo di dare un apporto<\/p>\n<p><a class=\"continue-reading\" href=\"https:\/\/www.article-marketing.eu\/comunicatistampa\/sostenibilita-per-ricoh-giugno-e-il-global-sdgs-action-month\/\">Continue reading&#8230;<\/a><\/p>\n","protected":false},"author":15,"featured_media":0,"comment_status":"open","ping_status":"open","sticky":false,"template":"","format":"standard","meta":{"_monsterinsights_skip_tracking":false,"_monsterinsights_sitenote_active":false,"_monsterinsights_sitenote_note":"","_monsterinsights_sitenote_category":0,"footnotes":""},"categories":[78],"tags":[],"class_list":["post-23583","post","type-post","status-publish","format-standard","hentry","category-comunicati-stampa"],"yoast_head":"<!-- This site is optimized with the Yoast SEO plugin v27.3 - https:\/\/yoast.com\/product\/yoast-seo-wordpress\/ -->\n<title>Sostenibilit\u00e0: per Ricoh giugno \u00e8 il \u201cGlobal SDGs Action Month\u201d<\/title>\n<meta name=\"robots\" content=\"index, follow, max-snippet:-1, max-image-preview:large, max-video-preview:-1\" \/>\n<link rel=\"canonical\" href=\"https:\/\/www.article-marketing.eu\/comunicatistampa\/sostenibilita-per-ricoh-giugno-e-il-global-sdgs-action-month\/\" \/>\n<meta property=\"og:locale\" content=\"it_IT\" \/>\n<meta property=\"og:type\" content=\"article\" \/>\n<meta property=\"og:title\" content=\"Sostenibilit\u00e0: per Ricoh giugno \u00e8 il \u201cGlobal SDGs Action Month\u201d\" \/>\n<meta property=\"og:description\" content=\"Anche quest\u2019anno, durante il mese di giugno, Ricoh vuole incoraggiare i dipendenti di tutto il mondo a dare il proprio contributo agli Obiettivi di Sviluppo delle Nazioni Unite. Sostenibilit\u00e0, diversit\u00e0, inclusione e crisi umanitaria in Ucraina sono sotto i riflettori. \u00a0 Per il Gruppo Ricoh le persone e il pianeta sono in cima all\u2019agenda. La sostenibilit\u00e0 rappresenta un aspetto fondamentale nelle strategie dell\u2019azienda giapponese con l\u2019obiettivo di dare un apportoContinue reading...\" \/>\n<meta property=\"og:url\" content=\"https:\/\/www.article-marketing.eu\/comunicatistampa\/sostenibilita-per-ricoh-giugno-e-il-global-sdgs-action-month\/\" \/>\n<meta property=\"og:site_name\" content=\"Article Marketing\" \/>\n<meta property=\"article:published_time\" content=\"2022-06-17T02:53:32+00:00\" \/>\n<meta name=\"author\" content=\"MartaOldani\" \/>\n<meta name=\"twitter:card\" content=\"summary_large_image\" \/>\n<meta name=\"twitter:label1\" content=\"Scritto da\" \/>\n\t<meta name=\"twitter:data1\" content=\"MartaOldani\" \/>\n\t<meta name=\"twitter:label2\" content=\"Tempo di lettura stimato\" \/>\n\t<meta name=\"twitter:data2\" content=\"2 minuti\" \/>\n<script type=\"application\/ld+json\" class=\"yoast-schema-graph\">{\"@context\":\"https:\\\/\\\/schema.org\",\"@graph\":[{\"@type\":\"Article\",\"@id\":\"https:\\\/\\\/www.article-marketing.eu\\\/comunicatistampa\\\/sostenibilita-per-ricoh-giugno-e-il-global-sdgs-action-month\\\/#article\",\"isPartOf\":{\"@id\":\"https:\\\/\\\/www.article-marketing.eu\\\/comunicatistampa\\\/sostenibilita-per-ricoh-giugno-e-il-global-sdgs-action-month\\\/\"},\"author\":{\"name\":\"MartaOldani\",\"@id\":\"https:\\\/\\\/www.article-marketing.eu\\\/comunicatistampa\\\/#\\\/schema\\\/person\\\/11429a0958085546a14f2ef8706ed1ad\"},\"headline\":\"Sostenibilit\u00e0: per Ricoh giugno \u00e8 il \u201cGlobal SDGs Action Month\u201d\",\"datePublished\":\"2022-06-17T02:53:32+00:00\",\"mainEntityOfPage\":{\"@id\":\"https:\\\/\\\/www.article-marketing.eu\\\/comunicatistampa\\\/sostenibilita-per-ricoh-giugno-e-il-global-sdgs-action-month\\\/\"},\"wordCount\":358,\"commentCount\":0,\"articleSection\":[\"Comunicati stampa\"],\"inLanguage\":\"it-IT\",\"potentialAction\":[{\"@type\":\"CommentAction\",\"name\":\"Comment\",\"target\":[\"https:\\\/\\\/www.article-marketing.eu\\\/comunicatistampa\\\/sostenibilita-per-ricoh-giugno-e-il-global-sdgs-action-month\\\/#respond\"]}]},{\"@type\":\"WebPage\",\"@id\":\"https:\\\/\\\/www.article-marketing.eu\\\/comunicatistampa\\\/sostenibilita-per-ricoh-giugno-e-il-global-sdgs-action-month\\\/\",\"url\":\"https:\\\/\\\/www.article-marketing.eu\\\/comunicatistampa\\\/sostenibilita-per-ricoh-giugno-e-il-global-sdgs-action-month\\\/\",\"name\":\"Sostenibilit\u00e0: per Ricoh giugno \u00e8 il \u201cGlobal SDGs Action Month\u201d\",\"isPartOf\":{\"@id\":\"https:\\\/\\\/www.article-marketing.eu\\\/comunicatistampa\\\/#website\"},\"datePublished\":\"2022-06-17T02:53:32+00:00\",\"author\":{\"@id\":\"https:\\\/\\\/www.article-marketing.eu\\\/comunicatistampa\\\/#\\\/schema\\\/person\\\/11429a0958085546a14f2ef8706ed1ad\"},\"breadcrumb\":{\"@id\":\"https:\\\/\\\/www.article-marketing.eu\\\/comunicatistampa\\\/sostenibilita-per-ricoh-giugno-e-il-global-sdgs-action-month\\\/#breadcrumb\"},\"inLanguage\":\"it-IT\",\"potentialAction\":[{\"@type\":\"ReadAction\",\"target\":[\"https:\\\/\\\/www.article-marketing.eu\\\/comunicatistampa\\\/sostenibilita-per-ricoh-giugno-e-il-global-sdgs-action-month\\\/\"]}]},{\"@type\":\"BreadcrumbList\",\"@id\":\"https:\\\/\\\/www.article-marketing.eu\\\/comunicatistampa\\\/sostenibilita-per-ricoh-giugno-e-il-global-sdgs-action-month\\\/#breadcrumb\",\"itemListElement\":[{\"@type\":\"ListItem\",\"position\":1,\"name\":\"Home\",\"item\":\"https:\\\/\\\/www.article-marketing.eu\\\/comunicatistampa\\\/\"},{\"@type\":\"ListItem\",\"position\":2,\"name\":\"Sostenibilit\u00e0: per Ricoh giugno \u00e8 il \u201cGlobal SDGs Action Month\u201d\"}]},{\"@type\":\"WebSite\",\"@id\":\"https:\\\/\\\/www.article-marketing.eu\\\/comunicatistampa\\\/#website\",\"url\":\"https:\\\/\\\/www.article-marketing.eu\\\/comunicatistampa\\\/\",\"name\":\"Article Marketing\",\"description\":\"article marketing &amp; press release\",\"potentialAction\":[{\"@type\":\"SearchAction\",\"target\":{\"@type\":\"EntryPoint\",\"urlTemplate\":\"https:\\\/\\\/www.article-marketing.eu\\\/comunicatistampa\\\/?s={search_term_string}\"},\"query-input\":{\"@type\":\"PropertyValueSpecification\",\"valueRequired\":true,\"valueName\":\"search_term_string\"}}],\"inLanguage\":\"it-IT\"},{\"@type\":\"Person\",\"@id\":\"https:\\\/\\\/www.article-marketing.eu\\\/comunicatistampa\\\/#\\\/schema\\\/person\\\/11429a0958085546a14f2ef8706ed1ad\",\"name\":\"MartaOldani\",\"image\":{\"@type\":\"ImageObject\",\"inLanguage\":\"it-IT\",\"@id\":\"https:\\\/\\\/secure.gravatar.com\\\/avatar\\\/61f67e4d0e5fe2ae475d07df4f372fb6eb25341737f3c7e794f70d4c169f28dd?s=96&d=mm&r=g\",\"url\":\"https:\\\/\\\/secure.gravatar.com\\\/avatar\\\/61f67e4d0e5fe2ae475d07df4f372fb6eb25341737f3c7e794f70d4c169f28dd?s=96&d=mm&r=g\",\"contentUrl\":\"https:\\\/\\\/secure.gravatar.com\\\/avatar\\\/61f67e4d0e5fe2ae475d07df4f372fb6eb25341737f3c7e794f70d4c169f28dd?s=96&d=mm&r=g\",\"caption\":\"MartaOldani\"},\"url\":\"https:\\\/\\\/www.article-marketing.eu\\\/comunicatistampa\\\/author\\\/martaoldani\\\/\"}]}<\/script>\n<!-- \/ Yoast SEO plugin. -->","yoast_head_json":{"title":"Sostenibilit\u00e0: per Ricoh giugno \u00e8 il \u201cGlobal SDGs Action Month\u201d","robots":{"index":"index","follow":"follow","max-snippet":"max-snippet:-1","max-image-preview":"max-image-preview:large","max-video-preview":"max-video-preview:-1"},"canonical":"https:\/\/www.article-marketing.eu\/comunicatistampa\/sostenibilita-per-ricoh-giugno-e-il-global-sdgs-action-month\/","og_locale":"it_IT","og_type":"article","og_title":"Sostenibilit\u00e0: per Ricoh giugno \u00e8 il \u201cGlobal SDGs Action Month\u201d","og_description":"Anche quest\u2019anno, durante il mese di giugno, Ricoh vuole incoraggiare i dipendenti di tutto il mondo a dare il proprio contributo agli Obiettivi di Sviluppo delle Nazioni Unite. Sostenibilit\u00e0, diversit\u00e0, inclusione e crisi umanitaria in Ucraina sono sotto i riflettori. \u00a0 Per il Gruppo Ricoh le persone e il pianeta sono in cima all\u2019agenda. La sostenibilit\u00e0 rappresenta un aspetto fondamentale nelle strategie dell\u2019azienda giapponese con l\u2019obiettivo di dare un apportoContinue reading...","og_url":"https:\/\/www.article-marketing.eu\/comunicatistampa\/sostenibilita-per-ricoh-giugno-e-il-global-sdgs-action-month\/","og_site_name":"Article Marketing","article_published_time":"2022-06-17T02:53:32+00:00","author":"MartaOldani","twitter_card":"summary_large_image","twitter_misc":{"Scritto da":"MartaOldani","Tempo di lettura stimato":"2 minuti"},"schema":{"@context":"https:\/\/schema.org","@graph":[{"@type":"Article","@id":"https:\/\/www.article-marketing.eu\/comunicatistampa\/sostenibilita-per-ricoh-giugno-e-il-global-sdgs-action-month\/#article","isPartOf":{"@id":"https:\/\/www.article-marketing.eu\/comunicatistampa\/sostenibilita-per-ricoh-giugno-e-il-global-sdgs-action-month\/"},"author":{"name":"MartaOldani","@id":"https:\/\/www.article-marketing.eu\/comunicatistampa\/#\/schema\/person\/11429a0958085546a14f2ef8706ed1ad"},"headline":"Sostenibilit\u00e0: per Ricoh giugno \u00e8 il \u201cGlobal SDGs Action Month\u201d","datePublished":"2022-06-17T02:53:32+00:00","mainEntityOfPage":{"@id":"https:\/\/www.article-marketing.eu\/comunicatistampa\/sostenibilita-per-ricoh-giugno-e-il-global-sdgs-action-month\/"},"wordCount":358,"commentCount":0,"articleSection":["Comunicati stampa"],"inLanguage":"it-IT","potentialAction":[{"@type":"CommentAction","name":"Comment","target":["https:\/\/www.article-marketing.eu\/comunicatistampa\/sostenibilita-per-ricoh-giugno-e-il-global-sdgs-action-month\/#respond"]}]},{"@type":"WebPage","@id":"https:\/\/www.article-marketing.eu\/comunicatistampa\/sostenibilita-per-ricoh-giugno-e-il-global-sdgs-action-month\/","url":"https:\/\/www.article-marketing.eu\/comunicatistampa\/sostenibilita-per-ricoh-giugno-e-il-global-sdgs-action-month\/","name":"Sostenibilit\u00e0: per Ricoh giugno \u00e8 il \u201cGlobal SDGs Action Month\u201d","isPartOf":{"@id":"https:\/\/www.article-marketing.eu\/comunicatistampa\/#website"},"datePublished":"2022-06-17T02:53:32+00:00","author":{"@id":"https:\/\/www.article-marketing.eu\/comunicatistampa\/#\/schema\/person\/11429a0958085546a14f2ef8706ed1ad"},"breadcrumb":{"@id":"https:\/\/www.article-marketing.eu\/comunicatistampa\/sostenibilita-per-ricoh-giugno-e-il-global-sdgs-action-month\/#breadcrumb"},"inLanguage":"it-IT","potentialAction":[{"@type":"ReadAction","target":["https:\/\/www.article-marketing.eu\/comunicatistampa\/sostenibilita-per-ricoh-giugno-e-il-global-sdgs-action-month\/"]}]},{"@type":"BreadcrumbList","@id":"https:\/\/www.article-marketing.eu\/comunicatistampa\/sostenibilita-per-ricoh-giugno-e-il-global-sdgs-action-month\/#breadcrumb","itemListElement":[{"@type":"ListItem","position":1,"name":"Home","item":"https:\/\/www.article-marketing.eu\/comunicatistampa\/"},{"@type":"ListItem","position":2,"name":"Sostenibilit\u00e0: per Ricoh giugno \u00e8 il \u201cGlobal SDGs Action Month\u201d"}]},{"@type":"WebSite","@id":"https:\/\/www.article-marketing.eu\/comunicatistampa\/#website","url":"https:\/\/www.article-marketing.eu\/comunicatistampa\/","name":"Article Marketing","description":"article marketing &amp; press release","potentialAction":[{"@type":"SearchAction","target":{"@type":"EntryPoint","urlTemplate":"https:\/\/www.article-marketing.eu\/comunicatistampa\/?s={search_term_string}"},"query-input":{"@type":"PropertyValueSpecification","valueRequired":true,"valueName":"search_term_string"}}],"inLanguage":"it-IT"},{"@type":"Person","@id":"https:\/\/www.article-marketing.eu\/comunicatistampa\/#\/schema\/person\/11429a0958085546a14f2ef8706ed1ad","name":"MartaOldani","image":{"@type":"ImageObject","inLanguage":"it-IT","@id":"https:\/\/secure.gravatar.com\/avatar\/61f67e4d0e5fe2ae475d07df4f372fb6eb25341737f3c7e794f70d4c169f28dd?s=96&d=mm&r=g","url":"https:\/\/secure.gravatar.com\/avatar\/61f67e4d0e5fe2ae475d07df4f372fb6eb25341737f3c7e794f70d4c169f28dd?s=96&d=mm&r=g","contentUrl":"https:\/\/secure.gravatar.com\/avatar\/61f67e4d0e5fe2ae475d07df4f372fb6eb25341737f3c7e794f70d4c169f28dd?s=96&d=mm&r=g","caption":"MartaOldani"},"url":"https:\/\/www.article-marketing.eu\/comunicatistampa\/author\/martaoldani\/"}]}},"_links":{"self":[{"href":"https:\/\/www.article-marketing.eu\/comunicatistampa\/wp-json\/wp\/v2\/posts\/23583","targetHints":{"allow":["GET"]}}],"collection":[{"href":"https:\/\/www.article-marketing.eu\/comunicatistampa\/wp-json\/wp\/v2\/posts"}],"about":[{"href":"https:\/\/www.article-marketing.eu\/comunicatistampa\/wp-json\/wp\/v2\/types\/post"}],"author":[{"embeddable":true,"href":"https:\/\/www.article-marketing.eu\/comunicatistampa\/wp-json\/wp\/v2\/users\/15"}],"replies":[{"embeddable":true,"href":"https:\/\/www.article-marketing.eu\/comunicatistampa\/wp-json\/wp\/v2\/comments?post=23583"}],"version-history":[{"count":2,"href":"https:\/\/www.article-marketing.eu\/comunicatistampa\/wp-json\/wp\/v2\/posts\/23583\/revisions"}],"predecessor-version":[{"id":23585,"href":"https:\/\/www.article-marketing.eu\/comunicatistampa\/wp-json\/wp\/v2\/posts\/23583\/revisions\/23585"}],"wp:attachment":[{"href":"https:\/\/www.article-marketing.eu\/comunicatistampa\/wp-json\/wp\/v2\/media?parent=23583"}],"wp:term":[{"taxonomy":"category","embeddable":true,"href":"https:\/\/www.article-marketing.eu\/comunicatistampa\/wp-json\/wp\/v2\/categories?post=23583"},{"taxonomy":"post_tag","embeddable":true,"href":"https:\/\/www.article-marketing.eu\/comunicatistampa\/wp-json\/wp\/v2\/tags?post=23583"}],"curies":[{"name":"wp","href":"https:\/\/api.w.org\/{rel}","templated":true}]}}