{"id":23612,"date":"2022-06-21T06:21:54","date_gmt":"2022-06-21T04:21:54","guid":{"rendered":"https:\/\/www.article-marketing.eu\/comunicatistampa\/?p=23612"},"modified":"2022-06-21T06:21:54","modified_gmt":"2022-06-21T04:21:54","slug":"imprenditoria-e-mezzogiorno-il-profilo-di-gianni-lettieri-presidente-di-atitech","status":"publish","type":"post","link":"https:\/\/www.article-marketing.eu\/comunicatistampa\/imprenditoria-e-mezzogiorno-il-profilo-di-gianni-lettieri-presidente-di-atitech\/","title":{"rendered":"Imprenditoria e Mezzogiorno: il profilo di Gianni Lettieri, Presidente di Atitech"},"content":{"rendered":"<p><em><strong>\u00c8 stato il primo ad esportare il tessuto denim-ring negli Stati Uniti, oggi guida un&#8217;azienda di manutenzione aeronautica leader nel mercato EMEA. Un curriculum ricco, quello di <a title=\"Gianni Lettieri: il profilo professionale\" href=\"https:\/\/h2biz.net\/Imprenditore\/gianni-lettieri-11708\">Gianni Lettieri<\/a>, fondatore di Meridie e attuale Presidente di Atitech.<\/strong><\/em><\/p>\n<p><a title=\"Gianni Lettieri: le esperienze professionali\" href=\"https:\/\/h2biz.net\/Imprenditore\/gianni-lettieri-11708\"><img loading=\"lazy\" decoding=\"async\" src=\"https:\/\/h2biz.net\/images\/Plats\/crop_min_20211123120848.jpg\" alt=\"Gianni Lettieri\" width=\"120\" height=\"120\" \/><\/a><\/p>\n<h2>Gianni Lettieri: lo &#8220;scugnizzo&#8221; del panorama imprenditoriale italiano<\/h2>\n<p>Laurea honoris causa in Giurisprudenza, insignito di numerosi riconoscimenti (Premio Guido Dorso, Premio Mediterraneo Economia e Impresa Oltre, Premio Cuore D&#8217;Oro) e un lungo percorso nell&#8217;Unione degli Industriali. Napoletano, classe 1956, <strong>Gianni Lettieri<\/strong> \u00e8 un classico esempio di &#8220;self-made man&#8221;. Imprenditore e dirigente d&#8217;azienda, \u00e8 Presidente e Amministratore Delegato di Meridie Investimenti, holding da lui co-fondata nel 2007 e attraverso la quale ha acquisito Atitech. Sotto la sua guida, in poco pi\u00f9 di dieci anni l&#8217;azienda di manutenzione aeronautica si \u00e8 imposta come punto di riferimento europeo nel settore, diventando una delle pi\u00f9 importanti realt\u00e0 del mercato EMEA. Il successo dell&#8217;imprenditore parte tuttavia da lontano, precisamente dal suo esordio nel settore tessile. A soli 23 anni, dopo aver gi\u00e0 maturato un&#8217;esperienza nel commerciale, <strong>Gianni Lettieri<\/strong> apre a Casandrino e Monza le sedi di uno stabilimento produttivo dedicato alla lavorazione dei tessuti. La giovane et\u00e0 non gli impedisce di farsi strada e la svolta avviene quando decide di puntare sulla produzione del tessuto denim-ring creando la prima societ\u00e0 europea. Una scommessa che si rivela ben presto vincente, con i suoi prodotti che pian piano vengono distribuiti anche nei mercati esteri e in particolare negli Stati Uniti.<\/p>\n<h2>Gianni Lettieri: l&#8217;acquisizione di Atitech e il sogno del polo unico dedicato alla manutenzione<\/h2>\n<p>Le attivit\u00e0 di <a title=\"Gianni Lettieri, la biografia - H2biz\" href=\"https:\/\/h2biz.net\/Imprenditore\/gianni-lettieri-11708\">Gianni Lettieri<\/a> giungono fino in India, dove nel 1995 sigla una joint venture con il gruppo Raymond per creare la prima societ\u00e0 di denim del Paese. In quegli anni prende il via anche il suo percorso negli Industriali. Nel 2000 la nomina a Presidente dell&#8217;Unione della Provincia di Avellino, per poi passare a quella di Napoli, che guider\u00e0 dal 2004 al 2010. Nel 2006 investe anche nel settore della green energy, costituendo la Compagnia per lo sviluppo di energia Rinnovabile CO.S.ER. S.r.l., attiva nell&#8217;ambito della produzione di energia da fonti rinnovabili. L&#8217;anno successivo \u00e8 la volta del settore finanziario: insieme ad altri soci d\u00e0 vita a Meridie S.p.A., la prima investment company del Sud Italia a essere quotata sul segmento MIV di Borsa Italiana. Una delle prime operazioni compiute attraverso la holding \u00e8 l&#8217;acquisizione di Atitech, di cui diventa Presidente nel 2009. Inizia cos\u00ec la trasformazione dell&#8217;azienda, che nel 2015 rileva il ramo Alenia \/ Finmeccanica di Capodichino Nord. Oggi Atitech \u00e8 la MRO indipendente pi\u00f9 grande d&#8217;Europa e serve le pi\u00f9 importanti compagnie aeree internazionali. Ma l&#8217;obiettivo finale, pi\u00f9 volte ribadito dallo stesso <strong>Gianni Lettieri<\/strong>, \u00e8 ancora pi\u00f9 ambizioso: dotare il Paese di un polo unico italiano specializzato nella manutenzione aeronautica.<\/p>\n","protected":false},"excerpt":{"rendered":"<p>\u00c8 stato il primo ad esportare il tessuto denim-ring negli Stati Uniti, oggi guida un&#8217;azienda di manutenzione aeronautica leader nel mercato EMEA. Un curriculum ricco, quello di Gianni Lettieri, fondatore di Meridie e attuale Presidente di Atitech. Gianni Lettieri: lo &#8220;scugnizzo&#8221; del panorama imprenditoriale italiano Laurea honoris causa in Giurisprudenza, insignito di numerosi riconoscimenti (Premio Guido Dorso, Premio Mediterraneo Economia e Impresa Oltre, Premio Cuore D&#8217;Oro) e un lungo percorso<\/p>\n<p><a class=\"continue-reading\" href=\"https:\/\/www.article-marketing.eu\/comunicatistampa\/imprenditoria-e-mezzogiorno-il-profilo-di-gianni-lettieri-presidente-di-atitech\/\">Continue reading&#8230;<\/a><\/p>\n","protected":false},"author":7190,"featured_media":0,"comment_status":"open","ping_status":"open","sticky":false,"template":"","format":"standard","meta":{"_monsterinsights_skip_tracking":false,"_monsterinsights_sitenote_active":false,"_monsterinsights_sitenote_note":"","_monsterinsights_sitenote_category":0,"footnotes":""},"categories":[78],"tags":[9494],"class_list":["post-23612","post","type-post","status-publish","format-standard","hentry","category-comunicati-stampa","tag-gianni-lettieri"],"yoast_head":"<!-- This site is optimized with the Yoast SEO plugin v27.3 - https:\/\/yoast.com\/product\/yoast-seo-wordpress\/ -->\n<title>Imprenditoria e Mezzogiorno: il profilo di Gianni Lettieri, Presidente di Atitech<\/title>\n<meta name=\"robots\" content=\"index, follow, max-snippet:-1, max-image-preview:large, max-video-preview:-1\" \/>\n<link rel=\"canonical\" href=\"https:\/\/www.article-marketing.eu\/comunicatistampa\/imprenditoria-e-mezzogiorno-il-profilo-di-gianni-lettieri-presidente-di-atitech\/\" \/>\n<meta property=\"og:locale\" content=\"it_IT\" \/>\n<meta property=\"og:type\" content=\"article\" \/>\n<meta property=\"og:title\" content=\"Imprenditoria e Mezzogiorno: il profilo di Gianni Lettieri, Presidente di Atitech\" \/>\n<meta property=\"og:description\" content=\"\u00c8 stato il primo ad esportare il tessuto denim-ring negli Stati Uniti, oggi guida un&#8217;azienda di manutenzione aeronautica leader nel mercato EMEA. Un curriculum ricco, quello di Gianni Lettieri, fondatore di Meridie e attuale Presidente di Atitech. Gianni Lettieri: lo &#8220;scugnizzo&#8221; del panorama imprenditoriale italiano Laurea honoris causa in Giurisprudenza, insignito di numerosi riconoscimenti (Premio Guido Dorso, Premio Mediterraneo Economia e Impresa Oltre, Premio Cuore D&#8217;Oro) e un lungo percorsoContinue reading...\" \/>\n<meta property=\"og:url\" content=\"https:\/\/www.article-marketing.eu\/comunicatistampa\/imprenditoria-e-mezzogiorno-il-profilo-di-gianni-lettieri-presidente-di-atitech\/\" \/>\n<meta property=\"og:site_name\" content=\"Article Marketing\" \/>\n<meta property=\"article:published_time\" content=\"2022-06-21T04:21:54+00:00\" \/>\n<meta property=\"og:image\" content=\"https:\/\/h2biz.net\/images\/Plats\/crop_min_20211123120848.jpg\" \/>\n<meta name=\"author\" content=\"glofficeprnews\" \/>\n<meta name=\"twitter:card\" content=\"summary_large_image\" \/>\n<meta name=\"twitter:label1\" content=\"Scritto da\" \/>\n\t<meta name=\"twitter:data1\" content=\"glofficeprnews\" \/>\n\t<meta name=\"twitter:label2\" content=\"Tempo di lettura stimato\" \/>\n\t<meta name=\"twitter:data2\" content=\"2 minuti\" \/>\n<script type=\"application\/ld+json\" class=\"yoast-schema-graph\">{\"@context\":\"https:\\\/\\\/schema.org\",\"@graph\":[{\"@type\":\"Article\",\"@id\":\"https:\\\/\\\/www.article-marketing.eu\\\/comunicatistampa\\\/imprenditoria-e-mezzogiorno-il-profilo-di-gianni-lettieri-presidente-di-atitech\\\/#article\",\"isPartOf\":{\"@id\":\"https:\\\/\\\/www.article-marketing.eu\\\/comunicatistampa\\\/imprenditoria-e-mezzogiorno-il-profilo-di-gianni-lettieri-presidente-di-atitech\\\/\"},\"author\":{\"name\":\"glofficeprnews\",\"@id\":\"https:\\\/\\\/www.article-marketing.eu\\\/comunicatistampa\\\/#\\\/schema\\\/person\\\/e671b60aab591381d585023cd318a080\"},\"headline\":\"Imprenditoria e Mezzogiorno: il profilo di Gianni Lettieri, Presidente di Atitech\",\"datePublished\":\"2022-06-21T04:21:54+00:00\",\"mainEntityOfPage\":{\"@id\":\"https:\\\/\\\/www.article-marketing.eu\\\/comunicatistampa\\\/imprenditoria-e-mezzogiorno-il-profilo-di-gianni-lettieri-presidente-di-atitech\\\/\"},\"wordCount\":457,\"commentCount\":0,\"image\":{\"@id\":\"https:\\\/\\\/www.article-marketing.eu\\\/comunicatistampa\\\/imprenditoria-e-mezzogiorno-il-profilo-di-gianni-lettieri-presidente-di-atitech\\\/#primaryimage\"},\"thumbnailUrl\":\"https:\\\/\\\/h2biz.net\\\/images\\\/Plats\\\/crop_min_20211123120848.jpg\",\"keywords\":[\"Gianni Lettieri\"],\"articleSection\":[\"Comunicati stampa\"],\"inLanguage\":\"it-IT\",\"potentialAction\":[{\"@type\":\"CommentAction\",\"name\":\"Comment\",\"target\":[\"https:\\\/\\\/www.article-marketing.eu\\\/comunicatistampa\\\/imprenditoria-e-mezzogiorno-il-profilo-di-gianni-lettieri-presidente-di-atitech\\\/#respond\"]}]},{\"@type\":\"WebPage\",\"@id\":\"https:\\\/\\\/www.article-marketing.eu\\\/comunicatistampa\\\/imprenditoria-e-mezzogiorno-il-profilo-di-gianni-lettieri-presidente-di-atitech\\\/\",\"url\":\"https:\\\/\\\/www.article-marketing.eu\\\/comunicatistampa\\\/imprenditoria-e-mezzogiorno-il-profilo-di-gianni-lettieri-presidente-di-atitech\\\/\",\"name\":\"Imprenditoria e Mezzogiorno: il profilo di Gianni Lettieri, Presidente di Atitech\",\"isPartOf\":{\"@id\":\"https:\\\/\\\/www.article-marketing.eu\\\/comunicatistampa\\\/#website\"},\"primaryImageOfPage\":{\"@id\":\"https:\\\/\\\/www.article-marketing.eu\\\/comunicatistampa\\\/imprenditoria-e-mezzogiorno-il-profilo-di-gianni-lettieri-presidente-di-atitech\\\/#primaryimage\"},\"image\":{\"@id\":\"https:\\\/\\\/www.article-marketing.eu\\\/comunicatistampa\\\/imprenditoria-e-mezzogiorno-il-profilo-di-gianni-lettieri-presidente-di-atitech\\\/#primaryimage\"},\"thumbnailUrl\":\"https:\\\/\\\/h2biz.net\\\/images\\\/Plats\\\/crop_min_20211123120848.jpg\",\"datePublished\":\"2022-06-21T04:21:54+00:00\",\"author\":{\"@id\":\"https:\\\/\\\/www.article-marketing.eu\\\/comunicatistampa\\\/#\\\/schema\\\/person\\\/e671b60aab591381d585023cd318a080\"},\"breadcrumb\":{\"@id\":\"https:\\\/\\\/www.article-marketing.eu\\\/comunicatistampa\\\/imprenditoria-e-mezzogiorno-il-profilo-di-gianni-lettieri-presidente-di-atitech\\\/#breadcrumb\"},\"inLanguage\":\"it-IT\",\"potentialAction\":[{\"@type\":\"ReadAction\",\"target\":[\"https:\\\/\\\/www.article-marketing.eu\\\/comunicatistampa\\\/imprenditoria-e-mezzogiorno-il-profilo-di-gianni-lettieri-presidente-di-atitech\\\/\"]}]},{\"@type\":\"ImageObject\",\"inLanguage\":\"it-IT\",\"@id\":\"https:\\\/\\\/www.article-marketing.eu\\\/comunicatistampa\\\/imprenditoria-e-mezzogiorno-il-profilo-di-gianni-lettieri-presidente-di-atitech\\\/#primaryimage\",\"url\":\"https:\\\/\\\/h2biz.net\\\/images\\\/Plats\\\/crop_min_20211123120848.jpg\",\"contentUrl\":\"https:\\\/\\\/h2biz.net\\\/images\\\/Plats\\\/crop_min_20211123120848.jpg\"},{\"@type\":\"BreadcrumbList\",\"@id\":\"https:\\\/\\\/www.article-marketing.eu\\\/comunicatistampa\\\/imprenditoria-e-mezzogiorno-il-profilo-di-gianni-lettieri-presidente-di-atitech\\\/#breadcrumb\",\"itemListElement\":[{\"@type\":\"ListItem\",\"position\":1,\"name\":\"Home\",\"item\":\"https:\\\/\\\/www.article-marketing.eu\\\/comunicatistampa\\\/\"},{\"@type\":\"ListItem\",\"position\":2,\"name\":\"Imprenditoria e Mezzogiorno: il profilo di Gianni Lettieri, Presidente di Atitech\"}]},{\"@type\":\"WebSite\",\"@id\":\"https:\\\/\\\/www.article-marketing.eu\\\/comunicatistampa\\\/#website\",\"url\":\"https:\\\/\\\/www.article-marketing.eu\\\/comunicatistampa\\\/\",\"name\":\"Article Marketing\",\"description\":\"article marketing &amp; press release\",\"potentialAction\":[{\"@type\":\"SearchAction\",\"target\":{\"@type\":\"EntryPoint\",\"urlTemplate\":\"https:\\\/\\\/www.article-marketing.eu\\\/comunicatistampa\\\/?s={search_term_string}\"},\"query-input\":{\"@type\":\"PropertyValueSpecification\",\"valueRequired\":true,\"valueName\":\"search_term_string\"}}],\"inLanguage\":\"it-IT\"},{\"@type\":\"Person\",\"@id\":\"https:\\\/\\\/www.article-marketing.eu\\\/comunicatistampa\\\/#\\\/schema\\\/person\\\/e671b60aab591381d585023cd318a080\",\"name\":\"glofficeprnews\",\"image\":{\"@type\":\"ImageObject\",\"inLanguage\":\"it-IT\",\"@id\":\"https:\\\/\\\/secure.gravatar.com\\\/avatar\\\/8c63f677859ecaebf1cc4c53ba163fd5a5836461425fd7fc8231273fff4dfb68?s=96&d=mm&r=g\",\"url\":\"https:\\\/\\\/secure.gravatar.com\\\/avatar\\\/8c63f677859ecaebf1cc4c53ba163fd5a5836461425fd7fc8231273fff4dfb68?s=96&d=mm&r=g\",\"contentUrl\":\"https:\\\/\\\/secure.gravatar.com\\\/avatar\\\/8c63f677859ecaebf1cc4c53ba163fd5a5836461425fd7fc8231273fff4dfb68?s=96&d=mm&r=g\",\"caption\":\"glofficeprnews\"},\"url\":\"https:\\\/\\\/www.article-marketing.eu\\\/comunicatistampa\\\/author\\\/glofficeprnews\\\/\"}]}<\/script>\n<!-- \/ Yoast SEO plugin. -->","yoast_head_json":{"title":"Imprenditoria e Mezzogiorno: il profilo di Gianni Lettieri, Presidente di Atitech","robots":{"index":"index","follow":"follow","max-snippet":"max-snippet:-1","max-image-preview":"max-image-preview:large","max-video-preview":"max-video-preview:-1"},"canonical":"https:\/\/www.article-marketing.eu\/comunicatistampa\/imprenditoria-e-mezzogiorno-il-profilo-di-gianni-lettieri-presidente-di-atitech\/","og_locale":"it_IT","og_type":"article","og_title":"Imprenditoria e Mezzogiorno: il profilo di Gianni Lettieri, Presidente di Atitech","og_description":"\u00c8 stato il primo ad esportare il tessuto denim-ring negli Stati Uniti, oggi guida un&#8217;azienda di manutenzione aeronautica leader nel mercato EMEA. Un curriculum ricco, quello di Gianni Lettieri, fondatore di Meridie e attuale Presidente di Atitech. Gianni Lettieri: lo &#8220;scugnizzo&#8221; del panorama imprenditoriale italiano Laurea honoris causa in Giurisprudenza, insignito di numerosi riconoscimenti (Premio Guido Dorso, Premio Mediterraneo Economia e Impresa Oltre, Premio Cuore D&#8217;Oro) e un lungo percorsoContinue reading...","og_url":"https:\/\/www.article-marketing.eu\/comunicatistampa\/imprenditoria-e-mezzogiorno-il-profilo-di-gianni-lettieri-presidente-di-atitech\/","og_site_name":"Article Marketing","article_published_time":"2022-06-21T04:21:54+00:00","og_image":[{"url":"https:\/\/h2biz.net\/images\/Plats\/crop_min_20211123120848.jpg","type":"","width":"","height":""}],"author":"glofficeprnews","twitter_card":"summary_large_image","twitter_misc":{"Scritto da":"glofficeprnews","Tempo di lettura stimato":"2 minuti"},"schema":{"@context":"https:\/\/schema.org","@graph":[{"@type":"Article","@id":"https:\/\/www.article-marketing.eu\/comunicatistampa\/imprenditoria-e-mezzogiorno-il-profilo-di-gianni-lettieri-presidente-di-atitech\/#article","isPartOf":{"@id":"https:\/\/www.article-marketing.eu\/comunicatistampa\/imprenditoria-e-mezzogiorno-il-profilo-di-gianni-lettieri-presidente-di-atitech\/"},"author":{"name":"glofficeprnews","@id":"https:\/\/www.article-marketing.eu\/comunicatistampa\/#\/schema\/person\/e671b60aab591381d585023cd318a080"},"headline":"Imprenditoria e Mezzogiorno: il profilo di Gianni Lettieri, Presidente di Atitech","datePublished":"2022-06-21T04:21:54+00:00","mainEntityOfPage":{"@id":"https:\/\/www.article-marketing.eu\/comunicatistampa\/imprenditoria-e-mezzogiorno-il-profilo-di-gianni-lettieri-presidente-di-atitech\/"},"wordCount":457,"commentCount":0,"image":{"@id":"https:\/\/www.article-marketing.eu\/comunicatistampa\/imprenditoria-e-mezzogiorno-il-profilo-di-gianni-lettieri-presidente-di-atitech\/#primaryimage"},"thumbnailUrl":"https:\/\/h2biz.net\/images\/Plats\/crop_min_20211123120848.jpg","keywords":["Gianni Lettieri"],"articleSection":["Comunicati stampa"],"inLanguage":"it-IT","potentialAction":[{"@type":"CommentAction","name":"Comment","target":["https:\/\/www.article-marketing.eu\/comunicatistampa\/imprenditoria-e-mezzogiorno-il-profilo-di-gianni-lettieri-presidente-di-atitech\/#respond"]}]},{"@type":"WebPage","@id":"https:\/\/www.article-marketing.eu\/comunicatistampa\/imprenditoria-e-mezzogiorno-il-profilo-di-gianni-lettieri-presidente-di-atitech\/","url":"https:\/\/www.article-marketing.eu\/comunicatistampa\/imprenditoria-e-mezzogiorno-il-profilo-di-gianni-lettieri-presidente-di-atitech\/","name":"Imprenditoria e Mezzogiorno: il profilo di Gianni Lettieri, Presidente di Atitech","isPartOf":{"@id":"https:\/\/www.article-marketing.eu\/comunicatistampa\/#website"},"primaryImageOfPage":{"@id":"https:\/\/www.article-marketing.eu\/comunicatistampa\/imprenditoria-e-mezzogiorno-il-profilo-di-gianni-lettieri-presidente-di-atitech\/#primaryimage"},"image":{"@id":"https:\/\/www.article-marketing.eu\/comunicatistampa\/imprenditoria-e-mezzogiorno-il-profilo-di-gianni-lettieri-presidente-di-atitech\/#primaryimage"},"thumbnailUrl":"https:\/\/h2biz.net\/images\/Plats\/crop_min_20211123120848.jpg","datePublished":"2022-06-21T04:21:54+00:00","author":{"@id":"https:\/\/www.article-marketing.eu\/comunicatistampa\/#\/schema\/person\/e671b60aab591381d585023cd318a080"},"breadcrumb":{"@id":"https:\/\/www.article-marketing.eu\/comunicatistampa\/imprenditoria-e-mezzogiorno-il-profilo-di-gianni-lettieri-presidente-di-atitech\/#breadcrumb"},"inLanguage":"it-IT","potentialAction":[{"@type":"ReadAction","target":["https:\/\/www.article-marketing.eu\/comunicatistampa\/imprenditoria-e-mezzogiorno-il-profilo-di-gianni-lettieri-presidente-di-atitech\/"]}]},{"@type":"ImageObject","inLanguage":"it-IT","@id":"https:\/\/www.article-marketing.eu\/comunicatistampa\/imprenditoria-e-mezzogiorno-il-profilo-di-gianni-lettieri-presidente-di-atitech\/#primaryimage","url":"https:\/\/h2biz.net\/images\/Plats\/crop_min_20211123120848.jpg","contentUrl":"https:\/\/h2biz.net\/images\/Plats\/crop_min_20211123120848.jpg"},{"@type":"BreadcrumbList","@id":"https:\/\/www.article-marketing.eu\/comunicatistampa\/imprenditoria-e-mezzogiorno-il-profilo-di-gianni-lettieri-presidente-di-atitech\/#breadcrumb","itemListElement":[{"@type":"ListItem","position":1,"name":"Home","item":"https:\/\/www.article-marketing.eu\/comunicatistampa\/"},{"@type":"ListItem","position":2,"name":"Imprenditoria e Mezzogiorno: il profilo di Gianni Lettieri, Presidente di Atitech"}]},{"@type":"WebSite","@id":"https:\/\/www.article-marketing.eu\/comunicatistampa\/#website","url":"https:\/\/www.article-marketing.eu\/comunicatistampa\/","name":"Article Marketing","description":"article marketing &amp; press release","potentialAction":[{"@type":"SearchAction","target":{"@type":"EntryPoint","urlTemplate":"https:\/\/www.article-marketing.eu\/comunicatistampa\/?s={search_term_string}"},"query-input":{"@type":"PropertyValueSpecification","valueRequired":true,"valueName":"search_term_string"}}],"inLanguage":"it-IT"},{"@type":"Person","@id":"https:\/\/www.article-marketing.eu\/comunicatistampa\/#\/schema\/person\/e671b60aab591381d585023cd318a080","name":"glofficeprnews","image":{"@type":"ImageObject","inLanguage":"it-IT","@id":"https:\/\/secure.gravatar.com\/avatar\/8c63f677859ecaebf1cc4c53ba163fd5a5836461425fd7fc8231273fff4dfb68?s=96&d=mm&r=g","url":"https:\/\/secure.gravatar.com\/avatar\/8c63f677859ecaebf1cc4c53ba163fd5a5836461425fd7fc8231273fff4dfb68?s=96&d=mm&r=g","contentUrl":"https:\/\/secure.gravatar.com\/avatar\/8c63f677859ecaebf1cc4c53ba163fd5a5836461425fd7fc8231273fff4dfb68?s=96&d=mm&r=g","caption":"glofficeprnews"},"url":"https:\/\/www.article-marketing.eu\/comunicatistampa\/author\/glofficeprnews\/"}]}},"_links":{"self":[{"href":"https:\/\/www.article-marketing.eu\/comunicatistampa\/wp-json\/wp\/v2\/posts\/23612","targetHints":{"allow":["GET"]}}],"collection":[{"href":"https:\/\/www.article-marketing.eu\/comunicatistampa\/wp-json\/wp\/v2\/posts"}],"about":[{"href":"https:\/\/www.article-marketing.eu\/comunicatistampa\/wp-json\/wp\/v2\/types\/post"}],"author":[{"embeddable":true,"href":"https:\/\/www.article-marketing.eu\/comunicatistampa\/wp-json\/wp\/v2\/users\/7190"}],"replies":[{"embeddable":true,"href":"https:\/\/www.article-marketing.eu\/comunicatistampa\/wp-json\/wp\/v2\/comments?post=23612"}],"version-history":[{"count":2,"href":"https:\/\/www.article-marketing.eu\/comunicatistampa\/wp-json\/wp\/v2\/posts\/23612\/revisions"}],"predecessor-version":[{"id":23635,"href":"https:\/\/www.article-marketing.eu\/comunicatistampa\/wp-json\/wp\/v2\/posts\/23612\/revisions\/23635"}],"wp:attachment":[{"href":"https:\/\/www.article-marketing.eu\/comunicatistampa\/wp-json\/wp\/v2\/media?parent=23612"}],"wp:term":[{"taxonomy":"category","embeddable":true,"href":"https:\/\/www.article-marketing.eu\/comunicatistampa\/wp-json\/wp\/v2\/categories?post=23612"},{"taxonomy":"post_tag","embeddable":true,"href":"https:\/\/www.article-marketing.eu\/comunicatistampa\/wp-json\/wp\/v2\/tags?post=23612"}],"curies":[{"name":"wp","href":"https:\/\/api.w.org\/{rel}","templated":true}]}}