{"id":23620,"date":"2022-06-21T06:21:17","date_gmt":"2022-06-21T04:21:17","guid":{"rendered":"https:\/\/www.article-marketing.eu\/comunicatistampa\/?p=23620"},"modified":"2022-06-21T06:21:17","modified_gmt":"2022-06-21T04:21:17","slug":"industria-dellauto-quanti-dubbi-dopo-lo-stop-ue-a-benzina-e-diesel","status":"publish","type":"post","link":"https:\/\/www.article-marketing.eu\/comunicatistampa\/industria-dellauto-quanti-dubbi-dopo-lo-stop-ue-a-benzina-e-diesel\/","title":{"rendered":"Industria dell&#8217;auto, quanti dubbi dopo lo stop UE a benzina e diesel"},"content":{"rendered":"<p>Di recente il <strong>Parlamento Europeo <\/strong>ha deciso di imprimere una <strong>svolta rigorosa sulle emissioni,<\/strong> andando a colpire direttamente l&#8217;<strong>industria dell&#8217;auto<\/strong>. Ha Infatti deciso di imporre lo <strong>stop alle auto benzina e diesel a partire dal 2035<\/strong>.<br \/>\nL&#8217;ultima parola spetter\u00e0 comunque al Consiglio Europeo che si riunir\u00e0 alla fine di giugno.<\/p>\n<h2>I timori dell&#8217;Industria dell&#8217;auto<\/h2>\n<p><img decoding=\"async\" style=\"float: right; height: 199px; margin: 11px; width: 300px;\" src=\"https:\/\/blog.libero.it\/wp\/myeconomy\/wp-content\/uploads\/sites\/1065\/2016\/09\/automobile.jpg\" alt=\"industria dell'auto\" \/>Anche se 13 anni sembrano un&#8217;eternit\u00e0, per un settore come quello automobilistico <strong>si tratta di un lasso di tempo breve per riorganizzare completamente se stesso.<\/strong> Affiorano timori da parte di molti analisti di mercato. Ad esempio, <strong>Confindustria \u00e8 stata assai netta<\/strong> nel chiedere che <strong>venga nuovamente discusso questo termine, <\/strong>perch\u00e9 altrimenti si rischia di mettere in seria discussione la stessa sopravvivenza dell&#8217;Industria dell&#8217;auto Europea.<\/p>\n<h2>I fattori critici<\/h2>\n<p><strong>Da dove nascono questi timori? <\/strong>Anzitutto si guarda a fattori di natura tecnica. Realizzare <strong>un parco veicoli integralmente elettrico, richiede soprattutto tanta energia pulita<\/strong> per alimentare le batterie dei veicoli. E ovviamente, richiede anche <strong>enormi quantit\u00e0 di materie prime<\/strong> che sono necessarie a produrle.<\/p>\n<p>Proprio per questo <strong>la scelta della UE \u00e8 sembrata azzardata<\/strong>, visto il periodo in cui ci troviamo. Materiali come Nichel e Platino sono schizzati alle stelle, proprio per la carenza di forniture. Inoltre i <a href=\"https:\/\/www.universoforex.it\/news\/1684\/indicatori_leading_cosa_sono_e_quali_sono_quelli_piu_affidabili_nel_trading.html\" target=\"_blank\" rel=\"noopener\">leading indicators<\/a> del mercato, anche se prospettano un <strong>aumento di forniture in futuro, difficilmente potranno soddisfare una cos\u00ec forte domanda<\/strong>.<\/p>\n<h2>La dipendenza<\/h2>\n<p>Connesso a questo aspetto ce n&#8217;\u00e8 poi anche un altro. La necessit\u00e0 crescente di queste materie prime, <strong>render\u00e0 l&#8217;Europa sempre pi\u00f9 dipendente dalla Cina<\/strong>. Una situazione <strong>analoga a quella che si sta verificando con la Russia,<\/strong> per quanto riguarda le forniture energetiche.<\/p>\n<p>L&#8217;industria dell&#8217;auto chiede quindi <strong>pi\u00f9 tempo per riuscire a dotarsi di una autosufficienza delle forniture<\/strong>. E inoltre chiede anche che venga ridotta la quota di veicoli elettrici da produrre <strong>nel 2035, portandola al 90% e magari al 80% del totale<\/strong>. Un compromesso quindi.<br \/>\nInsomma, prima di fare una transizione tecnologica bisogna fare una transizione energetica.<\/p>\n<h2>Il confronto<\/h2>\n<p>L&#8217;industria dell&#8217;auto si risente del fatto che la stretta da parte dell&#8217;Unione Europea mal si giustifica, considerando il fatto che <strong>l&#8217;Europa contribuisce soltanto all&#8217;8% delle emissioni di CO2 nel pianeta<\/strong>. La Cina fa il 30%, mentre il 17% origina negli Usa. Di quell&#8217;8%, poi, solo l&#8217;1% \u00e8 dovuto alla mobilit\u00e0.<\/p>\n","protected":false},"excerpt":{"rendered":"<p>Di recente il Parlamento Europeo ha deciso di imprimere una svolta rigorosa sulle emissioni, andando a colpire direttamente l&#8217;industria dell&#8217;auto. Ha Infatti deciso di imporre lo stop alle auto benzina e diesel a partire dal 2035. L&#8217;ultima parola spetter\u00e0 comunque al Consiglio Europeo che si riunir\u00e0 alla fine di giugno. I timori dell&#8217;Industria dell&#8217;auto Anche se 13 anni sembrano un&#8217;eternit\u00e0, per un settore come quello automobilistico si tratta di un<\/p>\n<p><a class=\"continue-reading\" href=\"https:\/\/www.article-marketing.eu\/comunicatistampa\/industria-dellauto-quanti-dubbi-dopo-lo-stop-ue-a-benzina-e-diesel\/\">Continue reading&#8230;<\/a><\/p>\n","protected":false},"author":7116,"featured_media":0,"comment_status":"open","ping_status":"open","sticky":false,"template":"","format":"standard","meta":{"_monsterinsights_skip_tracking":false,"_monsterinsights_sitenote_active":false,"_monsterinsights_sitenote_note":"","_monsterinsights_sitenote_category":0,"footnotes":""},"categories":[388],"tags":[9856,9857,1995],"class_list":["post-23620","post","type-post","status-publish","format-standard","hentry","category-aziende","tag-automobile","tag-leading-indicators","tag-sostenibilita"],"yoast_head":"<!-- This site is optimized with the Yoast SEO plugin v27.3 - https:\/\/yoast.com\/product\/yoast-seo-wordpress\/ -->\n<title>Industria dell&#039;auto, quanti dubbi dopo lo stop UE a benzina e diesel<\/title>\n<meta name=\"robots\" content=\"index, follow, max-snippet:-1, max-image-preview:large, max-video-preview:-1\" \/>\n<link rel=\"canonical\" href=\"https:\/\/www.article-marketing.eu\/comunicatistampa\/industria-dellauto-quanti-dubbi-dopo-lo-stop-ue-a-benzina-e-diesel\/\" \/>\n<meta property=\"og:locale\" content=\"it_IT\" \/>\n<meta property=\"og:type\" content=\"article\" \/>\n<meta property=\"og:title\" content=\"Industria dell&#039;auto, quanti dubbi dopo lo stop UE a benzina e diesel\" \/>\n<meta property=\"og:description\" content=\"Di recente il Parlamento Europeo ha deciso di imprimere una svolta rigorosa sulle emissioni, andando a colpire direttamente l&#8217;industria dell&#8217;auto. Ha Infatti deciso di imporre lo stop alle auto benzina e diesel a partire dal 2035. L&#8217;ultima parola spetter\u00e0 comunque al Consiglio Europeo che si riunir\u00e0 alla fine di giugno. I timori dell&#8217;Industria dell&#8217;auto Anche se 13 anni sembrano un&#8217;eternit\u00e0, per un settore come quello automobilistico si tratta di unContinue reading...\" \/>\n<meta property=\"og:url\" content=\"https:\/\/www.article-marketing.eu\/comunicatistampa\/industria-dellauto-quanti-dubbi-dopo-lo-stop-ue-a-benzina-e-diesel\/\" \/>\n<meta property=\"og:site_name\" content=\"Article Marketing\" \/>\n<meta property=\"article:published_time\" content=\"2022-06-21T04:21:17+00:00\" \/>\n<meta property=\"og:image\" content=\"https:\/\/blog.libero.it\/wp\/myeconomy\/wp-content\/uploads\/sites\/1065\/2016\/09\/automobile.jpg\" \/>\n<meta name=\"author\" content=\"heliricci\" \/>\n<meta name=\"twitter:card\" content=\"summary_large_image\" \/>\n<meta name=\"twitter:label1\" content=\"Scritto da\" \/>\n\t<meta name=\"twitter:data1\" content=\"heliricci\" \/>\n\t<meta name=\"twitter:label2\" content=\"Tempo di lettura stimato\" \/>\n\t<meta name=\"twitter:data2\" content=\"3 minuti\" \/>\n<script type=\"application\/ld+json\" class=\"yoast-schema-graph\">{\"@context\":\"https:\\\/\\\/schema.org\",\"@graph\":[{\"@type\":\"Article\",\"@id\":\"https:\\\/\\\/www.article-marketing.eu\\\/comunicatistampa\\\/industria-dellauto-quanti-dubbi-dopo-lo-stop-ue-a-benzina-e-diesel\\\/#article\",\"isPartOf\":{\"@id\":\"https:\\\/\\\/www.article-marketing.eu\\\/comunicatistampa\\\/industria-dellauto-quanti-dubbi-dopo-lo-stop-ue-a-benzina-e-diesel\\\/\"},\"author\":{\"name\":\"heliricci\",\"@id\":\"https:\\\/\\\/www.article-marketing.eu\\\/comunicatistampa\\\/#\\\/schema\\\/person\\\/eb0d46093829ff5c8faf8fc7703db387\"},\"headline\":\"Industria dell&#8217;auto, quanti dubbi dopo lo stop UE a benzina e diesel\",\"datePublished\":\"2022-06-21T04:21:17+00:00\",\"mainEntityOfPage\":{\"@id\":\"https:\\\/\\\/www.article-marketing.eu\\\/comunicatistampa\\\/industria-dellauto-quanti-dubbi-dopo-lo-stop-ue-a-benzina-e-diesel\\\/\"},\"wordCount\":372,\"commentCount\":0,\"image\":{\"@id\":\"https:\\\/\\\/www.article-marketing.eu\\\/comunicatistampa\\\/industria-dellauto-quanti-dubbi-dopo-lo-stop-ue-a-benzina-e-diesel\\\/#primaryimage\"},\"thumbnailUrl\":\"https:\\\/\\\/blog.libero.it\\\/wp\\\/myeconomy\\\/wp-content\\\/uploads\\\/sites\\\/1065\\\/2016\\\/09\\\/automobile.jpg\",\"keywords\":[\"automobile\",\"leading indicators\",\"sostenibilit\u00e0\"],\"articleSection\":[\"Aziende\"],\"inLanguage\":\"it-IT\",\"potentialAction\":[{\"@type\":\"CommentAction\",\"name\":\"Comment\",\"target\":[\"https:\\\/\\\/www.article-marketing.eu\\\/comunicatistampa\\\/industria-dellauto-quanti-dubbi-dopo-lo-stop-ue-a-benzina-e-diesel\\\/#respond\"]}]},{\"@type\":\"WebPage\",\"@id\":\"https:\\\/\\\/www.article-marketing.eu\\\/comunicatistampa\\\/industria-dellauto-quanti-dubbi-dopo-lo-stop-ue-a-benzina-e-diesel\\\/\",\"url\":\"https:\\\/\\\/www.article-marketing.eu\\\/comunicatistampa\\\/industria-dellauto-quanti-dubbi-dopo-lo-stop-ue-a-benzina-e-diesel\\\/\",\"name\":\"Industria dell'auto, quanti dubbi dopo lo stop UE a benzina e diesel\",\"isPartOf\":{\"@id\":\"https:\\\/\\\/www.article-marketing.eu\\\/comunicatistampa\\\/#website\"},\"primaryImageOfPage\":{\"@id\":\"https:\\\/\\\/www.article-marketing.eu\\\/comunicatistampa\\\/industria-dellauto-quanti-dubbi-dopo-lo-stop-ue-a-benzina-e-diesel\\\/#primaryimage\"},\"image\":{\"@id\":\"https:\\\/\\\/www.article-marketing.eu\\\/comunicatistampa\\\/industria-dellauto-quanti-dubbi-dopo-lo-stop-ue-a-benzina-e-diesel\\\/#primaryimage\"},\"thumbnailUrl\":\"https:\\\/\\\/blog.libero.it\\\/wp\\\/myeconomy\\\/wp-content\\\/uploads\\\/sites\\\/1065\\\/2016\\\/09\\\/automobile.jpg\",\"datePublished\":\"2022-06-21T04:21:17+00:00\",\"author\":{\"@id\":\"https:\\\/\\\/www.article-marketing.eu\\\/comunicatistampa\\\/#\\\/schema\\\/person\\\/eb0d46093829ff5c8faf8fc7703db387\"},\"breadcrumb\":{\"@id\":\"https:\\\/\\\/www.article-marketing.eu\\\/comunicatistampa\\\/industria-dellauto-quanti-dubbi-dopo-lo-stop-ue-a-benzina-e-diesel\\\/#breadcrumb\"},\"inLanguage\":\"it-IT\",\"potentialAction\":[{\"@type\":\"ReadAction\",\"target\":[\"https:\\\/\\\/www.article-marketing.eu\\\/comunicatistampa\\\/industria-dellauto-quanti-dubbi-dopo-lo-stop-ue-a-benzina-e-diesel\\\/\"]}]},{\"@type\":\"ImageObject\",\"inLanguage\":\"it-IT\",\"@id\":\"https:\\\/\\\/www.article-marketing.eu\\\/comunicatistampa\\\/industria-dellauto-quanti-dubbi-dopo-lo-stop-ue-a-benzina-e-diesel\\\/#primaryimage\",\"url\":\"https:\\\/\\\/blog.libero.it\\\/wp\\\/myeconomy\\\/wp-content\\\/uploads\\\/sites\\\/1065\\\/2016\\\/09\\\/automobile.jpg\",\"contentUrl\":\"https:\\\/\\\/blog.libero.it\\\/wp\\\/myeconomy\\\/wp-content\\\/uploads\\\/sites\\\/1065\\\/2016\\\/09\\\/automobile.jpg\"},{\"@type\":\"BreadcrumbList\",\"@id\":\"https:\\\/\\\/www.article-marketing.eu\\\/comunicatistampa\\\/industria-dellauto-quanti-dubbi-dopo-lo-stop-ue-a-benzina-e-diesel\\\/#breadcrumb\",\"itemListElement\":[{\"@type\":\"ListItem\",\"position\":1,\"name\":\"Home\",\"item\":\"https:\\\/\\\/www.article-marketing.eu\\\/comunicatistampa\\\/\"},{\"@type\":\"ListItem\",\"position\":2,\"name\":\"Industria dell&#8217;auto, quanti dubbi dopo lo stop UE a benzina e diesel\"}]},{\"@type\":\"WebSite\",\"@id\":\"https:\\\/\\\/www.article-marketing.eu\\\/comunicatistampa\\\/#website\",\"url\":\"https:\\\/\\\/www.article-marketing.eu\\\/comunicatistampa\\\/\",\"name\":\"Article Marketing\",\"description\":\"article marketing &amp; press release\",\"potentialAction\":[{\"@type\":\"SearchAction\",\"target\":{\"@type\":\"EntryPoint\",\"urlTemplate\":\"https:\\\/\\\/www.article-marketing.eu\\\/comunicatistampa\\\/?s={search_term_string}\"},\"query-input\":{\"@type\":\"PropertyValueSpecification\",\"valueRequired\":true,\"valueName\":\"search_term_string\"}}],\"inLanguage\":\"it-IT\"},{\"@type\":\"Person\",\"@id\":\"https:\\\/\\\/www.article-marketing.eu\\\/comunicatistampa\\\/#\\\/schema\\\/person\\\/eb0d46093829ff5c8faf8fc7703db387\",\"name\":\"heliricci\",\"image\":{\"@type\":\"ImageObject\",\"inLanguage\":\"it-IT\",\"@id\":\"https:\\\/\\\/secure.gravatar.com\\\/avatar\\\/c6d7bd728cdc2edbc0952c2d33ef684ae63b49979e1912fdf2804320fb36a0d6?s=96&d=mm&r=g\",\"url\":\"https:\\\/\\\/secure.gravatar.com\\\/avatar\\\/c6d7bd728cdc2edbc0952c2d33ef684ae63b49979e1912fdf2804320fb36a0d6?s=96&d=mm&r=g\",\"contentUrl\":\"https:\\\/\\\/secure.gravatar.com\\\/avatar\\\/c6d7bd728cdc2edbc0952c2d33ef684ae63b49979e1912fdf2804320fb36a0d6?s=96&d=mm&r=g\",\"caption\":\"heliricci\"},\"url\":\"https:\\\/\\\/www.article-marketing.eu\\\/comunicatistampa\\\/author\\\/heliricci\\\/\"}]}<\/script>\n<!-- \/ Yoast SEO plugin. -->","yoast_head_json":{"title":"Industria dell'auto, quanti dubbi dopo lo stop UE a benzina e diesel","robots":{"index":"index","follow":"follow","max-snippet":"max-snippet:-1","max-image-preview":"max-image-preview:large","max-video-preview":"max-video-preview:-1"},"canonical":"https:\/\/www.article-marketing.eu\/comunicatistampa\/industria-dellauto-quanti-dubbi-dopo-lo-stop-ue-a-benzina-e-diesel\/","og_locale":"it_IT","og_type":"article","og_title":"Industria dell'auto, quanti dubbi dopo lo stop UE a benzina e diesel","og_description":"Di recente il Parlamento Europeo ha deciso di imprimere una svolta rigorosa sulle emissioni, andando a colpire direttamente l&#8217;industria dell&#8217;auto. Ha Infatti deciso di imporre lo stop alle auto benzina e diesel a partire dal 2035. L&#8217;ultima parola spetter\u00e0 comunque al Consiglio Europeo che si riunir\u00e0 alla fine di giugno. I timori dell&#8217;Industria dell&#8217;auto Anche se 13 anni sembrano un&#8217;eternit\u00e0, per un settore come quello automobilistico si tratta di unContinue reading...","og_url":"https:\/\/www.article-marketing.eu\/comunicatistampa\/industria-dellauto-quanti-dubbi-dopo-lo-stop-ue-a-benzina-e-diesel\/","og_site_name":"Article Marketing","article_published_time":"2022-06-21T04:21:17+00:00","og_image":[{"url":"https:\/\/blog.libero.it\/wp\/myeconomy\/wp-content\/uploads\/sites\/1065\/2016\/09\/automobile.jpg","type":"","width":"","height":""}],"author":"heliricci","twitter_card":"summary_large_image","twitter_misc":{"Scritto da":"heliricci","Tempo di lettura stimato":"3 minuti"},"schema":{"@context":"https:\/\/schema.org","@graph":[{"@type":"Article","@id":"https:\/\/www.article-marketing.eu\/comunicatistampa\/industria-dellauto-quanti-dubbi-dopo-lo-stop-ue-a-benzina-e-diesel\/#article","isPartOf":{"@id":"https:\/\/www.article-marketing.eu\/comunicatistampa\/industria-dellauto-quanti-dubbi-dopo-lo-stop-ue-a-benzina-e-diesel\/"},"author":{"name":"heliricci","@id":"https:\/\/www.article-marketing.eu\/comunicatistampa\/#\/schema\/person\/eb0d46093829ff5c8faf8fc7703db387"},"headline":"Industria dell&#8217;auto, quanti dubbi dopo lo stop UE a benzina e diesel","datePublished":"2022-06-21T04:21:17+00:00","mainEntityOfPage":{"@id":"https:\/\/www.article-marketing.eu\/comunicatistampa\/industria-dellauto-quanti-dubbi-dopo-lo-stop-ue-a-benzina-e-diesel\/"},"wordCount":372,"commentCount":0,"image":{"@id":"https:\/\/www.article-marketing.eu\/comunicatistampa\/industria-dellauto-quanti-dubbi-dopo-lo-stop-ue-a-benzina-e-diesel\/#primaryimage"},"thumbnailUrl":"https:\/\/blog.libero.it\/wp\/myeconomy\/wp-content\/uploads\/sites\/1065\/2016\/09\/automobile.jpg","keywords":["automobile","leading indicators","sostenibilit\u00e0"],"articleSection":["Aziende"],"inLanguage":"it-IT","potentialAction":[{"@type":"CommentAction","name":"Comment","target":["https:\/\/www.article-marketing.eu\/comunicatistampa\/industria-dellauto-quanti-dubbi-dopo-lo-stop-ue-a-benzina-e-diesel\/#respond"]}]},{"@type":"WebPage","@id":"https:\/\/www.article-marketing.eu\/comunicatistampa\/industria-dellauto-quanti-dubbi-dopo-lo-stop-ue-a-benzina-e-diesel\/","url":"https:\/\/www.article-marketing.eu\/comunicatistampa\/industria-dellauto-quanti-dubbi-dopo-lo-stop-ue-a-benzina-e-diesel\/","name":"Industria dell'auto, quanti dubbi dopo lo stop UE a benzina e diesel","isPartOf":{"@id":"https:\/\/www.article-marketing.eu\/comunicatistampa\/#website"},"primaryImageOfPage":{"@id":"https:\/\/www.article-marketing.eu\/comunicatistampa\/industria-dellauto-quanti-dubbi-dopo-lo-stop-ue-a-benzina-e-diesel\/#primaryimage"},"image":{"@id":"https:\/\/www.article-marketing.eu\/comunicatistampa\/industria-dellauto-quanti-dubbi-dopo-lo-stop-ue-a-benzina-e-diesel\/#primaryimage"},"thumbnailUrl":"https:\/\/blog.libero.it\/wp\/myeconomy\/wp-content\/uploads\/sites\/1065\/2016\/09\/automobile.jpg","datePublished":"2022-06-21T04:21:17+00:00","author":{"@id":"https:\/\/www.article-marketing.eu\/comunicatistampa\/#\/schema\/person\/eb0d46093829ff5c8faf8fc7703db387"},"breadcrumb":{"@id":"https:\/\/www.article-marketing.eu\/comunicatistampa\/industria-dellauto-quanti-dubbi-dopo-lo-stop-ue-a-benzina-e-diesel\/#breadcrumb"},"inLanguage":"it-IT","potentialAction":[{"@type":"ReadAction","target":["https:\/\/www.article-marketing.eu\/comunicatistampa\/industria-dellauto-quanti-dubbi-dopo-lo-stop-ue-a-benzina-e-diesel\/"]}]},{"@type":"ImageObject","inLanguage":"it-IT","@id":"https:\/\/www.article-marketing.eu\/comunicatistampa\/industria-dellauto-quanti-dubbi-dopo-lo-stop-ue-a-benzina-e-diesel\/#primaryimage","url":"https:\/\/blog.libero.it\/wp\/myeconomy\/wp-content\/uploads\/sites\/1065\/2016\/09\/automobile.jpg","contentUrl":"https:\/\/blog.libero.it\/wp\/myeconomy\/wp-content\/uploads\/sites\/1065\/2016\/09\/automobile.jpg"},{"@type":"BreadcrumbList","@id":"https:\/\/www.article-marketing.eu\/comunicatistampa\/industria-dellauto-quanti-dubbi-dopo-lo-stop-ue-a-benzina-e-diesel\/#breadcrumb","itemListElement":[{"@type":"ListItem","position":1,"name":"Home","item":"https:\/\/www.article-marketing.eu\/comunicatistampa\/"},{"@type":"ListItem","position":2,"name":"Industria dell&#8217;auto, quanti dubbi dopo lo stop UE a benzina e diesel"}]},{"@type":"WebSite","@id":"https:\/\/www.article-marketing.eu\/comunicatistampa\/#website","url":"https:\/\/www.article-marketing.eu\/comunicatistampa\/","name":"Article Marketing","description":"article marketing &amp; press release","potentialAction":[{"@type":"SearchAction","target":{"@type":"EntryPoint","urlTemplate":"https:\/\/www.article-marketing.eu\/comunicatistampa\/?s={search_term_string}"},"query-input":{"@type":"PropertyValueSpecification","valueRequired":true,"valueName":"search_term_string"}}],"inLanguage":"it-IT"},{"@type":"Person","@id":"https:\/\/www.article-marketing.eu\/comunicatistampa\/#\/schema\/person\/eb0d46093829ff5c8faf8fc7703db387","name":"heliricci","image":{"@type":"ImageObject","inLanguage":"it-IT","@id":"https:\/\/secure.gravatar.com\/avatar\/c6d7bd728cdc2edbc0952c2d33ef684ae63b49979e1912fdf2804320fb36a0d6?s=96&d=mm&r=g","url":"https:\/\/secure.gravatar.com\/avatar\/c6d7bd728cdc2edbc0952c2d33ef684ae63b49979e1912fdf2804320fb36a0d6?s=96&d=mm&r=g","contentUrl":"https:\/\/secure.gravatar.com\/avatar\/c6d7bd728cdc2edbc0952c2d33ef684ae63b49979e1912fdf2804320fb36a0d6?s=96&d=mm&r=g","caption":"heliricci"},"url":"https:\/\/www.article-marketing.eu\/comunicatistampa\/author\/heliricci\/"}]}},"_links":{"self":[{"href":"https:\/\/www.article-marketing.eu\/comunicatistampa\/wp-json\/wp\/v2\/posts\/23620","targetHints":{"allow":["GET"]}}],"collection":[{"href":"https:\/\/www.article-marketing.eu\/comunicatistampa\/wp-json\/wp\/v2\/posts"}],"about":[{"href":"https:\/\/www.article-marketing.eu\/comunicatistampa\/wp-json\/wp\/v2\/types\/post"}],"author":[{"embeddable":true,"href":"https:\/\/www.article-marketing.eu\/comunicatistampa\/wp-json\/wp\/v2\/users\/7116"}],"replies":[{"embeddable":true,"href":"https:\/\/www.article-marketing.eu\/comunicatistampa\/wp-json\/wp\/v2\/comments?post=23620"}],"version-history":[{"count":2,"href":"https:\/\/www.article-marketing.eu\/comunicatistampa\/wp-json\/wp\/v2\/posts\/23620\/revisions"}],"predecessor-version":[{"id":23633,"href":"https:\/\/www.article-marketing.eu\/comunicatistampa\/wp-json\/wp\/v2\/posts\/23620\/revisions\/23633"}],"wp:attachment":[{"href":"https:\/\/www.article-marketing.eu\/comunicatistampa\/wp-json\/wp\/v2\/media?parent=23620"}],"wp:term":[{"taxonomy":"category","embeddable":true,"href":"https:\/\/www.article-marketing.eu\/comunicatistampa\/wp-json\/wp\/v2\/categories?post=23620"},{"taxonomy":"post_tag","embeddable":true,"href":"https:\/\/www.article-marketing.eu\/comunicatistampa\/wp-json\/wp\/v2\/tags?post=23620"}],"curies":[{"name":"wp","href":"https:\/\/api.w.org\/{rel}","templated":true}]}}