{"id":23638,"date":"2022-06-29T15:04:09","date_gmt":"2022-06-29T13:04:09","guid":{"rendered":"https:\/\/www.article-marketing.eu\/comunicatistampa\/?p=23638"},"modified":"2022-06-29T15:04:09","modified_gmt":"2022-06-29T13:04:09","slug":"fabrizio-di-amato-lintervista-del-corriere-della-sera-al-presidente-di-maire-tecnimont","status":"publish","type":"post","link":"https:\/\/www.article-marketing.eu\/comunicatistampa\/fabrizio-di-amato-lintervista-del-corriere-della-sera-al-presidente-di-maire-tecnimont\/","title":{"rendered":"Fabrizio Di Amato: l\u2019intervista del \u201cCorriere della Sera\u201d al Presidente di Maire Tecnimont"},"content":{"rendered":"<p><em><strong>Il Presidente di Maire Tecnimont <a title=\"Fabrizio Di Amato, l'excursus professionale\" href=\"https:\/\/www.executivemanager.it\/Fabrizio-Di-Amato\/\">Fabrizio Di Amato<\/a>: &#8220;Si stanno aprendo nuove rotte per gli approvvigionamenti energetici. Si tratta di guardare al futuro valorizzando il passato dell&#8217;industria energetica italiana&#8221;.<\/strong><\/em><\/p>\n<p><a title=\"Fabrizio Di Amato: gli incarichi professionali\" href=\"https:\/\/www.executivemanager.it\/Fabrizio-Di-Amato\/\"><img decoding=\"async\" src=\"https:\/\/www.executivemanager.it\/images\/comprofiler\/0_623b4896d0888.jpg\" alt=\"Fabrizio Di Amato\" width=\"120\" \/><\/a><\/p>\n<h2>La transizione energetica e le sfide della sostenibilit\u00e0: la vision di Fabrizio Di Amato, Presidente di Maire Tecnimont<\/h2>\n<p><em>&#8220;L&#8217;Italia non \u00e8 un Paese ricco di risorse, ma ha sviluppato straordinarie competenze ingegneristiche, le migliori al mondo&#8221;<\/em>: l&#8217;invito di <strong>Fabrizio Di Amato<\/strong> \u00e8 a <em>&#8220;ripartire da qui&#8221;<\/em>. Intervistato lo scorso 9 maggio su &#8220;L&#8217;Economia&#8221;, inserto del &#8220;Corriere della Sera&#8221;, il Presidente di Maire Tecnimont ha sottolineato come, a fronte di un biennio complicato, si stiano aprendo <em>&#8220;nuove rotte per gli approvvigionamenti energetici&#8221;<\/em>. In gioco c&#8217;\u00e8 la transizione ecologica, una <em>&#8220;occasione da non sprecare per ridare le carte al sistema industriale e pensare a nuovi modelli&#8221;<\/em>. \u00c8 quello che sta facendo anche Maire Tecnimont, come spiega il Presidente <strong>Fabrizio Di Amato<\/strong>: <em>&#8220;Abbiamo radici antiche e ora vogliamo proiettarle nel futuro per costruire impianti del terzo millennio con il &#8220;nuovo&#8221; petrolio che viene dalla valorizzazione dei rifiuti. Ottimizzare il riciclo degli scarti urbani e industriali che non si possono riciclare e produrre gas sintetico, etanolo, metanolo e idrogeno a basse emissioni. Cercando di disegnare quella politica industriale dell&#8217;energia, spesso mancata in Italia&#8221;<\/em>.<\/p>\n<h2>La svolta green di Maire Tecnimont nell&#8217;intervista al Presidente Fabrizio Di Amato<\/h2>\n<p>Ripartire dai siti industriali in dismissione, come molti impianti di raffinazione: nell&#8217;intervista il Presidente <a title=\"Fabrizio Di Amato: la formazione e la carriera\" href=\"https:\/\/www.executivemanager.it\/Fabrizio-Di-Amato\/\">Fabrizio Di Amato<\/a> illustra nel dettaglio come Maire Tecnimont punti a sfruttare le loro caratteristiche nell&#8217;ottica di trasformarli in impianti di riciclo di materiale plastico. L&#8217;idea \u00e8 fare prodotti uguali a quelli che vengono realizzati con gli idrocarburi: <em>&#8220;Oggi siamo gi\u00e0 attivi, con l&#8217;impianto di Brescia, uno dei pi\u00f9 efficienti in Europa nel riciclo di materiale plastico, con il 95% dei rifiuti recuperati. \u00c8 un processo di upcycling che pu\u00f2 sostituire il prodotto vergine. Non si usa solo per fare panchine o bidoni per la raccolta ma anche per costruire pezzi di automobili&#8221;<\/em>. La sostenibilit\u00e0 in questo contesto <em>&#8220;crea occupazione, nuova, giovane e tra le maestranze che lavoravano nei vecchi impianti con grandi competenze&#8221;<\/em>. La svolta green di Maire Tecnimont si deve anche all&#8217;impegno nello sviluppare internamente tecnologie e progetti innovativi: <em>&#8220;Grazie a quelle basi e a quelle conoscenze abbiamo potuto accelerare con NextChem, l&#8217;idea di recuperare il carbonio e l&#8217;idrogeno contenuto nei rifiuti (6 milioni di tonnellate in Italia sono solo gli urbani indifferenziati che finiscono in discarica) utilizzando i vecchi impianti&#8221;<\/em>. Notevoli i benefici, come rileva il Presidente <strong>Fabrizio Di Amato<\/strong>: <em>&#8220;L&#8217;Italia smaltisce gli scarti in Europa pagando fino a 250 euro a tonnellata, mentre riciclandoli in gas sostitutivo del metano potrebbe ridurre del 10% il fabbisogno di gas per il settore termoelettrico. Con la nostra tecnologia si pu\u00f2 risparmiare fino al 90% delle emissioni di CO2. Il concetto \u00e8 quello del &#8220;distretto circolare verde&#8221; dove i rifiuti diventano idrogeno, metanolo, fertilizzanti. Con la cattura e la valorizzazione della CO2 possiamo arrivare alla neutralit\u00e0 carbonica prima degli obiettivi europei&#8221;<\/em>.<\/p>\n","protected":false},"excerpt":{"rendered":"<p>Il Presidente di Maire Tecnimont Fabrizio Di Amato: &#8220;Si stanno aprendo nuove rotte per gli approvvigionamenti energetici. Si tratta di guardare al futuro valorizzando il passato dell&#8217;industria energetica italiana&#8221;. La transizione energetica e le sfide della sostenibilit\u00e0: la vision di Fabrizio Di Amato, Presidente di Maire Tecnimont &#8220;L&#8217;Italia non \u00e8 un Paese ricco di risorse, ma ha sviluppato straordinarie competenze ingegneristiche, le migliori al mondo&#8221;: l&#8217;invito di Fabrizio Di Amato<\/p>\n<p><a class=\"continue-reading\" href=\"https:\/\/www.article-marketing.eu\/comunicatistampa\/fabrizio-di-amato-lintervista-del-corriere-della-sera-al-presidente-di-maire-tecnimont\/\">Continue reading&#8230;<\/a><\/p>\n","protected":false},"author":7244,"featured_media":0,"comment_status":"open","ping_status":"open","sticky":false,"template":"","format":"standard","meta":{"_monsterinsights_skip_tracking":false,"_monsterinsights_sitenote_active":false,"_monsterinsights_sitenote_note":"","_monsterinsights_sitenote_category":0,"footnotes":""},"categories":[386],"tags":[9688],"class_list":["post-23638","post","type-post","status-publish","format-standard","hentry","category-economia-e-lavoro","tag-fabrizio-di-amato"],"yoast_head":"<!-- This site is optimized with the Yoast SEO plugin v27.3 - https:\/\/yoast.com\/product\/yoast-seo-wordpress\/ -->\n<title>Fabrizio Di Amato: l\u2019intervista del \u201cCorriere della Sera\u201d al Presidente di Maire Tecnimont<\/title>\n<meta name=\"robots\" content=\"index, follow, max-snippet:-1, max-image-preview:large, max-video-preview:-1\" \/>\n<link rel=\"canonical\" href=\"https:\/\/www.article-marketing.eu\/comunicatistampa\/fabrizio-di-amato-lintervista-del-corriere-della-sera-al-presidente-di-maire-tecnimont\/\" \/>\n<meta property=\"og:locale\" content=\"it_IT\" \/>\n<meta property=\"og:type\" content=\"article\" \/>\n<meta property=\"og:title\" content=\"Fabrizio Di Amato: l\u2019intervista del \u201cCorriere della Sera\u201d al Presidente di Maire Tecnimont\" \/>\n<meta property=\"og:description\" content=\"Il Presidente di Maire Tecnimont Fabrizio Di Amato: &#8220;Si stanno aprendo nuove rotte per gli approvvigionamenti energetici. Si tratta di guardare al futuro valorizzando il passato dell&#8217;industria energetica italiana&#8221;. La transizione energetica e le sfide della sostenibilit\u00e0: la vision di Fabrizio Di Amato, Presidente di Maire Tecnimont &#8220;L&#8217;Italia non \u00e8 un Paese ricco di risorse, ma ha sviluppato straordinarie competenze ingegneristiche, le migliori al mondo&#8221;: l&#8217;invito di Fabrizio Di AmatoContinue reading...\" \/>\n<meta property=\"og:url\" content=\"https:\/\/www.article-marketing.eu\/comunicatistampa\/fabrizio-di-amato-lintervista-del-corriere-della-sera-al-presidente-di-maire-tecnimont\/\" \/>\n<meta property=\"og:site_name\" content=\"Article Marketing\" \/>\n<meta property=\"article:published_time\" content=\"2022-06-29T13:04:09+00:00\" \/>\n<meta property=\"og:image\" content=\"https:\/\/www.executivemanager.it\/images\/comprofiler\/0_623b4896d0888.jpg\" \/>\n<meta name=\"author\" content=\"agencyfdapress\" \/>\n<meta name=\"twitter:card\" content=\"summary_large_image\" \/>\n<meta name=\"twitter:label1\" content=\"Scritto da\" \/>\n\t<meta name=\"twitter:data1\" content=\"agencyfdapress\" \/>\n\t<meta name=\"twitter:label2\" content=\"Tempo di lettura stimato\" \/>\n\t<meta name=\"twitter:data2\" content=\"2 minuti\" \/>\n<script type=\"application\/ld+json\" class=\"yoast-schema-graph\">{\"@context\":\"https:\\\/\\\/schema.org\",\"@graph\":[{\"@type\":\"Article\",\"@id\":\"https:\\\/\\\/www.article-marketing.eu\\\/comunicatistampa\\\/fabrizio-di-amato-lintervista-del-corriere-della-sera-al-presidente-di-maire-tecnimont\\\/#article\",\"isPartOf\":{\"@id\":\"https:\\\/\\\/www.article-marketing.eu\\\/comunicatistampa\\\/fabrizio-di-amato-lintervista-del-corriere-della-sera-al-presidente-di-maire-tecnimont\\\/\"},\"author\":{\"name\":\"agencyfdapress\",\"@id\":\"https:\\\/\\\/www.article-marketing.eu\\\/comunicatistampa\\\/#\\\/schema\\\/person\\\/51c7c9a1419e6d243af8502cd7e05aff\"},\"headline\":\"Fabrizio Di Amato: l\u2019intervista del \u201cCorriere della Sera\u201d al Presidente di Maire Tecnimont\",\"datePublished\":\"2022-06-29T13:04:09+00:00\",\"mainEntityOfPage\":{\"@id\":\"https:\\\/\\\/www.article-marketing.eu\\\/comunicatistampa\\\/fabrizio-di-amato-lintervista-del-corriere-della-sera-al-presidente-di-maire-tecnimont\\\/\"},\"wordCount\":497,\"commentCount\":0,\"image\":{\"@id\":\"https:\\\/\\\/www.article-marketing.eu\\\/comunicatistampa\\\/fabrizio-di-amato-lintervista-del-corriere-della-sera-al-presidente-di-maire-tecnimont\\\/#primaryimage\"},\"thumbnailUrl\":\"https:\\\/\\\/www.executivemanager.it\\\/images\\\/comprofiler\\\/0_623b4896d0888.jpg\",\"keywords\":[\"Fabrizio Di Amato\"],\"articleSection\":[\"Economia e lavoro\"],\"inLanguage\":\"it-IT\",\"potentialAction\":[{\"@type\":\"CommentAction\",\"name\":\"Comment\",\"target\":[\"https:\\\/\\\/www.article-marketing.eu\\\/comunicatistampa\\\/fabrizio-di-amato-lintervista-del-corriere-della-sera-al-presidente-di-maire-tecnimont\\\/#respond\"]}]},{\"@type\":\"WebPage\",\"@id\":\"https:\\\/\\\/www.article-marketing.eu\\\/comunicatistampa\\\/fabrizio-di-amato-lintervista-del-corriere-della-sera-al-presidente-di-maire-tecnimont\\\/\",\"url\":\"https:\\\/\\\/www.article-marketing.eu\\\/comunicatistampa\\\/fabrizio-di-amato-lintervista-del-corriere-della-sera-al-presidente-di-maire-tecnimont\\\/\",\"name\":\"Fabrizio Di Amato: l\u2019intervista del \u201cCorriere della Sera\u201d al Presidente di Maire Tecnimont\",\"isPartOf\":{\"@id\":\"https:\\\/\\\/www.article-marketing.eu\\\/comunicatistampa\\\/#website\"},\"primaryImageOfPage\":{\"@id\":\"https:\\\/\\\/www.article-marketing.eu\\\/comunicatistampa\\\/fabrizio-di-amato-lintervista-del-corriere-della-sera-al-presidente-di-maire-tecnimont\\\/#primaryimage\"},\"image\":{\"@id\":\"https:\\\/\\\/www.article-marketing.eu\\\/comunicatistampa\\\/fabrizio-di-amato-lintervista-del-corriere-della-sera-al-presidente-di-maire-tecnimont\\\/#primaryimage\"},\"thumbnailUrl\":\"https:\\\/\\\/www.executivemanager.it\\\/images\\\/comprofiler\\\/0_623b4896d0888.jpg\",\"datePublished\":\"2022-06-29T13:04:09+00:00\",\"author\":{\"@id\":\"https:\\\/\\\/www.article-marketing.eu\\\/comunicatistampa\\\/#\\\/schema\\\/person\\\/51c7c9a1419e6d243af8502cd7e05aff\"},\"breadcrumb\":{\"@id\":\"https:\\\/\\\/www.article-marketing.eu\\\/comunicatistampa\\\/fabrizio-di-amato-lintervista-del-corriere-della-sera-al-presidente-di-maire-tecnimont\\\/#breadcrumb\"},\"inLanguage\":\"it-IT\",\"potentialAction\":[{\"@type\":\"ReadAction\",\"target\":[\"https:\\\/\\\/www.article-marketing.eu\\\/comunicatistampa\\\/fabrizio-di-amato-lintervista-del-corriere-della-sera-al-presidente-di-maire-tecnimont\\\/\"]}]},{\"@type\":\"ImageObject\",\"inLanguage\":\"it-IT\",\"@id\":\"https:\\\/\\\/www.article-marketing.eu\\\/comunicatistampa\\\/fabrizio-di-amato-lintervista-del-corriere-della-sera-al-presidente-di-maire-tecnimont\\\/#primaryimage\",\"url\":\"https:\\\/\\\/www.executivemanager.it\\\/images\\\/comprofiler\\\/0_623b4896d0888.jpg\",\"contentUrl\":\"https:\\\/\\\/www.executivemanager.it\\\/images\\\/comprofiler\\\/0_623b4896d0888.jpg\"},{\"@type\":\"BreadcrumbList\",\"@id\":\"https:\\\/\\\/www.article-marketing.eu\\\/comunicatistampa\\\/fabrizio-di-amato-lintervista-del-corriere-della-sera-al-presidente-di-maire-tecnimont\\\/#breadcrumb\",\"itemListElement\":[{\"@type\":\"ListItem\",\"position\":1,\"name\":\"Home\",\"item\":\"https:\\\/\\\/www.article-marketing.eu\\\/comunicatistampa\\\/\"},{\"@type\":\"ListItem\",\"position\":2,\"name\":\"Fabrizio Di Amato: l\u2019intervista del \u201cCorriere della Sera\u201d al Presidente di Maire Tecnimont\"}]},{\"@type\":\"WebSite\",\"@id\":\"https:\\\/\\\/www.article-marketing.eu\\\/comunicatistampa\\\/#website\",\"url\":\"https:\\\/\\\/www.article-marketing.eu\\\/comunicatistampa\\\/\",\"name\":\"Article Marketing\",\"description\":\"article marketing &amp; press release\",\"potentialAction\":[{\"@type\":\"SearchAction\",\"target\":{\"@type\":\"EntryPoint\",\"urlTemplate\":\"https:\\\/\\\/www.article-marketing.eu\\\/comunicatistampa\\\/?s={search_term_string}\"},\"query-input\":{\"@type\":\"PropertyValueSpecification\",\"valueRequired\":true,\"valueName\":\"search_term_string\"}}],\"inLanguage\":\"it-IT\"},{\"@type\":\"Person\",\"@id\":\"https:\\\/\\\/www.article-marketing.eu\\\/comunicatistampa\\\/#\\\/schema\\\/person\\\/51c7c9a1419e6d243af8502cd7e05aff\",\"name\":\"agencyfdapress\",\"image\":{\"@type\":\"ImageObject\",\"inLanguage\":\"it-IT\",\"@id\":\"https:\\\/\\\/secure.gravatar.com\\\/avatar\\\/8001b425ff309254d3f7f21ab2655c3f11e36b0fbd3ecbf99aad5e2ee4ebe309?s=96&d=mm&r=g\",\"url\":\"https:\\\/\\\/secure.gravatar.com\\\/avatar\\\/8001b425ff309254d3f7f21ab2655c3f11e36b0fbd3ecbf99aad5e2ee4ebe309?s=96&d=mm&r=g\",\"contentUrl\":\"https:\\\/\\\/secure.gravatar.com\\\/avatar\\\/8001b425ff309254d3f7f21ab2655c3f11e36b0fbd3ecbf99aad5e2ee4ebe309?s=96&d=mm&r=g\",\"caption\":\"agencyfdapress\"},\"url\":\"https:\\\/\\\/www.article-marketing.eu\\\/comunicatistampa\\\/author\\\/agencyfdapress\\\/\"}]}<\/script>\n<!-- \/ Yoast SEO plugin. -->","yoast_head_json":{"title":"Fabrizio Di Amato: l\u2019intervista del \u201cCorriere della Sera\u201d al Presidente di Maire Tecnimont","robots":{"index":"index","follow":"follow","max-snippet":"max-snippet:-1","max-image-preview":"max-image-preview:large","max-video-preview":"max-video-preview:-1"},"canonical":"https:\/\/www.article-marketing.eu\/comunicatistampa\/fabrizio-di-amato-lintervista-del-corriere-della-sera-al-presidente-di-maire-tecnimont\/","og_locale":"it_IT","og_type":"article","og_title":"Fabrizio Di Amato: l\u2019intervista del \u201cCorriere della Sera\u201d al Presidente di Maire Tecnimont","og_description":"Il Presidente di Maire Tecnimont Fabrizio Di Amato: &#8220;Si stanno aprendo nuove rotte per gli approvvigionamenti energetici. Si tratta di guardare al futuro valorizzando il passato dell&#8217;industria energetica italiana&#8221;. La transizione energetica e le sfide della sostenibilit\u00e0: la vision di Fabrizio Di Amato, Presidente di Maire Tecnimont &#8220;L&#8217;Italia non \u00e8 un Paese ricco di risorse, ma ha sviluppato straordinarie competenze ingegneristiche, le migliori al mondo&#8221;: l&#8217;invito di Fabrizio Di AmatoContinue reading...","og_url":"https:\/\/www.article-marketing.eu\/comunicatistampa\/fabrizio-di-amato-lintervista-del-corriere-della-sera-al-presidente-di-maire-tecnimont\/","og_site_name":"Article Marketing","article_published_time":"2022-06-29T13:04:09+00:00","og_image":[{"url":"https:\/\/www.executivemanager.it\/images\/comprofiler\/0_623b4896d0888.jpg","type":"","width":"","height":""}],"author":"agencyfdapress","twitter_card":"summary_large_image","twitter_misc":{"Scritto da":"agencyfdapress","Tempo di lettura stimato":"2 minuti"},"schema":{"@context":"https:\/\/schema.org","@graph":[{"@type":"Article","@id":"https:\/\/www.article-marketing.eu\/comunicatistampa\/fabrizio-di-amato-lintervista-del-corriere-della-sera-al-presidente-di-maire-tecnimont\/#article","isPartOf":{"@id":"https:\/\/www.article-marketing.eu\/comunicatistampa\/fabrizio-di-amato-lintervista-del-corriere-della-sera-al-presidente-di-maire-tecnimont\/"},"author":{"name":"agencyfdapress","@id":"https:\/\/www.article-marketing.eu\/comunicatistampa\/#\/schema\/person\/51c7c9a1419e6d243af8502cd7e05aff"},"headline":"Fabrizio Di Amato: l\u2019intervista del \u201cCorriere della Sera\u201d al Presidente di Maire Tecnimont","datePublished":"2022-06-29T13:04:09+00:00","mainEntityOfPage":{"@id":"https:\/\/www.article-marketing.eu\/comunicatistampa\/fabrizio-di-amato-lintervista-del-corriere-della-sera-al-presidente-di-maire-tecnimont\/"},"wordCount":497,"commentCount":0,"image":{"@id":"https:\/\/www.article-marketing.eu\/comunicatistampa\/fabrizio-di-amato-lintervista-del-corriere-della-sera-al-presidente-di-maire-tecnimont\/#primaryimage"},"thumbnailUrl":"https:\/\/www.executivemanager.it\/images\/comprofiler\/0_623b4896d0888.jpg","keywords":["Fabrizio Di Amato"],"articleSection":["Economia e lavoro"],"inLanguage":"it-IT","potentialAction":[{"@type":"CommentAction","name":"Comment","target":["https:\/\/www.article-marketing.eu\/comunicatistampa\/fabrizio-di-amato-lintervista-del-corriere-della-sera-al-presidente-di-maire-tecnimont\/#respond"]}]},{"@type":"WebPage","@id":"https:\/\/www.article-marketing.eu\/comunicatistampa\/fabrizio-di-amato-lintervista-del-corriere-della-sera-al-presidente-di-maire-tecnimont\/","url":"https:\/\/www.article-marketing.eu\/comunicatistampa\/fabrizio-di-amato-lintervista-del-corriere-della-sera-al-presidente-di-maire-tecnimont\/","name":"Fabrizio Di Amato: l\u2019intervista del \u201cCorriere della Sera\u201d al Presidente di Maire Tecnimont","isPartOf":{"@id":"https:\/\/www.article-marketing.eu\/comunicatistampa\/#website"},"primaryImageOfPage":{"@id":"https:\/\/www.article-marketing.eu\/comunicatistampa\/fabrizio-di-amato-lintervista-del-corriere-della-sera-al-presidente-di-maire-tecnimont\/#primaryimage"},"image":{"@id":"https:\/\/www.article-marketing.eu\/comunicatistampa\/fabrizio-di-amato-lintervista-del-corriere-della-sera-al-presidente-di-maire-tecnimont\/#primaryimage"},"thumbnailUrl":"https:\/\/www.executivemanager.it\/images\/comprofiler\/0_623b4896d0888.jpg","datePublished":"2022-06-29T13:04:09+00:00","author":{"@id":"https:\/\/www.article-marketing.eu\/comunicatistampa\/#\/schema\/person\/51c7c9a1419e6d243af8502cd7e05aff"},"breadcrumb":{"@id":"https:\/\/www.article-marketing.eu\/comunicatistampa\/fabrizio-di-amato-lintervista-del-corriere-della-sera-al-presidente-di-maire-tecnimont\/#breadcrumb"},"inLanguage":"it-IT","potentialAction":[{"@type":"ReadAction","target":["https:\/\/www.article-marketing.eu\/comunicatistampa\/fabrizio-di-amato-lintervista-del-corriere-della-sera-al-presidente-di-maire-tecnimont\/"]}]},{"@type":"ImageObject","inLanguage":"it-IT","@id":"https:\/\/www.article-marketing.eu\/comunicatistampa\/fabrizio-di-amato-lintervista-del-corriere-della-sera-al-presidente-di-maire-tecnimont\/#primaryimage","url":"https:\/\/www.executivemanager.it\/images\/comprofiler\/0_623b4896d0888.jpg","contentUrl":"https:\/\/www.executivemanager.it\/images\/comprofiler\/0_623b4896d0888.jpg"},{"@type":"BreadcrumbList","@id":"https:\/\/www.article-marketing.eu\/comunicatistampa\/fabrizio-di-amato-lintervista-del-corriere-della-sera-al-presidente-di-maire-tecnimont\/#breadcrumb","itemListElement":[{"@type":"ListItem","position":1,"name":"Home","item":"https:\/\/www.article-marketing.eu\/comunicatistampa\/"},{"@type":"ListItem","position":2,"name":"Fabrizio Di Amato: l\u2019intervista del \u201cCorriere della Sera\u201d al Presidente di Maire Tecnimont"}]},{"@type":"WebSite","@id":"https:\/\/www.article-marketing.eu\/comunicatistampa\/#website","url":"https:\/\/www.article-marketing.eu\/comunicatistampa\/","name":"Article Marketing","description":"article marketing &amp; press release","potentialAction":[{"@type":"SearchAction","target":{"@type":"EntryPoint","urlTemplate":"https:\/\/www.article-marketing.eu\/comunicatistampa\/?s={search_term_string}"},"query-input":{"@type":"PropertyValueSpecification","valueRequired":true,"valueName":"search_term_string"}}],"inLanguage":"it-IT"},{"@type":"Person","@id":"https:\/\/www.article-marketing.eu\/comunicatistampa\/#\/schema\/person\/51c7c9a1419e6d243af8502cd7e05aff","name":"agencyfdapress","image":{"@type":"ImageObject","inLanguage":"it-IT","@id":"https:\/\/secure.gravatar.com\/avatar\/8001b425ff309254d3f7f21ab2655c3f11e36b0fbd3ecbf99aad5e2ee4ebe309?s=96&d=mm&r=g","url":"https:\/\/secure.gravatar.com\/avatar\/8001b425ff309254d3f7f21ab2655c3f11e36b0fbd3ecbf99aad5e2ee4ebe309?s=96&d=mm&r=g","contentUrl":"https:\/\/secure.gravatar.com\/avatar\/8001b425ff309254d3f7f21ab2655c3f11e36b0fbd3ecbf99aad5e2ee4ebe309?s=96&d=mm&r=g","caption":"agencyfdapress"},"url":"https:\/\/www.article-marketing.eu\/comunicatistampa\/author\/agencyfdapress\/"}]}},"_links":{"self":[{"href":"https:\/\/www.article-marketing.eu\/comunicatistampa\/wp-json\/wp\/v2\/posts\/23638","targetHints":{"allow":["GET"]}}],"collection":[{"href":"https:\/\/www.article-marketing.eu\/comunicatistampa\/wp-json\/wp\/v2\/posts"}],"about":[{"href":"https:\/\/www.article-marketing.eu\/comunicatistampa\/wp-json\/wp\/v2\/types\/post"}],"author":[{"embeddable":true,"href":"https:\/\/www.article-marketing.eu\/comunicatistampa\/wp-json\/wp\/v2\/users\/7244"}],"replies":[{"embeddable":true,"href":"https:\/\/www.article-marketing.eu\/comunicatistampa\/wp-json\/wp\/v2\/comments?post=23638"}],"version-history":[{"count":2,"href":"https:\/\/www.article-marketing.eu\/comunicatistampa\/wp-json\/wp\/v2\/posts\/23638\/revisions"}],"predecessor-version":[{"id":23770,"href":"https:\/\/www.article-marketing.eu\/comunicatistampa\/wp-json\/wp\/v2\/posts\/23638\/revisions\/23770"}],"wp:attachment":[{"href":"https:\/\/www.article-marketing.eu\/comunicatistampa\/wp-json\/wp\/v2\/media?parent=23638"}],"wp:term":[{"taxonomy":"category","embeddable":true,"href":"https:\/\/www.article-marketing.eu\/comunicatistampa\/wp-json\/wp\/v2\/categories?post=23638"},{"taxonomy":"post_tag","embeddable":true,"href":"https:\/\/www.article-marketing.eu\/comunicatistampa\/wp-json\/wp\/v2\/tags?post=23638"}],"curies":[{"name":"wp","href":"https:\/\/api.w.org\/{rel}","templated":true}]}}