{"id":23641,"date":"2022-06-29T15:04:24","date_gmt":"2022-06-29T13:04:24","guid":{"rendered":"https:\/\/www.article-marketing.eu\/comunicatistampa\/?p=23641"},"modified":"2022-06-29T15:04:24","modified_gmt":"2022-06-29T13:04:24","slug":"francesco-milleri-essilorluxottica-lancia-eyes-on-food-una-spinta-condivisa-verso-la-qualita","status":"publish","type":"post","link":"https:\/\/www.article-marketing.eu\/comunicatistampa\/francesco-milleri-essilorluxottica-lancia-eyes-on-food-una-spinta-condivisa-verso-la-qualita\/","title":{"rendered":"Francesco Milleri: EssilorLuxottica lancia \u201cEyes on Food\u201d, una spinta condivisa verso la qualit\u00e0"},"content":{"rendered":"<p><strong><em>Rispettare l&#8217;ambiente e garantire il benessere delle nostre persone: EssilorLuxottica con &#8220;Eyes on Food&#8221; guarda in questa direzione, come evidenzia l&#8217;AD <a title=\"Francesco Milleri: l'iter professionale\" href=\"https:\/\/www.professionistieaziende.it\/francesco_milleri\/francesco_milleri.php\">Francesco Milleri<\/a> in occasione del lancio dell&#8217;iniziativa.<\/em><\/strong><\/p>\n<p><a title=\"Francesco Milleri: la biografia - Professionisti e Aziende\" href=\"https:\/\/www.professionistieaziende.it\/francesco_milleri\/francesco_milleri.php\"><img decoding=\"async\" src=\"https:\/\/www.professionistieaziende.it\/francesco_milleri\/francesco_milleri.jpg\" alt=\"Francesco Milleri\" width=\"120\" \/><\/a><\/p>\n<h2>Francesco Milleri presenta &#8220;Eyes on Food&#8221;: l&#8217;importanza di un&#8217;alimentazione sana e sostenibile nei luoghi di lavoro<\/h2>\n<p><em>&#8220;Essere sostenibili oggi significa perseguire un approccio etico in ogni ambito di attivit\u00e0&#8221;<\/em>: l&#8217;impegno di EssilorLuxottica \u00e8 tangibile nelle parole usate dall&#8217;AD <strong>Francesco Milleri<\/strong> per sottolineare il valore di &#8220;Eyes on Food&#8221;, progetto nato in collaborazione con lo Chef stellato Davide Oldani per promuovere i principi di un&#8217;alimentazione sana e sostenibile nei luoghi di lavoro. La salvaguardia dell&#8217;ambiente ma anche il rispetto per le <em>&#8220;nostre&#8221;<\/em> persone, come evidenziato dall&#8217;AD <strong>Francesco Milleri<\/strong>, sono i pilastri su cui si fonda l&#8217;iniziativa: attraverso la partnership si punta infatti a diffondere un nuovo approccio alla pausa pranzo nelle sedi di EssilorLuxottica, a partire da quelle italiane. Milano, Agordo ma anche Sedico, Cencenighe, Lauriano, Pederobba, Rovereto e Pescara: i men\u00f9 proposti ai dipendenti sono stati ripensati sulla base di qualit\u00e0, stagionalit\u00e0 delle materie prime, utilizzo di prodotti locali e filiera corta. Particolare attenzione \u00e8 stata poi riservata alla scelta dei prodotti freschi e agli abbinamenti proposti. Il nome &#8220;Eyes on Food&#8221; si riferisce simbolicamente a &#8220;Eyes on the Planet&#8221;, il programma di sostenibilit\u00e0 di EssilorLuxottica: non a caso punter\u00e0 anche alla riduzione degli sprechi.<\/p>\n<h2>Francesco Milleri: rispettare l&#8217;ambiente e garantire il benessere delle nostre persone, l&#8217;impegno di EssilorLuxottica<\/h2>\n<p><em>&#8220;Siamo orgogliosi di questa prestigiosa partnership con Davide Oldani, che da anni unisce nella sua cucina creativit\u00e0 e scelte sostenibili con una forte attenzione ai dettagli, all&#8217;ambiente e alla gestione degli sprechi&#8221;<\/em>, ha commentato l&#8217;AD <a title=\"Francesco Milleri: formazione e carriera - Professionisti e Aziende\" href=\"https:\/\/www.professionistieaziende.it\/francesco_milleri\/francesco_milleri.php\">Francesco Milleri<\/a>: ad occuparsene concretamente d&#8217;ora in poi in azienda sar\u00e0 un &#8220;Sus-Chef&#8221; (Sustainability Chef) a cui spetta il compito di attuare la strategia delineata da Davide Oldani e monitorare l&#8217;applicazione delle best practice approvate. <em>&#8220;Una spinta condivisa verso la qualit\u00e0 che ci permette di ripensare la pausa pranzo nei luoghi di lavoro, a beneficio delle nostre persone&#8221;<\/em>, ha ribadito l&#8217;Amministratore Delegato di EssilorLuxottica <strong>Francesco Milleri<\/strong>. &#8220;Eyes on Food&#8221; segna solamente una prima tappa del percorso intrapreso da EssilorLuxottica verso un&#8217;alimentazione sostenibile. L&#8217;azienda prevede infatti di sviluppare l&#8217;iniziativa anche in altri Paesi.<\/p>\n","protected":false},"excerpt":{"rendered":"<p>Rispettare l&#8217;ambiente e garantire il benessere delle nostre persone: EssilorLuxottica con &#8220;Eyes on Food&#8221; guarda in questa direzione, come evidenzia l&#8217;AD Francesco Milleri in occasione del lancio dell&#8217;iniziativa. Francesco Milleri presenta &#8220;Eyes on Food&#8221;: l&#8217;importanza di un&#8217;alimentazione sana e sostenibile nei luoghi di lavoro &#8220;Essere sostenibili oggi significa perseguire un approccio etico in ogni ambito di attivit\u00e0&#8221;: l&#8217;impegno di EssilorLuxottica \u00e8 tangibile nelle parole usate dall&#8217;AD Francesco Milleri per sottolineare<\/p>\n<p><a class=\"continue-reading\" href=\"https:\/\/www.article-marketing.eu\/comunicatistampa\/francesco-milleri-essilorluxottica-lancia-eyes-on-food-una-spinta-condivisa-verso-la-qualita\/\">Continue reading&#8230;<\/a><\/p>\n","protected":false},"author":7201,"featured_media":0,"comment_status":"open","ping_status":"open","sticky":false,"template":"","format":"standard","meta":{"_monsterinsights_skip_tracking":false,"_monsterinsights_sitenote_active":false,"_monsterinsights_sitenote_note":"","_monsterinsights_sitenote_category":0,"footnotes":""},"categories":[386],"tags":[9537],"class_list":["post-23641","post","type-post","status-publish","format-standard","hentry","category-economia-e-lavoro","tag-francesco-milleri"],"yoast_head":"<!-- This site is optimized with the Yoast SEO plugin v27.3 - https:\/\/yoast.com\/product\/yoast-seo-wordpress\/ -->\n<title>Francesco Milleri: EssilorLuxottica lancia \u201cEyes on Food\u201d, una spinta condivisa verso la qualit\u00e0<\/title>\n<meta name=\"robots\" content=\"index, follow, max-snippet:-1, max-image-preview:large, max-video-preview:-1\" \/>\n<link rel=\"canonical\" href=\"https:\/\/www.article-marketing.eu\/comunicatistampa\/francesco-milleri-essilorluxottica-lancia-eyes-on-food-una-spinta-condivisa-verso-la-qualita\/\" \/>\n<meta property=\"og:locale\" content=\"it_IT\" \/>\n<meta property=\"og:type\" content=\"article\" \/>\n<meta property=\"og:title\" content=\"Francesco Milleri: EssilorLuxottica lancia \u201cEyes on Food\u201d, una spinta condivisa verso la qualit\u00e0\" \/>\n<meta property=\"og:description\" content=\"Rispettare l&#8217;ambiente e garantire il benessere delle nostre persone: EssilorLuxottica con &#8220;Eyes on Food&#8221; guarda in questa direzione, come evidenzia l&#8217;AD Francesco Milleri in occasione del lancio dell&#8217;iniziativa. Francesco Milleri presenta &#8220;Eyes on Food&#8221;: l&#8217;importanza di un&#8217;alimentazione sana e sostenibile nei luoghi di lavoro &#8220;Essere sostenibili oggi significa perseguire un approccio etico in ogni ambito di attivit\u00e0&#8221;: l&#8217;impegno di EssilorLuxottica \u00e8 tangibile nelle parole usate dall&#8217;AD Francesco Milleri per sottolineareContinue reading...\" \/>\n<meta property=\"og:url\" content=\"https:\/\/www.article-marketing.eu\/comunicatistampa\/francesco-milleri-essilorluxottica-lancia-eyes-on-food-una-spinta-condivisa-verso-la-qualita\/\" \/>\n<meta property=\"og:site_name\" content=\"Article Marketing\" \/>\n<meta property=\"article:published_time\" content=\"2022-06-29T13:04:24+00:00\" \/>\n<meta property=\"og:image\" content=\"https:\/\/www.professionistieaziende.it\/francesco_milleri\/francesco_milleri.jpg\" \/>\n<meta name=\"author\" content=\"agencyfmnews\" \/>\n<meta name=\"twitter:card\" content=\"summary_large_image\" \/>\n<meta name=\"twitter:label1\" content=\"Scritto da\" \/>\n\t<meta name=\"twitter:data1\" content=\"agencyfmnews\" \/>\n\t<meta name=\"twitter:label2\" content=\"Tempo di lettura stimato\" \/>\n\t<meta name=\"twitter:data2\" content=\"2 minuti\" \/>\n<script type=\"application\/ld+json\" class=\"yoast-schema-graph\">{\"@context\":\"https:\\\/\\\/schema.org\",\"@graph\":[{\"@type\":\"Article\",\"@id\":\"https:\\\/\\\/www.article-marketing.eu\\\/comunicatistampa\\\/francesco-milleri-essilorluxottica-lancia-eyes-on-food-una-spinta-condivisa-verso-la-qualita\\\/#article\",\"isPartOf\":{\"@id\":\"https:\\\/\\\/www.article-marketing.eu\\\/comunicatistampa\\\/francesco-milleri-essilorluxottica-lancia-eyes-on-food-una-spinta-condivisa-verso-la-qualita\\\/\"},\"author\":{\"name\":\"agencyfmnews\",\"@id\":\"https:\\\/\\\/www.article-marketing.eu\\\/comunicatistampa\\\/#\\\/schema\\\/person\\\/66af7693bfb8cff6cc30b41435a1aec3\"},\"headline\":\"Francesco Milleri: EssilorLuxottica lancia \u201cEyes on Food\u201d, una spinta condivisa verso la qualit\u00e0\",\"datePublished\":\"2022-06-29T13:04:24+00:00\",\"mainEntityOfPage\":{\"@id\":\"https:\\\/\\\/www.article-marketing.eu\\\/comunicatistampa\\\/francesco-milleri-essilorluxottica-lancia-eyes-on-food-una-spinta-condivisa-verso-la-qualita\\\/\"},\"wordCount\":375,\"commentCount\":0,\"image\":{\"@id\":\"https:\\\/\\\/www.article-marketing.eu\\\/comunicatistampa\\\/francesco-milleri-essilorluxottica-lancia-eyes-on-food-una-spinta-condivisa-verso-la-qualita\\\/#primaryimage\"},\"thumbnailUrl\":\"https:\\\/\\\/www.professionistieaziende.it\\\/francesco_milleri\\\/francesco_milleri.jpg\",\"keywords\":[\"Francesco Milleri\"],\"articleSection\":[\"Economia e lavoro\"],\"inLanguage\":\"it-IT\",\"potentialAction\":[{\"@type\":\"CommentAction\",\"name\":\"Comment\",\"target\":[\"https:\\\/\\\/www.article-marketing.eu\\\/comunicatistampa\\\/francesco-milleri-essilorluxottica-lancia-eyes-on-food-una-spinta-condivisa-verso-la-qualita\\\/#respond\"]}]},{\"@type\":\"WebPage\",\"@id\":\"https:\\\/\\\/www.article-marketing.eu\\\/comunicatistampa\\\/francesco-milleri-essilorluxottica-lancia-eyes-on-food-una-spinta-condivisa-verso-la-qualita\\\/\",\"url\":\"https:\\\/\\\/www.article-marketing.eu\\\/comunicatistampa\\\/francesco-milleri-essilorluxottica-lancia-eyes-on-food-una-spinta-condivisa-verso-la-qualita\\\/\",\"name\":\"Francesco Milleri: EssilorLuxottica lancia \u201cEyes on Food\u201d, una spinta condivisa verso la qualit\u00e0\",\"isPartOf\":{\"@id\":\"https:\\\/\\\/www.article-marketing.eu\\\/comunicatistampa\\\/#website\"},\"primaryImageOfPage\":{\"@id\":\"https:\\\/\\\/www.article-marketing.eu\\\/comunicatistampa\\\/francesco-milleri-essilorluxottica-lancia-eyes-on-food-una-spinta-condivisa-verso-la-qualita\\\/#primaryimage\"},\"image\":{\"@id\":\"https:\\\/\\\/www.article-marketing.eu\\\/comunicatistampa\\\/francesco-milleri-essilorluxottica-lancia-eyes-on-food-una-spinta-condivisa-verso-la-qualita\\\/#primaryimage\"},\"thumbnailUrl\":\"https:\\\/\\\/www.professionistieaziende.it\\\/francesco_milleri\\\/francesco_milleri.jpg\",\"datePublished\":\"2022-06-29T13:04:24+00:00\",\"author\":{\"@id\":\"https:\\\/\\\/www.article-marketing.eu\\\/comunicatistampa\\\/#\\\/schema\\\/person\\\/66af7693bfb8cff6cc30b41435a1aec3\"},\"breadcrumb\":{\"@id\":\"https:\\\/\\\/www.article-marketing.eu\\\/comunicatistampa\\\/francesco-milleri-essilorluxottica-lancia-eyes-on-food-una-spinta-condivisa-verso-la-qualita\\\/#breadcrumb\"},\"inLanguage\":\"it-IT\",\"potentialAction\":[{\"@type\":\"ReadAction\",\"target\":[\"https:\\\/\\\/www.article-marketing.eu\\\/comunicatistampa\\\/francesco-milleri-essilorluxottica-lancia-eyes-on-food-una-spinta-condivisa-verso-la-qualita\\\/\"]}]},{\"@type\":\"ImageObject\",\"inLanguage\":\"it-IT\",\"@id\":\"https:\\\/\\\/www.article-marketing.eu\\\/comunicatistampa\\\/francesco-milleri-essilorluxottica-lancia-eyes-on-food-una-spinta-condivisa-verso-la-qualita\\\/#primaryimage\",\"url\":\"https:\\\/\\\/www.professionistieaziende.it\\\/francesco_milleri\\\/francesco_milleri.jpg\",\"contentUrl\":\"https:\\\/\\\/www.professionistieaziende.it\\\/francesco_milleri\\\/francesco_milleri.jpg\"},{\"@type\":\"BreadcrumbList\",\"@id\":\"https:\\\/\\\/www.article-marketing.eu\\\/comunicatistampa\\\/francesco-milleri-essilorluxottica-lancia-eyes-on-food-una-spinta-condivisa-verso-la-qualita\\\/#breadcrumb\",\"itemListElement\":[{\"@type\":\"ListItem\",\"position\":1,\"name\":\"Home\",\"item\":\"https:\\\/\\\/www.article-marketing.eu\\\/comunicatistampa\\\/\"},{\"@type\":\"ListItem\",\"position\":2,\"name\":\"Francesco Milleri: EssilorLuxottica lancia \u201cEyes on Food\u201d, una spinta condivisa verso la qualit\u00e0\"}]},{\"@type\":\"WebSite\",\"@id\":\"https:\\\/\\\/www.article-marketing.eu\\\/comunicatistampa\\\/#website\",\"url\":\"https:\\\/\\\/www.article-marketing.eu\\\/comunicatistampa\\\/\",\"name\":\"Article Marketing\",\"description\":\"article marketing &amp; press release\",\"potentialAction\":[{\"@type\":\"SearchAction\",\"target\":{\"@type\":\"EntryPoint\",\"urlTemplate\":\"https:\\\/\\\/www.article-marketing.eu\\\/comunicatistampa\\\/?s={search_term_string}\"},\"query-input\":{\"@type\":\"PropertyValueSpecification\",\"valueRequired\":true,\"valueName\":\"search_term_string\"}}],\"inLanguage\":\"it-IT\"},{\"@type\":\"Person\",\"@id\":\"https:\\\/\\\/www.article-marketing.eu\\\/comunicatistampa\\\/#\\\/schema\\\/person\\\/66af7693bfb8cff6cc30b41435a1aec3\",\"name\":\"agencyfmnews\",\"image\":{\"@type\":\"ImageObject\",\"inLanguage\":\"it-IT\",\"@id\":\"https:\\\/\\\/secure.gravatar.com\\\/avatar\\\/8e5548a62f8b6ff81a9ac11775d9d70f3acc1c790a2c05679bbfba17ff579efc?s=96&d=mm&r=g\",\"url\":\"https:\\\/\\\/secure.gravatar.com\\\/avatar\\\/8e5548a62f8b6ff81a9ac11775d9d70f3acc1c790a2c05679bbfba17ff579efc?s=96&d=mm&r=g\",\"contentUrl\":\"https:\\\/\\\/secure.gravatar.com\\\/avatar\\\/8e5548a62f8b6ff81a9ac11775d9d70f3acc1c790a2c05679bbfba17ff579efc?s=96&d=mm&r=g\",\"caption\":\"agencyfmnews\"},\"url\":\"https:\\\/\\\/www.article-marketing.eu\\\/comunicatistampa\\\/author\\\/agencyfmnews\\\/\"}]}<\/script>\n<!-- \/ Yoast SEO plugin. -->","yoast_head_json":{"title":"Francesco Milleri: EssilorLuxottica lancia \u201cEyes on Food\u201d, una spinta condivisa verso la qualit\u00e0","robots":{"index":"index","follow":"follow","max-snippet":"max-snippet:-1","max-image-preview":"max-image-preview:large","max-video-preview":"max-video-preview:-1"},"canonical":"https:\/\/www.article-marketing.eu\/comunicatistampa\/francesco-milleri-essilorluxottica-lancia-eyes-on-food-una-spinta-condivisa-verso-la-qualita\/","og_locale":"it_IT","og_type":"article","og_title":"Francesco Milleri: EssilorLuxottica lancia \u201cEyes on Food\u201d, una spinta condivisa verso la qualit\u00e0","og_description":"Rispettare l&#8217;ambiente e garantire il benessere delle nostre persone: EssilorLuxottica con &#8220;Eyes on Food&#8221; guarda in questa direzione, come evidenzia l&#8217;AD Francesco Milleri in occasione del lancio dell&#8217;iniziativa. Francesco Milleri presenta &#8220;Eyes on Food&#8221;: l&#8217;importanza di un&#8217;alimentazione sana e sostenibile nei luoghi di lavoro &#8220;Essere sostenibili oggi significa perseguire un approccio etico in ogni ambito di attivit\u00e0&#8221;: l&#8217;impegno di EssilorLuxottica \u00e8 tangibile nelle parole usate dall&#8217;AD Francesco Milleri per sottolineareContinue reading...","og_url":"https:\/\/www.article-marketing.eu\/comunicatistampa\/francesco-milleri-essilorluxottica-lancia-eyes-on-food-una-spinta-condivisa-verso-la-qualita\/","og_site_name":"Article Marketing","article_published_time":"2022-06-29T13:04:24+00:00","og_image":[{"url":"https:\/\/www.professionistieaziende.it\/francesco_milleri\/francesco_milleri.jpg","type":"","width":"","height":""}],"author":"agencyfmnews","twitter_card":"summary_large_image","twitter_misc":{"Scritto da":"agencyfmnews","Tempo di lettura stimato":"2 minuti"},"schema":{"@context":"https:\/\/schema.org","@graph":[{"@type":"Article","@id":"https:\/\/www.article-marketing.eu\/comunicatistampa\/francesco-milleri-essilorluxottica-lancia-eyes-on-food-una-spinta-condivisa-verso-la-qualita\/#article","isPartOf":{"@id":"https:\/\/www.article-marketing.eu\/comunicatistampa\/francesco-milleri-essilorluxottica-lancia-eyes-on-food-una-spinta-condivisa-verso-la-qualita\/"},"author":{"name":"agencyfmnews","@id":"https:\/\/www.article-marketing.eu\/comunicatistampa\/#\/schema\/person\/66af7693bfb8cff6cc30b41435a1aec3"},"headline":"Francesco Milleri: EssilorLuxottica lancia \u201cEyes on Food\u201d, una spinta condivisa verso la qualit\u00e0","datePublished":"2022-06-29T13:04:24+00:00","mainEntityOfPage":{"@id":"https:\/\/www.article-marketing.eu\/comunicatistampa\/francesco-milleri-essilorluxottica-lancia-eyes-on-food-una-spinta-condivisa-verso-la-qualita\/"},"wordCount":375,"commentCount":0,"image":{"@id":"https:\/\/www.article-marketing.eu\/comunicatistampa\/francesco-milleri-essilorluxottica-lancia-eyes-on-food-una-spinta-condivisa-verso-la-qualita\/#primaryimage"},"thumbnailUrl":"https:\/\/www.professionistieaziende.it\/francesco_milleri\/francesco_milleri.jpg","keywords":["Francesco Milleri"],"articleSection":["Economia e lavoro"],"inLanguage":"it-IT","potentialAction":[{"@type":"CommentAction","name":"Comment","target":["https:\/\/www.article-marketing.eu\/comunicatistampa\/francesco-milleri-essilorluxottica-lancia-eyes-on-food-una-spinta-condivisa-verso-la-qualita\/#respond"]}]},{"@type":"WebPage","@id":"https:\/\/www.article-marketing.eu\/comunicatistampa\/francesco-milleri-essilorluxottica-lancia-eyes-on-food-una-spinta-condivisa-verso-la-qualita\/","url":"https:\/\/www.article-marketing.eu\/comunicatistampa\/francesco-milleri-essilorluxottica-lancia-eyes-on-food-una-spinta-condivisa-verso-la-qualita\/","name":"Francesco Milleri: EssilorLuxottica lancia \u201cEyes on Food\u201d, una spinta condivisa verso la qualit\u00e0","isPartOf":{"@id":"https:\/\/www.article-marketing.eu\/comunicatistampa\/#website"},"primaryImageOfPage":{"@id":"https:\/\/www.article-marketing.eu\/comunicatistampa\/francesco-milleri-essilorluxottica-lancia-eyes-on-food-una-spinta-condivisa-verso-la-qualita\/#primaryimage"},"image":{"@id":"https:\/\/www.article-marketing.eu\/comunicatistampa\/francesco-milleri-essilorluxottica-lancia-eyes-on-food-una-spinta-condivisa-verso-la-qualita\/#primaryimage"},"thumbnailUrl":"https:\/\/www.professionistieaziende.it\/francesco_milleri\/francesco_milleri.jpg","datePublished":"2022-06-29T13:04:24+00:00","author":{"@id":"https:\/\/www.article-marketing.eu\/comunicatistampa\/#\/schema\/person\/66af7693bfb8cff6cc30b41435a1aec3"},"breadcrumb":{"@id":"https:\/\/www.article-marketing.eu\/comunicatistampa\/francesco-milleri-essilorluxottica-lancia-eyes-on-food-una-spinta-condivisa-verso-la-qualita\/#breadcrumb"},"inLanguage":"it-IT","potentialAction":[{"@type":"ReadAction","target":["https:\/\/www.article-marketing.eu\/comunicatistampa\/francesco-milleri-essilorluxottica-lancia-eyes-on-food-una-spinta-condivisa-verso-la-qualita\/"]}]},{"@type":"ImageObject","inLanguage":"it-IT","@id":"https:\/\/www.article-marketing.eu\/comunicatistampa\/francesco-milleri-essilorluxottica-lancia-eyes-on-food-una-spinta-condivisa-verso-la-qualita\/#primaryimage","url":"https:\/\/www.professionistieaziende.it\/francesco_milleri\/francesco_milleri.jpg","contentUrl":"https:\/\/www.professionistieaziende.it\/francesco_milleri\/francesco_milleri.jpg"},{"@type":"BreadcrumbList","@id":"https:\/\/www.article-marketing.eu\/comunicatistampa\/francesco-milleri-essilorluxottica-lancia-eyes-on-food-una-spinta-condivisa-verso-la-qualita\/#breadcrumb","itemListElement":[{"@type":"ListItem","position":1,"name":"Home","item":"https:\/\/www.article-marketing.eu\/comunicatistampa\/"},{"@type":"ListItem","position":2,"name":"Francesco Milleri: EssilorLuxottica lancia \u201cEyes on Food\u201d, una spinta condivisa verso la qualit\u00e0"}]},{"@type":"WebSite","@id":"https:\/\/www.article-marketing.eu\/comunicatistampa\/#website","url":"https:\/\/www.article-marketing.eu\/comunicatistampa\/","name":"Article Marketing","description":"article marketing &amp; press release","potentialAction":[{"@type":"SearchAction","target":{"@type":"EntryPoint","urlTemplate":"https:\/\/www.article-marketing.eu\/comunicatistampa\/?s={search_term_string}"},"query-input":{"@type":"PropertyValueSpecification","valueRequired":true,"valueName":"search_term_string"}}],"inLanguage":"it-IT"},{"@type":"Person","@id":"https:\/\/www.article-marketing.eu\/comunicatistampa\/#\/schema\/person\/66af7693bfb8cff6cc30b41435a1aec3","name":"agencyfmnews","image":{"@type":"ImageObject","inLanguage":"it-IT","@id":"https:\/\/secure.gravatar.com\/avatar\/8e5548a62f8b6ff81a9ac11775d9d70f3acc1c790a2c05679bbfba17ff579efc?s=96&d=mm&r=g","url":"https:\/\/secure.gravatar.com\/avatar\/8e5548a62f8b6ff81a9ac11775d9d70f3acc1c790a2c05679bbfba17ff579efc?s=96&d=mm&r=g","contentUrl":"https:\/\/secure.gravatar.com\/avatar\/8e5548a62f8b6ff81a9ac11775d9d70f3acc1c790a2c05679bbfba17ff579efc?s=96&d=mm&r=g","caption":"agencyfmnews"},"url":"https:\/\/www.article-marketing.eu\/comunicatistampa\/author\/agencyfmnews\/"}]}},"_links":{"self":[{"href":"https:\/\/www.article-marketing.eu\/comunicatistampa\/wp-json\/wp\/v2\/posts\/23641","targetHints":{"allow":["GET"]}}],"collection":[{"href":"https:\/\/www.article-marketing.eu\/comunicatistampa\/wp-json\/wp\/v2\/posts"}],"about":[{"href":"https:\/\/www.article-marketing.eu\/comunicatistampa\/wp-json\/wp\/v2\/types\/post"}],"author":[{"embeddable":true,"href":"https:\/\/www.article-marketing.eu\/comunicatistampa\/wp-json\/wp\/v2\/users\/7201"}],"replies":[{"embeddable":true,"href":"https:\/\/www.article-marketing.eu\/comunicatistampa\/wp-json\/wp\/v2\/comments?post=23641"}],"version-history":[{"count":2,"href":"https:\/\/www.article-marketing.eu\/comunicatistampa\/wp-json\/wp\/v2\/posts\/23641\/revisions"}],"predecessor-version":[{"id":23771,"href":"https:\/\/www.article-marketing.eu\/comunicatistampa\/wp-json\/wp\/v2\/posts\/23641\/revisions\/23771"}],"wp:attachment":[{"href":"https:\/\/www.article-marketing.eu\/comunicatistampa\/wp-json\/wp\/v2\/media?parent=23641"}],"wp:term":[{"taxonomy":"category","embeddable":true,"href":"https:\/\/www.article-marketing.eu\/comunicatistampa\/wp-json\/wp\/v2\/categories?post=23641"},{"taxonomy":"post_tag","embeddable":true,"href":"https:\/\/www.article-marketing.eu\/comunicatistampa\/wp-json\/wp\/v2\/tags?post=23641"}],"curies":[{"name":"wp","href":"https:\/\/api.w.org\/{rel}","templated":true}]}}