{"id":23657,"date":"2022-06-29T15:05:51","date_gmt":"2022-06-29T13:05:51","guid":{"rendered":"https:\/\/www.article-marketing.eu\/comunicatistampa\/?p=23657"},"modified":"2022-06-29T15:05:51","modified_gmt":"2022-06-29T13:05:51","slug":"francesca-dellera-musa-di-marco-ferreri-vive-oggi-in-francia-con-il-partner","status":"publish","type":"post","link":"https:\/\/www.article-marketing.eu\/comunicatistampa\/francesca-dellera-musa-di-marco-ferreri-vive-oggi-in-francia-con-il-partner\/","title":{"rendered":"Francesca Dellera, musa di Marco Ferreri, vive oggi in Francia con il partner"},"content":{"rendered":"<p><em><strong><a title=\"Francesca Dellera: dagli esordi a Cannes\" href=\"https:\/\/www.corriere.it\/foto-gallery\/spettacoli\/14_gennaio_25\/francesca-dellera-esordi-tinto-brass-cannes-001053e4-85a2-11e3-97a7-e7402e9bb91d.shtml\">Francesca Dellera<\/a>, attrice di successo in Italia e all&#8217;estero, dopo anni di carriera al cinema e in tv ha scelto una vita riservata con il suo compagno. La musa di Ferreri, Prince e Jean Paul Gaultier vive oggi lontano dai riflettori, in Francia, con il suo attuale partner.<\/strong><\/em><\/p>\n<p><img decoding=\"async\" style=\"height: 80px;\" src=\"https:\/\/images2.corriereobjects.it\/methode_image\/2022\/06\/15\/Spettacoli\/Foto%20Gallery\/dellera3_MGZOOM.jpg\" alt=\"Francesca Dellera\" \/><img decoding=\"async\" style=\"height: 80px;\" src=\"https:\/\/images2.corriereobjects.it\/methode_image\/2022\/06\/15\/Spettacoli\/Foto%20Gallery\/dellera105_MGZOOM.jpg\" alt=\"Francesca Dellera\" \/><img decoding=\"async\" style=\"height: 80px;\" src=\"https:\/\/images2.corriereobjects.it\/methode_image\/2022\/06\/15\/Spettacoli\/Foto%20Gallery\/dellera107_MGZOOM.jpg\" alt=\"Francesca Dellera\" \/><\/p>\n<h2>Francesca Dellera: gli esordi e il trionfo a Cannes<\/h2>\n<p><strong>Francesca Dellera<\/strong>, icona di fascino, ha definito gli standard di bellezza con i suoi capelli rossi e la sua pelle bianca come la porcellana ed \u00e8 stata cos\u00ec descritta dall&#8217;autorevole critico cinematografico Tullio Kezich: <em>&#8220;La fisicit\u00e0 di Francesca Dellera \u00e8 parlante, possiede quel qualcosa in pi\u00f9 che hanno le figure schermiche di eccezione, tanto a suo agio davanti alla macchina da presa che quando \u00e8 vestita sembra nuda, e quando \u00e8 nuda sembra vestita&#8221;<\/em>. Esordisce come protagonista principale nel mondo dei fotoromanzi ma guadagna il primo grande riscontro da parte del pubblico grazie alla miniserie tv in tre puntate &#8220;La romana&#8221;, riadattamento televisivo del libro scritto da Alberto Moravia. La serie \u00e8 vista da pi\u00f9 di 10 milioni di telespettatori, che seguono con coinvolgimento la storia di <strong>Francesca Dellera<\/strong>, protagonista insieme a Gina Lollobrigida. Grazie a questo ruolo vince poi il prestigioso premio televisivo Telegatto: \u00e8 grazie al film &#8220;La Carne&#8221; di Marco Ferreri che il suo talento viene conosciuto non solo in Italia, bens\u00ec anche all&#8217;estero. Musa ispiratrice del regista, insieme a lei anche il film guadagna l&#8217;apprezzamento generale durante quell&#8217;edizione del Festival del Cinema di Cannes. Federico Fellini, affascinato dalla sua recitazione in &#8220;La Carne&#8221;, le offre il ruolo della Fata nel film &#8220;Pinocchio&#8221;, che per\u00f2 non verr\u00e0 mai realizzato a causa della prematura morte del regista.<\/p>\n<h2>La vita quotidiana di Francesca Dellera lontano dalle scene<\/h2>\n<p><img decoding=\"async\" style=\"height: 80px;\" src=\"https:\/\/images2.corriereobjects.it\/methode_image\/2022\/06\/15\/Spettacoli\/Foto%20Gallery\/dellera204_MGZOOM.jpg\" alt=\"Francesca Dellera\" \/><img decoding=\"async\" style=\"height: 80px;\" src=\"https:\/\/images2.corriereobjects.it\/methode_image\/2022\/06\/15\/Spettacoli\/Foto%20Gallery\/dellera203_MGZOOM.jpg\" alt=\"Francesca Dellera\" \/><img decoding=\"async\" style=\"height: 80px;\" src=\"https:\/\/images2.corriereobjects.it\/methode_image\/2022\/06\/15\/Spettacoli\/Foto%20Gallery\/delllera5_MGZOOM.jpg\" alt=\"Francesca Dellera\" \/><\/p>\n<p><strong>Francesca Dellera<\/strong> all&#8217;apice del successo \u00e8 contesa tra Francia e Italia, tanto che perfino la rockstar Prince tenta di farla arrivare negli Stati Uniti per girare con lui un videoclip musicale, ottenendo per\u00f2 un rifiuto a causa di impegni professionali pregressi. Dopo aver recitato in &#8220;L&#8217;ours en peluche&#8221; in Francia con Alain Delon, torna a Roma con il ruolo da protagonista principale di due fiction Rai e Mediaset. La prima \u00e8 &#8220;Nan\u00e0&#8221;, miniserie in due puntate e versione televisiva del romanzo scritto da \u00c9mile Zola, mentre la seconda \u00e8 &#8220;La contessa di Castiglione&#8221;, produzione franco-italiana dove recita con Jeanne Moureau e Sergio Rubini. Nel 2006 la scelta di una vita riservata lontano dai riflettori, con l&#8217;eccezione di poche e selezionate interviste concesse nel tempo: un esempio \u00e8 quella del 2017 uscita sul &#8220;Corriere della Sera&#8221;, in cui racconta di vivere stabilmente in Francia insieme al suo compagno di vita. Il pubblico di <strong>Francesca Dellera<\/strong> le \u00e8 per\u00f2 tuttora molto affezionato e non manca di esprimerle il proprio attaccamento attraverso i commenti condivisi sotto i contenuti pubblicati dall&#8217;account Instagram e che ne evidenziano la bellezza unica, il fascino raffinato e la pelle bianca come la porcellana.<\/p>\n","protected":false},"excerpt":{"rendered":"<p>Francesca Dellera, attrice di successo in Italia e all&#8217;estero, dopo anni di carriera al cinema e in tv ha scelto una vita riservata con il suo compagno. La musa di Ferreri, Prince e Jean Paul Gaultier vive oggi lontano dai riflettori, in Francia, con il suo attuale partner. Francesca Dellera: gli esordi e il trionfo a Cannes Francesca Dellera, icona di fascino, ha definito gli standard di bellezza con i<\/p>\n<p><a class=\"continue-reading\" href=\"https:\/\/www.article-marketing.eu\/comunicatistampa\/francesca-dellera-musa-di-marco-ferreri-vive-oggi-in-francia-con-il-partner\/\">Continue reading&#8230;<\/a><\/p>\n","protected":false},"author":6477,"featured_media":0,"comment_status":"open","ping_status":"open","sticky":false,"template":"","format":"standard","meta":{"_monsterinsights_skip_tracking":false,"_monsterinsights_sitenote_active":false,"_monsterinsights_sitenote_note":"","_monsterinsights_sitenote_category":0,"footnotes":""},"categories":[408],"tags":[9860],"class_list":["post-23657","post","type-post","status-publish","format-standard","hentry","category-cinema","tag-francesca-dellera"],"yoast_head":"<!-- This site is optimized with the Yoast SEO plugin v27.3 - https:\/\/yoast.com\/product\/yoast-seo-wordpress\/ -->\n<title>Francesca Dellera, musa di Marco Ferreri, vive oggi in Francia con il partner<\/title>\n<meta name=\"robots\" content=\"index, follow, max-snippet:-1, max-image-preview:large, max-video-preview:-1\" \/>\n<link rel=\"canonical\" href=\"https:\/\/www.article-marketing.eu\/comunicatistampa\/francesca-dellera-musa-di-marco-ferreri-vive-oggi-in-francia-con-il-partner\/\" \/>\n<meta property=\"og:locale\" content=\"it_IT\" \/>\n<meta property=\"og:type\" content=\"article\" \/>\n<meta property=\"og:title\" content=\"Francesca Dellera, musa di Marco Ferreri, vive oggi in Francia con il partner\" \/>\n<meta property=\"og:description\" content=\"Francesca Dellera, attrice di successo in Italia e all&#8217;estero, dopo anni di carriera al cinema e in tv ha scelto una vita riservata con il suo compagno. La musa di Ferreri, Prince e Jean Paul Gaultier vive oggi lontano dai riflettori, in Francia, con il suo attuale partner. Francesca Dellera: gli esordi e il trionfo a Cannes Francesca Dellera, icona di fascino, ha definito gli standard di bellezza con iContinue reading...\" \/>\n<meta property=\"og:url\" content=\"https:\/\/www.article-marketing.eu\/comunicatistampa\/francesca-dellera-musa-di-marco-ferreri-vive-oggi-in-francia-con-il-partner\/\" \/>\n<meta property=\"og:site_name\" content=\"Article Marketing\" \/>\n<meta property=\"article:published_time\" content=\"2022-06-29T13:05:51+00:00\" \/>\n<meta property=\"og:image\" content=\"https:\/\/images2.corriereobjects.it\/methode_image\/2022\/06\/15\/Spettacoli\/Foto%20Gallery\/dellera3_MGZOOM.jpg\" \/>\n<meta name=\"author\" content=\"articolinews\" \/>\n<meta name=\"twitter:card\" content=\"summary_large_image\" \/>\n<meta name=\"twitter:label1\" content=\"Scritto da\" \/>\n\t<meta name=\"twitter:data1\" content=\"articolinews\" \/>\n\t<meta name=\"twitter:label2\" content=\"Tempo di lettura stimato\" \/>\n\t<meta name=\"twitter:data2\" content=\"2 minuti\" \/>\n<script type=\"application\/ld+json\" class=\"yoast-schema-graph\">{\"@context\":\"https:\\\/\\\/schema.org\",\"@graph\":[{\"@type\":\"Article\",\"@id\":\"https:\\\/\\\/www.article-marketing.eu\\\/comunicatistampa\\\/francesca-dellera-musa-di-marco-ferreri-vive-oggi-in-francia-con-il-partner\\\/#article\",\"isPartOf\":{\"@id\":\"https:\\\/\\\/www.article-marketing.eu\\\/comunicatistampa\\\/francesca-dellera-musa-di-marco-ferreri-vive-oggi-in-francia-con-il-partner\\\/\"},\"author\":{\"name\":\"articolinews\",\"@id\":\"https:\\\/\\\/www.article-marketing.eu\\\/comunicatistampa\\\/#\\\/schema\\\/person\\\/2fcaf8f8f3a9eef9eb7f27532d3ca458\"},\"headline\":\"Francesca Dellera, musa di Marco Ferreri, vive oggi in Francia con il partner\",\"datePublished\":\"2022-06-29T13:05:51+00:00\",\"mainEntityOfPage\":{\"@id\":\"https:\\\/\\\/www.article-marketing.eu\\\/comunicatistampa\\\/francesca-dellera-musa-di-marco-ferreri-vive-oggi-in-francia-con-il-partner\\\/\"},\"wordCount\":479,\"commentCount\":0,\"image\":{\"@id\":\"https:\\\/\\\/www.article-marketing.eu\\\/comunicatistampa\\\/francesca-dellera-musa-di-marco-ferreri-vive-oggi-in-francia-con-il-partner\\\/#primaryimage\"},\"thumbnailUrl\":\"https:\\\/\\\/images2.corriereobjects.it\\\/methode_image\\\/2022\\\/06\\\/15\\\/Spettacoli\\\/Foto%20Gallery\\\/dellera3_MGZOOM.jpg\",\"keywords\":[\"Francesca Dellera\"],\"articleSection\":[\"Cinema\"],\"inLanguage\":\"it-IT\",\"potentialAction\":[{\"@type\":\"CommentAction\",\"name\":\"Comment\",\"target\":[\"https:\\\/\\\/www.article-marketing.eu\\\/comunicatistampa\\\/francesca-dellera-musa-di-marco-ferreri-vive-oggi-in-francia-con-il-partner\\\/#respond\"]}]},{\"@type\":\"WebPage\",\"@id\":\"https:\\\/\\\/www.article-marketing.eu\\\/comunicatistampa\\\/francesca-dellera-musa-di-marco-ferreri-vive-oggi-in-francia-con-il-partner\\\/\",\"url\":\"https:\\\/\\\/www.article-marketing.eu\\\/comunicatistampa\\\/francesca-dellera-musa-di-marco-ferreri-vive-oggi-in-francia-con-il-partner\\\/\",\"name\":\"Francesca Dellera, musa di Marco Ferreri, vive oggi in Francia con il partner\",\"isPartOf\":{\"@id\":\"https:\\\/\\\/www.article-marketing.eu\\\/comunicatistampa\\\/#website\"},\"primaryImageOfPage\":{\"@id\":\"https:\\\/\\\/www.article-marketing.eu\\\/comunicatistampa\\\/francesca-dellera-musa-di-marco-ferreri-vive-oggi-in-francia-con-il-partner\\\/#primaryimage\"},\"image\":{\"@id\":\"https:\\\/\\\/www.article-marketing.eu\\\/comunicatistampa\\\/francesca-dellera-musa-di-marco-ferreri-vive-oggi-in-francia-con-il-partner\\\/#primaryimage\"},\"thumbnailUrl\":\"https:\\\/\\\/images2.corriereobjects.it\\\/methode_image\\\/2022\\\/06\\\/15\\\/Spettacoli\\\/Foto%20Gallery\\\/dellera3_MGZOOM.jpg\",\"datePublished\":\"2022-06-29T13:05:51+00:00\",\"author\":{\"@id\":\"https:\\\/\\\/www.article-marketing.eu\\\/comunicatistampa\\\/#\\\/schema\\\/person\\\/2fcaf8f8f3a9eef9eb7f27532d3ca458\"},\"breadcrumb\":{\"@id\":\"https:\\\/\\\/www.article-marketing.eu\\\/comunicatistampa\\\/francesca-dellera-musa-di-marco-ferreri-vive-oggi-in-francia-con-il-partner\\\/#breadcrumb\"},\"inLanguage\":\"it-IT\",\"potentialAction\":[{\"@type\":\"ReadAction\",\"target\":[\"https:\\\/\\\/www.article-marketing.eu\\\/comunicatistampa\\\/francesca-dellera-musa-di-marco-ferreri-vive-oggi-in-francia-con-il-partner\\\/\"]}]},{\"@type\":\"ImageObject\",\"inLanguage\":\"it-IT\",\"@id\":\"https:\\\/\\\/www.article-marketing.eu\\\/comunicatistampa\\\/francesca-dellera-musa-di-marco-ferreri-vive-oggi-in-francia-con-il-partner\\\/#primaryimage\",\"url\":\"https:\\\/\\\/images2.corriereobjects.it\\\/methode_image\\\/2022\\\/06\\\/15\\\/Spettacoli\\\/Foto%20Gallery\\\/dellera3_MGZOOM.jpg\",\"contentUrl\":\"https:\\\/\\\/images2.corriereobjects.it\\\/methode_image\\\/2022\\\/06\\\/15\\\/Spettacoli\\\/Foto%20Gallery\\\/dellera3_MGZOOM.jpg\"},{\"@type\":\"BreadcrumbList\",\"@id\":\"https:\\\/\\\/www.article-marketing.eu\\\/comunicatistampa\\\/francesca-dellera-musa-di-marco-ferreri-vive-oggi-in-francia-con-il-partner\\\/#breadcrumb\",\"itemListElement\":[{\"@type\":\"ListItem\",\"position\":1,\"name\":\"Home\",\"item\":\"https:\\\/\\\/www.article-marketing.eu\\\/comunicatistampa\\\/\"},{\"@type\":\"ListItem\",\"position\":2,\"name\":\"Francesca Dellera, musa di Marco Ferreri, vive oggi in Francia con il partner\"}]},{\"@type\":\"WebSite\",\"@id\":\"https:\\\/\\\/www.article-marketing.eu\\\/comunicatistampa\\\/#website\",\"url\":\"https:\\\/\\\/www.article-marketing.eu\\\/comunicatistampa\\\/\",\"name\":\"Article Marketing\",\"description\":\"article marketing &amp; press release\",\"potentialAction\":[{\"@type\":\"SearchAction\",\"target\":{\"@type\":\"EntryPoint\",\"urlTemplate\":\"https:\\\/\\\/www.article-marketing.eu\\\/comunicatistampa\\\/?s={search_term_string}\"},\"query-input\":{\"@type\":\"PropertyValueSpecification\",\"valueRequired\":true,\"valueName\":\"search_term_string\"}}],\"inLanguage\":\"it-IT\"},{\"@type\":\"Person\",\"@id\":\"https:\\\/\\\/www.article-marketing.eu\\\/comunicatistampa\\\/#\\\/schema\\\/person\\\/2fcaf8f8f3a9eef9eb7f27532d3ca458\",\"name\":\"articolinews\",\"image\":{\"@type\":\"ImageObject\",\"inLanguage\":\"it-IT\",\"@id\":\"https:\\\/\\\/secure.gravatar.com\\\/avatar\\\/9e2a264bab04e17dea24d937c9956304649a848cb73c46747a692ff1bdeb1cb7?s=96&d=mm&r=g\",\"url\":\"https:\\\/\\\/secure.gravatar.com\\\/avatar\\\/9e2a264bab04e17dea24d937c9956304649a848cb73c46747a692ff1bdeb1cb7?s=96&d=mm&r=g\",\"contentUrl\":\"https:\\\/\\\/secure.gravatar.com\\\/avatar\\\/9e2a264bab04e17dea24d937c9956304649a848cb73c46747a692ff1bdeb1cb7?s=96&d=mm&r=g\",\"caption\":\"articolinews\"},\"url\":\"https:\\\/\\\/www.article-marketing.eu\\\/comunicatistampa\\\/author\\\/articolinews\\\/\"}]}<\/script>\n<!-- \/ Yoast SEO plugin. -->","yoast_head_json":{"title":"Francesca Dellera, musa di Marco Ferreri, vive oggi in Francia con il partner","robots":{"index":"index","follow":"follow","max-snippet":"max-snippet:-1","max-image-preview":"max-image-preview:large","max-video-preview":"max-video-preview:-1"},"canonical":"https:\/\/www.article-marketing.eu\/comunicatistampa\/francesca-dellera-musa-di-marco-ferreri-vive-oggi-in-francia-con-il-partner\/","og_locale":"it_IT","og_type":"article","og_title":"Francesca Dellera, musa di Marco Ferreri, vive oggi in Francia con il partner","og_description":"Francesca Dellera, attrice di successo in Italia e all&#8217;estero, dopo anni di carriera al cinema e in tv ha scelto una vita riservata con il suo compagno. La musa di Ferreri, Prince e Jean Paul Gaultier vive oggi lontano dai riflettori, in Francia, con il suo attuale partner. Francesca Dellera: gli esordi e il trionfo a Cannes Francesca Dellera, icona di fascino, ha definito gli standard di bellezza con iContinue reading...","og_url":"https:\/\/www.article-marketing.eu\/comunicatistampa\/francesca-dellera-musa-di-marco-ferreri-vive-oggi-in-francia-con-il-partner\/","og_site_name":"Article Marketing","article_published_time":"2022-06-29T13:05:51+00:00","og_image":[{"url":"https:\/\/images2.corriereobjects.it\/methode_image\/2022\/06\/15\/Spettacoli\/Foto%20Gallery\/dellera3_MGZOOM.jpg","type":"","width":"","height":""}],"author":"articolinews","twitter_card":"summary_large_image","twitter_misc":{"Scritto da":"articolinews","Tempo di lettura stimato":"2 minuti"},"schema":{"@context":"https:\/\/schema.org","@graph":[{"@type":"Article","@id":"https:\/\/www.article-marketing.eu\/comunicatistampa\/francesca-dellera-musa-di-marco-ferreri-vive-oggi-in-francia-con-il-partner\/#article","isPartOf":{"@id":"https:\/\/www.article-marketing.eu\/comunicatistampa\/francesca-dellera-musa-di-marco-ferreri-vive-oggi-in-francia-con-il-partner\/"},"author":{"name":"articolinews","@id":"https:\/\/www.article-marketing.eu\/comunicatistampa\/#\/schema\/person\/2fcaf8f8f3a9eef9eb7f27532d3ca458"},"headline":"Francesca Dellera, musa di Marco Ferreri, vive oggi in Francia con il partner","datePublished":"2022-06-29T13:05:51+00:00","mainEntityOfPage":{"@id":"https:\/\/www.article-marketing.eu\/comunicatistampa\/francesca-dellera-musa-di-marco-ferreri-vive-oggi-in-francia-con-il-partner\/"},"wordCount":479,"commentCount":0,"image":{"@id":"https:\/\/www.article-marketing.eu\/comunicatistampa\/francesca-dellera-musa-di-marco-ferreri-vive-oggi-in-francia-con-il-partner\/#primaryimage"},"thumbnailUrl":"https:\/\/images2.corriereobjects.it\/methode_image\/2022\/06\/15\/Spettacoli\/Foto%20Gallery\/dellera3_MGZOOM.jpg","keywords":["Francesca Dellera"],"articleSection":["Cinema"],"inLanguage":"it-IT","potentialAction":[{"@type":"CommentAction","name":"Comment","target":["https:\/\/www.article-marketing.eu\/comunicatistampa\/francesca-dellera-musa-di-marco-ferreri-vive-oggi-in-francia-con-il-partner\/#respond"]}]},{"@type":"WebPage","@id":"https:\/\/www.article-marketing.eu\/comunicatistampa\/francesca-dellera-musa-di-marco-ferreri-vive-oggi-in-francia-con-il-partner\/","url":"https:\/\/www.article-marketing.eu\/comunicatistampa\/francesca-dellera-musa-di-marco-ferreri-vive-oggi-in-francia-con-il-partner\/","name":"Francesca Dellera, musa di Marco Ferreri, vive oggi in Francia con il partner","isPartOf":{"@id":"https:\/\/www.article-marketing.eu\/comunicatistampa\/#website"},"primaryImageOfPage":{"@id":"https:\/\/www.article-marketing.eu\/comunicatistampa\/francesca-dellera-musa-di-marco-ferreri-vive-oggi-in-francia-con-il-partner\/#primaryimage"},"image":{"@id":"https:\/\/www.article-marketing.eu\/comunicatistampa\/francesca-dellera-musa-di-marco-ferreri-vive-oggi-in-francia-con-il-partner\/#primaryimage"},"thumbnailUrl":"https:\/\/images2.corriereobjects.it\/methode_image\/2022\/06\/15\/Spettacoli\/Foto%20Gallery\/dellera3_MGZOOM.jpg","datePublished":"2022-06-29T13:05:51+00:00","author":{"@id":"https:\/\/www.article-marketing.eu\/comunicatistampa\/#\/schema\/person\/2fcaf8f8f3a9eef9eb7f27532d3ca458"},"breadcrumb":{"@id":"https:\/\/www.article-marketing.eu\/comunicatistampa\/francesca-dellera-musa-di-marco-ferreri-vive-oggi-in-francia-con-il-partner\/#breadcrumb"},"inLanguage":"it-IT","potentialAction":[{"@type":"ReadAction","target":["https:\/\/www.article-marketing.eu\/comunicatistampa\/francesca-dellera-musa-di-marco-ferreri-vive-oggi-in-francia-con-il-partner\/"]}]},{"@type":"ImageObject","inLanguage":"it-IT","@id":"https:\/\/www.article-marketing.eu\/comunicatistampa\/francesca-dellera-musa-di-marco-ferreri-vive-oggi-in-francia-con-il-partner\/#primaryimage","url":"https:\/\/images2.corriereobjects.it\/methode_image\/2022\/06\/15\/Spettacoli\/Foto%20Gallery\/dellera3_MGZOOM.jpg","contentUrl":"https:\/\/images2.corriereobjects.it\/methode_image\/2022\/06\/15\/Spettacoli\/Foto%20Gallery\/dellera3_MGZOOM.jpg"},{"@type":"BreadcrumbList","@id":"https:\/\/www.article-marketing.eu\/comunicatistampa\/francesca-dellera-musa-di-marco-ferreri-vive-oggi-in-francia-con-il-partner\/#breadcrumb","itemListElement":[{"@type":"ListItem","position":1,"name":"Home","item":"https:\/\/www.article-marketing.eu\/comunicatistampa\/"},{"@type":"ListItem","position":2,"name":"Francesca Dellera, musa di Marco Ferreri, vive oggi in Francia con il partner"}]},{"@type":"WebSite","@id":"https:\/\/www.article-marketing.eu\/comunicatistampa\/#website","url":"https:\/\/www.article-marketing.eu\/comunicatistampa\/","name":"Article Marketing","description":"article marketing &amp; press release","potentialAction":[{"@type":"SearchAction","target":{"@type":"EntryPoint","urlTemplate":"https:\/\/www.article-marketing.eu\/comunicatistampa\/?s={search_term_string}"},"query-input":{"@type":"PropertyValueSpecification","valueRequired":true,"valueName":"search_term_string"}}],"inLanguage":"it-IT"},{"@type":"Person","@id":"https:\/\/www.article-marketing.eu\/comunicatistampa\/#\/schema\/person\/2fcaf8f8f3a9eef9eb7f27532d3ca458","name":"articolinews","image":{"@type":"ImageObject","inLanguage":"it-IT","@id":"https:\/\/secure.gravatar.com\/avatar\/9e2a264bab04e17dea24d937c9956304649a848cb73c46747a692ff1bdeb1cb7?s=96&d=mm&r=g","url":"https:\/\/secure.gravatar.com\/avatar\/9e2a264bab04e17dea24d937c9956304649a848cb73c46747a692ff1bdeb1cb7?s=96&d=mm&r=g","contentUrl":"https:\/\/secure.gravatar.com\/avatar\/9e2a264bab04e17dea24d937c9956304649a848cb73c46747a692ff1bdeb1cb7?s=96&d=mm&r=g","caption":"articolinews"},"url":"https:\/\/www.article-marketing.eu\/comunicatistampa\/author\/articolinews\/"}]}},"_links":{"self":[{"href":"https:\/\/www.article-marketing.eu\/comunicatistampa\/wp-json\/wp\/v2\/posts\/23657","targetHints":{"allow":["GET"]}}],"collection":[{"href":"https:\/\/www.article-marketing.eu\/comunicatistampa\/wp-json\/wp\/v2\/posts"}],"about":[{"href":"https:\/\/www.article-marketing.eu\/comunicatistampa\/wp-json\/wp\/v2\/types\/post"}],"author":[{"embeddable":true,"href":"https:\/\/www.article-marketing.eu\/comunicatistampa\/wp-json\/wp\/v2\/users\/6477"}],"replies":[{"embeddable":true,"href":"https:\/\/www.article-marketing.eu\/comunicatistampa\/wp-json\/wp\/v2\/comments?post=23657"}],"version-history":[{"count":3,"href":"https:\/\/www.article-marketing.eu\/comunicatistampa\/wp-json\/wp\/v2\/posts\/23657\/revisions"}],"predecessor-version":[{"id":23776,"href":"https:\/\/www.article-marketing.eu\/comunicatistampa\/wp-json\/wp\/v2\/posts\/23657\/revisions\/23776"}],"wp:attachment":[{"href":"https:\/\/www.article-marketing.eu\/comunicatistampa\/wp-json\/wp\/v2\/media?parent=23657"}],"wp:term":[{"taxonomy":"category","embeddable":true,"href":"https:\/\/www.article-marketing.eu\/comunicatistampa\/wp-json\/wp\/v2\/categories?post=23657"},{"taxonomy":"post_tag","embeddable":true,"href":"https:\/\/www.article-marketing.eu\/comunicatistampa\/wp-json\/wp\/v2\/tags?post=23657"}],"curies":[{"name":"wp","href":"https:\/\/api.w.org\/{rel}","templated":true}]}}