{"id":23666,"date":"2022-06-30T10:09:42","date_gmt":"2022-06-30T08:09:42","guid":{"rendered":"https:\/\/www.article-marketing.eu\/comunicatistampa\/?p=23666"},"modified":"2022-06-29T15:12:32","modified_gmt":"2022-06-29T13:12:32","slug":"alessandro-benetton-lo-sport-al-centro-dellintervista-de-il-foglio-sportivo","status":"publish","type":"post","link":"https:\/\/www.article-marketing.eu\/comunicatistampa\/alessandro-benetton-lo-sport-al-centro-dellintervista-de-il-foglio-sportivo\/","title":{"rendered":"Alessandro Benetton: lo sport al centro dell\u2019intervista de \u201cIl Foglio Sportivo\u201d"},"content":{"rendered":"<p><em><strong>&#8220;Quello che ho imparato dallo sport, Schumi e Senna&#8221;: in un&#8217;intervista rilasciata a &#8220;Il Foglio Sportivo&#8221;, <a title=\"Alessandro Benetton: l'intervista - Il Foglio\" href=\"https:\/\/www.ilfoglio.it\/sport\/2022\/06\/11\/news\/-quello-che-ho-imparato-dallo-sport-schumi-e-senna-parla-alessandro-benetton-4095117\/\">Alessandro Benetton<\/a> ripercorre traguardi e insegnamenti.<\/strong><\/em><\/p>\n<p><a title=\"Alessandro Benetton, l'intervista de &quot;Il Foglio Sportivo&quot;\" href=\"https:\/\/www.ilfoglio.it\/sport\/2022\/06\/11\/news\/-quello-che-ho-imparato-dallo-sport-schumi-e-senna-parla-alessandro-benetton-4095117\/\"><img decoding=\"async\" src=\"https:\/\/img-prod.ilfoglio.it\/2022\/06\/10\/145342550-29e9f1fb-4ef8-4ff3-bc06-2bda21a1edd5.jpg\" alt=\"Alessandro Benetton\" width=\"120\" \/><\/a><\/p>\n<h2>Alessandro Benetton: l&#8217;uomo, l&#8217;imprenditore, il surfer e il padre si rincorrono e si contaminano<\/h2>\n<p>Che sia un appassionato di sport, non lo dice solo il suo curriculum. <strong>Alessandro Benetton<\/strong> ne parla spesso anche su Instagram e nelle sue video-rubriche social. Lo sport \u00e8 sempre stato parte della sua vita: maestro di sci, praticante di windsurf e ora anche di surf, all&#8217;inizio della sua carriera con Benetton Formula di cui \u00e8 stato Presidente ha vinto in F1 due mondiali piloti e uno costruttori con Michael Schumacher. <em>&#8220;L&#8217;uomo, l&#8217;imprenditore, il surfer e il padre si rincorrono e si contaminano&#8221;<\/em>, ha scritto nella sua autobiografia &#8220;La Traiettoria&#8221;, uscita nelle scorse settimane. Tematiche approfondite anche nell&#8217;intervista dello scorso 11 giugno per &#8220;Il Foglio Sportivo&#8221; in cui <strong>Alessandro Benetton<\/strong> ripercorre la sua &#8220;traiettoria&#8221; nello sport, fatta di traguardi e insegnamenti: <em>&#8220;La Formula 1 mi ha insegnato ad avere coraggio, qualcosa che poi ho messo in pratica nella mia attivit\u00e0&#8221;<\/em>.<\/p>\n<h2>Alessandro Benetton: ho imparato che lo sport, come la vita, \u00e8 fatto di alti e bassi,<\/h2>\n<p><em>&#8220;Ho imparato che alla fine il gioco di squadra \u00e8 fondamentale perch\u00e9 in un team di F1 si vince come in un&#8217;orchestra se ognuno suona bene il proprio strumento&#8221;<\/em>, ha spiegato <a title=\"Alessandro Benetton: l'importanza dello sport\" href=\"https:\/\/www.ilfoglio.it\/sport\/2022\/06\/11\/news\/-quello-che-ho-imparato-dallo-sport-schumi-e-senna-parla-alessandro-benetton-4095117\/\">Alessandro Benetton<\/a> nell&#8217;intervista. <em>&#8220;Ho imparato che la leadership dell&#8217;individuo pu\u00f2 fare la differenza nel trovare il ritmo giusto della musica. Non potr\u00f2 mai dimenticarmi la personalit\u00e0 di Schumacher in questo senso&#8221;<\/em>: gli alti e i bassi, nello sport come nella vita, perch\u00e9 <em>&#8220;la vera tempra la sviluppi quando nel momento di debolezza riconosci che non hai alternative se non cambiare e individuare soluzioni inaspettate e spesso geniali&#8221;<\/em>. Dal punto di vista formativo quindi quella nello sport non pu\u00f2 che essere considerata <em>&#8220;un&#8217;esperienza importante&#8221;<\/em>, anche perch\u00e9 <em>&#8220;la condividevo con altri impegni, tanto che mio padre mi disse per la presidenza di Benetton Formula non prenderai una lira&#8221;<\/em>. L&#8217;unico, vero ritorno \u00e8 stata dunque l&#8217;esperienza, impreziosita, come ha ricordato <strong>Alessandro Benetton<\/strong>, da incontri memorabili. Come quello con Michael Schumacher: <em>&#8220;Ho avuto l&#8217;impressione di trovare un grande bambino ma allo stesso tempo era estremamente serio&#8221;<\/em>. E Ayrton Senna: <em>&#8220;Trasmetteva energia. Quelle che oggi chiameremmo good vibes&#8221;<\/em>.<\/p>\n","protected":false},"excerpt":{"rendered":"<p>&#8220;Quello che ho imparato dallo sport, Schumi e Senna&#8221;: in un&#8217;intervista rilasciata a &#8220;Il Foglio Sportivo&#8221;, Alessandro Benetton ripercorre traguardi e insegnamenti. Alessandro Benetton: l&#8217;uomo, l&#8217;imprenditore, il surfer e il padre si rincorrono e si contaminano Che sia un appassionato di sport, non lo dice solo il suo curriculum. Alessandro Benetton ne parla spesso anche su Instagram e nelle sue video-rubriche social. Lo sport \u00e8 sempre stato parte della sua<\/p>\n<p><a class=\"continue-reading\" href=\"https:\/\/www.article-marketing.eu\/comunicatistampa\/alessandro-benetton-lo-sport-al-centro-dellintervista-de-il-foglio-sportivo\/\">Continue reading&#8230;<\/a><\/p>\n","protected":false},"author":7191,"featured_media":0,"comment_status":"open","ping_status":"open","sticky":false,"template":"","format":"standard","meta":{"_monsterinsights_skip_tracking":false,"_monsterinsights_sitenote_active":false,"_monsterinsights_sitenote_note":"","_monsterinsights_sitenote_category":0,"footnotes":""},"categories":[362],"tags":[9630],"class_list":["post-23666","post","type-post","status-publish","format-standard","hentry","category-societa","tag-alessandro-benetton"],"yoast_head":"<!-- This site is optimized with the Yoast SEO plugin v27.3 - https:\/\/yoast.com\/product\/yoast-seo-wordpress\/ -->\n<title>Alessandro Benetton: lo sport al centro dell\u2019intervista de \u201cIl Foglio Sportivo\u201d<\/title>\n<meta name=\"robots\" content=\"index, follow, max-snippet:-1, max-image-preview:large, max-video-preview:-1\" \/>\n<link rel=\"canonical\" href=\"https:\/\/www.article-marketing.eu\/comunicatistampa\/alessandro-benetton-lo-sport-al-centro-dellintervista-de-il-foglio-sportivo\/\" \/>\n<meta property=\"og:locale\" content=\"it_IT\" \/>\n<meta property=\"og:type\" content=\"article\" \/>\n<meta property=\"og:title\" content=\"Alessandro Benetton: lo sport al centro dell\u2019intervista de \u201cIl Foglio Sportivo\u201d\" \/>\n<meta property=\"og:description\" content=\"&#8220;Quello che ho imparato dallo sport, Schumi e Senna&#8221;: in un&#8217;intervista rilasciata a &#8220;Il Foglio Sportivo&#8221;, Alessandro Benetton ripercorre traguardi e insegnamenti. Alessandro Benetton: l&#8217;uomo, l&#8217;imprenditore, il surfer e il padre si rincorrono e si contaminano Che sia un appassionato di sport, non lo dice solo il suo curriculum. Alessandro Benetton ne parla spesso anche su Instagram e nelle sue video-rubriche social. Lo sport \u00e8 sempre stato parte della suaContinue reading...\" \/>\n<meta property=\"og:url\" content=\"https:\/\/www.article-marketing.eu\/comunicatistampa\/alessandro-benetton-lo-sport-al-centro-dellintervista-de-il-foglio-sportivo\/\" \/>\n<meta property=\"og:site_name\" content=\"Article Marketing\" \/>\n<meta property=\"article:published_time\" content=\"2022-06-30T08:09:42+00:00\" \/>\n<meta property=\"og:image\" content=\"https:\/\/img-prod.ilfoglio.it\/2022\/06\/10\/145342550-29e9f1fb-4ef8-4ff3-bc06-2bda21a1edd5.jpg\" \/>\n<meta name=\"author\" content=\"agencyabweb\" \/>\n<meta name=\"twitter:card\" content=\"summary_large_image\" \/>\n<meta name=\"twitter:label1\" content=\"Scritto da\" \/>\n\t<meta name=\"twitter:data1\" content=\"agencyabweb\" \/>\n\t<meta name=\"twitter:label2\" content=\"Tempo di lettura stimato\" \/>\n\t<meta name=\"twitter:data2\" content=\"2 minuti\" \/>\n<script type=\"application\/ld+json\" class=\"yoast-schema-graph\">{\"@context\":\"https:\\\/\\\/schema.org\",\"@graph\":[{\"@type\":\"Article\",\"@id\":\"https:\\\/\\\/www.article-marketing.eu\\\/comunicatistampa\\\/alessandro-benetton-lo-sport-al-centro-dellintervista-de-il-foglio-sportivo\\\/#article\",\"isPartOf\":{\"@id\":\"https:\\\/\\\/www.article-marketing.eu\\\/comunicatistampa\\\/alessandro-benetton-lo-sport-al-centro-dellintervista-de-il-foglio-sportivo\\\/\"},\"author\":{\"name\":\"agencyabweb\",\"@id\":\"https:\\\/\\\/www.article-marketing.eu\\\/comunicatistampa\\\/#\\\/schema\\\/person\\\/387302ea07720c8cca9cb7cbc223fca4\"},\"headline\":\"Alessandro Benetton: lo sport al centro dell\u2019intervista de \u201cIl Foglio Sportivo\u201d\",\"datePublished\":\"2022-06-30T08:09:42+00:00\",\"mainEntityOfPage\":{\"@id\":\"https:\\\/\\\/www.article-marketing.eu\\\/comunicatistampa\\\/alessandro-benetton-lo-sport-al-centro-dellintervista-de-il-foglio-sportivo\\\/\"},\"wordCount\":381,\"commentCount\":0,\"image\":{\"@id\":\"https:\\\/\\\/www.article-marketing.eu\\\/comunicatistampa\\\/alessandro-benetton-lo-sport-al-centro-dellintervista-de-il-foglio-sportivo\\\/#primaryimage\"},\"thumbnailUrl\":\"https:\\\/\\\/img-prod.ilfoglio.it\\\/2022\\\/06\\\/10\\\/145342550-29e9f1fb-4ef8-4ff3-bc06-2bda21a1edd5.jpg\",\"keywords\":[\"Alessandro Benetton\"],\"articleSection\":[\"Societ\u00e0\"],\"inLanguage\":\"it-IT\",\"potentialAction\":[{\"@type\":\"CommentAction\",\"name\":\"Comment\",\"target\":[\"https:\\\/\\\/www.article-marketing.eu\\\/comunicatistampa\\\/alessandro-benetton-lo-sport-al-centro-dellintervista-de-il-foglio-sportivo\\\/#respond\"]}]},{\"@type\":\"WebPage\",\"@id\":\"https:\\\/\\\/www.article-marketing.eu\\\/comunicatistampa\\\/alessandro-benetton-lo-sport-al-centro-dellintervista-de-il-foglio-sportivo\\\/\",\"url\":\"https:\\\/\\\/www.article-marketing.eu\\\/comunicatistampa\\\/alessandro-benetton-lo-sport-al-centro-dellintervista-de-il-foglio-sportivo\\\/\",\"name\":\"Alessandro Benetton: lo sport al centro dell\u2019intervista de \u201cIl Foglio Sportivo\u201d\",\"isPartOf\":{\"@id\":\"https:\\\/\\\/www.article-marketing.eu\\\/comunicatistampa\\\/#website\"},\"primaryImageOfPage\":{\"@id\":\"https:\\\/\\\/www.article-marketing.eu\\\/comunicatistampa\\\/alessandro-benetton-lo-sport-al-centro-dellintervista-de-il-foglio-sportivo\\\/#primaryimage\"},\"image\":{\"@id\":\"https:\\\/\\\/www.article-marketing.eu\\\/comunicatistampa\\\/alessandro-benetton-lo-sport-al-centro-dellintervista-de-il-foglio-sportivo\\\/#primaryimage\"},\"thumbnailUrl\":\"https:\\\/\\\/img-prod.ilfoglio.it\\\/2022\\\/06\\\/10\\\/145342550-29e9f1fb-4ef8-4ff3-bc06-2bda21a1edd5.jpg\",\"datePublished\":\"2022-06-30T08:09:42+00:00\",\"author\":{\"@id\":\"https:\\\/\\\/www.article-marketing.eu\\\/comunicatistampa\\\/#\\\/schema\\\/person\\\/387302ea07720c8cca9cb7cbc223fca4\"},\"breadcrumb\":{\"@id\":\"https:\\\/\\\/www.article-marketing.eu\\\/comunicatistampa\\\/alessandro-benetton-lo-sport-al-centro-dellintervista-de-il-foglio-sportivo\\\/#breadcrumb\"},\"inLanguage\":\"it-IT\",\"potentialAction\":[{\"@type\":\"ReadAction\",\"target\":[\"https:\\\/\\\/www.article-marketing.eu\\\/comunicatistampa\\\/alessandro-benetton-lo-sport-al-centro-dellintervista-de-il-foglio-sportivo\\\/\"]}]},{\"@type\":\"ImageObject\",\"inLanguage\":\"it-IT\",\"@id\":\"https:\\\/\\\/www.article-marketing.eu\\\/comunicatistampa\\\/alessandro-benetton-lo-sport-al-centro-dellintervista-de-il-foglio-sportivo\\\/#primaryimage\",\"url\":\"https:\\\/\\\/img-prod.ilfoglio.it\\\/2022\\\/06\\\/10\\\/145342550-29e9f1fb-4ef8-4ff3-bc06-2bda21a1edd5.jpg\",\"contentUrl\":\"https:\\\/\\\/img-prod.ilfoglio.it\\\/2022\\\/06\\\/10\\\/145342550-29e9f1fb-4ef8-4ff3-bc06-2bda21a1edd5.jpg\"},{\"@type\":\"BreadcrumbList\",\"@id\":\"https:\\\/\\\/www.article-marketing.eu\\\/comunicatistampa\\\/alessandro-benetton-lo-sport-al-centro-dellintervista-de-il-foglio-sportivo\\\/#breadcrumb\",\"itemListElement\":[{\"@type\":\"ListItem\",\"position\":1,\"name\":\"Home\",\"item\":\"https:\\\/\\\/www.article-marketing.eu\\\/comunicatistampa\\\/\"},{\"@type\":\"ListItem\",\"position\":2,\"name\":\"Alessandro Benetton: lo sport al centro dell\u2019intervista de \u201cIl Foglio Sportivo\u201d\"}]},{\"@type\":\"WebSite\",\"@id\":\"https:\\\/\\\/www.article-marketing.eu\\\/comunicatistampa\\\/#website\",\"url\":\"https:\\\/\\\/www.article-marketing.eu\\\/comunicatistampa\\\/\",\"name\":\"Article Marketing\",\"description\":\"article marketing &amp; press release\",\"potentialAction\":[{\"@type\":\"SearchAction\",\"target\":{\"@type\":\"EntryPoint\",\"urlTemplate\":\"https:\\\/\\\/www.article-marketing.eu\\\/comunicatistampa\\\/?s={search_term_string}\"},\"query-input\":{\"@type\":\"PropertyValueSpecification\",\"valueRequired\":true,\"valueName\":\"search_term_string\"}}],\"inLanguage\":\"it-IT\"},{\"@type\":\"Person\",\"@id\":\"https:\\\/\\\/www.article-marketing.eu\\\/comunicatistampa\\\/#\\\/schema\\\/person\\\/387302ea07720c8cca9cb7cbc223fca4\",\"name\":\"agencyabweb\",\"image\":{\"@type\":\"ImageObject\",\"inLanguage\":\"it-IT\",\"@id\":\"https:\\\/\\\/secure.gravatar.com\\\/avatar\\\/c9b06452f87b0cd78054668e3d508288cb2761bcd8a9f8bb19bb1cfb5638006f?s=96&d=mm&r=g\",\"url\":\"https:\\\/\\\/secure.gravatar.com\\\/avatar\\\/c9b06452f87b0cd78054668e3d508288cb2761bcd8a9f8bb19bb1cfb5638006f?s=96&d=mm&r=g\",\"contentUrl\":\"https:\\\/\\\/secure.gravatar.com\\\/avatar\\\/c9b06452f87b0cd78054668e3d508288cb2761bcd8a9f8bb19bb1cfb5638006f?s=96&d=mm&r=g\",\"caption\":\"agencyabweb\"},\"url\":\"https:\\\/\\\/www.article-marketing.eu\\\/comunicatistampa\\\/author\\\/agencyabweb\\\/\"}]}<\/script>\n<!-- \/ Yoast SEO plugin. -->","yoast_head_json":{"title":"Alessandro Benetton: lo sport al centro dell\u2019intervista de \u201cIl Foglio Sportivo\u201d","robots":{"index":"index","follow":"follow","max-snippet":"max-snippet:-1","max-image-preview":"max-image-preview:large","max-video-preview":"max-video-preview:-1"},"canonical":"https:\/\/www.article-marketing.eu\/comunicatistampa\/alessandro-benetton-lo-sport-al-centro-dellintervista-de-il-foglio-sportivo\/","og_locale":"it_IT","og_type":"article","og_title":"Alessandro Benetton: lo sport al centro dell\u2019intervista de \u201cIl Foglio Sportivo\u201d","og_description":"&#8220;Quello che ho imparato dallo sport, Schumi e Senna&#8221;: in un&#8217;intervista rilasciata a &#8220;Il Foglio Sportivo&#8221;, Alessandro Benetton ripercorre traguardi e insegnamenti. Alessandro Benetton: l&#8217;uomo, l&#8217;imprenditore, il surfer e il padre si rincorrono e si contaminano Che sia un appassionato di sport, non lo dice solo il suo curriculum. Alessandro Benetton ne parla spesso anche su Instagram e nelle sue video-rubriche social. Lo sport \u00e8 sempre stato parte della suaContinue reading...","og_url":"https:\/\/www.article-marketing.eu\/comunicatistampa\/alessandro-benetton-lo-sport-al-centro-dellintervista-de-il-foglio-sportivo\/","og_site_name":"Article Marketing","article_published_time":"2022-06-30T08:09:42+00:00","og_image":[{"url":"https:\/\/img-prod.ilfoglio.it\/2022\/06\/10\/145342550-29e9f1fb-4ef8-4ff3-bc06-2bda21a1edd5.jpg","type":"","width":"","height":""}],"author":"agencyabweb","twitter_card":"summary_large_image","twitter_misc":{"Scritto da":"agencyabweb","Tempo di lettura stimato":"2 minuti"},"schema":{"@context":"https:\/\/schema.org","@graph":[{"@type":"Article","@id":"https:\/\/www.article-marketing.eu\/comunicatistampa\/alessandro-benetton-lo-sport-al-centro-dellintervista-de-il-foglio-sportivo\/#article","isPartOf":{"@id":"https:\/\/www.article-marketing.eu\/comunicatistampa\/alessandro-benetton-lo-sport-al-centro-dellintervista-de-il-foglio-sportivo\/"},"author":{"name":"agencyabweb","@id":"https:\/\/www.article-marketing.eu\/comunicatistampa\/#\/schema\/person\/387302ea07720c8cca9cb7cbc223fca4"},"headline":"Alessandro Benetton: lo sport al centro dell\u2019intervista de \u201cIl Foglio Sportivo\u201d","datePublished":"2022-06-30T08:09:42+00:00","mainEntityOfPage":{"@id":"https:\/\/www.article-marketing.eu\/comunicatistampa\/alessandro-benetton-lo-sport-al-centro-dellintervista-de-il-foglio-sportivo\/"},"wordCount":381,"commentCount":0,"image":{"@id":"https:\/\/www.article-marketing.eu\/comunicatistampa\/alessandro-benetton-lo-sport-al-centro-dellintervista-de-il-foglio-sportivo\/#primaryimage"},"thumbnailUrl":"https:\/\/img-prod.ilfoglio.it\/2022\/06\/10\/145342550-29e9f1fb-4ef8-4ff3-bc06-2bda21a1edd5.jpg","keywords":["Alessandro Benetton"],"articleSection":["Societ\u00e0"],"inLanguage":"it-IT","potentialAction":[{"@type":"CommentAction","name":"Comment","target":["https:\/\/www.article-marketing.eu\/comunicatistampa\/alessandro-benetton-lo-sport-al-centro-dellintervista-de-il-foglio-sportivo\/#respond"]}]},{"@type":"WebPage","@id":"https:\/\/www.article-marketing.eu\/comunicatistampa\/alessandro-benetton-lo-sport-al-centro-dellintervista-de-il-foglio-sportivo\/","url":"https:\/\/www.article-marketing.eu\/comunicatistampa\/alessandro-benetton-lo-sport-al-centro-dellintervista-de-il-foglio-sportivo\/","name":"Alessandro Benetton: lo sport al centro dell\u2019intervista de \u201cIl Foglio Sportivo\u201d","isPartOf":{"@id":"https:\/\/www.article-marketing.eu\/comunicatistampa\/#website"},"primaryImageOfPage":{"@id":"https:\/\/www.article-marketing.eu\/comunicatistampa\/alessandro-benetton-lo-sport-al-centro-dellintervista-de-il-foglio-sportivo\/#primaryimage"},"image":{"@id":"https:\/\/www.article-marketing.eu\/comunicatistampa\/alessandro-benetton-lo-sport-al-centro-dellintervista-de-il-foglio-sportivo\/#primaryimage"},"thumbnailUrl":"https:\/\/img-prod.ilfoglio.it\/2022\/06\/10\/145342550-29e9f1fb-4ef8-4ff3-bc06-2bda21a1edd5.jpg","datePublished":"2022-06-30T08:09:42+00:00","author":{"@id":"https:\/\/www.article-marketing.eu\/comunicatistampa\/#\/schema\/person\/387302ea07720c8cca9cb7cbc223fca4"},"breadcrumb":{"@id":"https:\/\/www.article-marketing.eu\/comunicatistampa\/alessandro-benetton-lo-sport-al-centro-dellintervista-de-il-foglio-sportivo\/#breadcrumb"},"inLanguage":"it-IT","potentialAction":[{"@type":"ReadAction","target":["https:\/\/www.article-marketing.eu\/comunicatistampa\/alessandro-benetton-lo-sport-al-centro-dellintervista-de-il-foglio-sportivo\/"]}]},{"@type":"ImageObject","inLanguage":"it-IT","@id":"https:\/\/www.article-marketing.eu\/comunicatistampa\/alessandro-benetton-lo-sport-al-centro-dellintervista-de-il-foglio-sportivo\/#primaryimage","url":"https:\/\/img-prod.ilfoglio.it\/2022\/06\/10\/145342550-29e9f1fb-4ef8-4ff3-bc06-2bda21a1edd5.jpg","contentUrl":"https:\/\/img-prod.ilfoglio.it\/2022\/06\/10\/145342550-29e9f1fb-4ef8-4ff3-bc06-2bda21a1edd5.jpg"},{"@type":"BreadcrumbList","@id":"https:\/\/www.article-marketing.eu\/comunicatistampa\/alessandro-benetton-lo-sport-al-centro-dellintervista-de-il-foglio-sportivo\/#breadcrumb","itemListElement":[{"@type":"ListItem","position":1,"name":"Home","item":"https:\/\/www.article-marketing.eu\/comunicatistampa\/"},{"@type":"ListItem","position":2,"name":"Alessandro Benetton: lo sport al centro dell\u2019intervista de \u201cIl Foglio Sportivo\u201d"}]},{"@type":"WebSite","@id":"https:\/\/www.article-marketing.eu\/comunicatistampa\/#website","url":"https:\/\/www.article-marketing.eu\/comunicatistampa\/","name":"Article Marketing","description":"article marketing &amp; press release","potentialAction":[{"@type":"SearchAction","target":{"@type":"EntryPoint","urlTemplate":"https:\/\/www.article-marketing.eu\/comunicatistampa\/?s={search_term_string}"},"query-input":{"@type":"PropertyValueSpecification","valueRequired":true,"valueName":"search_term_string"}}],"inLanguage":"it-IT"},{"@type":"Person","@id":"https:\/\/www.article-marketing.eu\/comunicatistampa\/#\/schema\/person\/387302ea07720c8cca9cb7cbc223fca4","name":"agencyabweb","image":{"@type":"ImageObject","inLanguage":"it-IT","@id":"https:\/\/secure.gravatar.com\/avatar\/c9b06452f87b0cd78054668e3d508288cb2761bcd8a9f8bb19bb1cfb5638006f?s=96&d=mm&r=g","url":"https:\/\/secure.gravatar.com\/avatar\/c9b06452f87b0cd78054668e3d508288cb2761bcd8a9f8bb19bb1cfb5638006f?s=96&d=mm&r=g","contentUrl":"https:\/\/secure.gravatar.com\/avatar\/c9b06452f87b0cd78054668e3d508288cb2761bcd8a9f8bb19bb1cfb5638006f?s=96&d=mm&r=g","caption":"agencyabweb"},"url":"https:\/\/www.article-marketing.eu\/comunicatistampa\/author\/agencyabweb\/"}]}},"_links":{"self":[{"href":"https:\/\/www.article-marketing.eu\/comunicatistampa\/wp-json\/wp\/v2\/posts\/23666","targetHints":{"allow":["GET"]}}],"collection":[{"href":"https:\/\/www.article-marketing.eu\/comunicatistampa\/wp-json\/wp\/v2\/posts"}],"about":[{"href":"https:\/\/www.article-marketing.eu\/comunicatistampa\/wp-json\/wp\/v2\/types\/post"}],"author":[{"embeddable":true,"href":"https:\/\/www.article-marketing.eu\/comunicatistampa\/wp-json\/wp\/v2\/users\/7191"}],"replies":[{"embeddable":true,"href":"https:\/\/www.article-marketing.eu\/comunicatistampa\/wp-json\/wp\/v2\/comments?post=23666"}],"version-history":[{"count":2,"href":"https:\/\/www.article-marketing.eu\/comunicatistampa\/wp-json\/wp\/v2\/posts\/23666\/revisions"}],"predecessor-version":[{"id":23783,"href":"https:\/\/www.article-marketing.eu\/comunicatistampa\/wp-json\/wp\/v2\/posts\/23666\/revisions\/23783"}],"wp:attachment":[{"href":"https:\/\/www.article-marketing.eu\/comunicatistampa\/wp-json\/wp\/v2\/media?parent=23666"}],"wp:term":[{"taxonomy":"category","embeddable":true,"href":"https:\/\/www.article-marketing.eu\/comunicatistampa\/wp-json\/wp\/v2\/categories?post=23666"},{"taxonomy":"post_tag","embeddable":true,"href":"https:\/\/www.article-marketing.eu\/comunicatistampa\/wp-json\/wp\/v2\/tags?post=23666"}],"curies":[{"name":"wp","href":"https:\/\/api.w.org\/{rel}","templated":true}]}}