{"id":23669,"date":"2022-06-30T08:09:45","date_gmt":"2022-06-30T06:09:45","guid":{"rendered":"https:\/\/www.article-marketing.eu\/comunicatistampa\/?p=23669"},"modified":"2022-06-29T15:12:49","modified_gmt":"2022-06-29T13:12:49","slug":"estate-a-gallese-tutti-gli-eventi-della-stagione","status":"publish","type":"post","link":"https:\/\/www.article-marketing.eu\/comunicatistampa\/estate-a-gallese-tutti-gli-eventi-della-stagione\/","title":{"rendered":"Estate a Gallese, tutti gli eventi della stagione"},"content":{"rendered":"<p>Estate a Gallese &#8211; <strong><em>Si avvicina la stagione estiva e con essa gli eventi e le sagre nel gallesino: dalla Festa della Birra al Cammino delle Confraternite, il Comune di Gallese prepara la sua estate all\u2019insegna di tradizione e cultura.<\/em><\/strong><\/p>\n<p><strong><br \/>\n<\/strong>Sagre, feste, week-end estivi e tanta cultura animeranno il gallesino durante la bella stagione. Grazie all\u2019impegno dell\u2019amministrazione locale, il <a href=\"https:\/\/visitgallese.it\/\">Comune di Gallese<\/a> proporr\u00e0 un ricco programma di iniziative che coinvolgeranno cittadini locali e turisti.<\/p>\n<h2>La Festa della Birra<\/h2>\n<p>Si parte con la <strong>Festa della Birra<\/strong>, nel week-end compreso tra il <strong>24 e il 26 giugno<\/strong>, coordinata dal Comitato Festeggiamenti di S. Famiano. Sar\u00e0 un evento caratterizzato da serate all\u2019insegna del cibo e della buona musica. Protagoniste assolute le migliori birre accompagnate con vari men\u00f9 alla carta, ricchi e gustosi.<\/p>\n<h2>Il Pellegrinaggio per San Famiano<\/h2>\n<p>Si passa quindi al mese di luglio con il <strong>Pellegrinaggio per S. Famiano a Lungo<\/strong>, dal nome della piccola e caratteristica chiesa del luogo, previsto per sabato <strong>17 luglio<\/strong>. Questa processione, alla quale i gallesini tengono particolarmente, parte di buon mattino prima che sorga il sole e viene percorsa per circa 3 Km di strada tra le campagne. Al termine del cammino viene celebrata la Santa Messa. La storia di questo evento \u00e8 legata al primo miracolo di Famiano che, il 17 Luglio del 1150 percosse con il suo bordone il tufo, dal quale nacque una sorgente, tutt\u2019ora attiva.<\/p>\n<h2>Il Canevale estivo<\/h2>\n<p>Nella settimana successiva, il borgo di Gallese si illuminer\u00e0 grazie al <strong>Carnevale estivo<\/strong>, istituito dall\u2019Associazione <strong>Acosv<\/strong> (Associazione locale che organizza Carnevale estivo e feste in maschera). Si tratta di un evento caratterizzato da spettacoli di luci, colori e allegria che, dopo la sfilata notturna, culminer\u00e0 con uno schiuma party nella piazza del Paese. L\u2019appuntamento \u00e8 previsto per il <strong>23 luglio.<\/strong><\/p>\n<h2>La Festa di San Famiano<\/h2>\n<p>Si arriva poi alla <strong>Festa di S. Famiano<\/strong>, dedicata al Santo Patrono del borgo. L\u2019evento si svolger\u00e0 tra<strong> il<\/strong> <strong>7 e il 10 agosto<\/strong> e Gallese sogna giornate in grande stile dopo le edizioni ridotte degli anni precedenti. Faranno da cornice all\u2019evento la caratteristica processione delle zitelle e la Bengalata. La tradizione delle zitelle risale alla seconda met\u00e0 del 500. Povere e rigorosamente gallesine, le Zitelle erano ragazze di circa 15 anni che venivano estratte a sorte a fin che venissero provviste di una dote matrimoniale dalle ricche famiglie della citt\u00e0. La <strong>Bengalata<\/strong> \u00e8 la cosiddetta pioggia di fuoco che ogni anno si tiene a Gallese, potendo contare sulla naturale scenografia delle mura merlate e sulla loro altezza.<\/p>\n<p><em>\u201cC\u2019\u00e8 grande voglia di un\u2019estate all\u2019insegna della cultura, della tradizione e della gioia di ritrovarsi dopo due anni complicati\u201d, ha dichiarato il Sindaco Danilo Piersanti.<\/em><\/p>\n<h2>L&#8217;estate a Gallese continua&#8230;<\/h2>\n<p>Nel mese di <strong>settembre <\/strong>sono previsti ben 4 avvenimenti come la <strong>Sagra della Salsiccia<\/strong>, evento che permetter\u00e0 di degustare al meglio la salsiccia, e non solo: verr\u00e0 infatti accompagnata da altri prodotti tipici locali come la pastarella di magro. La sagra verr\u00e0 promossa dall\u2019associazione AVIS e il Centro Commerciale Naturale. Di rilevanza anche il Motogiro <strong>Franco Dragoni<\/strong>, organizzato dall\u2019associazione Amici in Moto, un raduno aperto a tutti i tipi di due ruote, tra amicizia e passione per i motori.<br \/>\nIl mese di settembre sar\u00e0 contrassegnato anche dalla festa<strong> della Madonna delle Vite<\/strong>, una sagra coordinata dal Comitato della Madonna delle Vite, che unisce l\u2019aspetto religioso e quello folcloristico proprio di una sagra paesana, con musica e balli. L\u2019estate gallesina si conclude poi con il <strong>Cammino delle Confraternite, <\/strong>promosso dalla Confraternita di San Famiano.<\/p>\n","protected":false},"excerpt":{"rendered":"<p>Estate a Gallese &#8211; Si avvicina la stagione estiva e con essa gli eventi e le sagre nel gallesino: dalla Festa della Birra al Cammino delle Confraternite, il Comune di Gallese prepara la sua estate all\u2019insegna di tradizione e cultura. Sagre, feste, week-end estivi e tanta cultura animeranno il gallesino durante la bella stagione. Grazie all\u2019impegno dell\u2019amministrazione locale, il Comune di Gallese proporr\u00e0 un ricco programma di iniziative che coinvolgeranno<\/p>\n<p><a class=\"continue-reading\" href=\"https:\/\/www.article-marketing.eu\/comunicatistampa\/estate-a-gallese-tutti-gli-eventi-della-stagione\/\">Continue reading&#8230;<\/a><\/p>\n","protected":false},"author":7328,"featured_media":0,"comment_status":"open","ping_status":"open","sticky":false,"template":"","format":"standard","meta":{"_monsterinsights_skip_tracking":false,"_monsterinsights_sitenote_active":false,"_monsterinsights_sitenote_note":"","_monsterinsights_sitenote_category":0,"footnotes":""},"categories":[78,392],"tags":[9872,9874,9870,9869,9873,9871],"class_list":["post-23669","post","type-post","status-publish","format-standard","hentry","category-comunicati-stampa","category-eventi","tag-bengalata","tag-carnevale-estivo","tag-festa-della-birra-di-gallese","tag-gallese","tag-sagra-della-salsiccia","tag-san-famiano"],"yoast_head":"<!-- This site is optimized with the Yoast SEO plugin v27.3 - https:\/\/yoast.com\/product\/yoast-seo-wordpress\/ -->\n<title>Estate a Gallese, tutti gli eventi della stagione - Article Marketing<\/title>\n<meta name=\"description\" content=\"Estate a Gallese- si accende la stagione con gli eventi e le sagre nel gallesino: dalla Festa della Birra al Cammino delle Confraternite\" \/>\n<meta name=\"robots\" content=\"index, follow, max-snippet:-1, max-image-preview:large, max-video-preview:-1\" \/>\n<link rel=\"canonical\" href=\"https:\/\/www.article-marketing.eu\/comunicatistampa\/estate-a-gallese-tutti-gli-eventi-della-stagione\/\" \/>\n<meta property=\"og:locale\" content=\"it_IT\" \/>\n<meta property=\"og:type\" content=\"article\" \/>\n<meta property=\"og:title\" content=\"Estate a Gallese, tutti gli eventi della stagione - Article Marketing\" \/>\n<meta property=\"og:description\" content=\"Estate a Gallese- si accende la stagione con gli eventi e le sagre nel gallesino: dalla Festa della Birra al Cammino delle Confraternite\" \/>\n<meta property=\"og:url\" content=\"https:\/\/www.article-marketing.eu\/comunicatistampa\/estate-a-gallese-tutti-gli-eventi-della-stagione\/\" \/>\n<meta property=\"og:site_name\" content=\"Article Marketing\" \/>\n<meta property=\"article:published_time\" content=\"2022-06-30T06:09:45+00:00\" \/>\n<meta name=\"author\" content=\"VanessaRTE\" \/>\n<meta name=\"twitter:card\" content=\"summary_large_image\" \/>\n<meta name=\"twitter:label1\" content=\"Scritto da\" \/>\n\t<meta name=\"twitter:data1\" content=\"VanessaRTE\" \/>\n\t<meta name=\"twitter:label2\" content=\"Tempo di lettura stimato\" \/>\n\t<meta name=\"twitter:data2\" content=\"3 minuti\" \/>\n<script type=\"application\/ld+json\" class=\"yoast-schema-graph\">{\"@context\":\"https:\\\/\\\/schema.org\",\"@graph\":[{\"@type\":\"Article\",\"@id\":\"https:\\\/\\\/www.article-marketing.eu\\\/comunicatistampa\\\/estate-a-gallese-tutti-gli-eventi-della-stagione\\\/#article\",\"isPartOf\":{\"@id\":\"https:\\\/\\\/www.article-marketing.eu\\\/comunicatistampa\\\/estate-a-gallese-tutti-gli-eventi-della-stagione\\\/\"},\"author\":{\"name\":\"VanessaRTE\",\"@id\":\"https:\\\/\\\/www.article-marketing.eu\\\/comunicatistampa\\\/#\\\/schema\\\/person\\\/04b7075c001dcb211f8345a7a5c1d96f\"},\"headline\":\"Estate a Gallese, tutti gli eventi della stagione\",\"datePublished\":\"2022-06-30T06:09:45+00:00\",\"mainEntityOfPage\":{\"@id\":\"https:\\\/\\\/www.article-marketing.eu\\\/comunicatistampa\\\/estate-a-gallese-tutti-gli-eventi-della-stagione\\\/\"},\"wordCount\":589,\"commentCount\":0,\"keywords\":[\"Bengalata\",\"Carnevale Estivo\",\"Festa della Birra di Gallese\",\"Gallese\",\"Sagra della Salsiccia\",\"San Famiano\"],\"articleSection\":[\"Comunicati stampa\",\"Eventi\"],\"inLanguage\":\"it-IT\",\"potentialAction\":[{\"@type\":\"CommentAction\",\"name\":\"Comment\",\"target\":[\"https:\\\/\\\/www.article-marketing.eu\\\/comunicatistampa\\\/estate-a-gallese-tutti-gli-eventi-della-stagione\\\/#respond\"]}]},{\"@type\":\"WebPage\",\"@id\":\"https:\\\/\\\/www.article-marketing.eu\\\/comunicatistampa\\\/estate-a-gallese-tutti-gli-eventi-della-stagione\\\/\",\"url\":\"https:\\\/\\\/www.article-marketing.eu\\\/comunicatistampa\\\/estate-a-gallese-tutti-gli-eventi-della-stagione\\\/\",\"name\":\"Estate a Gallese, tutti gli eventi della stagione - Article Marketing\",\"isPartOf\":{\"@id\":\"https:\\\/\\\/www.article-marketing.eu\\\/comunicatistampa\\\/#website\"},\"datePublished\":\"2022-06-30T06:09:45+00:00\",\"author\":{\"@id\":\"https:\\\/\\\/www.article-marketing.eu\\\/comunicatistampa\\\/#\\\/schema\\\/person\\\/04b7075c001dcb211f8345a7a5c1d96f\"},\"description\":\"Estate a Gallese- si accende la stagione con gli eventi e le sagre nel gallesino: dalla Festa della Birra al Cammino delle Confraternite\",\"breadcrumb\":{\"@id\":\"https:\\\/\\\/www.article-marketing.eu\\\/comunicatistampa\\\/estate-a-gallese-tutti-gli-eventi-della-stagione\\\/#breadcrumb\"},\"inLanguage\":\"it-IT\",\"potentialAction\":[{\"@type\":\"ReadAction\",\"target\":[\"https:\\\/\\\/www.article-marketing.eu\\\/comunicatistampa\\\/estate-a-gallese-tutti-gli-eventi-della-stagione\\\/\"]}]},{\"@type\":\"BreadcrumbList\",\"@id\":\"https:\\\/\\\/www.article-marketing.eu\\\/comunicatistampa\\\/estate-a-gallese-tutti-gli-eventi-della-stagione\\\/#breadcrumb\",\"itemListElement\":[{\"@type\":\"ListItem\",\"position\":1,\"name\":\"Home\",\"item\":\"https:\\\/\\\/www.article-marketing.eu\\\/comunicatistampa\\\/\"},{\"@type\":\"ListItem\",\"position\":2,\"name\":\"Estate a Gallese, tutti gli eventi della stagione\"}]},{\"@type\":\"WebSite\",\"@id\":\"https:\\\/\\\/www.article-marketing.eu\\\/comunicatistampa\\\/#website\",\"url\":\"https:\\\/\\\/www.article-marketing.eu\\\/comunicatistampa\\\/\",\"name\":\"Article Marketing\",\"description\":\"article marketing &amp; press release\",\"potentialAction\":[{\"@type\":\"SearchAction\",\"target\":{\"@type\":\"EntryPoint\",\"urlTemplate\":\"https:\\\/\\\/www.article-marketing.eu\\\/comunicatistampa\\\/?s={search_term_string}\"},\"query-input\":{\"@type\":\"PropertyValueSpecification\",\"valueRequired\":true,\"valueName\":\"search_term_string\"}}],\"inLanguage\":\"it-IT\"},{\"@type\":\"Person\",\"@id\":\"https:\\\/\\\/www.article-marketing.eu\\\/comunicatistampa\\\/#\\\/schema\\\/person\\\/04b7075c001dcb211f8345a7a5c1d96f\",\"name\":\"VanessaRTE\",\"image\":{\"@type\":\"ImageObject\",\"inLanguage\":\"it-IT\",\"@id\":\"https:\\\/\\\/secure.gravatar.com\\\/avatar\\\/347db8f3323ffc70d0b193335de29ff68e7be5614e59a70dee57f61d19bf93b5?s=96&d=mm&r=g\",\"url\":\"https:\\\/\\\/secure.gravatar.com\\\/avatar\\\/347db8f3323ffc70d0b193335de29ff68e7be5614e59a70dee57f61d19bf93b5?s=96&d=mm&r=g\",\"contentUrl\":\"https:\\\/\\\/secure.gravatar.com\\\/avatar\\\/347db8f3323ffc70d0b193335de29ff68e7be5614e59a70dee57f61d19bf93b5?s=96&d=mm&r=g\",\"caption\":\"VanessaRTE\"},\"url\":\"https:\\\/\\\/www.article-marketing.eu\\\/comunicatistampa\\\/author\\\/vanessarte\\\/\"}]}<\/script>\n<!-- \/ Yoast SEO plugin. -->","yoast_head_json":{"title":"Estate a Gallese, tutti gli eventi della stagione - Article Marketing","description":"Estate a Gallese- si accende la stagione con gli eventi e le sagre nel gallesino: dalla Festa della Birra al Cammino delle Confraternite","robots":{"index":"index","follow":"follow","max-snippet":"max-snippet:-1","max-image-preview":"max-image-preview:large","max-video-preview":"max-video-preview:-1"},"canonical":"https:\/\/www.article-marketing.eu\/comunicatistampa\/estate-a-gallese-tutti-gli-eventi-della-stagione\/","og_locale":"it_IT","og_type":"article","og_title":"Estate a Gallese, tutti gli eventi della stagione - Article Marketing","og_description":"Estate a Gallese- si accende la stagione con gli eventi e le sagre nel gallesino: dalla Festa della Birra al Cammino delle Confraternite","og_url":"https:\/\/www.article-marketing.eu\/comunicatistampa\/estate-a-gallese-tutti-gli-eventi-della-stagione\/","og_site_name":"Article Marketing","article_published_time":"2022-06-30T06:09:45+00:00","author":"VanessaRTE","twitter_card":"summary_large_image","twitter_misc":{"Scritto da":"VanessaRTE","Tempo di lettura stimato":"3 minuti"},"schema":{"@context":"https:\/\/schema.org","@graph":[{"@type":"Article","@id":"https:\/\/www.article-marketing.eu\/comunicatistampa\/estate-a-gallese-tutti-gli-eventi-della-stagione\/#article","isPartOf":{"@id":"https:\/\/www.article-marketing.eu\/comunicatistampa\/estate-a-gallese-tutti-gli-eventi-della-stagione\/"},"author":{"name":"VanessaRTE","@id":"https:\/\/www.article-marketing.eu\/comunicatistampa\/#\/schema\/person\/04b7075c001dcb211f8345a7a5c1d96f"},"headline":"Estate a Gallese, tutti gli eventi della stagione","datePublished":"2022-06-30T06:09:45+00:00","mainEntityOfPage":{"@id":"https:\/\/www.article-marketing.eu\/comunicatistampa\/estate-a-gallese-tutti-gli-eventi-della-stagione\/"},"wordCount":589,"commentCount":0,"keywords":["Bengalata","Carnevale Estivo","Festa della Birra di Gallese","Gallese","Sagra della Salsiccia","San Famiano"],"articleSection":["Comunicati stampa","Eventi"],"inLanguage":"it-IT","potentialAction":[{"@type":"CommentAction","name":"Comment","target":["https:\/\/www.article-marketing.eu\/comunicatistampa\/estate-a-gallese-tutti-gli-eventi-della-stagione\/#respond"]}]},{"@type":"WebPage","@id":"https:\/\/www.article-marketing.eu\/comunicatistampa\/estate-a-gallese-tutti-gli-eventi-della-stagione\/","url":"https:\/\/www.article-marketing.eu\/comunicatistampa\/estate-a-gallese-tutti-gli-eventi-della-stagione\/","name":"Estate a Gallese, tutti gli eventi della stagione - Article Marketing","isPartOf":{"@id":"https:\/\/www.article-marketing.eu\/comunicatistampa\/#website"},"datePublished":"2022-06-30T06:09:45+00:00","author":{"@id":"https:\/\/www.article-marketing.eu\/comunicatistampa\/#\/schema\/person\/04b7075c001dcb211f8345a7a5c1d96f"},"description":"Estate a Gallese- si accende la stagione con gli eventi e le sagre nel gallesino: dalla Festa della Birra al Cammino delle Confraternite","breadcrumb":{"@id":"https:\/\/www.article-marketing.eu\/comunicatistampa\/estate-a-gallese-tutti-gli-eventi-della-stagione\/#breadcrumb"},"inLanguage":"it-IT","potentialAction":[{"@type":"ReadAction","target":["https:\/\/www.article-marketing.eu\/comunicatistampa\/estate-a-gallese-tutti-gli-eventi-della-stagione\/"]}]},{"@type":"BreadcrumbList","@id":"https:\/\/www.article-marketing.eu\/comunicatistampa\/estate-a-gallese-tutti-gli-eventi-della-stagione\/#breadcrumb","itemListElement":[{"@type":"ListItem","position":1,"name":"Home","item":"https:\/\/www.article-marketing.eu\/comunicatistampa\/"},{"@type":"ListItem","position":2,"name":"Estate a Gallese, tutti gli eventi della stagione"}]},{"@type":"WebSite","@id":"https:\/\/www.article-marketing.eu\/comunicatistampa\/#website","url":"https:\/\/www.article-marketing.eu\/comunicatistampa\/","name":"Article Marketing","description":"article marketing &amp; press release","potentialAction":[{"@type":"SearchAction","target":{"@type":"EntryPoint","urlTemplate":"https:\/\/www.article-marketing.eu\/comunicatistampa\/?s={search_term_string}"},"query-input":{"@type":"PropertyValueSpecification","valueRequired":true,"valueName":"search_term_string"}}],"inLanguage":"it-IT"},{"@type":"Person","@id":"https:\/\/www.article-marketing.eu\/comunicatistampa\/#\/schema\/person\/04b7075c001dcb211f8345a7a5c1d96f","name":"VanessaRTE","image":{"@type":"ImageObject","inLanguage":"it-IT","@id":"https:\/\/secure.gravatar.com\/avatar\/347db8f3323ffc70d0b193335de29ff68e7be5614e59a70dee57f61d19bf93b5?s=96&d=mm&r=g","url":"https:\/\/secure.gravatar.com\/avatar\/347db8f3323ffc70d0b193335de29ff68e7be5614e59a70dee57f61d19bf93b5?s=96&d=mm&r=g","contentUrl":"https:\/\/secure.gravatar.com\/avatar\/347db8f3323ffc70d0b193335de29ff68e7be5614e59a70dee57f61d19bf93b5?s=96&d=mm&r=g","caption":"VanessaRTE"},"url":"https:\/\/www.article-marketing.eu\/comunicatistampa\/author\/vanessarte\/"}]}},"_links":{"self":[{"href":"https:\/\/www.article-marketing.eu\/comunicatistampa\/wp-json\/wp\/v2\/posts\/23669","targetHints":{"allow":["GET"]}}],"collection":[{"href":"https:\/\/www.article-marketing.eu\/comunicatistampa\/wp-json\/wp\/v2\/posts"}],"about":[{"href":"https:\/\/www.article-marketing.eu\/comunicatistampa\/wp-json\/wp\/v2\/types\/post"}],"author":[{"embeddable":true,"href":"https:\/\/www.article-marketing.eu\/comunicatistampa\/wp-json\/wp\/v2\/users\/7328"}],"replies":[{"embeddable":true,"href":"https:\/\/www.article-marketing.eu\/comunicatistampa\/wp-json\/wp\/v2\/comments?post=23669"}],"version-history":[{"count":2,"href":"https:\/\/www.article-marketing.eu\/comunicatistampa\/wp-json\/wp\/v2\/posts\/23669\/revisions"}],"predecessor-version":[{"id":23784,"href":"https:\/\/www.article-marketing.eu\/comunicatistampa\/wp-json\/wp\/v2\/posts\/23669\/revisions\/23784"}],"wp:attachment":[{"href":"https:\/\/www.article-marketing.eu\/comunicatistampa\/wp-json\/wp\/v2\/media?parent=23669"}],"wp:term":[{"taxonomy":"category","embeddable":true,"href":"https:\/\/www.article-marketing.eu\/comunicatistampa\/wp-json\/wp\/v2\/categories?post=23669"},{"taxonomy":"post_tag","embeddable":true,"href":"https:\/\/www.article-marketing.eu\/comunicatistampa\/wp-json\/wp\/v2\/tags?post=23669"}],"curies":[{"name":"wp","href":"https:\/\/api.w.org\/{rel}","templated":true}]}}