{"id":23671,"date":"2022-06-30T08:09:50","date_gmt":"2022-06-30T06:09:50","guid":{"rendered":"https:\/\/www.article-marketing.eu\/comunicatistampa\/?p=23671"},"modified":"2022-06-29T15:13:13","modified_gmt":"2022-06-29T13:13:13","slug":"festa-della-birra-di-gallese-inizia-ufficialmente-lestate","status":"publish","type":"post","link":"https:\/\/www.article-marketing.eu\/comunicatistampa\/festa-della-birra-di-gallese-inizia-ufficialmente-lestate\/","title":{"rendered":"Festa della Birra di Gallese: inizia ufficialmente l&#8217;estate"},"content":{"rendered":"<p>Festa della Birra di Gallese: inizia ufficialmente l&#8217;estate<\/p>\n<p><strong><em>Il 24, 25 e 26 giugno, Gallese, borgo a 30 km da Viterbo, si veste di stand enogastronomici, musica dal vivo e fiumi di birra. Arriva l&#8217;attesissima Festa della Birra.<\/em><\/strong><\/p>\n<p>A Gallese, piccolo borgo medievale a pochi chilometri dal capoluogo viterbese, l&#8217;estate inizia con un percorso sensoriale che ci porta alla scoperta dei sapori e dei luoghi.<\/p>\n<p><strong>Il 24, 25 e 26 giugno a partire dalle 20<\/strong>, si aprir\u00e0 la stagione estiva con la Festa della Birra, celebrazione tipica caratterizzata da giornate all\u2019insegna della musica, cibo tradizionale e tantissime tipologie di <strong>birra,<\/strong> <strong>protagonista assoluta dell\u2019evento<\/strong>.<\/p>\n<h2>La Festa della Birra di Gallese<\/h2>\n<p>Durante le tre giornate <strong>si potranno degustare le migliori selezioni <\/strong>di questa bevanda <strong>e scoprire i sapori della Tuscia<\/strong>, rinomata per avere <strong>prodotti locali di alta qualit\u00e0<\/strong> come, per esempio la <strong>Pastarella di Magro<\/strong>.<\/p>\n<p>Una certezza che lascia sempre soddisfatti.<\/p>\n<p>La Festa della Birra, oltre a deliziare le pupille gustative, render\u00e0 uniche le serate di svago con momenti di <strong>musica dal vivo<\/strong>.<\/p>\n<p><strong>Fanel DeSaga Dj e Ezio e le sue Storie<\/strong> animeranno la serata di <strong>venerd\u00ec 24<\/strong>.<\/p>\n<p><strong>Sabato 25<\/strong> si esibir\u00e0 il gruppo musicale <strong>Polaroid<\/strong> mentre sar\u00e0 la band <strong>Powerage<\/strong> a suonare nella serata conclusiva dell\u2019evento, <strong>domenica 26 giugno.<\/strong><\/p>\n<h2>Il Comitato Festeggiamenti di San Famiano<\/h2>\n<p>La Festa \u00e8 organizzata dal <strong>Comitato Festeggiamenti di San Famiano,<\/strong> associazione locale che si occupa di promuovere il territorio attraverso una serie di eventi e iniziative distribuite in tutto l&#8217;anno.<\/p>\n<p>Il comitato prende il nome da <strong>San Famiano<\/strong>, un monaco cistercense di origine tedesca che nel 1150, in seguito a un&#8217;apparizione in sogno da parte degli apostoli Pietro e Paolo, decide di interrompere il suo pellegrinaggio verso la Terra Santa per stabilirsi a Gallese.<\/p>\n<p>Ancora oggi \u00e8 possibile recarsi nella chiesa rupestre di San Famiano a Lungo dove \u00e8 contenuta la sorgente scaturita dal primo miracolo. Il monaco, in preda alla sete, ha sbattuto il bastone a terra facendo sgorgare l\u2019acqua.<\/p>\n<p>La Festa della Birra si svolge in <strong>Viale S. Famiano<\/strong>, nei locali del Comitato Festeggiamenti San Famiano.<\/p>\n<p>Un fine settimana dunque, da non perdere.<\/p>\n<h2>Curiosit\u00e0 su Gallese<\/h2>\n<p>Il <a href=\"https:\/\/visitgallese.it\/\">Comune di Gallese<\/a> \u00e8 un borgo di circa 3000 abitanti che si trova in provincia di Viterbo. Sorto intorno al III A.C. divent\u00f2, in epoca romana, il centro di importanti scambi commerciali grazie alla sua posizione strategica nei pressi del fiume Tevere e le vie di passaggio che lo circondano. Per il luogo in cui \u00e8 stata costruita, la\u00a0Rocca di Gallese\u00a0si configura fin da subito come un importante presidio della via Amerina e della via Flaminia, con due porti fluviali.<\/p>\n<p>Il Santo patrono \u00e8 San Famiano, un monaco cistercense di origine tedesca di nome Quardo.<br \/>\nIl frate, arrivato a Gallese il 17 luglio del 1150, diventa sin da subito fondamentale per la comunit\u00e0, al punto da essere canonizzato da Papa Adriano IV nel 1154, quattro anni dopo la sua morte avvenuta l&#8217;8 agosto 1150. \u00c8 stato il Papa stesso a nominarlo Famiano, nome di origine latina che significa \u201cha acquistato fama\u201d.<\/p>\n<p>Gallese \u00e8 conosciuta anche perch\u00e9 Citt\u00e0 natale di Papa Marino I, (882-884) e Papa Romano I, (897).<\/p>\n<p>Oggi, il Comune \u00e8 noto per essere uno dei primi ad attuare la digitalizzazione della PA e per l&#8217;utilizzo dell&#8217;App IO per comunicare direttamente con i cittadini.<\/p>\n","protected":false},"excerpt":{"rendered":"<p>Festa della Birra di Gallese: inizia ufficialmente l&#8217;estate Il 24, 25 e 26 giugno, Gallese, borgo a 30 km da Viterbo, si veste di stand enogastronomici, musica dal vivo e fiumi di birra. Arriva l&#8217;attesissima Festa della Birra. A Gallese, piccolo borgo medievale a pochi chilometri dal capoluogo viterbese, l&#8217;estate inizia con un percorso sensoriale che ci porta alla scoperta dei sapori e dei luoghi. Il 24, 25 e 26<\/p>\n<p><a class=\"continue-reading\" href=\"https:\/\/www.article-marketing.eu\/comunicatistampa\/festa-della-birra-di-gallese-inizia-ufficialmente-lestate\/\">Continue reading&#8230;<\/a><\/p>\n","protected":false},"author":7328,"featured_media":0,"comment_status":"open","ping_status":"open","sticky":false,"template":"","format":"standard","meta":{"_monsterinsights_skip_tracking":false,"_monsterinsights_sitenote_active":false,"_monsterinsights_sitenote_note":"","_monsterinsights_sitenote_category":0,"footnotes":""},"categories":[78,392],"tags":[9876,9870,9869,9871,9875],"class_list":["post-23671","post","type-post","status-publish","format-standard","hentry","category-comunicati-stampa","category-eventi","tag-festa-della-birra","tag-festa-della-birra-di-gallese","tag-gallese","tag-san-famiano","tag-tuscia"],"yoast_head":"<!-- This site is optimized with the Yoast SEO plugin v27.3 - https:\/\/yoast.com\/product\/yoast-seo-wordpress\/ -->\n<title>Festa della Birra di Gallese: inizia ufficialmente l&#039;estate - Article Marketing<\/title>\n<meta name=\"description\" content=\"Festa della Birra di Gallese: il 24, 25 e 26 giugno, il borgo si veste di stand enogastronomici, musica dal vivo e fiumi di birra\" \/>\n<meta name=\"robots\" content=\"index, follow, max-snippet:-1, max-image-preview:large, max-video-preview:-1\" \/>\n<link rel=\"canonical\" href=\"https:\/\/www.article-marketing.eu\/comunicatistampa\/festa-della-birra-di-gallese-inizia-ufficialmente-lestate\/\" \/>\n<meta property=\"og:locale\" content=\"it_IT\" \/>\n<meta property=\"og:type\" content=\"article\" \/>\n<meta property=\"og:title\" content=\"Festa della Birra di Gallese: inizia ufficialmente l&#039;estate - Article Marketing\" \/>\n<meta property=\"og:description\" content=\"Festa della Birra di Gallese: il 24, 25 e 26 giugno, il borgo si veste di stand enogastronomici, musica dal vivo e fiumi di birra\" \/>\n<meta property=\"og:url\" content=\"https:\/\/www.article-marketing.eu\/comunicatistampa\/festa-della-birra-di-gallese-inizia-ufficialmente-lestate\/\" \/>\n<meta property=\"og:site_name\" content=\"Article Marketing\" \/>\n<meta property=\"article:published_time\" content=\"2022-06-30T06:09:50+00:00\" \/>\n<meta name=\"author\" content=\"VanessaRTE\" \/>\n<meta name=\"twitter:card\" content=\"summary_large_image\" \/>\n<meta name=\"twitter:label1\" content=\"Scritto da\" \/>\n\t<meta name=\"twitter:data1\" content=\"VanessaRTE\" \/>\n\t<meta name=\"twitter:label2\" content=\"Tempo di lettura stimato\" \/>\n\t<meta name=\"twitter:data2\" content=\"3 minuti\" \/>\n<script type=\"application\/ld+json\" class=\"yoast-schema-graph\">{\"@context\":\"https:\\\/\\\/schema.org\",\"@graph\":[{\"@type\":\"Article\",\"@id\":\"https:\\\/\\\/www.article-marketing.eu\\\/comunicatistampa\\\/festa-della-birra-di-gallese-inizia-ufficialmente-lestate\\\/#article\",\"isPartOf\":{\"@id\":\"https:\\\/\\\/www.article-marketing.eu\\\/comunicatistampa\\\/festa-della-birra-di-gallese-inizia-ufficialmente-lestate\\\/\"},\"author\":{\"name\":\"VanessaRTE\",\"@id\":\"https:\\\/\\\/www.article-marketing.eu\\\/comunicatistampa\\\/#\\\/schema\\\/person\\\/04b7075c001dcb211f8345a7a5c1d96f\"},\"headline\":\"Festa della Birra di Gallese: inizia ufficialmente l&#8217;estate\",\"datePublished\":\"2022-06-30T06:09:50+00:00\",\"mainEntityOfPage\":{\"@id\":\"https:\\\/\\\/www.article-marketing.eu\\\/comunicatistampa\\\/festa-della-birra-di-gallese-inizia-ufficialmente-lestate\\\/\"},\"wordCount\":536,\"commentCount\":0,\"keywords\":[\"Festa della Birra\",\"Festa della Birra di Gallese\",\"Gallese\",\"San Famiano\",\"Tuscia\"],\"articleSection\":[\"Comunicati stampa\",\"Eventi\"],\"inLanguage\":\"it-IT\",\"potentialAction\":[{\"@type\":\"CommentAction\",\"name\":\"Comment\",\"target\":[\"https:\\\/\\\/www.article-marketing.eu\\\/comunicatistampa\\\/festa-della-birra-di-gallese-inizia-ufficialmente-lestate\\\/#respond\"]}]},{\"@type\":\"WebPage\",\"@id\":\"https:\\\/\\\/www.article-marketing.eu\\\/comunicatistampa\\\/festa-della-birra-di-gallese-inizia-ufficialmente-lestate\\\/\",\"url\":\"https:\\\/\\\/www.article-marketing.eu\\\/comunicatistampa\\\/festa-della-birra-di-gallese-inizia-ufficialmente-lestate\\\/\",\"name\":\"Festa della Birra di Gallese: inizia ufficialmente l'estate - Article Marketing\",\"isPartOf\":{\"@id\":\"https:\\\/\\\/www.article-marketing.eu\\\/comunicatistampa\\\/#website\"},\"datePublished\":\"2022-06-30T06:09:50+00:00\",\"author\":{\"@id\":\"https:\\\/\\\/www.article-marketing.eu\\\/comunicatistampa\\\/#\\\/schema\\\/person\\\/04b7075c001dcb211f8345a7a5c1d96f\"},\"description\":\"Festa della Birra di Gallese: il 24, 25 e 26 giugno, il borgo si veste di stand enogastronomici, musica dal vivo e fiumi di birra\",\"breadcrumb\":{\"@id\":\"https:\\\/\\\/www.article-marketing.eu\\\/comunicatistampa\\\/festa-della-birra-di-gallese-inizia-ufficialmente-lestate\\\/#breadcrumb\"},\"inLanguage\":\"it-IT\",\"potentialAction\":[{\"@type\":\"ReadAction\",\"target\":[\"https:\\\/\\\/www.article-marketing.eu\\\/comunicatistampa\\\/festa-della-birra-di-gallese-inizia-ufficialmente-lestate\\\/\"]}]},{\"@type\":\"BreadcrumbList\",\"@id\":\"https:\\\/\\\/www.article-marketing.eu\\\/comunicatistampa\\\/festa-della-birra-di-gallese-inizia-ufficialmente-lestate\\\/#breadcrumb\",\"itemListElement\":[{\"@type\":\"ListItem\",\"position\":1,\"name\":\"Home\",\"item\":\"https:\\\/\\\/www.article-marketing.eu\\\/comunicatistampa\\\/\"},{\"@type\":\"ListItem\",\"position\":2,\"name\":\"Festa della Birra di Gallese: inizia ufficialmente l&#8217;estate\"}]},{\"@type\":\"WebSite\",\"@id\":\"https:\\\/\\\/www.article-marketing.eu\\\/comunicatistampa\\\/#website\",\"url\":\"https:\\\/\\\/www.article-marketing.eu\\\/comunicatistampa\\\/\",\"name\":\"Article Marketing\",\"description\":\"article marketing &amp; press release\",\"potentialAction\":[{\"@type\":\"SearchAction\",\"target\":{\"@type\":\"EntryPoint\",\"urlTemplate\":\"https:\\\/\\\/www.article-marketing.eu\\\/comunicatistampa\\\/?s={search_term_string}\"},\"query-input\":{\"@type\":\"PropertyValueSpecification\",\"valueRequired\":true,\"valueName\":\"search_term_string\"}}],\"inLanguage\":\"it-IT\"},{\"@type\":\"Person\",\"@id\":\"https:\\\/\\\/www.article-marketing.eu\\\/comunicatistampa\\\/#\\\/schema\\\/person\\\/04b7075c001dcb211f8345a7a5c1d96f\",\"name\":\"VanessaRTE\",\"image\":{\"@type\":\"ImageObject\",\"inLanguage\":\"it-IT\",\"@id\":\"https:\\\/\\\/secure.gravatar.com\\\/avatar\\\/347db8f3323ffc70d0b193335de29ff68e7be5614e59a70dee57f61d19bf93b5?s=96&d=mm&r=g\",\"url\":\"https:\\\/\\\/secure.gravatar.com\\\/avatar\\\/347db8f3323ffc70d0b193335de29ff68e7be5614e59a70dee57f61d19bf93b5?s=96&d=mm&r=g\",\"contentUrl\":\"https:\\\/\\\/secure.gravatar.com\\\/avatar\\\/347db8f3323ffc70d0b193335de29ff68e7be5614e59a70dee57f61d19bf93b5?s=96&d=mm&r=g\",\"caption\":\"VanessaRTE\"},\"url\":\"https:\\\/\\\/www.article-marketing.eu\\\/comunicatistampa\\\/author\\\/vanessarte\\\/\"}]}<\/script>\n<!-- \/ Yoast SEO plugin. -->","yoast_head_json":{"title":"Festa della Birra di Gallese: inizia ufficialmente l'estate - Article Marketing","description":"Festa della Birra di Gallese: il 24, 25 e 26 giugno, il borgo si veste di stand enogastronomici, musica dal vivo e fiumi di birra","robots":{"index":"index","follow":"follow","max-snippet":"max-snippet:-1","max-image-preview":"max-image-preview:large","max-video-preview":"max-video-preview:-1"},"canonical":"https:\/\/www.article-marketing.eu\/comunicatistampa\/festa-della-birra-di-gallese-inizia-ufficialmente-lestate\/","og_locale":"it_IT","og_type":"article","og_title":"Festa della Birra di Gallese: inizia ufficialmente l'estate - Article Marketing","og_description":"Festa della Birra di Gallese: il 24, 25 e 26 giugno, il borgo si veste di stand enogastronomici, musica dal vivo e fiumi di birra","og_url":"https:\/\/www.article-marketing.eu\/comunicatistampa\/festa-della-birra-di-gallese-inizia-ufficialmente-lestate\/","og_site_name":"Article Marketing","article_published_time":"2022-06-30T06:09:50+00:00","author":"VanessaRTE","twitter_card":"summary_large_image","twitter_misc":{"Scritto da":"VanessaRTE","Tempo di lettura stimato":"3 minuti"},"schema":{"@context":"https:\/\/schema.org","@graph":[{"@type":"Article","@id":"https:\/\/www.article-marketing.eu\/comunicatistampa\/festa-della-birra-di-gallese-inizia-ufficialmente-lestate\/#article","isPartOf":{"@id":"https:\/\/www.article-marketing.eu\/comunicatistampa\/festa-della-birra-di-gallese-inizia-ufficialmente-lestate\/"},"author":{"name":"VanessaRTE","@id":"https:\/\/www.article-marketing.eu\/comunicatistampa\/#\/schema\/person\/04b7075c001dcb211f8345a7a5c1d96f"},"headline":"Festa della Birra di Gallese: inizia ufficialmente l&#8217;estate","datePublished":"2022-06-30T06:09:50+00:00","mainEntityOfPage":{"@id":"https:\/\/www.article-marketing.eu\/comunicatistampa\/festa-della-birra-di-gallese-inizia-ufficialmente-lestate\/"},"wordCount":536,"commentCount":0,"keywords":["Festa della Birra","Festa della Birra di Gallese","Gallese","San Famiano","Tuscia"],"articleSection":["Comunicati stampa","Eventi"],"inLanguage":"it-IT","potentialAction":[{"@type":"CommentAction","name":"Comment","target":["https:\/\/www.article-marketing.eu\/comunicatistampa\/festa-della-birra-di-gallese-inizia-ufficialmente-lestate\/#respond"]}]},{"@type":"WebPage","@id":"https:\/\/www.article-marketing.eu\/comunicatistampa\/festa-della-birra-di-gallese-inizia-ufficialmente-lestate\/","url":"https:\/\/www.article-marketing.eu\/comunicatistampa\/festa-della-birra-di-gallese-inizia-ufficialmente-lestate\/","name":"Festa della Birra di Gallese: inizia ufficialmente l'estate - Article Marketing","isPartOf":{"@id":"https:\/\/www.article-marketing.eu\/comunicatistampa\/#website"},"datePublished":"2022-06-30T06:09:50+00:00","author":{"@id":"https:\/\/www.article-marketing.eu\/comunicatistampa\/#\/schema\/person\/04b7075c001dcb211f8345a7a5c1d96f"},"description":"Festa della Birra di Gallese: il 24, 25 e 26 giugno, il borgo si veste di stand enogastronomici, musica dal vivo e fiumi di birra","breadcrumb":{"@id":"https:\/\/www.article-marketing.eu\/comunicatistampa\/festa-della-birra-di-gallese-inizia-ufficialmente-lestate\/#breadcrumb"},"inLanguage":"it-IT","potentialAction":[{"@type":"ReadAction","target":["https:\/\/www.article-marketing.eu\/comunicatistampa\/festa-della-birra-di-gallese-inizia-ufficialmente-lestate\/"]}]},{"@type":"BreadcrumbList","@id":"https:\/\/www.article-marketing.eu\/comunicatistampa\/festa-della-birra-di-gallese-inizia-ufficialmente-lestate\/#breadcrumb","itemListElement":[{"@type":"ListItem","position":1,"name":"Home","item":"https:\/\/www.article-marketing.eu\/comunicatistampa\/"},{"@type":"ListItem","position":2,"name":"Festa della Birra di Gallese: inizia ufficialmente l&#8217;estate"}]},{"@type":"WebSite","@id":"https:\/\/www.article-marketing.eu\/comunicatistampa\/#website","url":"https:\/\/www.article-marketing.eu\/comunicatistampa\/","name":"Article Marketing","description":"article marketing &amp; press release","potentialAction":[{"@type":"SearchAction","target":{"@type":"EntryPoint","urlTemplate":"https:\/\/www.article-marketing.eu\/comunicatistampa\/?s={search_term_string}"},"query-input":{"@type":"PropertyValueSpecification","valueRequired":true,"valueName":"search_term_string"}}],"inLanguage":"it-IT"},{"@type":"Person","@id":"https:\/\/www.article-marketing.eu\/comunicatistampa\/#\/schema\/person\/04b7075c001dcb211f8345a7a5c1d96f","name":"VanessaRTE","image":{"@type":"ImageObject","inLanguage":"it-IT","@id":"https:\/\/secure.gravatar.com\/avatar\/347db8f3323ffc70d0b193335de29ff68e7be5614e59a70dee57f61d19bf93b5?s=96&d=mm&r=g","url":"https:\/\/secure.gravatar.com\/avatar\/347db8f3323ffc70d0b193335de29ff68e7be5614e59a70dee57f61d19bf93b5?s=96&d=mm&r=g","contentUrl":"https:\/\/secure.gravatar.com\/avatar\/347db8f3323ffc70d0b193335de29ff68e7be5614e59a70dee57f61d19bf93b5?s=96&d=mm&r=g","caption":"VanessaRTE"},"url":"https:\/\/www.article-marketing.eu\/comunicatistampa\/author\/vanessarte\/"}]}},"_links":{"self":[{"href":"https:\/\/www.article-marketing.eu\/comunicatistampa\/wp-json\/wp\/v2\/posts\/23671","targetHints":{"allow":["GET"]}}],"collection":[{"href":"https:\/\/www.article-marketing.eu\/comunicatistampa\/wp-json\/wp\/v2\/posts"}],"about":[{"href":"https:\/\/www.article-marketing.eu\/comunicatistampa\/wp-json\/wp\/v2\/types\/post"}],"author":[{"embeddable":true,"href":"https:\/\/www.article-marketing.eu\/comunicatistampa\/wp-json\/wp\/v2\/users\/7328"}],"replies":[{"embeddable":true,"href":"https:\/\/www.article-marketing.eu\/comunicatistampa\/wp-json\/wp\/v2\/comments?post=23671"}],"version-history":[{"count":2,"href":"https:\/\/www.article-marketing.eu\/comunicatistampa\/wp-json\/wp\/v2\/posts\/23671\/revisions"}],"predecessor-version":[{"id":23785,"href":"https:\/\/www.article-marketing.eu\/comunicatistampa\/wp-json\/wp\/v2\/posts\/23671\/revisions\/23785"}],"wp:attachment":[{"href":"https:\/\/www.article-marketing.eu\/comunicatistampa\/wp-json\/wp\/v2\/media?parent=23671"}],"wp:term":[{"taxonomy":"category","embeddable":true,"href":"https:\/\/www.article-marketing.eu\/comunicatistampa\/wp-json\/wp\/v2\/categories?post=23671"},{"taxonomy":"post_tag","embeddable":true,"href":"https:\/\/www.article-marketing.eu\/comunicatistampa\/wp-json\/wp\/v2\/tags?post=23671"}],"curies":[{"name":"wp","href":"https:\/\/api.w.org\/{rel}","templated":true}]}}