{"id":2368,"date":"2017-05-09T13:23:34","date_gmt":"2017-05-09T11:23:34","guid":{"rendered":"http:\/\/www.article-marketing.eu\/comunicatistampa\/?p=2368"},"modified":"2017-05-09T13:23:34","modified_gmt":"2017-05-09T11:23:34","slug":"offline-a-cannes-nella-sezione-short-film-corners","status":"publish","type":"post","link":"https:\/\/www.article-marketing.eu\/comunicatistampa\/offline-a-cannes-nella-sezione-short-film-corners\/","title":{"rendered":"&#8220;Offline&#8221; a Cannes nella sezione Short Film Corners"},"content":{"rendered":"<p>Continua ad essere selezionato ufficialmente ai Festival pi\u00f9 importanti di Italia e non solo \u201c<strong>Offline<\/strong>\u201d, il corto firmato dalla regista, attrice e scrittrice <strong>Emanuela Mascherini<\/strong>. Dal 22 al 28 maggio, infatti, voler\u00e0 a Cannes nella sezione <strong>Short Film Corners<\/strong> con proiezione ufficiale il 26 maggio alle ore 16.20.<\/p>\n<p>Tra gli altri Festival, invece, al <strong>Valdarno Cinema Fedic ha vinto come il miglior corto Autori<\/strong>, al <strong>Castelbolognese Film Festival ha ricevuto il Premio del Pubblico e Miglior Attrice<\/strong>, il 20 maggio sar\u00e0 al <strong>Pietrasanta Film Festival <\/strong>e ad ottobre al<strong> Montecatini Film Festival International Road Show<\/strong>. Un tema molto attuale e che fa parlare di s\u00e9 quello di \u201c<strong>Offline<\/strong>\u201d: l\u2019incomunicabilit\u00e0 nell\u2019epoca della bulimia delle comunicazioni. Tutti noi, infatti, viviamo in un periodo dove siamo quotidianamente connessi 24 ore su 24, anche se, in realt\u00e0, non siamo connessi con nessuno, anzi, spesso non conosciamo davvero chi \u00e8 il nostro interlocutore. Questo \u00e8 il caso dei due protagonisti di \u201c<strong>Offline<\/strong>\u201d, Aurora (<strong>Mascherini<\/strong>) e Nicolas (<strong>Domenico Diele, presente ultimamente nel cast della fiction tv \u201cDi padre e in figlia\u201d, nella nuova stagione prossimamente su Sky di \u201c1993\u201d e nella serie tv sempre Sky, attualmente in onda, \u201cIn Treatment\u201d<\/strong>): due solitudini molto diverse che si contattano attraverso un social network. Una bulimia di comunicazioni sembra farli uscire per un breve spazio dalla teca delle connessioni virtuali. Un tempo breve e disconnesso quanto una connessione lontana e molto debole. In tutto il racconto i personaggi attraverso webcam, foto e dialoghi non vedono che alcuni pezzi dell\u2019altro, e noi con loro. Il corto affronta non solo il tema delle relazioni virtuali ma anche la pericolosa superficialit\u00e0 con la quale ci approcciamo al mezzo virtuale.<\/p>\n<p>Ad arricchire il cast: <strong>Francesca Romana De Martini, Michelle Carpente, Simone Faucci e Matilde Esposito.<\/strong> Una produzione <strong>Alessio Coluccia &amp; Emanuela Mascherini <\/strong>con il contributo di <strong>Nuovo Imaie<\/strong>.<\/p>\n<p>Emanuela Mascherini \u00e8 anche reduce dal successo ottenuto da protagonista di <strong>Crisalide<\/strong> nel film \u201c<strong>In bici senza sella<\/strong>\u201d, che racconta la storia di sette giovani e del tanto sognato posto fisso, \u201cpedalando\u201d senza sosta verso il loro futuro. Il film, presentato alla scorsa edizione della Festa del Cinema di Roma, sta riscuotendo ancora oggi numerosi consensi, infatti, sar\u00e0 proiettato prossimamente a Cremona, Firenze, Miami e San Diego.<\/p>\n<p>La Mascherini, infine, sar\u00e0 il 20 maggio al salone del libro per presentare il suo libro \u201c<strong>Alice senza meraviglie<\/strong>\u201d edito da <strong>Pendragon<\/strong>; Un viaggio tragicomico e a tratti surreale di Celeste, una ghost writer e attrice ad anni alterni. Una favola contemporanea sulla seconda verginit\u00e0 di chi, dopo dieci anni di convivenza, si risveglia in un mondo che ha delle regole totalmente nuove e capisce di dover ripartire da zero. Una ri-alfabetizzazione affettiva, sessuale e sociale.<\/p>\n","protected":false},"excerpt":{"rendered":"<p>Continua ad essere selezionato ufficialmente ai Festival pi\u00f9 importanti di Italia e non solo \u201cOffline\u201d, il corto firmato dalla regista, attrice e scrittrice Emanuela Mascherini. Dal 22 al 28 maggio, infatti, voler\u00e0 a Cannes nella sezione Short Film Corners con proiezione ufficiale il 26 maggio alle ore 16.20. Tra gli altri Festival, invece, al Valdarno Cinema Fedic ha vinto come il miglior corto Autori, al Castelbolognese Film Festival ha ricevuto<\/p>\n<p><a class=\"continue-reading\" href=\"https:\/\/www.article-marketing.eu\/comunicatistampa\/offline-a-cannes-nella-sezione-short-film-corners\/\">Continue reading&#8230;<\/a><\/p>\n","protected":false},"author":48,"featured_media":0,"comment_status":"open","ping_status":"open","sticky":false,"template":"","format":"standard","meta":{"_monsterinsights_skip_tracking":false,"_monsterinsights_sitenote_active":false,"_monsterinsights_sitenote_note":"","_monsterinsights_sitenote_category":0,"footnotes":""},"categories":[408,78],"tags":[1412,567,1413],"class_list":["post-2368","post","type-post","status-publish","format-standard","hentry","category-cinema","category-comunicati-stampa","tag-cannes","tag-cinema","tag-offline"],"yoast_head":"<!-- This site is optimized with the Yoast SEO plugin v27.3 - https:\/\/yoast.com\/product\/yoast-seo-wordpress\/ -->\n<title>&quot;Offline&quot; a Cannes nella sezione Short Film Corners - Article Marketing<\/title>\n<meta name=\"robots\" content=\"index, follow, max-snippet:-1, max-image-preview:large, max-video-preview:-1\" \/>\n<link rel=\"canonical\" href=\"https:\/\/www.article-marketing.eu\/comunicatistampa\/offline-a-cannes-nella-sezione-short-film-corners\/\" \/>\n<meta property=\"og:locale\" content=\"it_IT\" \/>\n<meta property=\"og:type\" content=\"article\" \/>\n<meta property=\"og:title\" content=\"&quot;Offline&quot; a Cannes nella sezione Short Film Corners - Article Marketing\" \/>\n<meta property=\"og:description\" content=\"Continua ad essere selezionato ufficialmente ai Festival pi\u00f9 importanti di Italia e non solo \u201cOffline\u201d, il corto firmato dalla regista, attrice e scrittrice Emanuela Mascherini. Dal 22 al 28 maggio, infatti, voler\u00e0 a Cannes nella sezione Short Film Corners con proiezione ufficiale il 26 maggio alle ore 16.20. Tra gli altri Festival, invece, al Valdarno Cinema Fedic ha vinto come il miglior corto Autori, al Castelbolognese Film Festival ha ricevutoContinue reading...\" \/>\n<meta property=\"og:url\" content=\"https:\/\/www.article-marketing.eu\/comunicatistampa\/offline-a-cannes-nella-sezione-short-film-corners\/\" \/>\n<meta property=\"og:site_name\" content=\"Article Marketing\" \/>\n<meta property=\"article:published_time\" content=\"2017-05-09T11:23:34+00:00\" \/>\n<meta name=\"author\" content=\"Uff Stampa\" \/>\n<meta name=\"twitter:card\" content=\"summary_large_image\" \/>\n<meta name=\"twitter:label1\" content=\"Scritto da\" \/>\n\t<meta name=\"twitter:data1\" content=\"Uff Stampa\" \/>\n\t<meta name=\"twitter:label2\" content=\"Tempo di lettura stimato\" \/>\n\t<meta name=\"twitter:data2\" content=\"2 minuti\" \/>\n<script type=\"application\/ld+json\" class=\"yoast-schema-graph\">{\"@context\":\"https:\\\/\\\/schema.org\",\"@graph\":[{\"@type\":\"Article\",\"@id\":\"https:\\\/\\\/www.article-marketing.eu\\\/comunicatistampa\\\/offline-a-cannes-nella-sezione-short-film-corners\\\/#article\",\"isPartOf\":{\"@id\":\"https:\\\/\\\/www.article-marketing.eu\\\/comunicatistampa\\\/offline-a-cannes-nella-sezione-short-film-corners\\\/\"},\"author\":{\"name\":\"Uff Stampa\",\"@id\":\"https:\\\/\\\/www.article-marketing.eu\\\/comunicatistampa\\\/#\\\/schema\\\/person\\\/22d81e7c04e93611ddcda888b65438d8\"},\"headline\":\"&#8220;Offline&#8221; a Cannes nella sezione Short Film Corners\",\"datePublished\":\"2017-05-09T11:23:34+00:00\",\"mainEntityOfPage\":{\"@id\":\"https:\\\/\\\/www.article-marketing.eu\\\/comunicatistampa\\\/offline-a-cannes-nella-sezione-short-film-corners\\\/\"},\"wordCount\":447,\"commentCount\":0,\"keywords\":[\"Cannes\",\"Cinema\",\"Offline\"],\"articleSection\":[\"Cinema\",\"Comunicati stampa\"],\"inLanguage\":\"it-IT\",\"potentialAction\":[{\"@type\":\"CommentAction\",\"name\":\"Comment\",\"target\":[\"https:\\\/\\\/www.article-marketing.eu\\\/comunicatistampa\\\/offline-a-cannes-nella-sezione-short-film-corners\\\/#respond\"]}]},{\"@type\":\"WebPage\",\"@id\":\"https:\\\/\\\/www.article-marketing.eu\\\/comunicatistampa\\\/offline-a-cannes-nella-sezione-short-film-corners\\\/\",\"url\":\"https:\\\/\\\/www.article-marketing.eu\\\/comunicatistampa\\\/offline-a-cannes-nella-sezione-short-film-corners\\\/\",\"name\":\"\\\"Offline\\\" a Cannes nella sezione Short Film Corners - Article Marketing\",\"isPartOf\":{\"@id\":\"https:\\\/\\\/www.article-marketing.eu\\\/comunicatistampa\\\/#website\"},\"datePublished\":\"2017-05-09T11:23:34+00:00\",\"author\":{\"@id\":\"https:\\\/\\\/www.article-marketing.eu\\\/comunicatistampa\\\/#\\\/schema\\\/person\\\/22d81e7c04e93611ddcda888b65438d8\"},\"breadcrumb\":{\"@id\":\"https:\\\/\\\/www.article-marketing.eu\\\/comunicatistampa\\\/offline-a-cannes-nella-sezione-short-film-corners\\\/#breadcrumb\"},\"inLanguage\":\"it-IT\",\"potentialAction\":[{\"@type\":\"ReadAction\",\"target\":[\"https:\\\/\\\/www.article-marketing.eu\\\/comunicatistampa\\\/offline-a-cannes-nella-sezione-short-film-corners\\\/\"]}]},{\"@type\":\"BreadcrumbList\",\"@id\":\"https:\\\/\\\/www.article-marketing.eu\\\/comunicatistampa\\\/offline-a-cannes-nella-sezione-short-film-corners\\\/#breadcrumb\",\"itemListElement\":[{\"@type\":\"ListItem\",\"position\":1,\"name\":\"Home\",\"item\":\"https:\\\/\\\/www.article-marketing.eu\\\/comunicatistampa\\\/\"},{\"@type\":\"ListItem\",\"position\":2,\"name\":\"&#8220;Offline&#8221; a Cannes nella sezione Short Film Corners\"}]},{\"@type\":\"WebSite\",\"@id\":\"https:\\\/\\\/www.article-marketing.eu\\\/comunicatistampa\\\/#website\",\"url\":\"https:\\\/\\\/www.article-marketing.eu\\\/comunicatistampa\\\/\",\"name\":\"Article Marketing\",\"description\":\"article marketing &amp; press release\",\"potentialAction\":[{\"@type\":\"SearchAction\",\"target\":{\"@type\":\"EntryPoint\",\"urlTemplate\":\"https:\\\/\\\/www.article-marketing.eu\\\/comunicatistampa\\\/?s={search_term_string}\"},\"query-input\":{\"@type\":\"PropertyValueSpecification\",\"valueRequired\":true,\"valueName\":\"search_term_string\"}}],\"inLanguage\":\"it-IT\"},{\"@type\":\"Person\",\"@id\":\"https:\\\/\\\/www.article-marketing.eu\\\/comunicatistampa\\\/#\\\/schema\\\/person\\\/22d81e7c04e93611ddcda888b65438d8\",\"name\":\"Uff Stampa\",\"image\":{\"@type\":\"ImageObject\",\"inLanguage\":\"it-IT\",\"@id\":\"https:\\\/\\\/secure.gravatar.com\\\/avatar\\\/e3e9c5b947f539233b3f740c64e48242313649ff2a529b2191b5577aab6b4c57?s=96&d=mm&r=g\",\"url\":\"https:\\\/\\\/secure.gravatar.com\\\/avatar\\\/e3e9c5b947f539233b3f740c64e48242313649ff2a529b2191b5577aab6b4c57?s=96&d=mm&r=g\",\"contentUrl\":\"https:\\\/\\\/secure.gravatar.com\\\/avatar\\\/e3e9c5b947f539233b3f740c64e48242313649ff2a529b2191b5577aab6b4c57?s=96&d=mm&r=g\",\"caption\":\"Uff Stampa\"},\"url\":\"https:\\\/\\\/www.article-marketing.eu\\\/comunicatistampa\\\/author\\\/uff-stampa\\\/\"}]}<\/script>\n<!-- \/ Yoast SEO plugin. -->","yoast_head_json":{"title":"\"Offline\" a Cannes nella sezione Short Film Corners - Article Marketing","robots":{"index":"index","follow":"follow","max-snippet":"max-snippet:-1","max-image-preview":"max-image-preview:large","max-video-preview":"max-video-preview:-1"},"canonical":"https:\/\/www.article-marketing.eu\/comunicatistampa\/offline-a-cannes-nella-sezione-short-film-corners\/","og_locale":"it_IT","og_type":"article","og_title":"\"Offline\" a Cannes nella sezione Short Film Corners - Article Marketing","og_description":"Continua ad essere selezionato ufficialmente ai Festival pi\u00f9 importanti di Italia e non solo \u201cOffline\u201d, il corto firmato dalla regista, attrice e scrittrice Emanuela Mascherini. Dal 22 al 28 maggio, infatti, voler\u00e0 a Cannes nella sezione Short Film Corners con proiezione ufficiale il 26 maggio alle ore 16.20. Tra gli altri Festival, invece, al Valdarno Cinema Fedic ha vinto come il miglior corto Autori, al Castelbolognese Film Festival ha ricevutoContinue reading...","og_url":"https:\/\/www.article-marketing.eu\/comunicatistampa\/offline-a-cannes-nella-sezione-short-film-corners\/","og_site_name":"Article Marketing","article_published_time":"2017-05-09T11:23:34+00:00","author":"Uff Stampa","twitter_card":"summary_large_image","twitter_misc":{"Scritto da":"Uff Stampa","Tempo di lettura stimato":"2 minuti"},"schema":{"@context":"https:\/\/schema.org","@graph":[{"@type":"Article","@id":"https:\/\/www.article-marketing.eu\/comunicatistampa\/offline-a-cannes-nella-sezione-short-film-corners\/#article","isPartOf":{"@id":"https:\/\/www.article-marketing.eu\/comunicatistampa\/offline-a-cannes-nella-sezione-short-film-corners\/"},"author":{"name":"Uff Stampa","@id":"https:\/\/www.article-marketing.eu\/comunicatistampa\/#\/schema\/person\/22d81e7c04e93611ddcda888b65438d8"},"headline":"&#8220;Offline&#8221; a Cannes nella sezione Short Film Corners","datePublished":"2017-05-09T11:23:34+00:00","mainEntityOfPage":{"@id":"https:\/\/www.article-marketing.eu\/comunicatistampa\/offline-a-cannes-nella-sezione-short-film-corners\/"},"wordCount":447,"commentCount":0,"keywords":["Cannes","Cinema","Offline"],"articleSection":["Cinema","Comunicati stampa"],"inLanguage":"it-IT","potentialAction":[{"@type":"CommentAction","name":"Comment","target":["https:\/\/www.article-marketing.eu\/comunicatistampa\/offline-a-cannes-nella-sezione-short-film-corners\/#respond"]}]},{"@type":"WebPage","@id":"https:\/\/www.article-marketing.eu\/comunicatistampa\/offline-a-cannes-nella-sezione-short-film-corners\/","url":"https:\/\/www.article-marketing.eu\/comunicatistampa\/offline-a-cannes-nella-sezione-short-film-corners\/","name":"\"Offline\" a Cannes nella sezione Short Film Corners - Article Marketing","isPartOf":{"@id":"https:\/\/www.article-marketing.eu\/comunicatistampa\/#website"},"datePublished":"2017-05-09T11:23:34+00:00","author":{"@id":"https:\/\/www.article-marketing.eu\/comunicatistampa\/#\/schema\/person\/22d81e7c04e93611ddcda888b65438d8"},"breadcrumb":{"@id":"https:\/\/www.article-marketing.eu\/comunicatistampa\/offline-a-cannes-nella-sezione-short-film-corners\/#breadcrumb"},"inLanguage":"it-IT","potentialAction":[{"@type":"ReadAction","target":["https:\/\/www.article-marketing.eu\/comunicatistampa\/offline-a-cannes-nella-sezione-short-film-corners\/"]}]},{"@type":"BreadcrumbList","@id":"https:\/\/www.article-marketing.eu\/comunicatistampa\/offline-a-cannes-nella-sezione-short-film-corners\/#breadcrumb","itemListElement":[{"@type":"ListItem","position":1,"name":"Home","item":"https:\/\/www.article-marketing.eu\/comunicatistampa\/"},{"@type":"ListItem","position":2,"name":"&#8220;Offline&#8221; a Cannes nella sezione Short Film Corners"}]},{"@type":"WebSite","@id":"https:\/\/www.article-marketing.eu\/comunicatistampa\/#website","url":"https:\/\/www.article-marketing.eu\/comunicatistampa\/","name":"Article Marketing","description":"article marketing &amp; press release","potentialAction":[{"@type":"SearchAction","target":{"@type":"EntryPoint","urlTemplate":"https:\/\/www.article-marketing.eu\/comunicatistampa\/?s={search_term_string}"},"query-input":{"@type":"PropertyValueSpecification","valueRequired":true,"valueName":"search_term_string"}}],"inLanguage":"it-IT"},{"@type":"Person","@id":"https:\/\/www.article-marketing.eu\/comunicatistampa\/#\/schema\/person\/22d81e7c04e93611ddcda888b65438d8","name":"Uff Stampa","image":{"@type":"ImageObject","inLanguage":"it-IT","@id":"https:\/\/secure.gravatar.com\/avatar\/e3e9c5b947f539233b3f740c64e48242313649ff2a529b2191b5577aab6b4c57?s=96&d=mm&r=g","url":"https:\/\/secure.gravatar.com\/avatar\/e3e9c5b947f539233b3f740c64e48242313649ff2a529b2191b5577aab6b4c57?s=96&d=mm&r=g","contentUrl":"https:\/\/secure.gravatar.com\/avatar\/e3e9c5b947f539233b3f740c64e48242313649ff2a529b2191b5577aab6b4c57?s=96&d=mm&r=g","caption":"Uff Stampa"},"url":"https:\/\/www.article-marketing.eu\/comunicatistampa\/author\/uff-stampa\/"}]}},"_links":{"self":[{"href":"https:\/\/www.article-marketing.eu\/comunicatistampa\/wp-json\/wp\/v2\/posts\/2368","targetHints":{"allow":["GET"]}}],"collection":[{"href":"https:\/\/www.article-marketing.eu\/comunicatistampa\/wp-json\/wp\/v2\/posts"}],"about":[{"href":"https:\/\/www.article-marketing.eu\/comunicatistampa\/wp-json\/wp\/v2\/types\/post"}],"author":[{"embeddable":true,"href":"https:\/\/www.article-marketing.eu\/comunicatistampa\/wp-json\/wp\/v2\/users\/48"}],"replies":[{"embeddable":true,"href":"https:\/\/www.article-marketing.eu\/comunicatistampa\/wp-json\/wp\/v2\/comments?post=2368"}],"version-history":[{"count":3,"href":"https:\/\/www.article-marketing.eu\/comunicatistampa\/wp-json\/wp\/v2\/posts\/2368\/revisions"}],"predecessor-version":[{"id":2427,"href":"https:\/\/www.article-marketing.eu\/comunicatistampa\/wp-json\/wp\/v2\/posts\/2368\/revisions\/2427"}],"wp:attachment":[{"href":"https:\/\/www.article-marketing.eu\/comunicatistampa\/wp-json\/wp\/v2\/media?parent=2368"}],"wp:term":[{"taxonomy":"category","embeddable":true,"href":"https:\/\/www.article-marketing.eu\/comunicatistampa\/wp-json\/wp\/v2\/categories?post=2368"},{"taxonomy":"post_tag","embeddable":true,"href":"https:\/\/www.article-marketing.eu\/comunicatistampa\/wp-json\/wp\/v2\/tags?post=2368"}],"curies":[{"name":"wp","href":"https:\/\/api.w.org\/{rel}","templated":true}]}}