{"id":23685,"date":"2022-07-01T07:10:21","date_gmt":"2022-07-01T05:10:21","guid":{"rendered":"https:\/\/www.article-marketing.eu\/comunicatistampa\/?p=23685"},"modified":"2022-06-29T15:15:22","modified_gmt":"2022-06-29T13:15:22","slug":"feeda-solstizio-dinverno","status":"publish","type":"post","link":"https:\/\/www.article-marketing.eu\/comunicatistampa\/feeda-solstizio-dinverno\/","title":{"rendered":"Feeda, Solstizio d&#8217;Inverno"},"content":{"rendered":"<p style=\"text-align: center;\">fuori il nuovo singolo della Salernitana Feeda<\/p>\n<p><img loading=\"lazy\" decoding=\"async\" class=\"aligncenter\" src=\"https:\/\/www.musicflash.it\/wp-content\/uploads\/2022\/06\/Cover-Feeda.jpg\" width=\"303\" height=\"303\" \/><br \/>\nHo un continuo solstizio d&#8217;inverno dentro.<br \/>\n<em>\u2028\u201cDa bambina volevo un pianoforte e i miei genitori per accontentarmi mi comprarono una chitarra. Volevo imparare a suonarla, ma ho lasciato praticamente subito; ero troppo piccola per capire cosa volevo davvero. Ho ripreso da autodidatta a diciotto anni ed ho passato la maggior parte delle mie giornate a studiare musica. Quando pensavo di non poter fare questo nella vita ho iniziato a scrivere i primi testi, per contraddire me stessa.\u201d<\/em><\/p>\n<p>Si presenta cos\u00ec la giovane Feeda, cantautrice Salernitana della classe &#8217;98. Nuova scoperta della sempre pi\u00f9 nota neo nata etichetta 33db good noise (famosa per aver lanciato Vierno di Totino Melillo), l&#8217;artista suona chitarra e Ukulele e, per la prima volta, si presenta al pubblico attraverso un singolo che sancisce ufficialmente la sua carriera musicale e proprio queste sue skills artistiche.<\/p>\n<p>\u201cSolstizio d&#8217;Inverno\u201d \u00e8 stata scritta di getto proprio il 21 Dicembre, il giorno in cui la terra \u00e8 pi\u00f9 lontana dal sole (solstizio d&#8217;Inverno). Il brano, in cui Feeda canta e suona l&#8217;Ukulele, nasce in seguito ad uno sfogo causato da un disagio interiore dell&#8217;artista nel rapportarsi con le persone.<\/p>\n<p>Il Solstizio d&#8217;Inverno rappresenta in questo caso uno stato mentale, simboleggiando il disagio interiore che porta a riflettere su se stessi in mezzo agli altri. Il brano esprime la sensazione di inadeguatezza nel vivere contesti apparentemente normali pur sapendo di estraniarsi dal mondo a causa di \u201cun inverno sempre dentro quando fuori \u00e8 palesemente estate\u201d.<\/p>\n<p>Il video \u00e8 minimalista, ponendo al centro l&#8217;artista, la sua malinconia e le sue insicurezze. La testa diventa la location e la canzone sono i pensieri introspettivi che la portano ad estraniarsi, ad allontanarsi dalla terra.<\/p>\n<p>Nel video la testa cambia in relazione sui suoi pensieri, come l\u2019ambiente che circonda l\u2019artista (immobile al suo posto) cambia durante la canzone. Aspetto fondamentale \u00e8 la neve, che evidenzia l&#8217;arrivo improvviso dell&#8217;inverno. \u2028\u2028\u201cSolstizio d&#8217;Inverno\u201d \u00e8 uno splendido brano Indie-Pop che far\u00e0 probabilmente parte di un progetto discografico pi\u00f9 amplio. Feeda, nonostante la giovane et\u00e0 e le insicurezze che la contraddistinguono, \u00e8 dotata di personalit\u00e0 e carisma. Il nuovo brano, disponibile nei migliori store digitali, la contraddistingue per innovazione e talento.<\/p>\n<p><a href=\"https:\/\/www.instagram.com\/_fee.da\/\">https:\/\/www.instagram.com\/_fee.da\/<\/a><br \/>\n<a href=\"https:\/\/artists.landr.com\/692531470652\">https:\/\/artists.landr.com\/692531470652<\/a><\/p>\n","protected":false},"excerpt":{"rendered":"<p>fuori il nuovo singolo della Salernitana Feeda Ho un continuo solstizio d&#8217;inverno dentro. \u2028\u201cDa bambina volevo un pianoforte e i miei genitori per accontentarmi mi comprarono una chitarra. Volevo imparare a suonarla, ma ho lasciato praticamente subito; ero troppo piccola per capire cosa volevo davvero. Ho ripreso da autodidatta a diciotto anni ed ho passato la maggior parte delle mie giornate a studiare musica. Quando pensavo di non poter fare<\/p>\n<p><a class=\"continue-reading\" href=\"https:\/\/www.article-marketing.eu\/comunicatistampa\/feeda-solstizio-dinverno\/\">Continue reading&#8230;<\/a><\/p>\n","protected":false},"author":1680,"featured_media":0,"comment_status":"open","ping_status":"open","sticky":false,"template":"","format":"standard","meta":{"_monsterinsights_skip_tracking":false,"_monsterinsights_sitenote_active":false,"_monsterinsights_sitenote_note":"","_monsterinsights_sitenote_category":0,"footnotes":""},"categories":[411],"tags":[9884,8962,3522,9885],"class_list":["post-23685","post","type-post","status-publish","format-standard","hentry","category-musica","tag-feeda","tag-inverno","tag-singolo","tag-solstizio"],"yoast_head":"<!-- This site is optimized with the Yoast SEO plugin v27.3 - https:\/\/yoast.com\/product\/yoast-seo-wordpress\/ -->\n<title>Feeda, Solstizio d&#039;Inverno - Article Marketing<\/title>\n<meta name=\"robots\" content=\"index, follow, max-snippet:-1, max-image-preview:large, max-video-preview:-1\" \/>\n<link rel=\"canonical\" href=\"https:\/\/www.article-marketing.eu\/comunicatistampa\/feeda-solstizio-dinverno\/\" \/>\n<meta property=\"og:locale\" content=\"it_IT\" \/>\n<meta property=\"og:type\" content=\"article\" \/>\n<meta property=\"og:title\" content=\"Feeda, Solstizio d&#039;Inverno - Article Marketing\" \/>\n<meta property=\"og:description\" content=\"fuori il nuovo singolo della Salernitana Feeda Ho un continuo solstizio d&#8217;inverno dentro. \u2028\u201cDa bambina volevo un pianoforte e i miei genitori per accontentarmi mi comprarono una chitarra. Volevo imparare a suonarla, ma ho lasciato praticamente subito; ero troppo piccola per capire cosa volevo davvero. Ho ripreso da autodidatta a diciotto anni ed ho passato la maggior parte delle mie giornate a studiare musica. Quando pensavo di non poter fareContinue reading...\" \/>\n<meta property=\"og:url\" content=\"https:\/\/www.article-marketing.eu\/comunicatistampa\/feeda-solstizio-dinverno\/\" \/>\n<meta property=\"og:site_name\" content=\"Article Marketing\" \/>\n<meta property=\"article:published_time\" content=\"2022-07-01T05:10:21+00:00\" \/>\n<meta property=\"og:image\" content=\"https:\/\/www.musicflash.it\/wp-content\/uploads\/2022\/06\/Cover-Feeda.jpg\" \/>\n<meta name=\"author\" content=\"Micro961\" \/>\n<meta name=\"twitter:card\" content=\"summary_large_image\" \/>\n<meta name=\"twitter:label1\" content=\"Scritto da\" \/>\n\t<meta name=\"twitter:data1\" content=\"Micro961\" \/>\n\t<meta name=\"twitter:label2\" content=\"Tempo di lettura stimato\" \/>\n\t<meta name=\"twitter:data2\" content=\"3 minuti\" \/>\n<script type=\"application\/ld+json\" class=\"yoast-schema-graph\">{\"@context\":\"https:\\\/\\\/schema.org\",\"@graph\":[{\"@type\":\"Article\",\"@id\":\"https:\\\/\\\/www.article-marketing.eu\\\/comunicatistampa\\\/feeda-solstizio-dinverno\\\/#article\",\"isPartOf\":{\"@id\":\"https:\\\/\\\/www.article-marketing.eu\\\/comunicatistampa\\\/feeda-solstizio-dinverno\\\/\"},\"author\":{\"name\":\"Micro961\",\"@id\":\"https:\\\/\\\/www.article-marketing.eu\\\/comunicatistampa\\\/#\\\/schema\\\/person\\\/9beeb909be59832a9bcbec84cb3786f5\"},\"headline\":\"Feeda, Solstizio d&#8217;Inverno\",\"datePublished\":\"2022-07-01T05:10:21+00:00\",\"mainEntityOfPage\":{\"@id\":\"https:\\\/\\\/www.article-marketing.eu\\\/comunicatistampa\\\/feeda-solstizio-dinverno\\\/\"},\"wordCount\":374,\"commentCount\":0,\"image\":{\"@id\":\"https:\\\/\\\/www.article-marketing.eu\\\/comunicatistampa\\\/feeda-solstizio-dinverno\\\/#primaryimage\"},\"thumbnailUrl\":\"https:\\\/\\\/www.musicflash.it\\\/wp-content\\\/uploads\\\/2022\\\/06\\\/Cover-Feeda.jpg\",\"keywords\":[\"Feeda\",\"inverno\",\"Singolo\",\"Solstizio\"],\"articleSection\":[\"Musica\"],\"inLanguage\":\"it-IT\",\"potentialAction\":[{\"@type\":\"CommentAction\",\"name\":\"Comment\",\"target\":[\"https:\\\/\\\/www.article-marketing.eu\\\/comunicatistampa\\\/feeda-solstizio-dinverno\\\/#respond\"]}]},{\"@type\":\"WebPage\",\"@id\":\"https:\\\/\\\/www.article-marketing.eu\\\/comunicatistampa\\\/feeda-solstizio-dinverno\\\/\",\"url\":\"https:\\\/\\\/www.article-marketing.eu\\\/comunicatistampa\\\/feeda-solstizio-dinverno\\\/\",\"name\":\"Feeda, Solstizio d'Inverno - Article Marketing\",\"isPartOf\":{\"@id\":\"https:\\\/\\\/www.article-marketing.eu\\\/comunicatistampa\\\/#website\"},\"primaryImageOfPage\":{\"@id\":\"https:\\\/\\\/www.article-marketing.eu\\\/comunicatistampa\\\/feeda-solstizio-dinverno\\\/#primaryimage\"},\"image\":{\"@id\":\"https:\\\/\\\/www.article-marketing.eu\\\/comunicatistampa\\\/feeda-solstizio-dinverno\\\/#primaryimage\"},\"thumbnailUrl\":\"https:\\\/\\\/www.musicflash.it\\\/wp-content\\\/uploads\\\/2022\\\/06\\\/Cover-Feeda.jpg\",\"datePublished\":\"2022-07-01T05:10:21+00:00\",\"author\":{\"@id\":\"https:\\\/\\\/www.article-marketing.eu\\\/comunicatistampa\\\/#\\\/schema\\\/person\\\/9beeb909be59832a9bcbec84cb3786f5\"},\"breadcrumb\":{\"@id\":\"https:\\\/\\\/www.article-marketing.eu\\\/comunicatistampa\\\/feeda-solstizio-dinverno\\\/#breadcrumb\"},\"inLanguage\":\"it-IT\",\"potentialAction\":[{\"@type\":\"ReadAction\",\"target\":[\"https:\\\/\\\/www.article-marketing.eu\\\/comunicatistampa\\\/feeda-solstizio-dinverno\\\/\"]}]},{\"@type\":\"ImageObject\",\"inLanguage\":\"it-IT\",\"@id\":\"https:\\\/\\\/www.article-marketing.eu\\\/comunicatistampa\\\/feeda-solstizio-dinverno\\\/#primaryimage\",\"url\":\"https:\\\/\\\/www.musicflash.it\\\/wp-content\\\/uploads\\\/2022\\\/06\\\/Cover-Feeda.jpg\",\"contentUrl\":\"https:\\\/\\\/www.musicflash.it\\\/wp-content\\\/uploads\\\/2022\\\/06\\\/Cover-Feeda.jpg\"},{\"@type\":\"BreadcrumbList\",\"@id\":\"https:\\\/\\\/www.article-marketing.eu\\\/comunicatistampa\\\/feeda-solstizio-dinverno\\\/#breadcrumb\",\"itemListElement\":[{\"@type\":\"ListItem\",\"position\":1,\"name\":\"Home\",\"item\":\"https:\\\/\\\/www.article-marketing.eu\\\/comunicatistampa\\\/\"},{\"@type\":\"ListItem\",\"position\":2,\"name\":\"Feeda, Solstizio d&#8217;Inverno\"}]},{\"@type\":\"WebSite\",\"@id\":\"https:\\\/\\\/www.article-marketing.eu\\\/comunicatistampa\\\/#website\",\"url\":\"https:\\\/\\\/www.article-marketing.eu\\\/comunicatistampa\\\/\",\"name\":\"Article Marketing\",\"description\":\"article marketing &amp; press release\",\"potentialAction\":[{\"@type\":\"SearchAction\",\"target\":{\"@type\":\"EntryPoint\",\"urlTemplate\":\"https:\\\/\\\/www.article-marketing.eu\\\/comunicatistampa\\\/?s={search_term_string}\"},\"query-input\":{\"@type\":\"PropertyValueSpecification\",\"valueRequired\":true,\"valueName\":\"search_term_string\"}}],\"inLanguage\":\"it-IT\"},{\"@type\":\"Person\",\"@id\":\"https:\\\/\\\/www.article-marketing.eu\\\/comunicatistampa\\\/#\\\/schema\\\/person\\\/9beeb909be59832a9bcbec84cb3786f5\",\"name\":\"Micro961\",\"image\":{\"@type\":\"ImageObject\",\"inLanguage\":\"it-IT\",\"@id\":\"https:\\\/\\\/secure.gravatar.com\\\/avatar\\\/cd6f5864b85cc3687c05b2965bb186afcd70a2a89789a156c92a4f1d66e87827?s=96&d=mm&r=g\",\"url\":\"https:\\\/\\\/secure.gravatar.com\\\/avatar\\\/cd6f5864b85cc3687c05b2965bb186afcd70a2a89789a156c92a4f1d66e87827?s=96&d=mm&r=g\",\"contentUrl\":\"https:\\\/\\\/secure.gravatar.com\\\/avatar\\\/cd6f5864b85cc3687c05b2965bb186afcd70a2a89789a156c92a4f1d66e87827?s=96&d=mm&r=g\",\"caption\":\"Micro961\"},\"url\":\"https:\\\/\\\/www.article-marketing.eu\\\/comunicatistampa\\\/author\\\/micro961\\\/\"}]}<\/script>\n<!-- \/ Yoast SEO plugin. -->","yoast_head_json":{"title":"Feeda, Solstizio d'Inverno - Article Marketing","robots":{"index":"index","follow":"follow","max-snippet":"max-snippet:-1","max-image-preview":"max-image-preview:large","max-video-preview":"max-video-preview:-1"},"canonical":"https:\/\/www.article-marketing.eu\/comunicatistampa\/feeda-solstizio-dinverno\/","og_locale":"it_IT","og_type":"article","og_title":"Feeda, Solstizio d'Inverno - Article Marketing","og_description":"fuori il nuovo singolo della Salernitana Feeda Ho un continuo solstizio d&#8217;inverno dentro. \u2028\u201cDa bambina volevo un pianoforte e i miei genitori per accontentarmi mi comprarono una chitarra. Volevo imparare a suonarla, ma ho lasciato praticamente subito; ero troppo piccola per capire cosa volevo davvero. Ho ripreso da autodidatta a diciotto anni ed ho passato la maggior parte delle mie giornate a studiare musica. Quando pensavo di non poter fareContinue reading...","og_url":"https:\/\/www.article-marketing.eu\/comunicatistampa\/feeda-solstizio-dinverno\/","og_site_name":"Article Marketing","article_published_time":"2022-07-01T05:10:21+00:00","og_image":[{"url":"https:\/\/www.musicflash.it\/wp-content\/uploads\/2022\/06\/Cover-Feeda.jpg","type":"","width":"","height":""}],"author":"Micro961","twitter_card":"summary_large_image","twitter_misc":{"Scritto da":"Micro961","Tempo di lettura stimato":"3 minuti"},"schema":{"@context":"https:\/\/schema.org","@graph":[{"@type":"Article","@id":"https:\/\/www.article-marketing.eu\/comunicatistampa\/feeda-solstizio-dinverno\/#article","isPartOf":{"@id":"https:\/\/www.article-marketing.eu\/comunicatistampa\/feeda-solstizio-dinverno\/"},"author":{"name":"Micro961","@id":"https:\/\/www.article-marketing.eu\/comunicatistampa\/#\/schema\/person\/9beeb909be59832a9bcbec84cb3786f5"},"headline":"Feeda, Solstizio d&#8217;Inverno","datePublished":"2022-07-01T05:10:21+00:00","mainEntityOfPage":{"@id":"https:\/\/www.article-marketing.eu\/comunicatistampa\/feeda-solstizio-dinverno\/"},"wordCount":374,"commentCount":0,"image":{"@id":"https:\/\/www.article-marketing.eu\/comunicatistampa\/feeda-solstizio-dinverno\/#primaryimage"},"thumbnailUrl":"https:\/\/www.musicflash.it\/wp-content\/uploads\/2022\/06\/Cover-Feeda.jpg","keywords":["Feeda","inverno","Singolo","Solstizio"],"articleSection":["Musica"],"inLanguage":"it-IT","potentialAction":[{"@type":"CommentAction","name":"Comment","target":["https:\/\/www.article-marketing.eu\/comunicatistampa\/feeda-solstizio-dinverno\/#respond"]}]},{"@type":"WebPage","@id":"https:\/\/www.article-marketing.eu\/comunicatistampa\/feeda-solstizio-dinverno\/","url":"https:\/\/www.article-marketing.eu\/comunicatistampa\/feeda-solstizio-dinverno\/","name":"Feeda, Solstizio d'Inverno - Article Marketing","isPartOf":{"@id":"https:\/\/www.article-marketing.eu\/comunicatistampa\/#website"},"primaryImageOfPage":{"@id":"https:\/\/www.article-marketing.eu\/comunicatistampa\/feeda-solstizio-dinverno\/#primaryimage"},"image":{"@id":"https:\/\/www.article-marketing.eu\/comunicatistampa\/feeda-solstizio-dinverno\/#primaryimage"},"thumbnailUrl":"https:\/\/www.musicflash.it\/wp-content\/uploads\/2022\/06\/Cover-Feeda.jpg","datePublished":"2022-07-01T05:10:21+00:00","author":{"@id":"https:\/\/www.article-marketing.eu\/comunicatistampa\/#\/schema\/person\/9beeb909be59832a9bcbec84cb3786f5"},"breadcrumb":{"@id":"https:\/\/www.article-marketing.eu\/comunicatistampa\/feeda-solstizio-dinverno\/#breadcrumb"},"inLanguage":"it-IT","potentialAction":[{"@type":"ReadAction","target":["https:\/\/www.article-marketing.eu\/comunicatistampa\/feeda-solstizio-dinverno\/"]}]},{"@type":"ImageObject","inLanguage":"it-IT","@id":"https:\/\/www.article-marketing.eu\/comunicatistampa\/feeda-solstizio-dinverno\/#primaryimage","url":"https:\/\/www.musicflash.it\/wp-content\/uploads\/2022\/06\/Cover-Feeda.jpg","contentUrl":"https:\/\/www.musicflash.it\/wp-content\/uploads\/2022\/06\/Cover-Feeda.jpg"},{"@type":"BreadcrumbList","@id":"https:\/\/www.article-marketing.eu\/comunicatistampa\/feeda-solstizio-dinverno\/#breadcrumb","itemListElement":[{"@type":"ListItem","position":1,"name":"Home","item":"https:\/\/www.article-marketing.eu\/comunicatistampa\/"},{"@type":"ListItem","position":2,"name":"Feeda, Solstizio d&#8217;Inverno"}]},{"@type":"WebSite","@id":"https:\/\/www.article-marketing.eu\/comunicatistampa\/#website","url":"https:\/\/www.article-marketing.eu\/comunicatistampa\/","name":"Article Marketing","description":"article marketing &amp; press release","potentialAction":[{"@type":"SearchAction","target":{"@type":"EntryPoint","urlTemplate":"https:\/\/www.article-marketing.eu\/comunicatistampa\/?s={search_term_string}"},"query-input":{"@type":"PropertyValueSpecification","valueRequired":true,"valueName":"search_term_string"}}],"inLanguage":"it-IT"},{"@type":"Person","@id":"https:\/\/www.article-marketing.eu\/comunicatistampa\/#\/schema\/person\/9beeb909be59832a9bcbec84cb3786f5","name":"Micro961","image":{"@type":"ImageObject","inLanguage":"it-IT","@id":"https:\/\/secure.gravatar.com\/avatar\/cd6f5864b85cc3687c05b2965bb186afcd70a2a89789a156c92a4f1d66e87827?s=96&d=mm&r=g","url":"https:\/\/secure.gravatar.com\/avatar\/cd6f5864b85cc3687c05b2965bb186afcd70a2a89789a156c92a4f1d66e87827?s=96&d=mm&r=g","contentUrl":"https:\/\/secure.gravatar.com\/avatar\/cd6f5864b85cc3687c05b2965bb186afcd70a2a89789a156c92a4f1d66e87827?s=96&d=mm&r=g","caption":"Micro961"},"url":"https:\/\/www.article-marketing.eu\/comunicatistampa\/author\/micro961\/"}]}},"_links":{"self":[{"href":"https:\/\/www.article-marketing.eu\/comunicatistampa\/wp-json\/wp\/v2\/posts\/23685","targetHints":{"allow":["GET"]}}],"collection":[{"href":"https:\/\/www.article-marketing.eu\/comunicatistampa\/wp-json\/wp\/v2\/posts"}],"about":[{"href":"https:\/\/www.article-marketing.eu\/comunicatistampa\/wp-json\/wp\/v2\/types\/post"}],"author":[{"embeddable":true,"href":"https:\/\/www.article-marketing.eu\/comunicatistampa\/wp-json\/wp\/v2\/users\/1680"}],"replies":[{"embeddable":true,"href":"https:\/\/www.article-marketing.eu\/comunicatistampa\/wp-json\/wp\/v2\/comments?post=23685"}],"version-history":[{"count":2,"href":"https:\/\/www.article-marketing.eu\/comunicatistampa\/wp-json\/wp\/v2\/posts\/23685\/revisions"}],"predecessor-version":[{"id":23790,"href":"https:\/\/www.article-marketing.eu\/comunicatistampa\/wp-json\/wp\/v2\/posts\/23685\/revisions\/23790"}],"wp:attachment":[{"href":"https:\/\/www.article-marketing.eu\/comunicatistampa\/wp-json\/wp\/v2\/media?parent=23685"}],"wp:term":[{"taxonomy":"category","embeddable":true,"href":"https:\/\/www.article-marketing.eu\/comunicatistampa\/wp-json\/wp\/v2\/categories?post=23685"},{"taxonomy":"post_tag","embeddable":true,"href":"https:\/\/www.article-marketing.eu\/comunicatistampa\/wp-json\/wp\/v2\/tags?post=23685"}],"curies":[{"name":"wp","href":"https:\/\/api.w.org\/{rel}","templated":true}]}}