{"id":23698,"date":"2022-07-01T08:10:37","date_gmt":"2022-07-01T06:10:37","guid":{"rendered":"https:\/\/www.article-marketing.eu\/comunicatistampa\/?p=23698"},"modified":"2022-06-29T15:16:47","modified_gmt":"2022-06-29T13:16:47","slug":"claudio-machetti-le-attivita-della-global-energy-and-commodity-management-di-enel","status":"publish","type":"post","link":"https:\/\/www.article-marketing.eu\/comunicatistampa\/claudio-machetti-le-attivita-della-global-energy-and-commodity-management-di-enel\/","title":{"rendered":"Claudio Machetti: le attivit\u00e0 della Global energy and commodity management di Enel"},"content":{"rendered":"<p><em><strong>Direttore della Global Energy and Commodity Management Business Line di Enel, <a title=\"Claudio Machetti: la Business Line di Enel\" href=\"https:\/\/www.key4biz.it\/enel-presenta-la-linea-global-energy-and-commodity-management\/350811\/\">Claudio Machetti<\/a> spiega come il nuovo nome sia il risultato &#8220;del lungo viaggio che la nostra linea di business ha iniziato alcuni anni fa per rispecchiare l&#8217;evoluzione della mission del Gruppo Enel&#8221;.<\/strong><\/em><\/p>\n<p><a title=\"Claudio Machetti: le dichiarazioni - key4biz\" href=\"https:\/\/www.key4biz.it\/enel-presenta-la-linea-global-energy-and-commodity-management\/350811\/\"><img decoding=\"async\" src=\"https:\/\/www.topmanagers.it\/SharingFolder\/TopManager\/it\/ManagerProfilePhoto\/Photo\/claudio-machetti-profilo-topmanagers.jpg\" alt=\"Claudio Machetti\" width=\"120\" \/><\/a><\/p>\n<h2>Claudio Machetti: la Global energy and commodity management Business Line<\/h2>\n<p><em>&#8220;La forte attenzione alle energie rinnovabili, la strategia di decarbonizzazione del Gruppo e la crescente attivit\u00e0 sui mercati wholesale dell&#8217;elettricit\u00e0 hanno rimodellato il nostro modo di lavorare, che \u00e8 ben rappresentato nel nuovo nome della linea di business&#8221;<\/em>: <strong>Claudio Machetti<\/strong>, Responsabile della linea Global energy and commodity management di Enel, ha sottolineato in questo modo l&#8217;evoluzione del modello di business del Gruppo. Oggi pi\u00f9 focalizzata sui mercati dell&#8217;energia elettrica, vendita all&#8217;ingrosso, ottimizzazione e hedging della produzione, la Global energy and commodity management punta sempre pi\u00f9 sulla sostenibilit\u00e0 e, facendo leva sui principi dell&#8217;economia circolare adottati dal Gruppo, investe sulle spedizioni e la logistica, nonch\u00e9 sul riciclo creando valore dalle materie prime secondarie, dai materiali a fine vita o dai beni usati.<\/p>\n<h2>Claudio Machetti: il percorso manager in Enel<\/h2>\n<p><a title=\"Claudio Machetti: l'attenzione alle rinnovabili\" href=\"https:\/\/www.key4biz.it\/enel-presenta-la-linea-global-energy-and-commodity-management\/350811\/\">Claudio Machetti<\/a>, oggi Direttore della Global Energy and Commodity Management Business Line di Enel, entra a far parte del Gruppo nel 2000, inizialmente come Responsabile dell&#8217;Area Finanza. Nel 2005 assume l&#8217;incarico di Direttore Finanziario, per poi essere nominato Direttore della funzione Risk Management. \u00c8 il 2014 quando viene scelto per guidare la Direzione Global Trading, cambiata nel marzo 2021 in Global Energy and Commodity Management Business Line. Contemporaneamente opera come Presidente del Consiglio di Amministrazione di Enel Global Trading S.p.A. <strong>Claudio Machetti<\/strong> \u00e8 stato Presidente di FondEnel e di Fopen, il fondo pensione del personale di Enel, e ha operato come membro dei CdA di Endesa, Terna, Wind ed altre consociate del Gruppo Enel. Nel corso della sua carriera ha anche assunto il ruolo di Amministratore Delegato per diverse societ\u00e0 attive in ambito finanziario.<\/p>\n","protected":false},"excerpt":{"rendered":"<p>Direttore della Global Energy and Commodity Management Business Line di Enel, Claudio Machetti spiega come il nuovo nome sia il risultato &#8220;del lungo viaggio che la nostra linea di business ha iniziato alcuni anni fa per rispecchiare l&#8217;evoluzione della mission del Gruppo Enel&#8221;. Claudio Machetti: la Global energy and commodity management Business Line &#8220;La forte attenzione alle energie rinnovabili, la strategia di decarbonizzazione del Gruppo e la crescente attivit\u00e0 sui<\/p>\n<p><a class=\"continue-reading\" href=\"https:\/\/www.article-marketing.eu\/comunicatistampa\/claudio-machetti-le-attivita-della-global-energy-and-commodity-management-di-enel\/\">Continue reading&#8230;<\/a><\/p>\n","protected":false},"author":6477,"featured_media":0,"comment_status":"open","ping_status":"open","sticky":false,"template":"","format":"standard","meta":{"_monsterinsights_skip_tracking":false,"_monsterinsights_sitenote_active":false,"_monsterinsights_sitenote_note":"","_monsterinsights_sitenote_category":0,"footnotes":""},"categories":[386],"tags":[9886],"class_list":["post-23698","post","type-post","status-publish","format-standard","hentry","category-economia-e-lavoro","tag-claudio-machetti"],"yoast_head":"<!-- This site is optimized with the Yoast SEO plugin v27.3 - https:\/\/yoast.com\/product\/yoast-seo-wordpress\/ -->\n<title>Claudio Machetti: le attivit\u00e0 della Global energy and commodity management di Enel<\/title>\n<meta name=\"robots\" content=\"index, follow, max-snippet:-1, max-image-preview:large, max-video-preview:-1\" \/>\n<link rel=\"canonical\" href=\"https:\/\/www.article-marketing.eu\/comunicatistampa\/claudio-machetti-le-attivita-della-global-energy-and-commodity-management-di-enel\/\" \/>\n<meta property=\"og:locale\" content=\"it_IT\" \/>\n<meta property=\"og:type\" content=\"article\" \/>\n<meta property=\"og:title\" content=\"Claudio Machetti: le attivit\u00e0 della Global energy and commodity management di Enel\" \/>\n<meta property=\"og:description\" content=\"Direttore della Global Energy and Commodity Management Business Line di Enel, Claudio Machetti spiega come il nuovo nome sia il risultato &#8220;del lungo viaggio che la nostra linea di business ha iniziato alcuni anni fa per rispecchiare l&#8217;evoluzione della mission del Gruppo Enel&#8221;. Claudio Machetti: la Global energy and commodity management Business Line &#8220;La forte attenzione alle energie rinnovabili, la strategia di decarbonizzazione del Gruppo e la crescente attivit\u00e0 suiContinue reading...\" \/>\n<meta property=\"og:url\" content=\"https:\/\/www.article-marketing.eu\/comunicatistampa\/claudio-machetti-le-attivita-della-global-energy-and-commodity-management-di-enel\/\" \/>\n<meta property=\"og:site_name\" content=\"Article Marketing\" \/>\n<meta property=\"article:published_time\" content=\"2022-07-01T06:10:37+00:00\" \/>\n<meta property=\"og:image\" content=\"https:\/\/www.topmanagers.it\/SharingFolder\/TopManager\/it\/ManagerProfilePhoto\/Photo\/claudio-machetti-profilo-topmanagers.jpg\" \/>\n<meta name=\"author\" content=\"articolinews\" \/>\n<meta name=\"twitter:card\" content=\"summary_large_image\" \/>\n<meta name=\"twitter:label1\" content=\"Scritto da\" \/>\n\t<meta name=\"twitter:data1\" content=\"articolinews\" \/>\n\t<meta name=\"twitter:label2\" content=\"Tempo di lettura stimato\" \/>\n\t<meta name=\"twitter:data2\" content=\"2 minuti\" \/>\n<script type=\"application\/ld+json\" class=\"yoast-schema-graph\">{\"@context\":\"https:\\\/\\\/schema.org\",\"@graph\":[{\"@type\":\"Article\",\"@id\":\"https:\\\/\\\/www.article-marketing.eu\\\/comunicatistampa\\\/claudio-machetti-le-attivita-della-global-energy-and-commodity-management-di-enel\\\/#article\",\"isPartOf\":{\"@id\":\"https:\\\/\\\/www.article-marketing.eu\\\/comunicatistampa\\\/claudio-machetti-le-attivita-della-global-energy-and-commodity-management-di-enel\\\/\"},\"author\":{\"name\":\"articolinews\",\"@id\":\"https:\\\/\\\/www.article-marketing.eu\\\/comunicatistampa\\\/#\\\/schema\\\/person\\\/2fcaf8f8f3a9eef9eb7f27532d3ca458\"},\"headline\":\"Claudio Machetti: le attivit\u00e0 della Global energy and commodity management di Enel\",\"datePublished\":\"2022-07-01T06:10:37+00:00\",\"mainEntityOfPage\":{\"@id\":\"https:\\\/\\\/www.article-marketing.eu\\\/comunicatistampa\\\/claudio-machetti-le-attivita-della-global-energy-and-commodity-management-di-enel\\\/\"},\"wordCount\":322,\"commentCount\":0,\"image\":{\"@id\":\"https:\\\/\\\/www.article-marketing.eu\\\/comunicatistampa\\\/claudio-machetti-le-attivita-della-global-energy-and-commodity-management-di-enel\\\/#primaryimage\"},\"thumbnailUrl\":\"https:\\\/\\\/www.topmanagers.it\\\/SharingFolder\\\/TopManager\\\/it\\\/ManagerProfilePhoto\\\/Photo\\\/claudio-machetti-profilo-topmanagers.jpg\",\"keywords\":[\"Claudio Machetti\"],\"articleSection\":[\"Economia e lavoro\"],\"inLanguage\":\"it-IT\",\"potentialAction\":[{\"@type\":\"CommentAction\",\"name\":\"Comment\",\"target\":[\"https:\\\/\\\/www.article-marketing.eu\\\/comunicatistampa\\\/claudio-machetti-le-attivita-della-global-energy-and-commodity-management-di-enel\\\/#respond\"]}]},{\"@type\":\"WebPage\",\"@id\":\"https:\\\/\\\/www.article-marketing.eu\\\/comunicatistampa\\\/claudio-machetti-le-attivita-della-global-energy-and-commodity-management-di-enel\\\/\",\"url\":\"https:\\\/\\\/www.article-marketing.eu\\\/comunicatistampa\\\/claudio-machetti-le-attivita-della-global-energy-and-commodity-management-di-enel\\\/\",\"name\":\"Claudio Machetti: le attivit\u00e0 della Global energy and commodity management di Enel\",\"isPartOf\":{\"@id\":\"https:\\\/\\\/www.article-marketing.eu\\\/comunicatistampa\\\/#website\"},\"primaryImageOfPage\":{\"@id\":\"https:\\\/\\\/www.article-marketing.eu\\\/comunicatistampa\\\/claudio-machetti-le-attivita-della-global-energy-and-commodity-management-di-enel\\\/#primaryimage\"},\"image\":{\"@id\":\"https:\\\/\\\/www.article-marketing.eu\\\/comunicatistampa\\\/claudio-machetti-le-attivita-della-global-energy-and-commodity-management-di-enel\\\/#primaryimage\"},\"thumbnailUrl\":\"https:\\\/\\\/www.topmanagers.it\\\/SharingFolder\\\/TopManager\\\/it\\\/ManagerProfilePhoto\\\/Photo\\\/claudio-machetti-profilo-topmanagers.jpg\",\"datePublished\":\"2022-07-01T06:10:37+00:00\",\"author\":{\"@id\":\"https:\\\/\\\/www.article-marketing.eu\\\/comunicatistampa\\\/#\\\/schema\\\/person\\\/2fcaf8f8f3a9eef9eb7f27532d3ca458\"},\"breadcrumb\":{\"@id\":\"https:\\\/\\\/www.article-marketing.eu\\\/comunicatistampa\\\/claudio-machetti-le-attivita-della-global-energy-and-commodity-management-di-enel\\\/#breadcrumb\"},\"inLanguage\":\"it-IT\",\"potentialAction\":[{\"@type\":\"ReadAction\",\"target\":[\"https:\\\/\\\/www.article-marketing.eu\\\/comunicatistampa\\\/claudio-machetti-le-attivita-della-global-energy-and-commodity-management-di-enel\\\/\"]}]},{\"@type\":\"ImageObject\",\"inLanguage\":\"it-IT\",\"@id\":\"https:\\\/\\\/www.article-marketing.eu\\\/comunicatistampa\\\/claudio-machetti-le-attivita-della-global-energy-and-commodity-management-di-enel\\\/#primaryimage\",\"url\":\"https:\\\/\\\/www.topmanagers.it\\\/SharingFolder\\\/TopManager\\\/it\\\/ManagerProfilePhoto\\\/Photo\\\/claudio-machetti-profilo-topmanagers.jpg\",\"contentUrl\":\"https:\\\/\\\/www.topmanagers.it\\\/SharingFolder\\\/TopManager\\\/it\\\/ManagerProfilePhoto\\\/Photo\\\/claudio-machetti-profilo-topmanagers.jpg\"},{\"@type\":\"BreadcrumbList\",\"@id\":\"https:\\\/\\\/www.article-marketing.eu\\\/comunicatistampa\\\/claudio-machetti-le-attivita-della-global-energy-and-commodity-management-di-enel\\\/#breadcrumb\",\"itemListElement\":[{\"@type\":\"ListItem\",\"position\":1,\"name\":\"Home\",\"item\":\"https:\\\/\\\/www.article-marketing.eu\\\/comunicatistampa\\\/\"},{\"@type\":\"ListItem\",\"position\":2,\"name\":\"Claudio Machetti: le attivit\u00e0 della Global energy and commodity management di Enel\"}]},{\"@type\":\"WebSite\",\"@id\":\"https:\\\/\\\/www.article-marketing.eu\\\/comunicatistampa\\\/#website\",\"url\":\"https:\\\/\\\/www.article-marketing.eu\\\/comunicatistampa\\\/\",\"name\":\"Article Marketing\",\"description\":\"article marketing &amp; press release\",\"potentialAction\":[{\"@type\":\"SearchAction\",\"target\":{\"@type\":\"EntryPoint\",\"urlTemplate\":\"https:\\\/\\\/www.article-marketing.eu\\\/comunicatistampa\\\/?s={search_term_string}\"},\"query-input\":{\"@type\":\"PropertyValueSpecification\",\"valueRequired\":true,\"valueName\":\"search_term_string\"}}],\"inLanguage\":\"it-IT\"},{\"@type\":\"Person\",\"@id\":\"https:\\\/\\\/www.article-marketing.eu\\\/comunicatistampa\\\/#\\\/schema\\\/person\\\/2fcaf8f8f3a9eef9eb7f27532d3ca458\",\"name\":\"articolinews\",\"image\":{\"@type\":\"ImageObject\",\"inLanguage\":\"it-IT\",\"@id\":\"https:\\\/\\\/secure.gravatar.com\\\/avatar\\\/9e2a264bab04e17dea24d937c9956304649a848cb73c46747a692ff1bdeb1cb7?s=96&d=mm&r=g\",\"url\":\"https:\\\/\\\/secure.gravatar.com\\\/avatar\\\/9e2a264bab04e17dea24d937c9956304649a848cb73c46747a692ff1bdeb1cb7?s=96&d=mm&r=g\",\"contentUrl\":\"https:\\\/\\\/secure.gravatar.com\\\/avatar\\\/9e2a264bab04e17dea24d937c9956304649a848cb73c46747a692ff1bdeb1cb7?s=96&d=mm&r=g\",\"caption\":\"articolinews\"},\"url\":\"https:\\\/\\\/www.article-marketing.eu\\\/comunicatistampa\\\/author\\\/articolinews\\\/\"}]}<\/script>\n<!-- \/ Yoast SEO plugin. -->","yoast_head_json":{"title":"Claudio Machetti: le attivit\u00e0 della Global energy and commodity management di Enel","robots":{"index":"index","follow":"follow","max-snippet":"max-snippet:-1","max-image-preview":"max-image-preview:large","max-video-preview":"max-video-preview:-1"},"canonical":"https:\/\/www.article-marketing.eu\/comunicatistampa\/claudio-machetti-le-attivita-della-global-energy-and-commodity-management-di-enel\/","og_locale":"it_IT","og_type":"article","og_title":"Claudio Machetti: le attivit\u00e0 della Global energy and commodity management di Enel","og_description":"Direttore della Global Energy and Commodity Management Business Line di Enel, Claudio Machetti spiega come il nuovo nome sia il risultato &#8220;del lungo viaggio che la nostra linea di business ha iniziato alcuni anni fa per rispecchiare l&#8217;evoluzione della mission del Gruppo Enel&#8221;. Claudio Machetti: la Global energy and commodity management Business Line &#8220;La forte attenzione alle energie rinnovabili, la strategia di decarbonizzazione del Gruppo e la crescente attivit\u00e0 suiContinue reading...","og_url":"https:\/\/www.article-marketing.eu\/comunicatistampa\/claudio-machetti-le-attivita-della-global-energy-and-commodity-management-di-enel\/","og_site_name":"Article Marketing","article_published_time":"2022-07-01T06:10:37+00:00","og_image":[{"url":"https:\/\/www.topmanagers.it\/SharingFolder\/TopManager\/it\/ManagerProfilePhoto\/Photo\/claudio-machetti-profilo-topmanagers.jpg","type":"","width":"","height":""}],"author":"articolinews","twitter_card":"summary_large_image","twitter_misc":{"Scritto da":"articolinews","Tempo di lettura stimato":"2 minuti"},"schema":{"@context":"https:\/\/schema.org","@graph":[{"@type":"Article","@id":"https:\/\/www.article-marketing.eu\/comunicatistampa\/claudio-machetti-le-attivita-della-global-energy-and-commodity-management-di-enel\/#article","isPartOf":{"@id":"https:\/\/www.article-marketing.eu\/comunicatistampa\/claudio-machetti-le-attivita-della-global-energy-and-commodity-management-di-enel\/"},"author":{"name":"articolinews","@id":"https:\/\/www.article-marketing.eu\/comunicatistampa\/#\/schema\/person\/2fcaf8f8f3a9eef9eb7f27532d3ca458"},"headline":"Claudio Machetti: le attivit\u00e0 della Global energy and commodity management di Enel","datePublished":"2022-07-01T06:10:37+00:00","mainEntityOfPage":{"@id":"https:\/\/www.article-marketing.eu\/comunicatistampa\/claudio-machetti-le-attivita-della-global-energy-and-commodity-management-di-enel\/"},"wordCount":322,"commentCount":0,"image":{"@id":"https:\/\/www.article-marketing.eu\/comunicatistampa\/claudio-machetti-le-attivita-della-global-energy-and-commodity-management-di-enel\/#primaryimage"},"thumbnailUrl":"https:\/\/www.topmanagers.it\/SharingFolder\/TopManager\/it\/ManagerProfilePhoto\/Photo\/claudio-machetti-profilo-topmanagers.jpg","keywords":["Claudio Machetti"],"articleSection":["Economia e lavoro"],"inLanguage":"it-IT","potentialAction":[{"@type":"CommentAction","name":"Comment","target":["https:\/\/www.article-marketing.eu\/comunicatistampa\/claudio-machetti-le-attivita-della-global-energy-and-commodity-management-di-enel\/#respond"]}]},{"@type":"WebPage","@id":"https:\/\/www.article-marketing.eu\/comunicatistampa\/claudio-machetti-le-attivita-della-global-energy-and-commodity-management-di-enel\/","url":"https:\/\/www.article-marketing.eu\/comunicatistampa\/claudio-machetti-le-attivita-della-global-energy-and-commodity-management-di-enel\/","name":"Claudio Machetti: le attivit\u00e0 della Global energy and commodity management di Enel","isPartOf":{"@id":"https:\/\/www.article-marketing.eu\/comunicatistampa\/#website"},"primaryImageOfPage":{"@id":"https:\/\/www.article-marketing.eu\/comunicatistampa\/claudio-machetti-le-attivita-della-global-energy-and-commodity-management-di-enel\/#primaryimage"},"image":{"@id":"https:\/\/www.article-marketing.eu\/comunicatistampa\/claudio-machetti-le-attivita-della-global-energy-and-commodity-management-di-enel\/#primaryimage"},"thumbnailUrl":"https:\/\/www.topmanagers.it\/SharingFolder\/TopManager\/it\/ManagerProfilePhoto\/Photo\/claudio-machetti-profilo-topmanagers.jpg","datePublished":"2022-07-01T06:10:37+00:00","author":{"@id":"https:\/\/www.article-marketing.eu\/comunicatistampa\/#\/schema\/person\/2fcaf8f8f3a9eef9eb7f27532d3ca458"},"breadcrumb":{"@id":"https:\/\/www.article-marketing.eu\/comunicatistampa\/claudio-machetti-le-attivita-della-global-energy-and-commodity-management-di-enel\/#breadcrumb"},"inLanguage":"it-IT","potentialAction":[{"@type":"ReadAction","target":["https:\/\/www.article-marketing.eu\/comunicatistampa\/claudio-machetti-le-attivita-della-global-energy-and-commodity-management-di-enel\/"]}]},{"@type":"ImageObject","inLanguage":"it-IT","@id":"https:\/\/www.article-marketing.eu\/comunicatistampa\/claudio-machetti-le-attivita-della-global-energy-and-commodity-management-di-enel\/#primaryimage","url":"https:\/\/www.topmanagers.it\/SharingFolder\/TopManager\/it\/ManagerProfilePhoto\/Photo\/claudio-machetti-profilo-topmanagers.jpg","contentUrl":"https:\/\/www.topmanagers.it\/SharingFolder\/TopManager\/it\/ManagerProfilePhoto\/Photo\/claudio-machetti-profilo-topmanagers.jpg"},{"@type":"BreadcrumbList","@id":"https:\/\/www.article-marketing.eu\/comunicatistampa\/claudio-machetti-le-attivita-della-global-energy-and-commodity-management-di-enel\/#breadcrumb","itemListElement":[{"@type":"ListItem","position":1,"name":"Home","item":"https:\/\/www.article-marketing.eu\/comunicatistampa\/"},{"@type":"ListItem","position":2,"name":"Claudio Machetti: le attivit\u00e0 della Global energy and commodity management di Enel"}]},{"@type":"WebSite","@id":"https:\/\/www.article-marketing.eu\/comunicatistampa\/#website","url":"https:\/\/www.article-marketing.eu\/comunicatistampa\/","name":"Article Marketing","description":"article marketing &amp; press release","potentialAction":[{"@type":"SearchAction","target":{"@type":"EntryPoint","urlTemplate":"https:\/\/www.article-marketing.eu\/comunicatistampa\/?s={search_term_string}"},"query-input":{"@type":"PropertyValueSpecification","valueRequired":true,"valueName":"search_term_string"}}],"inLanguage":"it-IT"},{"@type":"Person","@id":"https:\/\/www.article-marketing.eu\/comunicatistampa\/#\/schema\/person\/2fcaf8f8f3a9eef9eb7f27532d3ca458","name":"articolinews","image":{"@type":"ImageObject","inLanguage":"it-IT","@id":"https:\/\/secure.gravatar.com\/avatar\/9e2a264bab04e17dea24d937c9956304649a848cb73c46747a692ff1bdeb1cb7?s=96&d=mm&r=g","url":"https:\/\/secure.gravatar.com\/avatar\/9e2a264bab04e17dea24d937c9956304649a848cb73c46747a692ff1bdeb1cb7?s=96&d=mm&r=g","contentUrl":"https:\/\/secure.gravatar.com\/avatar\/9e2a264bab04e17dea24d937c9956304649a848cb73c46747a692ff1bdeb1cb7?s=96&d=mm&r=g","caption":"articolinews"},"url":"https:\/\/www.article-marketing.eu\/comunicatistampa\/author\/articolinews\/"}]}},"_links":{"self":[{"href":"https:\/\/www.article-marketing.eu\/comunicatistampa\/wp-json\/wp\/v2\/posts\/23698","targetHints":{"allow":["GET"]}}],"collection":[{"href":"https:\/\/www.article-marketing.eu\/comunicatistampa\/wp-json\/wp\/v2\/posts"}],"about":[{"href":"https:\/\/www.article-marketing.eu\/comunicatistampa\/wp-json\/wp\/v2\/types\/post"}],"author":[{"embeddable":true,"href":"https:\/\/www.article-marketing.eu\/comunicatistampa\/wp-json\/wp\/v2\/users\/6477"}],"replies":[{"embeddable":true,"href":"https:\/\/www.article-marketing.eu\/comunicatistampa\/wp-json\/wp\/v2\/comments?post=23698"}],"version-history":[{"count":2,"href":"https:\/\/www.article-marketing.eu\/comunicatistampa\/wp-json\/wp\/v2\/posts\/23698\/revisions"}],"predecessor-version":[{"id":23793,"href":"https:\/\/www.article-marketing.eu\/comunicatistampa\/wp-json\/wp\/v2\/posts\/23698\/revisions\/23793"}],"wp:attachment":[{"href":"https:\/\/www.article-marketing.eu\/comunicatistampa\/wp-json\/wp\/v2\/media?parent=23698"}],"wp:term":[{"taxonomy":"category","embeddable":true,"href":"https:\/\/www.article-marketing.eu\/comunicatistampa\/wp-json\/wp\/v2\/categories?post=23698"},{"taxonomy":"post_tag","embeddable":true,"href":"https:\/\/www.article-marketing.eu\/comunicatistampa\/wp-json\/wp\/v2\/tags?post=23698"}],"curies":[{"name":"wp","href":"https:\/\/api.w.org\/{rel}","templated":true}]}}