{"id":23708,"date":"2022-07-01T07:10:44","date_gmt":"2022-07-01T05:10:44","guid":{"rendered":"https:\/\/www.article-marketing.eu\/comunicatistampa\/?p=23708"},"modified":"2022-06-29T15:18:14","modified_gmt":"2022-06-29T13:18:14","slug":"marco-domizio-ares-ambiente-i-traguardi-dellazienda","status":"publish","type":"post","link":"https:\/\/www.article-marketing.eu\/comunicatistampa\/marco-domizio-ares-ambiente-i-traguardi-dellazienda\/","title":{"rendered":"Marco Domizio, Ares Ambiente: i traguardi dell\u2019azienda"},"content":{"rendered":"<p><em><strong>Solidit\u00e0 finanziaria, un&#8217;ampia offerta di soluzioni e diversi riconoscimenti sono i risultati ottenuti da Ares Ambiente, iniziativa imprenditoriale di <a title=\"Marco Domizio - LinkedIn\" href=\"https:\/\/it.linkedin.com\/in\/domiziomarco\">Marco Domizio<\/a>.<\/strong><\/em><\/p>\n<p><img loading=\"lazy\" decoding=\"async\" class=\"alignnone\" src=\"https:\/\/h2biz.net\/images\/Plats\/crop_min_20220323094859.jpg\" alt=\"Marco Domizio\" width=\"120\" height=\"120\" \/><\/p>\n<h2>Marco Domizio: le tappe principali di una carriera dedicata al settore dell&#8217;intermediazione dei rifiuti<\/h2>\n<p>Esperto in intermediazione dei rifiuti, <strong>Marco Nicola Domizio<\/strong> nasce a Bergamo. Fin dai primi anni di attivit\u00e0 professionale, iniziata subito dopo il diploma, collabora con diverse aziende attive nel settore. Per sei anni lavora per una realt\u00e0 attiva in Lombardia, per la quale si occupa anche di gare di appalto. Viene poi assunto come Responsabile Commerciale di una societ\u00e0 specializzata in attivit\u00e0 di spurghi e pulizie industriali. Poco dopo entra con lo stesso ruolo in una primaria azienda attiva nella provincia di Milano, dove porta a termine diversi progetti di rilievo, tra cui l&#8217;installazione di sette impianti di trito-vagliatura in Campania e la realizzazione di un impianto di compostaggio, attivo ancor oggi, nell&#8217;hinterland bergamasco. In quegli anni <strong>Marco Domizio<\/strong> ricopre anche diversi incarichi manageriali (responsabile di una cava di estrazione di minerali naturali) e amplia le sue conoscenze del settore aggiungendo il trasporto transfrontaliero di rifiuti, sia a mezzo gomma\/intermodale che a mezzo nave. Consolida le sue esperienze collaborando con due societ\u00e0 attive nel settore dell&#8217;ambiente e nel 2008 decide di fondare a Treviolo (BG) <strong>Ares Ambiente<\/strong>.<\/p>\n<h2>Marco Nicola Domizio: Ares Ambiente, da piccola realt\u00e0 a Best Performer della provincia di Bergamo<\/h2>\n<p>Alla nuova realt\u00e0 bastano poco pi\u00f9 di dieci anni per affermarsi come leader nel panorama italiano. Oggi <strong>Ares Ambiente<\/strong> opera su tutto il territorio nazionale, occupandosi di attivit\u00e0 di smaltimento, recupero e trasporto di rifiuti speciali, pericolosi e non pericolosi, offrendo soluzioni per il trattamento di oltre 830 codici CER. Certificazioni in materia di Qualit\u00e0, Ambiente, Sicurezza e Responsabilit\u00e0 sociale, alle quali si aggiunge anche l&#8217;adozione di un Codice Etico, completano il profilo dell&#8217;azienda fondata da <strong>Marco Domizio<\/strong>, che fin dai primi anni porta avanti con forza valori di trasparenza, efficienza ed economicit\u00e0. I risultati non si sono fatti attendere, come testimonia il recente riconoscimento ottenuto dal &#8220;LombardiaPost&#8221;, che ha inserito <strong>Ares Ambiente<\/strong> tra le aziende &#8220;Best Performer&#8221; del 2021 proprio per la solidit\u00e0 finanziaria dimostrata nel triennio precedente. Un&#8217;evoluzione destinata a continuare: di recente <strong>Marco Domizio<\/strong> ha fatto sapere che la societ\u00e0 \u00e8 al lavoro per realizzare un nuovo impianto di compostaggio destinato al trattamento della FORSU, che sorger\u00e0 in provincia di Bergamo.<\/p>\n","protected":false},"excerpt":{"rendered":"<p>Solidit\u00e0 finanziaria, un&#8217;ampia offerta di soluzioni e diversi riconoscimenti sono i risultati ottenuti da Ares Ambiente, iniziativa imprenditoriale di Marco Domizio. Marco Domizio: le tappe principali di una carriera dedicata al settore dell&#8217;intermediazione dei rifiuti Esperto in intermediazione dei rifiuti, Marco Nicola Domizio nasce a Bergamo. Fin dai primi anni di attivit\u00e0 professionale, iniziata subito dopo il diploma, collabora con diverse aziende attive nel settore. Per sei anni lavora per<\/p>\n<p><a class=\"continue-reading\" href=\"https:\/\/www.article-marketing.eu\/comunicatistampa\/marco-domizio-ares-ambiente-i-traguardi-dellazienda\/\">Continue reading&#8230;<\/a><\/p>\n","protected":false},"author":6477,"featured_media":0,"comment_status":"open","ping_status":"open","sticky":false,"template":"","format":"standard","meta":{"_monsterinsights_skip_tracking":false,"_monsterinsights_sitenote_active":false,"_monsterinsights_sitenote_note":"","_monsterinsights_sitenote_category":0,"footnotes":""},"categories":[390],"tags":[9620],"class_list":["post-23708","post","type-post","status-publish","format-standard","hentry","category-professionisti","tag-marco-domizio"],"yoast_head":"<!-- This site is optimized with the Yoast SEO plugin v27.3 - https:\/\/yoast.com\/product\/yoast-seo-wordpress\/ -->\n<title>Marco Domizio, Ares Ambiente: i traguardi dell\u2019azienda - Article Marketing<\/title>\n<meta name=\"robots\" content=\"index, follow, max-snippet:-1, max-image-preview:large, max-video-preview:-1\" \/>\n<link rel=\"canonical\" href=\"https:\/\/www.article-marketing.eu\/comunicatistampa\/marco-domizio-ares-ambiente-i-traguardi-dellazienda\/\" \/>\n<meta property=\"og:locale\" content=\"it_IT\" \/>\n<meta property=\"og:type\" content=\"article\" \/>\n<meta property=\"og:title\" content=\"Marco Domizio, Ares Ambiente: i traguardi dell\u2019azienda - Article Marketing\" \/>\n<meta property=\"og:description\" content=\"Solidit\u00e0 finanziaria, un&#8217;ampia offerta di soluzioni e diversi riconoscimenti sono i risultati ottenuti da Ares Ambiente, iniziativa imprenditoriale di Marco Domizio. Marco Domizio: le tappe principali di una carriera dedicata al settore dell&#8217;intermediazione dei rifiuti Esperto in intermediazione dei rifiuti, Marco Nicola Domizio nasce a Bergamo. Fin dai primi anni di attivit\u00e0 professionale, iniziata subito dopo il diploma, collabora con diverse aziende attive nel settore. Per sei anni lavora perContinue reading...\" \/>\n<meta property=\"og:url\" content=\"https:\/\/www.article-marketing.eu\/comunicatistampa\/marco-domizio-ares-ambiente-i-traguardi-dellazienda\/\" \/>\n<meta property=\"og:site_name\" content=\"Article Marketing\" \/>\n<meta property=\"article:published_time\" content=\"2022-07-01T05:10:44+00:00\" \/>\n<meta property=\"og:image\" content=\"https:\/\/h2biz.net\/images\/Plats\/crop_min_20220323094859.jpg\" \/>\n<meta name=\"author\" content=\"articolinews\" \/>\n<meta name=\"twitter:card\" content=\"summary_large_image\" \/>\n<meta name=\"twitter:label1\" content=\"Scritto da\" \/>\n\t<meta name=\"twitter:data1\" content=\"articolinews\" \/>\n\t<meta name=\"twitter:label2\" content=\"Tempo di lettura stimato\" \/>\n\t<meta name=\"twitter:data2\" content=\"2 minuti\" \/>\n<script type=\"application\/ld+json\" class=\"yoast-schema-graph\">{\"@context\":\"https:\\\/\\\/schema.org\",\"@graph\":[{\"@type\":\"Article\",\"@id\":\"https:\\\/\\\/www.article-marketing.eu\\\/comunicatistampa\\\/marco-domizio-ares-ambiente-i-traguardi-dellazienda\\\/#article\",\"isPartOf\":{\"@id\":\"https:\\\/\\\/www.article-marketing.eu\\\/comunicatistampa\\\/marco-domizio-ares-ambiente-i-traguardi-dellazienda\\\/\"},\"author\":{\"name\":\"articolinews\",\"@id\":\"https:\\\/\\\/www.article-marketing.eu\\\/comunicatistampa\\\/#\\\/schema\\\/person\\\/2fcaf8f8f3a9eef9eb7f27532d3ca458\"},\"headline\":\"Marco Domizio, Ares Ambiente: i traguardi dell\u2019azienda\",\"datePublished\":\"2022-07-01T05:10:44+00:00\",\"mainEntityOfPage\":{\"@id\":\"https:\\\/\\\/www.article-marketing.eu\\\/comunicatistampa\\\/marco-domizio-ares-ambiente-i-traguardi-dellazienda\\\/\"},\"wordCount\":396,\"commentCount\":0,\"image\":{\"@id\":\"https:\\\/\\\/www.article-marketing.eu\\\/comunicatistampa\\\/marco-domizio-ares-ambiente-i-traguardi-dellazienda\\\/#primaryimage\"},\"thumbnailUrl\":\"https:\\\/\\\/h2biz.net\\\/images\\\/Plats\\\/crop_min_20220323094859.jpg\",\"keywords\":[\"Marco Domizio\"],\"articleSection\":[\"Professionisti\"],\"inLanguage\":\"it-IT\",\"potentialAction\":[{\"@type\":\"CommentAction\",\"name\":\"Comment\",\"target\":[\"https:\\\/\\\/www.article-marketing.eu\\\/comunicatistampa\\\/marco-domizio-ares-ambiente-i-traguardi-dellazienda\\\/#respond\"]}]},{\"@type\":\"WebPage\",\"@id\":\"https:\\\/\\\/www.article-marketing.eu\\\/comunicatistampa\\\/marco-domizio-ares-ambiente-i-traguardi-dellazienda\\\/\",\"url\":\"https:\\\/\\\/www.article-marketing.eu\\\/comunicatistampa\\\/marco-domizio-ares-ambiente-i-traguardi-dellazienda\\\/\",\"name\":\"Marco Domizio, Ares Ambiente: i traguardi dell\u2019azienda - Article Marketing\",\"isPartOf\":{\"@id\":\"https:\\\/\\\/www.article-marketing.eu\\\/comunicatistampa\\\/#website\"},\"primaryImageOfPage\":{\"@id\":\"https:\\\/\\\/www.article-marketing.eu\\\/comunicatistampa\\\/marco-domizio-ares-ambiente-i-traguardi-dellazienda\\\/#primaryimage\"},\"image\":{\"@id\":\"https:\\\/\\\/www.article-marketing.eu\\\/comunicatistampa\\\/marco-domizio-ares-ambiente-i-traguardi-dellazienda\\\/#primaryimage\"},\"thumbnailUrl\":\"https:\\\/\\\/h2biz.net\\\/images\\\/Plats\\\/crop_min_20220323094859.jpg\",\"datePublished\":\"2022-07-01T05:10:44+00:00\",\"author\":{\"@id\":\"https:\\\/\\\/www.article-marketing.eu\\\/comunicatistampa\\\/#\\\/schema\\\/person\\\/2fcaf8f8f3a9eef9eb7f27532d3ca458\"},\"breadcrumb\":{\"@id\":\"https:\\\/\\\/www.article-marketing.eu\\\/comunicatistampa\\\/marco-domizio-ares-ambiente-i-traguardi-dellazienda\\\/#breadcrumb\"},\"inLanguage\":\"it-IT\",\"potentialAction\":[{\"@type\":\"ReadAction\",\"target\":[\"https:\\\/\\\/www.article-marketing.eu\\\/comunicatistampa\\\/marco-domizio-ares-ambiente-i-traguardi-dellazienda\\\/\"]}]},{\"@type\":\"ImageObject\",\"inLanguage\":\"it-IT\",\"@id\":\"https:\\\/\\\/www.article-marketing.eu\\\/comunicatistampa\\\/marco-domizio-ares-ambiente-i-traguardi-dellazienda\\\/#primaryimage\",\"url\":\"https:\\\/\\\/h2biz.net\\\/images\\\/Plats\\\/crop_min_20220323094859.jpg\",\"contentUrl\":\"https:\\\/\\\/h2biz.net\\\/images\\\/Plats\\\/crop_min_20220323094859.jpg\"},{\"@type\":\"BreadcrumbList\",\"@id\":\"https:\\\/\\\/www.article-marketing.eu\\\/comunicatistampa\\\/marco-domizio-ares-ambiente-i-traguardi-dellazienda\\\/#breadcrumb\",\"itemListElement\":[{\"@type\":\"ListItem\",\"position\":1,\"name\":\"Home\",\"item\":\"https:\\\/\\\/www.article-marketing.eu\\\/comunicatistampa\\\/\"},{\"@type\":\"ListItem\",\"position\":2,\"name\":\"Marco Domizio, Ares Ambiente: i traguardi dell\u2019azienda\"}]},{\"@type\":\"WebSite\",\"@id\":\"https:\\\/\\\/www.article-marketing.eu\\\/comunicatistampa\\\/#website\",\"url\":\"https:\\\/\\\/www.article-marketing.eu\\\/comunicatistampa\\\/\",\"name\":\"Article Marketing\",\"description\":\"article marketing &amp; press release\",\"potentialAction\":[{\"@type\":\"SearchAction\",\"target\":{\"@type\":\"EntryPoint\",\"urlTemplate\":\"https:\\\/\\\/www.article-marketing.eu\\\/comunicatistampa\\\/?s={search_term_string}\"},\"query-input\":{\"@type\":\"PropertyValueSpecification\",\"valueRequired\":true,\"valueName\":\"search_term_string\"}}],\"inLanguage\":\"it-IT\"},{\"@type\":\"Person\",\"@id\":\"https:\\\/\\\/www.article-marketing.eu\\\/comunicatistampa\\\/#\\\/schema\\\/person\\\/2fcaf8f8f3a9eef9eb7f27532d3ca458\",\"name\":\"articolinews\",\"image\":{\"@type\":\"ImageObject\",\"inLanguage\":\"it-IT\",\"@id\":\"https:\\\/\\\/secure.gravatar.com\\\/avatar\\\/9e2a264bab04e17dea24d937c9956304649a848cb73c46747a692ff1bdeb1cb7?s=96&d=mm&r=g\",\"url\":\"https:\\\/\\\/secure.gravatar.com\\\/avatar\\\/9e2a264bab04e17dea24d937c9956304649a848cb73c46747a692ff1bdeb1cb7?s=96&d=mm&r=g\",\"contentUrl\":\"https:\\\/\\\/secure.gravatar.com\\\/avatar\\\/9e2a264bab04e17dea24d937c9956304649a848cb73c46747a692ff1bdeb1cb7?s=96&d=mm&r=g\",\"caption\":\"articolinews\"},\"url\":\"https:\\\/\\\/www.article-marketing.eu\\\/comunicatistampa\\\/author\\\/articolinews\\\/\"}]}<\/script>\n<!-- \/ Yoast SEO plugin. -->","yoast_head_json":{"title":"Marco Domizio, Ares Ambiente: i traguardi dell\u2019azienda - Article Marketing","robots":{"index":"index","follow":"follow","max-snippet":"max-snippet:-1","max-image-preview":"max-image-preview:large","max-video-preview":"max-video-preview:-1"},"canonical":"https:\/\/www.article-marketing.eu\/comunicatistampa\/marco-domizio-ares-ambiente-i-traguardi-dellazienda\/","og_locale":"it_IT","og_type":"article","og_title":"Marco Domizio, Ares Ambiente: i traguardi dell\u2019azienda - Article Marketing","og_description":"Solidit\u00e0 finanziaria, un&#8217;ampia offerta di soluzioni e diversi riconoscimenti sono i risultati ottenuti da Ares Ambiente, iniziativa imprenditoriale di Marco Domizio. Marco Domizio: le tappe principali di una carriera dedicata al settore dell&#8217;intermediazione dei rifiuti Esperto in intermediazione dei rifiuti, Marco Nicola Domizio nasce a Bergamo. Fin dai primi anni di attivit\u00e0 professionale, iniziata subito dopo il diploma, collabora con diverse aziende attive nel settore. Per sei anni lavora perContinue reading...","og_url":"https:\/\/www.article-marketing.eu\/comunicatistampa\/marco-domizio-ares-ambiente-i-traguardi-dellazienda\/","og_site_name":"Article Marketing","article_published_time":"2022-07-01T05:10:44+00:00","og_image":[{"url":"https:\/\/h2biz.net\/images\/Plats\/crop_min_20220323094859.jpg","type":"","width":"","height":""}],"author":"articolinews","twitter_card":"summary_large_image","twitter_misc":{"Scritto da":"articolinews","Tempo di lettura stimato":"2 minuti"},"schema":{"@context":"https:\/\/schema.org","@graph":[{"@type":"Article","@id":"https:\/\/www.article-marketing.eu\/comunicatistampa\/marco-domizio-ares-ambiente-i-traguardi-dellazienda\/#article","isPartOf":{"@id":"https:\/\/www.article-marketing.eu\/comunicatistampa\/marco-domizio-ares-ambiente-i-traguardi-dellazienda\/"},"author":{"name":"articolinews","@id":"https:\/\/www.article-marketing.eu\/comunicatistampa\/#\/schema\/person\/2fcaf8f8f3a9eef9eb7f27532d3ca458"},"headline":"Marco Domizio, Ares Ambiente: i traguardi dell\u2019azienda","datePublished":"2022-07-01T05:10:44+00:00","mainEntityOfPage":{"@id":"https:\/\/www.article-marketing.eu\/comunicatistampa\/marco-domizio-ares-ambiente-i-traguardi-dellazienda\/"},"wordCount":396,"commentCount":0,"image":{"@id":"https:\/\/www.article-marketing.eu\/comunicatistampa\/marco-domizio-ares-ambiente-i-traguardi-dellazienda\/#primaryimage"},"thumbnailUrl":"https:\/\/h2biz.net\/images\/Plats\/crop_min_20220323094859.jpg","keywords":["Marco Domizio"],"articleSection":["Professionisti"],"inLanguage":"it-IT","potentialAction":[{"@type":"CommentAction","name":"Comment","target":["https:\/\/www.article-marketing.eu\/comunicatistampa\/marco-domizio-ares-ambiente-i-traguardi-dellazienda\/#respond"]}]},{"@type":"WebPage","@id":"https:\/\/www.article-marketing.eu\/comunicatistampa\/marco-domizio-ares-ambiente-i-traguardi-dellazienda\/","url":"https:\/\/www.article-marketing.eu\/comunicatistampa\/marco-domizio-ares-ambiente-i-traguardi-dellazienda\/","name":"Marco Domizio, Ares Ambiente: i traguardi dell\u2019azienda - Article Marketing","isPartOf":{"@id":"https:\/\/www.article-marketing.eu\/comunicatistampa\/#website"},"primaryImageOfPage":{"@id":"https:\/\/www.article-marketing.eu\/comunicatistampa\/marco-domizio-ares-ambiente-i-traguardi-dellazienda\/#primaryimage"},"image":{"@id":"https:\/\/www.article-marketing.eu\/comunicatistampa\/marco-domizio-ares-ambiente-i-traguardi-dellazienda\/#primaryimage"},"thumbnailUrl":"https:\/\/h2biz.net\/images\/Plats\/crop_min_20220323094859.jpg","datePublished":"2022-07-01T05:10:44+00:00","author":{"@id":"https:\/\/www.article-marketing.eu\/comunicatistampa\/#\/schema\/person\/2fcaf8f8f3a9eef9eb7f27532d3ca458"},"breadcrumb":{"@id":"https:\/\/www.article-marketing.eu\/comunicatistampa\/marco-domizio-ares-ambiente-i-traguardi-dellazienda\/#breadcrumb"},"inLanguage":"it-IT","potentialAction":[{"@type":"ReadAction","target":["https:\/\/www.article-marketing.eu\/comunicatistampa\/marco-domizio-ares-ambiente-i-traguardi-dellazienda\/"]}]},{"@type":"ImageObject","inLanguage":"it-IT","@id":"https:\/\/www.article-marketing.eu\/comunicatistampa\/marco-domizio-ares-ambiente-i-traguardi-dellazienda\/#primaryimage","url":"https:\/\/h2biz.net\/images\/Plats\/crop_min_20220323094859.jpg","contentUrl":"https:\/\/h2biz.net\/images\/Plats\/crop_min_20220323094859.jpg"},{"@type":"BreadcrumbList","@id":"https:\/\/www.article-marketing.eu\/comunicatistampa\/marco-domizio-ares-ambiente-i-traguardi-dellazienda\/#breadcrumb","itemListElement":[{"@type":"ListItem","position":1,"name":"Home","item":"https:\/\/www.article-marketing.eu\/comunicatistampa\/"},{"@type":"ListItem","position":2,"name":"Marco Domizio, Ares Ambiente: i traguardi dell\u2019azienda"}]},{"@type":"WebSite","@id":"https:\/\/www.article-marketing.eu\/comunicatistampa\/#website","url":"https:\/\/www.article-marketing.eu\/comunicatistampa\/","name":"Article Marketing","description":"article marketing &amp; press release","potentialAction":[{"@type":"SearchAction","target":{"@type":"EntryPoint","urlTemplate":"https:\/\/www.article-marketing.eu\/comunicatistampa\/?s={search_term_string}"},"query-input":{"@type":"PropertyValueSpecification","valueRequired":true,"valueName":"search_term_string"}}],"inLanguage":"it-IT"},{"@type":"Person","@id":"https:\/\/www.article-marketing.eu\/comunicatistampa\/#\/schema\/person\/2fcaf8f8f3a9eef9eb7f27532d3ca458","name":"articolinews","image":{"@type":"ImageObject","inLanguage":"it-IT","@id":"https:\/\/secure.gravatar.com\/avatar\/9e2a264bab04e17dea24d937c9956304649a848cb73c46747a692ff1bdeb1cb7?s=96&d=mm&r=g","url":"https:\/\/secure.gravatar.com\/avatar\/9e2a264bab04e17dea24d937c9956304649a848cb73c46747a692ff1bdeb1cb7?s=96&d=mm&r=g","contentUrl":"https:\/\/secure.gravatar.com\/avatar\/9e2a264bab04e17dea24d937c9956304649a848cb73c46747a692ff1bdeb1cb7?s=96&d=mm&r=g","caption":"articolinews"},"url":"https:\/\/www.article-marketing.eu\/comunicatistampa\/author\/articolinews\/"}]}},"_links":{"self":[{"href":"https:\/\/www.article-marketing.eu\/comunicatistampa\/wp-json\/wp\/v2\/posts\/23708","targetHints":{"allow":["GET"]}}],"collection":[{"href":"https:\/\/www.article-marketing.eu\/comunicatistampa\/wp-json\/wp\/v2\/posts"}],"about":[{"href":"https:\/\/www.article-marketing.eu\/comunicatistampa\/wp-json\/wp\/v2\/types\/post"}],"author":[{"embeddable":true,"href":"https:\/\/www.article-marketing.eu\/comunicatistampa\/wp-json\/wp\/v2\/users\/6477"}],"replies":[{"embeddable":true,"href":"https:\/\/www.article-marketing.eu\/comunicatistampa\/wp-json\/wp\/v2\/comments?post=23708"}],"version-history":[{"count":2,"href":"https:\/\/www.article-marketing.eu\/comunicatistampa\/wp-json\/wp\/v2\/posts\/23708\/revisions"}],"predecessor-version":[{"id":23796,"href":"https:\/\/www.article-marketing.eu\/comunicatistampa\/wp-json\/wp\/v2\/posts\/23708\/revisions\/23796"}],"wp:attachment":[{"href":"https:\/\/www.article-marketing.eu\/comunicatistampa\/wp-json\/wp\/v2\/media?parent=23708"}],"wp:term":[{"taxonomy":"category","embeddable":true,"href":"https:\/\/www.article-marketing.eu\/comunicatistampa\/wp-json\/wp\/v2\/categories?post=23708"},{"taxonomy":"post_tag","embeddable":true,"href":"https:\/\/www.article-marketing.eu\/comunicatistampa\/wp-json\/wp\/v2\/tags?post=23708"}],"curies":[{"name":"wp","href":"https:\/\/api.w.org\/{rel}","templated":true}]}}