{"id":23748,"date":"2022-07-02T07:10:52","date_gmt":"2022-07-02T05:10:52","guid":{"rendered":"https:\/\/www.article-marketing.eu\/comunicatistampa\/?p=23748"},"modified":"2022-06-29T15:21:01","modified_gmt":"2022-06-29T13:21:01","slug":"claudio-descalzi-irena-ed-eni-insieme-per-il-world-energy-transitions-outlook-2022","status":"publish","type":"post","link":"https:\/\/www.article-marketing.eu\/comunicatistampa\/claudio-descalzi-irena-ed-eni-insieme-per-il-world-energy-transitions-outlook-2022\/","title":{"rendered":"Claudio Descalzi: IRENA ed Eni insieme per il World Energy Transitions Outlook 2022"},"content":{"rendered":"<p><em><strong>Il World Energy Transitions Outlook di IRENA ed Eni \u00e8 dedicato alla transizione energetica: le considerazioni dell&#8217;AD <a title=\"Claudio Descalzi: la biografia - Executive Manager\" href=\"https:\/\/www.executivemanager.it\/Claudio-Descalzi\/\">Claudio Descalzi<\/a> alla presentazione a Roma.<\/strong><\/em><\/p>\n<p><a title=\"Claudio Descalzi: l'excursus professionale\" href=\"https:\/\/www.executivemanager.it\/Claudio-Descalzi\/\"><img decoding=\"async\" src=\"https:\/\/www.executivemanager.it\/images\/comprofiler\/513_57d9109457b28.jpg\" alt=\"Claudio Descalzi\" width=\"120\" \/><\/a><\/p>\n<h2>Claudio Descalzi: IRENA World Energy Transitions Outlook 2022, il focus dell&#8217;AD di Eni<\/h2>\n<p>L&#8217;AD di Eni <strong>Claudio Descalzi<\/strong> \u00e8 intervenuto lo scorso 9 giugno all&#8217;evento di presentazione del rapporto IRENA World Energy Transitions Outlook (WETO 2022), in programma negli spazi del Complesso Ostiense di Roma. Insieme all&#8217;AD di Eni erano presenti anche il Ministro della Transizione Ecologica (MITE) Roberto Cingolani, il Direttore Generale IRENA Francesco La Camera ed Elizabeth Press, Director Planning and Programme Support IRENA. Dedicato alla transizione energetica, il report WETO 2022 delinea le azioni prioritarie al 2030 per cercare di limitare l&#8217;aumento delle temperature globali entro il 2050 a 1,5\u00b0C rispetto ai livelli preindustriali fornendo inoltre un&#8217;analisi approfondita di due aree particolarmente rilevanti per la decarbonizzazione dei settori di uso finale: elettrificazione e bioenergia. Il rapporto esplora inoltre l&#8217;impatto socioeconomico del percorso verso 1,5\u00b0C e suggerisce a governi e istituzioni, firmatari dell&#8217;Accordo di Parigi del 2015, metodi e strumenti per accelerare il progresso verso l&#8217;accesso universale all&#8217;energia pulita. Temi su cui si \u00e8 espresso anche l&#8217;AD <strong>Claudio Descalzi<\/strong> nel corso del dibattito moderato dalla giornalista Giorgia Cardinaletti.<\/p>\n<h2>Claudio Descalzi: la transizione \u00e8 un vero piano di sicurezza energetica<\/h2>\n<p><em>&#8220;Questo Outlook della transizione energetica si presenta come un piano per ridurre la temperatura del pianeta, salvare il mondo, ridurre le emissioni ma allo stesso tempo \u00e8 anche un piano di sicurezza&#8221;<\/em>: l&#8217;AD di Eni <a title=\"Claudio Descalzi, la carriera - Executive Manager\" href=\"https:\/\/www.executivemanager.it\/Claudio-Descalzi\/\">Claudio Descalzi<\/a> ne ha infatti sottolineato il ruolo fondamentale che potrebbe ricoprire nell&#8217;ottica di <em>&#8220;diversificare i Paesi di provenienza da cui prendiamo il gas ma anche i vettori e tutte le tecnologie&#8221;<\/em>. Che la transizione energetica sia un processo necessario ma anche urgente \u00e8 risaputo da anni ed emerge anche nel rapporto WETO 2022: oggi per\u00f2 lo scenario geopolitico impone di accelerare per garantire sicurezza energetica nel lungo periodo, stabilit\u00e0 dei prezzi e resilienza delle nazioni. L&#8217;AD lo ha evidenziato diverse volte nel corso del suo intervento. <strong>Claudio Descalzi<\/strong> si \u00e8 poi soffermato anche sull&#8217;importanza di investire in innovazione tecnologica: <em>&#8220;Per ridurre le emissioni c&#8217;\u00e8 il consenso politico, ci vogliono le tecnologie, le competenze e il pragmatismo per capire che nella storia dell&#8217;umanit\u00e0 le fonti energetiche sono state additive&#8221;<\/em>. Risolvere tutto con un&#8217;unica tecnologia \u00e8 impossibile.<\/p>\n","protected":false},"excerpt":{"rendered":"<p>Il World Energy Transitions Outlook di IRENA ed Eni \u00e8 dedicato alla transizione energetica: le considerazioni dell&#8217;AD Claudio Descalzi alla presentazione a Roma. Claudio Descalzi: IRENA World Energy Transitions Outlook 2022, il focus dell&#8217;AD di Eni L&#8217;AD di Eni Claudio Descalzi \u00e8 intervenuto lo scorso 9 giugno all&#8217;evento di presentazione del rapporto IRENA World Energy Transitions Outlook (WETO 2022), in programma negli spazi del Complesso Ostiense di Roma. Insieme all&#8217;AD<\/p>\n<p><a class=\"continue-reading\" href=\"https:\/\/www.article-marketing.eu\/comunicatistampa\/claudio-descalzi-irena-ed-eni-insieme-per-il-world-energy-transitions-outlook-2022\/\">Continue reading&#8230;<\/a><\/p>\n","protected":false},"author":6477,"featured_media":0,"comment_status":"open","ping_status":"open","sticky":false,"template":"","format":"standard","meta":{"_monsterinsights_skip_tracking":false,"_monsterinsights_sitenote_active":false,"_monsterinsights_sitenote_note":"","_monsterinsights_sitenote_category":0,"footnotes":""},"categories":[386],"tags":[9889],"class_list":["post-23748","post","type-post","status-publish","format-standard","hentry","category-economia-e-lavoro","tag-claudio-descalzi"],"yoast_head":"<!-- This site is optimized with the Yoast SEO plugin v27.3 - https:\/\/yoast.com\/product\/yoast-seo-wordpress\/ -->\n<title>Claudio Descalzi: IRENA ed Eni insieme per il World Energy Transitions Outlook 2022<\/title>\n<meta name=\"robots\" content=\"index, follow, max-snippet:-1, max-image-preview:large, max-video-preview:-1\" \/>\n<link rel=\"canonical\" href=\"https:\/\/www.article-marketing.eu\/comunicatistampa\/claudio-descalzi-irena-ed-eni-insieme-per-il-world-energy-transitions-outlook-2022\/\" \/>\n<meta property=\"og:locale\" content=\"it_IT\" \/>\n<meta property=\"og:type\" content=\"article\" \/>\n<meta property=\"og:title\" content=\"Claudio Descalzi: IRENA ed Eni insieme per il World Energy Transitions Outlook 2022\" \/>\n<meta property=\"og:description\" content=\"Il World Energy Transitions Outlook di IRENA ed Eni \u00e8 dedicato alla transizione energetica: le considerazioni dell&#8217;AD Claudio Descalzi alla presentazione a Roma. Claudio Descalzi: IRENA World Energy Transitions Outlook 2022, il focus dell&#8217;AD di Eni L&#8217;AD di Eni Claudio Descalzi \u00e8 intervenuto lo scorso 9 giugno all&#8217;evento di presentazione del rapporto IRENA World Energy Transitions Outlook (WETO 2022), in programma negli spazi del Complesso Ostiense di Roma. Insieme all&#8217;ADContinue reading...\" \/>\n<meta property=\"og:url\" content=\"https:\/\/www.article-marketing.eu\/comunicatistampa\/claudio-descalzi-irena-ed-eni-insieme-per-il-world-energy-transitions-outlook-2022\/\" \/>\n<meta property=\"og:site_name\" content=\"Article Marketing\" \/>\n<meta property=\"article:published_time\" content=\"2022-07-02T05:10:52+00:00\" \/>\n<meta property=\"og:image\" content=\"https:\/\/www.executivemanager.it\/images\/comprofiler\/513_57d9109457b28.jpg\" \/>\n<meta name=\"author\" content=\"articolinews\" \/>\n<meta name=\"twitter:card\" content=\"summary_large_image\" \/>\n<meta name=\"twitter:label1\" content=\"Scritto da\" \/>\n\t<meta name=\"twitter:data1\" content=\"articolinews\" \/>\n\t<meta name=\"twitter:label2\" content=\"Tempo di lettura stimato\" \/>\n\t<meta name=\"twitter:data2\" content=\"2 minuti\" \/>\n<script type=\"application\/ld+json\" class=\"yoast-schema-graph\">{\"@context\":\"https:\\\/\\\/schema.org\",\"@graph\":[{\"@type\":\"Article\",\"@id\":\"https:\\\/\\\/www.article-marketing.eu\\\/comunicatistampa\\\/claudio-descalzi-irena-ed-eni-insieme-per-il-world-energy-transitions-outlook-2022\\\/#article\",\"isPartOf\":{\"@id\":\"https:\\\/\\\/www.article-marketing.eu\\\/comunicatistampa\\\/claudio-descalzi-irena-ed-eni-insieme-per-il-world-energy-transitions-outlook-2022\\\/\"},\"author\":{\"name\":\"articolinews\",\"@id\":\"https:\\\/\\\/www.article-marketing.eu\\\/comunicatistampa\\\/#\\\/schema\\\/person\\\/2fcaf8f8f3a9eef9eb7f27532d3ca458\"},\"headline\":\"Claudio Descalzi: IRENA ed Eni insieme per il World Energy Transitions Outlook 2022\",\"datePublished\":\"2022-07-02T05:10:52+00:00\",\"mainEntityOfPage\":{\"@id\":\"https:\\\/\\\/www.article-marketing.eu\\\/comunicatistampa\\\/claudio-descalzi-irena-ed-eni-insieme-per-il-world-energy-transitions-outlook-2022\\\/\"},\"wordCount\":381,\"commentCount\":0,\"image\":{\"@id\":\"https:\\\/\\\/www.article-marketing.eu\\\/comunicatistampa\\\/claudio-descalzi-irena-ed-eni-insieme-per-il-world-energy-transitions-outlook-2022\\\/#primaryimage\"},\"thumbnailUrl\":\"https:\\\/\\\/www.executivemanager.it\\\/images\\\/comprofiler\\\/513_57d9109457b28.jpg\",\"keywords\":[\"Claudio Descalzi\"],\"articleSection\":[\"Economia e lavoro\"],\"inLanguage\":\"it-IT\",\"potentialAction\":[{\"@type\":\"CommentAction\",\"name\":\"Comment\",\"target\":[\"https:\\\/\\\/www.article-marketing.eu\\\/comunicatistampa\\\/claudio-descalzi-irena-ed-eni-insieme-per-il-world-energy-transitions-outlook-2022\\\/#respond\"]}]},{\"@type\":\"WebPage\",\"@id\":\"https:\\\/\\\/www.article-marketing.eu\\\/comunicatistampa\\\/claudio-descalzi-irena-ed-eni-insieme-per-il-world-energy-transitions-outlook-2022\\\/\",\"url\":\"https:\\\/\\\/www.article-marketing.eu\\\/comunicatistampa\\\/claudio-descalzi-irena-ed-eni-insieme-per-il-world-energy-transitions-outlook-2022\\\/\",\"name\":\"Claudio Descalzi: IRENA ed Eni insieme per il World Energy Transitions Outlook 2022\",\"isPartOf\":{\"@id\":\"https:\\\/\\\/www.article-marketing.eu\\\/comunicatistampa\\\/#website\"},\"primaryImageOfPage\":{\"@id\":\"https:\\\/\\\/www.article-marketing.eu\\\/comunicatistampa\\\/claudio-descalzi-irena-ed-eni-insieme-per-il-world-energy-transitions-outlook-2022\\\/#primaryimage\"},\"image\":{\"@id\":\"https:\\\/\\\/www.article-marketing.eu\\\/comunicatistampa\\\/claudio-descalzi-irena-ed-eni-insieme-per-il-world-energy-transitions-outlook-2022\\\/#primaryimage\"},\"thumbnailUrl\":\"https:\\\/\\\/www.executivemanager.it\\\/images\\\/comprofiler\\\/513_57d9109457b28.jpg\",\"datePublished\":\"2022-07-02T05:10:52+00:00\",\"author\":{\"@id\":\"https:\\\/\\\/www.article-marketing.eu\\\/comunicatistampa\\\/#\\\/schema\\\/person\\\/2fcaf8f8f3a9eef9eb7f27532d3ca458\"},\"breadcrumb\":{\"@id\":\"https:\\\/\\\/www.article-marketing.eu\\\/comunicatistampa\\\/claudio-descalzi-irena-ed-eni-insieme-per-il-world-energy-transitions-outlook-2022\\\/#breadcrumb\"},\"inLanguage\":\"it-IT\",\"potentialAction\":[{\"@type\":\"ReadAction\",\"target\":[\"https:\\\/\\\/www.article-marketing.eu\\\/comunicatistampa\\\/claudio-descalzi-irena-ed-eni-insieme-per-il-world-energy-transitions-outlook-2022\\\/\"]}]},{\"@type\":\"ImageObject\",\"inLanguage\":\"it-IT\",\"@id\":\"https:\\\/\\\/www.article-marketing.eu\\\/comunicatistampa\\\/claudio-descalzi-irena-ed-eni-insieme-per-il-world-energy-transitions-outlook-2022\\\/#primaryimage\",\"url\":\"https:\\\/\\\/www.executivemanager.it\\\/images\\\/comprofiler\\\/513_57d9109457b28.jpg\",\"contentUrl\":\"https:\\\/\\\/www.executivemanager.it\\\/images\\\/comprofiler\\\/513_57d9109457b28.jpg\"},{\"@type\":\"BreadcrumbList\",\"@id\":\"https:\\\/\\\/www.article-marketing.eu\\\/comunicatistampa\\\/claudio-descalzi-irena-ed-eni-insieme-per-il-world-energy-transitions-outlook-2022\\\/#breadcrumb\",\"itemListElement\":[{\"@type\":\"ListItem\",\"position\":1,\"name\":\"Home\",\"item\":\"https:\\\/\\\/www.article-marketing.eu\\\/comunicatistampa\\\/\"},{\"@type\":\"ListItem\",\"position\":2,\"name\":\"Claudio Descalzi: IRENA ed Eni insieme per il World Energy Transitions Outlook 2022\"}]},{\"@type\":\"WebSite\",\"@id\":\"https:\\\/\\\/www.article-marketing.eu\\\/comunicatistampa\\\/#website\",\"url\":\"https:\\\/\\\/www.article-marketing.eu\\\/comunicatistampa\\\/\",\"name\":\"Article Marketing\",\"description\":\"article marketing &amp; press release\",\"potentialAction\":[{\"@type\":\"SearchAction\",\"target\":{\"@type\":\"EntryPoint\",\"urlTemplate\":\"https:\\\/\\\/www.article-marketing.eu\\\/comunicatistampa\\\/?s={search_term_string}\"},\"query-input\":{\"@type\":\"PropertyValueSpecification\",\"valueRequired\":true,\"valueName\":\"search_term_string\"}}],\"inLanguage\":\"it-IT\"},{\"@type\":\"Person\",\"@id\":\"https:\\\/\\\/www.article-marketing.eu\\\/comunicatistampa\\\/#\\\/schema\\\/person\\\/2fcaf8f8f3a9eef9eb7f27532d3ca458\",\"name\":\"articolinews\",\"image\":{\"@type\":\"ImageObject\",\"inLanguage\":\"it-IT\",\"@id\":\"https:\\\/\\\/secure.gravatar.com\\\/avatar\\\/9e2a264bab04e17dea24d937c9956304649a848cb73c46747a692ff1bdeb1cb7?s=96&d=mm&r=g\",\"url\":\"https:\\\/\\\/secure.gravatar.com\\\/avatar\\\/9e2a264bab04e17dea24d937c9956304649a848cb73c46747a692ff1bdeb1cb7?s=96&d=mm&r=g\",\"contentUrl\":\"https:\\\/\\\/secure.gravatar.com\\\/avatar\\\/9e2a264bab04e17dea24d937c9956304649a848cb73c46747a692ff1bdeb1cb7?s=96&d=mm&r=g\",\"caption\":\"articolinews\"},\"url\":\"https:\\\/\\\/www.article-marketing.eu\\\/comunicatistampa\\\/author\\\/articolinews\\\/\"}]}<\/script>\n<!-- \/ Yoast SEO plugin. -->","yoast_head_json":{"title":"Claudio Descalzi: IRENA ed Eni insieme per il World Energy Transitions Outlook 2022","robots":{"index":"index","follow":"follow","max-snippet":"max-snippet:-1","max-image-preview":"max-image-preview:large","max-video-preview":"max-video-preview:-1"},"canonical":"https:\/\/www.article-marketing.eu\/comunicatistampa\/claudio-descalzi-irena-ed-eni-insieme-per-il-world-energy-transitions-outlook-2022\/","og_locale":"it_IT","og_type":"article","og_title":"Claudio Descalzi: IRENA ed Eni insieme per il World Energy Transitions Outlook 2022","og_description":"Il World Energy Transitions Outlook di IRENA ed Eni \u00e8 dedicato alla transizione energetica: le considerazioni dell&#8217;AD Claudio Descalzi alla presentazione a Roma. Claudio Descalzi: IRENA World Energy Transitions Outlook 2022, il focus dell&#8217;AD di Eni L&#8217;AD di Eni Claudio Descalzi \u00e8 intervenuto lo scorso 9 giugno all&#8217;evento di presentazione del rapporto IRENA World Energy Transitions Outlook (WETO 2022), in programma negli spazi del Complesso Ostiense di Roma. Insieme all&#8217;ADContinue reading...","og_url":"https:\/\/www.article-marketing.eu\/comunicatistampa\/claudio-descalzi-irena-ed-eni-insieme-per-il-world-energy-transitions-outlook-2022\/","og_site_name":"Article Marketing","article_published_time":"2022-07-02T05:10:52+00:00","og_image":[{"url":"https:\/\/www.executivemanager.it\/images\/comprofiler\/513_57d9109457b28.jpg","type":"","width":"","height":""}],"author":"articolinews","twitter_card":"summary_large_image","twitter_misc":{"Scritto da":"articolinews","Tempo di lettura stimato":"2 minuti"},"schema":{"@context":"https:\/\/schema.org","@graph":[{"@type":"Article","@id":"https:\/\/www.article-marketing.eu\/comunicatistampa\/claudio-descalzi-irena-ed-eni-insieme-per-il-world-energy-transitions-outlook-2022\/#article","isPartOf":{"@id":"https:\/\/www.article-marketing.eu\/comunicatistampa\/claudio-descalzi-irena-ed-eni-insieme-per-il-world-energy-transitions-outlook-2022\/"},"author":{"name":"articolinews","@id":"https:\/\/www.article-marketing.eu\/comunicatistampa\/#\/schema\/person\/2fcaf8f8f3a9eef9eb7f27532d3ca458"},"headline":"Claudio Descalzi: IRENA ed Eni insieme per il World Energy Transitions Outlook 2022","datePublished":"2022-07-02T05:10:52+00:00","mainEntityOfPage":{"@id":"https:\/\/www.article-marketing.eu\/comunicatistampa\/claudio-descalzi-irena-ed-eni-insieme-per-il-world-energy-transitions-outlook-2022\/"},"wordCount":381,"commentCount":0,"image":{"@id":"https:\/\/www.article-marketing.eu\/comunicatistampa\/claudio-descalzi-irena-ed-eni-insieme-per-il-world-energy-transitions-outlook-2022\/#primaryimage"},"thumbnailUrl":"https:\/\/www.executivemanager.it\/images\/comprofiler\/513_57d9109457b28.jpg","keywords":["Claudio Descalzi"],"articleSection":["Economia e lavoro"],"inLanguage":"it-IT","potentialAction":[{"@type":"CommentAction","name":"Comment","target":["https:\/\/www.article-marketing.eu\/comunicatistampa\/claudio-descalzi-irena-ed-eni-insieme-per-il-world-energy-transitions-outlook-2022\/#respond"]}]},{"@type":"WebPage","@id":"https:\/\/www.article-marketing.eu\/comunicatistampa\/claudio-descalzi-irena-ed-eni-insieme-per-il-world-energy-transitions-outlook-2022\/","url":"https:\/\/www.article-marketing.eu\/comunicatistampa\/claudio-descalzi-irena-ed-eni-insieme-per-il-world-energy-transitions-outlook-2022\/","name":"Claudio Descalzi: IRENA ed Eni insieme per il World Energy Transitions Outlook 2022","isPartOf":{"@id":"https:\/\/www.article-marketing.eu\/comunicatistampa\/#website"},"primaryImageOfPage":{"@id":"https:\/\/www.article-marketing.eu\/comunicatistampa\/claudio-descalzi-irena-ed-eni-insieme-per-il-world-energy-transitions-outlook-2022\/#primaryimage"},"image":{"@id":"https:\/\/www.article-marketing.eu\/comunicatistampa\/claudio-descalzi-irena-ed-eni-insieme-per-il-world-energy-transitions-outlook-2022\/#primaryimage"},"thumbnailUrl":"https:\/\/www.executivemanager.it\/images\/comprofiler\/513_57d9109457b28.jpg","datePublished":"2022-07-02T05:10:52+00:00","author":{"@id":"https:\/\/www.article-marketing.eu\/comunicatistampa\/#\/schema\/person\/2fcaf8f8f3a9eef9eb7f27532d3ca458"},"breadcrumb":{"@id":"https:\/\/www.article-marketing.eu\/comunicatistampa\/claudio-descalzi-irena-ed-eni-insieme-per-il-world-energy-transitions-outlook-2022\/#breadcrumb"},"inLanguage":"it-IT","potentialAction":[{"@type":"ReadAction","target":["https:\/\/www.article-marketing.eu\/comunicatistampa\/claudio-descalzi-irena-ed-eni-insieme-per-il-world-energy-transitions-outlook-2022\/"]}]},{"@type":"ImageObject","inLanguage":"it-IT","@id":"https:\/\/www.article-marketing.eu\/comunicatistampa\/claudio-descalzi-irena-ed-eni-insieme-per-il-world-energy-transitions-outlook-2022\/#primaryimage","url":"https:\/\/www.executivemanager.it\/images\/comprofiler\/513_57d9109457b28.jpg","contentUrl":"https:\/\/www.executivemanager.it\/images\/comprofiler\/513_57d9109457b28.jpg"},{"@type":"BreadcrumbList","@id":"https:\/\/www.article-marketing.eu\/comunicatistampa\/claudio-descalzi-irena-ed-eni-insieme-per-il-world-energy-transitions-outlook-2022\/#breadcrumb","itemListElement":[{"@type":"ListItem","position":1,"name":"Home","item":"https:\/\/www.article-marketing.eu\/comunicatistampa\/"},{"@type":"ListItem","position":2,"name":"Claudio Descalzi: IRENA ed Eni insieme per il World Energy Transitions Outlook 2022"}]},{"@type":"WebSite","@id":"https:\/\/www.article-marketing.eu\/comunicatistampa\/#website","url":"https:\/\/www.article-marketing.eu\/comunicatistampa\/","name":"Article Marketing","description":"article marketing &amp; press release","potentialAction":[{"@type":"SearchAction","target":{"@type":"EntryPoint","urlTemplate":"https:\/\/www.article-marketing.eu\/comunicatistampa\/?s={search_term_string}"},"query-input":{"@type":"PropertyValueSpecification","valueRequired":true,"valueName":"search_term_string"}}],"inLanguage":"it-IT"},{"@type":"Person","@id":"https:\/\/www.article-marketing.eu\/comunicatistampa\/#\/schema\/person\/2fcaf8f8f3a9eef9eb7f27532d3ca458","name":"articolinews","image":{"@type":"ImageObject","inLanguage":"it-IT","@id":"https:\/\/secure.gravatar.com\/avatar\/9e2a264bab04e17dea24d937c9956304649a848cb73c46747a692ff1bdeb1cb7?s=96&d=mm&r=g","url":"https:\/\/secure.gravatar.com\/avatar\/9e2a264bab04e17dea24d937c9956304649a848cb73c46747a692ff1bdeb1cb7?s=96&d=mm&r=g","contentUrl":"https:\/\/secure.gravatar.com\/avatar\/9e2a264bab04e17dea24d937c9956304649a848cb73c46747a692ff1bdeb1cb7?s=96&d=mm&r=g","caption":"articolinews"},"url":"https:\/\/www.article-marketing.eu\/comunicatistampa\/author\/articolinews\/"}]}},"_links":{"self":[{"href":"https:\/\/www.article-marketing.eu\/comunicatistampa\/wp-json\/wp\/v2\/posts\/23748","targetHints":{"allow":["GET"]}}],"collection":[{"href":"https:\/\/www.article-marketing.eu\/comunicatistampa\/wp-json\/wp\/v2\/posts"}],"about":[{"href":"https:\/\/www.article-marketing.eu\/comunicatistampa\/wp-json\/wp\/v2\/types\/post"}],"author":[{"embeddable":true,"href":"https:\/\/www.article-marketing.eu\/comunicatistampa\/wp-json\/wp\/v2\/users\/6477"}],"replies":[{"embeddable":true,"href":"https:\/\/www.article-marketing.eu\/comunicatistampa\/wp-json\/wp\/v2\/comments?post=23748"}],"version-history":[{"count":2,"href":"https:\/\/www.article-marketing.eu\/comunicatistampa\/wp-json\/wp\/v2\/posts\/23748\/revisions"}],"predecessor-version":[{"id":23802,"href":"https:\/\/www.article-marketing.eu\/comunicatistampa\/wp-json\/wp\/v2\/posts\/23748\/revisions\/23802"}],"wp:attachment":[{"href":"https:\/\/www.article-marketing.eu\/comunicatistampa\/wp-json\/wp\/v2\/media?parent=23748"}],"wp:term":[{"taxonomy":"category","embeddable":true,"href":"https:\/\/www.article-marketing.eu\/comunicatistampa\/wp-json\/wp\/v2\/categories?post=23748"},{"taxonomy":"post_tag","embeddable":true,"href":"https:\/\/www.article-marketing.eu\/comunicatistampa\/wp-json\/wp\/v2\/tags?post=23748"}],"curies":[{"name":"wp","href":"https:\/\/api.w.org\/{rel}","templated":true}]}}