{"id":2375,"date":"2017-05-09T13:21:36","date_gmt":"2017-05-09T11:21:36","guid":{"rendered":"http:\/\/www.article-marketing.eu\/comunicatistampa\/?p=2375"},"modified":"2017-05-09T13:21:36","modified_gmt":"2017-05-09T11:21:36","slug":"fai-risaltare-il-tuo-giardino-ordinando-bulbi-di-amaryllis-da-florablom","status":"publish","type":"post","link":"https:\/\/www.article-marketing.eu\/comunicatistampa\/fai-risaltare-il-tuo-giardino-ordinando-bulbi-di-amaryllis-da-florablom\/","title":{"rendered":"Fai Risaltare Il Tuo Giardino Ordinando Bulbi Di Amaryllis Da FloraBlom"},"content":{"rendered":"<p>Gli amaryllis sono dei bellissimi fiori che crescono tra i mesi invernali e primaverili. Questi fiori sono cos\u00ec stupefacenti che faranno girare le teste. Sono grandi e fiammeggianti. Non importa dove tu li voglia piantare, cresceranno bene sia in casa che fuori. Puoi averli in un arcobaleno di colori come il rosso, rosa, bianco etc. il che gli rende perfetti per le stagioni invernali e primaverili. Sarai stregato alla vista delle fioriture degli amaryllis.<\/p>\n<p>FloraBlom \u00e8 un negozio online che fornisce un\u2019ampia gamma di bulbi, piante, semi di erbe, semi di fiori, verdure e attrezzi da giardinaggio in Olanda e nell\u2019Unione Europea. In breve, forniscono tutto ci\u00f2 di cui hai bisogno per creare da t\u00e8 un bellissimo giardino.<\/p>\n<p>\u00c8 abbastanza difficile trovare tutte le variet\u00e0, cos\u00ec come i colori, degli amaryllis da un venditore locale. Quindi se stai cercando un determinato colore ma non riesci a trovarlo, non preoccuparti \u2013 lo troverai sicuramente su FloraBlom.<\/p>\n<p><strong><u>Perch\u00e9 ordinare bulbi di amaryllis da FloraBlom?<\/u><\/strong><\/p>\n<p><strong>Bulbi di alta qualit\u00e0 a prezzi convenienti<\/strong><br \/>\nTi assicurano che tu possa avere dei bulbi di alta qualit\u00e0 di tua scelta e tutto questo senza spendere troppo. Oltre i bulbi di amaryllis, puoi ottenere altri tipi di bulbi di fiori cos\u00ec come semi di erbe per il tuo giardino siadi fiori che di verdure. E tutti questi ad un prezzo conveniente. Se vuoi comprare dei bulbi di amaryllis da un convenzionale negozio di fiori locale, allora potresti pagare delle spese aggiuntive per il mantenimento del negozio fisico e del suo personale. Ma se compri online, tutte queste spese non sono incluse e non dovrai pagare per alcun extra. Questa \u00e8 decisamente una buona ragione per comprare da FloraBlom.<\/p>\n<p><strong>Consegna veloce<\/strong><br \/>\nFloraBlom impiega un giorno lavorativo per consegnarti il tuo prodotto. Questo per assicurarsi che tu non debba aspettare un periodo di tempo pi\u00f9 lungo. Inoltre, quando riceverai i bulbi di amaryllis che hai ordinato, saranno sani e freschi.<\/p>\n<p><strong>Spese di spedizione dei prodotti gratuite <\/strong><br \/>\nFloraBlom offre spese di spedizione gratuite, e per ottenerle, tutto quello che devi fare \u00e8 ordinare \u20ac39,99 di prodotti. In caso ordinassi prodotti a meno di \u20ac39,99, dovrai pagare \u20ac6,99 per ordine.<\/p>\n<p><strong>Ampia variet\u00e0 di colori<\/strong><br \/>\nFloraBlom offre un\u2019ampia scelta di bulbi di amaryllis in vari colori come il rosso, bicolore, bianco etc. Alcuni altri bulbi di fiori che offrono includono Tulipani, Gladioli, Iris, Fresie, Dalie, Narcisi e molti altri. Tutti i bulbi di fiori che sono offerti da FloraBlom non richiedono molte attenzioni o cure. Se vuoi vedere il tuo giardino pieno di fiori di amaryllis in piena fioritura, ordina dei bulbi di amaryllis da FloraBlom.<\/p>\n<p>Per saperne di pi\u00f9 su tutti i loro prodotti e sui bulbi di amaryllis, visita il sito web a<br \/>\n<a href=\"https:\/\/www.florablom.com\/it\/bulbi-da-fiore\/bulbi-amaryllis\/\">https:\/\/www.florablom.com\/it\/bulbi-da-fiore\/bulbi-amaryllis\/<\/a><\/p>\n<p><strong><u>Informazioni su FloraBlom<\/u><\/strong><br \/>\nFloraBlom \u00e8 un importante negozio online che offre bulbi di verdure, bulbi di fiori, semi di verdure, semi di fiori, semi di erbe e molto altro.<\/p>\n<p><strong>Contatto:<\/strong><br \/>\nHemmerbuurt 36<br \/>\n1607 CJ Hem (Olanda Settentrionale)<br \/>\nPaesi Bassi<\/p>\n<p>info@florablom.com<br \/>\n+39 0 282951248<br \/>\n+31(0)84-836 6002 (Fax)<\/p>\n","protected":false},"excerpt":{"rendered":"<p>Gli amaryllis sono dei bellissimi fiori che crescono tra i mesi invernali e primaverili. Questi fiori sono cos\u00ec stupefacenti che faranno girare le teste. Sono grandi e fiammeggianti. Non importa dove tu li voglia piantare, cresceranno bene sia in casa che fuori. Puoi averli in un arcobaleno di colori come il rosso, rosa, bianco etc. il che gli rende perfetti per le stagioni invernali e primaverili. Sarai stregato alla vista<\/p>\n<p><a class=\"continue-reading\" href=\"https:\/\/www.article-marketing.eu\/comunicatistampa\/fai-risaltare-il-tuo-giardino-ordinando-bulbi-di-amaryllis-da-florablom\/\">Continue reading&#8230;<\/a><\/p>\n","protected":false},"author":188,"featured_media":0,"comment_status":"open","ping_status":"open","sticky":false,"template":"","format":"standard","meta":{"_monsterinsights_skip_tracking":false,"_monsterinsights_sitenote_active":false,"_monsterinsights_sitenote_note":"","_monsterinsights_sitenote_category":0,"footnotes":""},"categories":[403],"tags":[1418,1417],"class_list":["post-2375","post","type-post","status-publish","format-standard","hentry","category-casa","tag-amaryllis","tag-bulbi-amaryllis"],"yoast_head":"<!-- This site is optimized with the Yoast SEO plugin v27.3 - https:\/\/yoast.com\/product\/yoast-seo-wordpress\/ -->\n<title>Fai Risaltare Il Tuo Giardino Ordinando Bulbi Di Amaryllis Da FloraBlom - Article Marketing<\/title>\n<meta name=\"robots\" content=\"index, follow, max-snippet:-1, max-image-preview:large, max-video-preview:-1\" \/>\n<link rel=\"canonical\" href=\"https:\/\/www.article-marketing.eu\/comunicatistampa\/fai-risaltare-il-tuo-giardino-ordinando-bulbi-di-amaryllis-da-florablom\/\" \/>\n<meta property=\"og:locale\" content=\"it_IT\" \/>\n<meta property=\"og:type\" content=\"article\" \/>\n<meta property=\"og:title\" content=\"Fai Risaltare Il Tuo Giardino Ordinando Bulbi Di Amaryllis Da FloraBlom - Article Marketing\" \/>\n<meta property=\"og:description\" content=\"Gli amaryllis sono dei bellissimi fiori che crescono tra i mesi invernali e primaverili. Questi fiori sono cos\u00ec stupefacenti che faranno girare le teste. Sono grandi e fiammeggianti. Non importa dove tu li voglia piantare, cresceranno bene sia in casa che fuori. Puoi averli in un arcobaleno di colori come il rosso, rosa, bianco etc. il che gli rende perfetti per le stagioni invernali e primaverili. Sarai stregato alla vistaContinue reading...\" \/>\n<meta property=\"og:url\" content=\"https:\/\/www.article-marketing.eu\/comunicatistampa\/fai-risaltare-il-tuo-giardino-ordinando-bulbi-di-amaryllis-da-florablom\/\" \/>\n<meta property=\"og:site_name\" content=\"Article Marketing\" \/>\n<meta property=\"article:published_time\" content=\"2017-05-09T11:21:36+00:00\" \/>\n<meta name=\"author\" content=\"simonebaro\" \/>\n<meta name=\"twitter:card\" content=\"summary_large_image\" \/>\n<meta name=\"twitter:label1\" content=\"Scritto da\" \/>\n\t<meta name=\"twitter:data1\" content=\"simonebaro\" \/>\n\t<meta name=\"twitter:label2\" content=\"Tempo di lettura stimato\" \/>\n\t<meta name=\"twitter:data2\" content=\"2 minuti\" \/>\n<script type=\"application\/ld+json\" class=\"yoast-schema-graph\">{\"@context\":\"https:\\\/\\\/schema.org\",\"@graph\":[{\"@type\":\"Article\",\"@id\":\"https:\\\/\\\/www.article-marketing.eu\\\/comunicatistampa\\\/fai-risaltare-il-tuo-giardino-ordinando-bulbi-di-amaryllis-da-florablom\\\/#article\",\"isPartOf\":{\"@id\":\"https:\\\/\\\/www.article-marketing.eu\\\/comunicatistampa\\\/fai-risaltare-il-tuo-giardino-ordinando-bulbi-di-amaryllis-da-florablom\\\/\"},\"author\":{\"name\":\"simonebaro\",\"@id\":\"https:\\\/\\\/www.article-marketing.eu\\\/comunicatistampa\\\/#\\\/schema\\\/person\\\/542bf057ec329127e12499ce110dd211\"},\"headline\":\"Fai Risaltare Il Tuo Giardino Ordinando Bulbi Di Amaryllis Da FloraBlom\",\"datePublished\":\"2017-05-09T11:21:36+00:00\",\"mainEntityOfPage\":{\"@id\":\"https:\\\/\\\/www.article-marketing.eu\\\/comunicatistampa\\\/fai-risaltare-il-tuo-giardino-ordinando-bulbi-di-amaryllis-da-florablom\\\/\"},\"wordCount\":506,\"commentCount\":0,\"keywords\":[\"amaryllis\",\"bulbi amaryllis\"],\"articleSection\":[\"Casa\"],\"inLanguage\":\"it-IT\",\"potentialAction\":[{\"@type\":\"CommentAction\",\"name\":\"Comment\",\"target\":[\"https:\\\/\\\/www.article-marketing.eu\\\/comunicatistampa\\\/fai-risaltare-il-tuo-giardino-ordinando-bulbi-di-amaryllis-da-florablom\\\/#respond\"]}]},{\"@type\":\"WebPage\",\"@id\":\"https:\\\/\\\/www.article-marketing.eu\\\/comunicatistampa\\\/fai-risaltare-il-tuo-giardino-ordinando-bulbi-di-amaryllis-da-florablom\\\/\",\"url\":\"https:\\\/\\\/www.article-marketing.eu\\\/comunicatistampa\\\/fai-risaltare-il-tuo-giardino-ordinando-bulbi-di-amaryllis-da-florablom\\\/\",\"name\":\"Fai Risaltare Il Tuo Giardino Ordinando Bulbi Di Amaryllis Da FloraBlom - Article Marketing\",\"isPartOf\":{\"@id\":\"https:\\\/\\\/www.article-marketing.eu\\\/comunicatistampa\\\/#website\"},\"datePublished\":\"2017-05-09T11:21:36+00:00\",\"author\":{\"@id\":\"https:\\\/\\\/www.article-marketing.eu\\\/comunicatistampa\\\/#\\\/schema\\\/person\\\/542bf057ec329127e12499ce110dd211\"},\"breadcrumb\":{\"@id\":\"https:\\\/\\\/www.article-marketing.eu\\\/comunicatistampa\\\/fai-risaltare-il-tuo-giardino-ordinando-bulbi-di-amaryllis-da-florablom\\\/#breadcrumb\"},\"inLanguage\":\"it-IT\",\"potentialAction\":[{\"@type\":\"ReadAction\",\"target\":[\"https:\\\/\\\/www.article-marketing.eu\\\/comunicatistampa\\\/fai-risaltare-il-tuo-giardino-ordinando-bulbi-di-amaryllis-da-florablom\\\/\"]}]},{\"@type\":\"BreadcrumbList\",\"@id\":\"https:\\\/\\\/www.article-marketing.eu\\\/comunicatistampa\\\/fai-risaltare-il-tuo-giardino-ordinando-bulbi-di-amaryllis-da-florablom\\\/#breadcrumb\",\"itemListElement\":[{\"@type\":\"ListItem\",\"position\":1,\"name\":\"Home\",\"item\":\"https:\\\/\\\/www.article-marketing.eu\\\/comunicatistampa\\\/\"},{\"@type\":\"ListItem\",\"position\":2,\"name\":\"Fai Risaltare Il Tuo Giardino Ordinando Bulbi Di Amaryllis Da FloraBlom\"}]},{\"@type\":\"WebSite\",\"@id\":\"https:\\\/\\\/www.article-marketing.eu\\\/comunicatistampa\\\/#website\",\"url\":\"https:\\\/\\\/www.article-marketing.eu\\\/comunicatistampa\\\/\",\"name\":\"Article Marketing\",\"description\":\"article marketing &amp; press release\",\"potentialAction\":[{\"@type\":\"SearchAction\",\"target\":{\"@type\":\"EntryPoint\",\"urlTemplate\":\"https:\\\/\\\/www.article-marketing.eu\\\/comunicatistampa\\\/?s={search_term_string}\"},\"query-input\":{\"@type\":\"PropertyValueSpecification\",\"valueRequired\":true,\"valueName\":\"search_term_string\"}}],\"inLanguage\":\"it-IT\"},{\"@type\":\"Person\",\"@id\":\"https:\\\/\\\/www.article-marketing.eu\\\/comunicatistampa\\\/#\\\/schema\\\/person\\\/542bf057ec329127e12499ce110dd211\",\"name\":\"simonebaro\",\"image\":{\"@type\":\"ImageObject\",\"inLanguage\":\"it-IT\",\"@id\":\"https:\\\/\\\/secure.gravatar.com\\\/avatar\\\/935af1bd53f57f412e6dde1939cf987f0d15301c74f7aed1b69e545cecb5d36f?s=96&d=mm&r=g\",\"url\":\"https:\\\/\\\/secure.gravatar.com\\\/avatar\\\/935af1bd53f57f412e6dde1939cf987f0d15301c74f7aed1b69e545cecb5d36f?s=96&d=mm&r=g\",\"contentUrl\":\"https:\\\/\\\/secure.gravatar.com\\\/avatar\\\/935af1bd53f57f412e6dde1939cf987f0d15301c74f7aed1b69e545cecb5d36f?s=96&d=mm&r=g\",\"caption\":\"simonebaro\"},\"url\":\"https:\\\/\\\/www.article-marketing.eu\\\/comunicatistampa\\\/author\\\/simonebaro\\\/\"}]}<\/script>\n<!-- \/ Yoast SEO plugin. -->","yoast_head_json":{"title":"Fai Risaltare Il Tuo Giardino Ordinando Bulbi Di Amaryllis Da FloraBlom - Article Marketing","robots":{"index":"index","follow":"follow","max-snippet":"max-snippet:-1","max-image-preview":"max-image-preview:large","max-video-preview":"max-video-preview:-1"},"canonical":"https:\/\/www.article-marketing.eu\/comunicatistampa\/fai-risaltare-il-tuo-giardino-ordinando-bulbi-di-amaryllis-da-florablom\/","og_locale":"it_IT","og_type":"article","og_title":"Fai Risaltare Il Tuo Giardino Ordinando Bulbi Di Amaryllis Da FloraBlom - Article Marketing","og_description":"Gli amaryllis sono dei bellissimi fiori che crescono tra i mesi invernali e primaverili. Questi fiori sono cos\u00ec stupefacenti che faranno girare le teste. Sono grandi e fiammeggianti. Non importa dove tu li voglia piantare, cresceranno bene sia in casa che fuori. Puoi averli in un arcobaleno di colori come il rosso, rosa, bianco etc. il che gli rende perfetti per le stagioni invernali e primaverili. Sarai stregato alla vistaContinue reading...","og_url":"https:\/\/www.article-marketing.eu\/comunicatistampa\/fai-risaltare-il-tuo-giardino-ordinando-bulbi-di-amaryllis-da-florablom\/","og_site_name":"Article Marketing","article_published_time":"2017-05-09T11:21:36+00:00","author":"simonebaro","twitter_card":"summary_large_image","twitter_misc":{"Scritto da":"simonebaro","Tempo di lettura stimato":"2 minuti"},"schema":{"@context":"https:\/\/schema.org","@graph":[{"@type":"Article","@id":"https:\/\/www.article-marketing.eu\/comunicatistampa\/fai-risaltare-il-tuo-giardino-ordinando-bulbi-di-amaryllis-da-florablom\/#article","isPartOf":{"@id":"https:\/\/www.article-marketing.eu\/comunicatistampa\/fai-risaltare-il-tuo-giardino-ordinando-bulbi-di-amaryllis-da-florablom\/"},"author":{"name":"simonebaro","@id":"https:\/\/www.article-marketing.eu\/comunicatistampa\/#\/schema\/person\/542bf057ec329127e12499ce110dd211"},"headline":"Fai Risaltare Il Tuo Giardino Ordinando Bulbi Di Amaryllis Da FloraBlom","datePublished":"2017-05-09T11:21:36+00:00","mainEntityOfPage":{"@id":"https:\/\/www.article-marketing.eu\/comunicatistampa\/fai-risaltare-il-tuo-giardino-ordinando-bulbi-di-amaryllis-da-florablom\/"},"wordCount":506,"commentCount":0,"keywords":["amaryllis","bulbi amaryllis"],"articleSection":["Casa"],"inLanguage":"it-IT","potentialAction":[{"@type":"CommentAction","name":"Comment","target":["https:\/\/www.article-marketing.eu\/comunicatistampa\/fai-risaltare-il-tuo-giardino-ordinando-bulbi-di-amaryllis-da-florablom\/#respond"]}]},{"@type":"WebPage","@id":"https:\/\/www.article-marketing.eu\/comunicatistampa\/fai-risaltare-il-tuo-giardino-ordinando-bulbi-di-amaryllis-da-florablom\/","url":"https:\/\/www.article-marketing.eu\/comunicatistampa\/fai-risaltare-il-tuo-giardino-ordinando-bulbi-di-amaryllis-da-florablom\/","name":"Fai Risaltare Il Tuo Giardino Ordinando Bulbi Di Amaryllis Da FloraBlom - Article Marketing","isPartOf":{"@id":"https:\/\/www.article-marketing.eu\/comunicatistampa\/#website"},"datePublished":"2017-05-09T11:21:36+00:00","author":{"@id":"https:\/\/www.article-marketing.eu\/comunicatistampa\/#\/schema\/person\/542bf057ec329127e12499ce110dd211"},"breadcrumb":{"@id":"https:\/\/www.article-marketing.eu\/comunicatistampa\/fai-risaltare-il-tuo-giardino-ordinando-bulbi-di-amaryllis-da-florablom\/#breadcrumb"},"inLanguage":"it-IT","potentialAction":[{"@type":"ReadAction","target":["https:\/\/www.article-marketing.eu\/comunicatistampa\/fai-risaltare-il-tuo-giardino-ordinando-bulbi-di-amaryllis-da-florablom\/"]}]},{"@type":"BreadcrumbList","@id":"https:\/\/www.article-marketing.eu\/comunicatistampa\/fai-risaltare-il-tuo-giardino-ordinando-bulbi-di-amaryllis-da-florablom\/#breadcrumb","itemListElement":[{"@type":"ListItem","position":1,"name":"Home","item":"https:\/\/www.article-marketing.eu\/comunicatistampa\/"},{"@type":"ListItem","position":2,"name":"Fai Risaltare Il Tuo Giardino Ordinando Bulbi Di Amaryllis Da FloraBlom"}]},{"@type":"WebSite","@id":"https:\/\/www.article-marketing.eu\/comunicatistampa\/#website","url":"https:\/\/www.article-marketing.eu\/comunicatistampa\/","name":"Article Marketing","description":"article marketing &amp; press release","potentialAction":[{"@type":"SearchAction","target":{"@type":"EntryPoint","urlTemplate":"https:\/\/www.article-marketing.eu\/comunicatistampa\/?s={search_term_string}"},"query-input":{"@type":"PropertyValueSpecification","valueRequired":true,"valueName":"search_term_string"}}],"inLanguage":"it-IT"},{"@type":"Person","@id":"https:\/\/www.article-marketing.eu\/comunicatistampa\/#\/schema\/person\/542bf057ec329127e12499ce110dd211","name":"simonebaro","image":{"@type":"ImageObject","inLanguage":"it-IT","@id":"https:\/\/secure.gravatar.com\/avatar\/935af1bd53f57f412e6dde1939cf987f0d15301c74f7aed1b69e545cecb5d36f?s=96&d=mm&r=g","url":"https:\/\/secure.gravatar.com\/avatar\/935af1bd53f57f412e6dde1939cf987f0d15301c74f7aed1b69e545cecb5d36f?s=96&d=mm&r=g","contentUrl":"https:\/\/secure.gravatar.com\/avatar\/935af1bd53f57f412e6dde1939cf987f0d15301c74f7aed1b69e545cecb5d36f?s=96&d=mm&r=g","caption":"simonebaro"},"url":"https:\/\/www.article-marketing.eu\/comunicatistampa\/author\/simonebaro\/"}]}},"_links":{"self":[{"href":"https:\/\/www.article-marketing.eu\/comunicatistampa\/wp-json\/wp\/v2\/posts\/2375","targetHints":{"allow":["GET"]}}],"collection":[{"href":"https:\/\/www.article-marketing.eu\/comunicatistampa\/wp-json\/wp\/v2\/posts"}],"about":[{"href":"https:\/\/www.article-marketing.eu\/comunicatistampa\/wp-json\/wp\/v2\/types\/post"}],"author":[{"embeddable":true,"href":"https:\/\/www.article-marketing.eu\/comunicatistampa\/wp-json\/wp\/v2\/users\/188"}],"replies":[{"embeddable":true,"href":"https:\/\/www.article-marketing.eu\/comunicatistampa\/wp-json\/wp\/v2\/comments?post=2375"}],"version-history":[{"count":2,"href":"https:\/\/www.article-marketing.eu\/comunicatistampa\/wp-json\/wp\/v2\/posts\/2375\/revisions"}],"predecessor-version":[{"id":2423,"href":"https:\/\/www.article-marketing.eu\/comunicatistampa\/wp-json\/wp\/v2\/posts\/2375\/revisions\/2423"}],"wp:attachment":[{"href":"https:\/\/www.article-marketing.eu\/comunicatistampa\/wp-json\/wp\/v2\/media?parent=2375"}],"wp:term":[{"taxonomy":"category","embeddable":true,"href":"https:\/\/www.article-marketing.eu\/comunicatistampa\/wp-json\/wp\/v2\/categories?post=2375"},{"taxonomy":"post_tag","embeddable":true,"href":"https:\/\/www.article-marketing.eu\/comunicatistampa\/wp-json\/wp\/v2\/tags?post=2375"}],"curies":[{"name":"wp","href":"https:\/\/api.w.org\/{rel}","templated":true}]}}