{"id":23759,"date":"2022-07-02T08:11:00","date_gmt":"2022-07-02T06:11:00","guid":{"rendered":"https:\/\/www.article-marketing.eu\/comunicatistampa\/?p=23759"},"modified":"2022-06-29T15:22:29","modified_gmt":"2022-06-29T13:22:29","slug":"massimo-malvestio-landamento-dellinflazione-il-punto-dellavvocato","status":"publish","type":"post","link":"https:\/\/www.article-marketing.eu\/comunicatistampa\/massimo-malvestio-landamento-dellinflazione-il-punto-dellavvocato\/","title":{"rendered":"Massimo Malvestio: l\u2019andamento dell\u2019inflazione, il punto dell\u2019avvocato"},"content":{"rendered":"<p><em><strong><a title=\"Massimo Malvestio: l'analisi lungimirante - Venezie Post\" href=\"https:\/\/www.veneziepost.it\/malvestio-un-anno-fa-se-linflazione-arrivasse-al-5-e-oggi-dice-bassa-natalita-e-politiche-esg-sono-le-concause-e-la-recessione-potrebbe-non-fermarla\/\">Massimo Malvestio<\/a>, Presidente del Comitato Investimenti di Praude Asset Management LTD, ritorna a parlare a &#8220;Venezie Post&#8221; dell&#8217;andamento della fase inflattiva a un anno dall&#8217;intervista in cui anticip\u00f2 lo scenario attuale.<\/strong><\/em><\/p>\n<h2>Massimo Malvestio: se la recessione in arrivo non riporter\u00e0 a livelli minimi l&#8217;inflazione tutto potrebbe scoppiare<\/h2>\n<p>Lungimirante. <em>&#8220;Se arrivasse il 5% di inflazione&#8230;&#8221;<\/em>: lo scorso anno l&#8217;avvocato <strong>Massimo Malvestio<\/strong>, intervistato da &#8220;Venezie Post, aveva ammonito circa i rischi. <em>&#8220;Vorrebbe dire che sull&#8217;enorme stock di debito a lungo termine e tasso fisso di banche, assicurazioni, fondi pensione, le perdite sarebbero enormi. Ma l&#8217;inflazione, quando \u00e8 partita, chi ti dice che si ferma al 5%? Siamo in un terreno del tutto inesplorato, non \u00e8 mai successo che tu moltiplichi per x volte la massa monetaria e non succede niente. Non so quale sar\u00e0 il risultato, ma stiamo giocando a un gioco pericoloso. Fino a che non parte l&#8217;inflazione, \u00e8 come essere su un lago di benzina: finch\u00e9 nessuno accende un cerino non succede niente&#8221;<\/em>. Le previsioni dell&#8217;avvocato sono oggi realt\u00e0, diversamente da quanto sostenevano in molti, <em>in primis<\/em> le autorit\u00e0 monetarie e politiche, ossia che l&#8217;inflazione fosse destinata <em>&#8220;a rientrare in pochi mesi&#8221;<\/em>. A distanza di un anno &#8220;Venezie Post&#8221; \u00e8 tornato a intervistare l&#8217;avvocato <strong>Massimo Malvestio<\/strong> sul tema: <em>&#8220;L&#8217;inflazione era gi\u00e0 partita prima del conflitto. Il conflitto ha aggravato il problema&#8221;<\/em>.<\/p>\n<h2>Inflazione: la vision lungimirante dell&#8217;avvocato Massimo Malvestio<\/h2>\n<p>Tre i fattori che secondo <strong>Massimo Malvestio<\/strong> hanno sostanzialmente contribuito a questa fase inflattiva: <em>&#8220;Il primo \u00e8 dato dalla abnorme crescita delle masse monetarie effetto delle politiche espansive delle banche centrali&#8221;<\/em>. Il secondo invece, spesso sottovalutato, riguarda <em>&#8220;le dinamiche demografiche che vedono i baby boomers avviarsi alla pensione senza che i nuovi entrati nel mondo del lavoro siano in numero sufficiente a sostituirli&#8221;<\/em>. Terzo: <em>&#8220;Le politiche ESG &#8211; o pretese tali &#8211; imposte dai fondi, dalle banche e dai regolatori alle societ\u00e0 quotate prima, ma adesso quasi a tutte, che hanno allontanato gli investimenti in risorse energetiche e in materie prime dalle logiche di mercato&#8221;<\/em>. Riprendendo infine le parole del CEO di JP Morgan secondo cui l&#8217;uragano che ci aspetta sar\u00e0 <em>&#8220;minore o una tempesta Sandy&#8221;<\/em>, l&#8217;avvocato <strong>Massimo Malvestio<\/strong> sostiene che sia presto per dirlo: <em>&#8220;Tutti si aspettano che la fase recessiva faccia rientrare l&#8217;inflazione. Vedremo, ma il punto vero \u00e8 a che livello si attester\u00e0 e per quanto tempo. Se torner\u00e0 all&#8217;uno o due per cento tutto potr\u00e0 essere superato, ma se dovesse attestarsi attorno al 5% &#8211; come ho detto un anno fa nell&#8217;intervista che vi ho rilasciato &#8211; il lago di benzina sulle cui sponde ci siamo attestati, si incendier\u00e0 comunque e si assister\u00e0 ad un grande redistribuzione di ricchezza&#8221;<\/em>.<\/p>\n","protected":false},"excerpt":{"rendered":"<p>Massimo Malvestio, Presidente del Comitato Investimenti di Praude Asset Management LTD, ritorna a parlare a &#8220;Venezie Post&#8221; dell&#8217;andamento della fase inflattiva a un anno dall&#8217;intervista in cui anticip\u00f2 lo scenario attuale. Massimo Malvestio: se la recessione in arrivo non riporter\u00e0 a livelli minimi l&#8217;inflazione tutto potrebbe scoppiare Lungimirante. &#8220;Se arrivasse il 5% di inflazione&#8230;&#8221;: lo scorso anno l&#8217;avvocato Massimo Malvestio, intervistato da &#8220;Venezie Post, aveva ammonito circa i rischi. &#8220;Vorrebbe<\/p>\n<p><a class=\"continue-reading\" href=\"https:\/\/www.article-marketing.eu\/comunicatistampa\/massimo-malvestio-landamento-dellinflazione-il-punto-dellavvocato\/\">Continue reading&#8230;<\/a><\/p>\n","protected":false},"author":6477,"featured_media":0,"comment_status":"open","ping_status":"open","sticky":false,"template":"","format":"standard","meta":{"_monsterinsights_skip_tracking":false,"_monsterinsights_sitenote_active":false,"_monsterinsights_sitenote_note":"","_monsterinsights_sitenote_category":0,"footnotes":""},"categories":[386],"tags":[9308],"class_list":["post-23759","post","type-post","status-publish","format-standard","hentry","category-economia-e-lavoro","tag-massimo-malvestio"],"yoast_head":"<!-- This site is optimized with the Yoast SEO plugin v27.3 - https:\/\/yoast.com\/product\/yoast-seo-wordpress\/ -->\n<title>Massimo Malvestio: l\u2019andamento dell\u2019inflazione, il punto dell\u2019avvocato<\/title>\n<meta name=\"robots\" content=\"index, follow, max-snippet:-1, max-image-preview:large, max-video-preview:-1\" \/>\n<link rel=\"canonical\" href=\"https:\/\/www.article-marketing.eu\/comunicatistampa\/massimo-malvestio-landamento-dellinflazione-il-punto-dellavvocato\/\" \/>\n<meta property=\"og:locale\" content=\"it_IT\" \/>\n<meta property=\"og:type\" content=\"article\" \/>\n<meta property=\"og:title\" content=\"Massimo Malvestio: l\u2019andamento dell\u2019inflazione, il punto dell\u2019avvocato\" \/>\n<meta property=\"og:description\" content=\"Massimo Malvestio, Presidente del Comitato Investimenti di Praude Asset Management LTD, ritorna a parlare a &#8220;Venezie Post&#8221; dell&#8217;andamento della fase inflattiva a un anno dall&#8217;intervista in cui anticip\u00f2 lo scenario attuale. Massimo Malvestio: se la recessione in arrivo non riporter\u00e0 a livelli minimi l&#8217;inflazione tutto potrebbe scoppiare Lungimirante. &#8220;Se arrivasse il 5% di inflazione&#8230;&#8221;: lo scorso anno l&#8217;avvocato Massimo Malvestio, intervistato da &#8220;Venezie Post, aveva ammonito circa i rischi. &#8220;VorrebbeContinue reading...\" \/>\n<meta property=\"og:url\" content=\"https:\/\/www.article-marketing.eu\/comunicatistampa\/massimo-malvestio-landamento-dellinflazione-il-punto-dellavvocato\/\" \/>\n<meta property=\"og:site_name\" content=\"Article Marketing\" \/>\n<meta property=\"article:published_time\" content=\"2022-07-02T06:11:00+00:00\" \/>\n<meta name=\"author\" content=\"articolinews\" \/>\n<meta name=\"twitter:card\" content=\"summary_large_image\" \/>\n<meta name=\"twitter:label1\" content=\"Scritto da\" \/>\n\t<meta name=\"twitter:data1\" content=\"articolinews\" \/>\n\t<meta name=\"twitter:label2\" content=\"Tempo di lettura stimato\" \/>\n\t<meta name=\"twitter:data2\" content=\"2 minuti\" \/>\n<script type=\"application\/ld+json\" class=\"yoast-schema-graph\">{\"@context\":\"https:\\\/\\\/schema.org\",\"@graph\":[{\"@type\":\"Article\",\"@id\":\"https:\\\/\\\/www.article-marketing.eu\\\/comunicatistampa\\\/massimo-malvestio-landamento-dellinflazione-il-punto-dellavvocato\\\/#article\",\"isPartOf\":{\"@id\":\"https:\\\/\\\/www.article-marketing.eu\\\/comunicatistampa\\\/massimo-malvestio-landamento-dellinflazione-il-punto-dellavvocato\\\/\"},\"author\":{\"name\":\"articolinews\",\"@id\":\"https:\\\/\\\/www.article-marketing.eu\\\/comunicatistampa\\\/#\\\/schema\\\/person\\\/2fcaf8f8f3a9eef9eb7f27532d3ca458\"},\"headline\":\"Massimo Malvestio: l\u2019andamento dell\u2019inflazione, il punto dell\u2019avvocato\",\"datePublished\":\"2022-07-02T06:11:00+00:00\",\"mainEntityOfPage\":{\"@id\":\"https:\\\/\\\/www.article-marketing.eu\\\/comunicatistampa\\\/massimo-malvestio-landamento-dellinflazione-il-punto-dellavvocato\\\/\"},\"wordCount\":442,\"commentCount\":0,\"keywords\":[\"Massimo Malvestio\"],\"articleSection\":[\"Economia e lavoro\"],\"inLanguage\":\"it-IT\",\"potentialAction\":[{\"@type\":\"CommentAction\",\"name\":\"Comment\",\"target\":[\"https:\\\/\\\/www.article-marketing.eu\\\/comunicatistampa\\\/massimo-malvestio-landamento-dellinflazione-il-punto-dellavvocato\\\/#respond\"]}]},{\"@type\":\"WebPage\",\"@id\":\"https:\\\/\\\/www.article-marketing.eu\\\/comunicatistampa\\\/massimo-malvestio-landamento-dellinflazione-il-punto-dellavvocato\\\/\",\"url\":\"https:\\\/\\\/www.article-marketing.eu\\\/comunicatistampa\\\/massimo-malvestio-landamento-dellinflazione-il-punto-dellavvocato\\\/\",\"name\":\"Massimo Malvestio: l\u2019andamento dell\u2019inflazione, il punto dell\u2019avvocato\",\"isPartOf\":{\"@id\":\"https:\\\/\\\/www.article-marketing.eu\\\/comunicatistampa\\\/#website\"},\"datePublished\":\"2022-07-02T06:11:00+00:00\",\"author\":{\"@id\":\"https:\\\/\\\/www.article-marketing.eu\\\/comunicatistampa\\\/#\\\/schema\\\/person\\\/2fcaf8f8f3a9eef9eb7f27532d3ca458\"},\"breadcrumb\":{\"@id\":\"https:\\\/\\\/www.article-marketing.eu\\\/comunicatistampa\\\/massimo-malvestio-landamento-dellinflazione-il-punto-dellavvocato\\\/#breadcrumb\"},\"inLanguage\":\"it-IT\",\"potentialAction\":[{\"@type\":\"ReadAction\",\"target\":[\"https:\\\/\\\/www.article-marketing.eu\\\/comunicatistampa\\\/massimo-malvestio-landamento-dellinflazione-il-punto-dellavvocato\\\/\"]}]},{\"@type\":\"BreadcrumbList\",\"@id\":\"https:\\\/\\\/www.article-marketing.eu\\\/comunicatistampa\\\/massimo-malvestio-landamento-dellinflazione-il-punto-dellavvocato\\\/#breadcrumb\",\"itemListElement\":[{\"@type\":\"ListItem\",\"position\":1,\"name\":\"Home\",\"item\":\"https:\\\/\\\/www.article-marketing.eu\\\/comunicatistampa\\\/\"},{\"@type\":\"ListItem\",\"position\":2,\"name\":\"Massimo Malvestio: l\u2019andamento dell\u2019inflazione, il punto dell\u2019avvocato\"}]},{\"@type\":\"WebSite\",\"@id\":\"https:\\\/\\\/www.article-marketing.eu\\\/comunicatistampa\\\/#website\",\"url\":\"https:\\\/\\\/www.article-marketing.eu\\\/comunicatistampa\\\/\",\"name\":\"Article Marketing\",\"description\":\"article marketing &amp; press release\",\"potentialAction\":[{\"@type\":\"SearchAction\",\"target\":{\"@type\":\"EntryPoint\",\"urlTemplate\":\"https:\\\/\\\/www.article-marketing.eu\\\/comunicatistampa\\\/?s={search_term_string}\"},\"query-input\":{\"@type\":\"PropertyValueSpecification\",\"valueRequired\":true,\"valueName\":\"search_term_string\"}}],\"inLanguage\":\"it-IT\"},{\"@type\":\"Person\",\"@id\":\"https:\\\/\\\/www.article-marketing.eu\\\/comunicatistampa\\\/#\\\/schema\\\/person\\\/2fcaf8f8f3a9eef9eb7f27532d3ca458\",\"name\":\"articolinews\",\"image\":{\"@type\":\"ImageObject\",\"inLanguage\":\"it-IT\",\"@id\":\"https:\\\/\\\/secure.gravatar.com\\\/avatar\\\/9e2a264bab04e17dea24d937c9956304649a848cb73c46747a692ff1bdeb1cb7?s=96&d=mm&r=g\",\"url\":\"https:\\\/\\\/secure.gravatar.com\\\/avatar\\\/9e2a264bab04e17dea24d937c9956304649a848cb73c46747a692ff1bdeb1cb7?s=96&d=mm&r=g\",\"contentUrl\":\"https:\\\/\\\/secure.gravatar.com\\\/avatar\\\/9e2a264bab04e17dea24d937c9956304649a848cb73c46747a692ff1bdeb1cb7?s=96&d=mm&r=g\",\"caption\":\"articolinews\"},\"url\":\"https:\\\/\\\/www.article-marketing.eu\\\/comunicatistampa\\\/author\\\/articolinews\\\/\"}]}<\/script>\n<!-- \/ Yoast SEO plugin. -->","yoast_head_json":{"title":"Massimo Malvestio: l\u2019andamento dell\u2019inflazione, il punto dell\u2019avvocato","robots":{"index":"index","follow":"follow","max-snippet":"max-snippet:-1","max-image-preview":"max-image-preview:large","max-video-preview":"max-video-preview:-1"},"canonical":"https:\/\/www.article-marketing.eu\/comunicatistampa\/massimo-malvestio-landamento-dellinflazione-il-punto-dellavvocato\/","og_locale":"it_IT","og_type":"article","og_title":"Massimo Malvestio: l\u2019andamento dell\u2019inflazione, il punto dell\u2019avvocato","og_description":"Massimo Malvestio, Presidente del Comitato Investimenti di Praude Asset Management LTD, ritorna a parlare a &#8220;Venezie Post&#8221; dell&#8217;andamento della fase inflattiva a un anno dall&#8217;intervista in cui anticip\u00f2 lo scenario attuale. Massimo Malvestio: se la recessione in arrivo non riporter\u00e0 a livelli minimi l&#8217;inflazione tutto potrebbe scoppiare Lungimirante. &#8220;Se arrivasse il 5% di inflazione&#8230;&#8221;: lo scorso anno l&#8217;avvocato Massimo Malvestio, intervistato da &#8220;Venezie Post, aveva ammonito circa i rischi. &#8220;VorrebbeContinue reading...","og_url":"https:\/\/www.article-marketing.eu\/comunicatistampa\/massimo-malvestio-landamento-dellinflazione-il-punto-dellavvocato\/","og_site_name":"Article Marketing","article_published_time":"2022-07-02T06:11:00+00:00","author":"articolinews","twitter_card":"summary_large_image","twitter_misc":{"Scritto da":"articolinews","Tempo di lettura stimato":"2 minuti"},"schema":{"@context":"https:\/\/schema.org","@graph":[{"@type":"Article","@id":"https:\/\/www.article-marketing.eu\/comunicatistampa\/massimo-malvestio-landamento-dellinflazione-il-punto-dellavvocato\/#article","isPartOf":{"@id":"https:\/\/www.article-marketing.eu\/comunicatistampa\/massimo-malvestio-landamento-dellinflazione-il-punto-dellavvocato\/"},"author":{"name":"articolinews","@id":"https:\/\/www.article-marketing.eu\/comunicatistampa\/#\/schema\/person\/2fcaf8f8f3a9eef9eb7f27532d3ca458"},"headline":"Massimo Malvestio: l\u2019andamento dell\u2019inflazione, il punto dell\u2019avvocato","datePublished":"2022-07-02T06:11:00+00:00","mainEntityOfPage":{"@id":"https:\/\/www.article-marketing.eu\/comunicatistampa\/massimo-malvestio-landamento-dellinflazione-il-punto-dellavvocato\/"},"wordCount":442,"commentCount":0,"keywords":["Massimo Malvestio"],"articleSection":["Economia e lavoro"],"inLanguage":"it-IT","potentialAction":[{"@type":"CommentAction","name":"Comment","target":["https:\/\/www.article-marketing.eu\/comunicatistampa\/massimo-malvestio-landamento-dellinflazione-il-punto-dellavvocato\/#respond"]}]},{"@type":"WebPage","@id":"https:\/\/www.article-marketing.eu\/comunicatistampa\/massimo-malvestio-landamento-dellinflazione-il-punto-dellavvocato\/","url":"https:\/\/www.article-marketing.eu\/comunicatistampa\/massimo-malvestio-landamento-dellinflazione-il-punto-dellavvocato\/","name":"Massimo Malvestio: l\u2019andamento dell\u2019inflazione, il punto dell\u2019avvocato","isPartOf":{"@id":"https:\/\/www.article-marketing.eu\/comunicatistampa\/#website"},"datePublished":"2022-07-02T06:11:00+00:00","author":{"@id":"https:\/\/www.article-marketing.eu\/comunicatistampa\/#\/schema\/person\/2fcaf8f8f3a9eef9eb7f27532d3ca458"},"breadcrumb":{"@id":"https:\/\/www.article-marketing.eu\/comunicatistampa\/massimo-malvestio-landamento-dellinflazione-il-punto-dellavvocato\/#breadcrumb"},"inLanguage":"it-IT","potentialAction":[{"@type":"ReadAction","target":["https:\/\/www.article-marketing.eu\/comunicatistampa\/massimo-malvestio-landamento-dellinflazione-il-punto-dellavvocato\/"]}]},{"@type":"BreadcrumbList","@id":"https:\/\/www.article-marketing.eu\/comunicatistampa\/massimo-malvestio-landamento-dellinflazione-il-punto-dellavvocato\/#breadcrumb","itemListElement":[{"@type":"ListItem","position":1,"name":"Home","item":"https:\/\/www.article-marketing.eu\/comunicatistampa\/"},{"@type":"ListItem","position":2,"name":"Massimo Malvestio: l\u2019andamento dell\u2019inflazione, il punto dell\u2019avvocato"}]},{"@type":"WebSite","@id":"https:\/\/www.article-marketing.eu\/comunicatistampa\/#website","url":"https:\/\/www.article-marketing.eu\/comunicatistampa\/","name":"Article Marketing","description":"article marketing &amp; press release","potentialAction":[{"@type":"SearchAction","target":{"@type":"EntryPoint","urlTemplate":"https:\/\/www.article-marketing.eu\/comunicatistampa\/?s={search_term_string}"},"query-input":{"@type":"PropertyValueSpecification","valueRequired":true,"valueName":"search_term_string"}}],"inLanguage":"it-IT"},{"@type":"Person","@id":"https:\/\/www.article-marketing.eu\/comunicatistampa\/#\/schema\/person\/2fcaf8f8f3a9eef9eb7f27532d3ca458","name":"articolinews","image":{"@type":"ImageObject","inLanguage":"it-IT","@id":"https:\/\/secure.gravatar.com\/avatar\/9e2a264bab04e17dea24d937c9956304649a848cb73c46747a692ff1bdeb1cb7?s=96&d=mm&r=g","url":"https:\/\/secure.gravatar.com\/avatar\/9e2a264bab04e17dea24d937c9956304649a848cb73c46747a692ff1bdeb1cb7?s=96&d=mm&r=g","contentUrl":"https:\/\/secure.gravatar.com\/avatar\/9e2a264bab04e17dea24d937c9956304649a848cb73c46747a692ff1bdeb1cb7?s=96&d=mm&r=g","caption":"articolinews"},"url":"https:\/\/www.article-marketing.eu\/comunicatistampa\/author\/articolinews\/"}]}},"_links":{"self":[{"href":"https:\/\/www.article-marketing.eu\/comunicatistampa\/wp-json\/wp\/v2\/posts\/23759","targetHints":{"allow":["GET"]}}],"collection":[{"href":"https:\/\/www.article-marketing.eu\/comunicatistampa\/wp-json\/wp\/v2\/posts"}],"about":[{"href":"https:\/\/www.article-marketing.eu\/comunicatistampa\/wp-json\/wp\/v2\/types\/post"}],"author":[{"embeddable":true,"href":"https:\/\/www.article-marketing.eu\/comunicatistampa\/wp-json\/wp\/v2\/users\/6477"}],"replies":[{"embeddable":true,"href":"https:\/\/www.article-marketing.eu\/comunicatistampa\/wp-json\/wp\/v2\/comments?post=23759"}],"version-history":[{"count":3,"href":"https:\/\/www.article-marketing.eu\/comunicatistampa\/wp-json\/wp\/v2\/posts\/23759\/revisions"}],"predecessor-version":[{"id":23805,"href":"https:\/\/www.article-marketing.eu\/comunicatistampa\/wp-json\/wp\/v2\/posts\/23759\/revisions\/23805"}],"wp:attachment":[{"href":"https:\/\/www.article-marketing.eu\/comunicatistampa\/wp-json\/wp\/v2\/media?parent=23759"}],"wp:term":[{"taxonomy":"category","embeddable":true,"href":"https:\/\/www.article-marketing.eu\/comunicatistampa\/wp-json\/wp\/v2\/categories?post=23759"},{"taxonomy":"post_tag","embeddable":true,"href":"https:\/\/www.article-marketing.eu\/comunicatistampa\/wp-json\/wp\/v2\/tags?post=23759"}],"curies":[{"name":"wp","href":"https:\/\/api.w.org\/{rel}","templated":true}]}}