{"id":2383,"date":"2017-05-09T13:21:10","date_gmt":"2017-05-09T11:21:10","guid":{"rendered":"http:\/\/www.article-marketing.eu\/comunicatistampa\/?p=2383"},"modified":"2017-05-09T13:21:10","modified_gmt":"2017-05-09T11:21:10","slug":"banda-ultralarga-e-cambiamenti-di-internet-a-bergamo","status":"publish","type":"post","link":"https:\/\/www.article-marketing.eu\/comunicatistampa\/banda-ultralarga-e-cambiamenti-di-internet-a-bergamo\/","title":{"rendered":"Banda Ultralarga e cambiamenti di internet a Bergamo"},"content":{"rendered":"<p>Alcuni di voi si saranno resi conto che nella provincia di Bergamo Tim sta ampliando la rete in fibra ottica. Si tratta delle tecnologia FTC, Fiber to the cabinet. Semplificando il sistema lavora in questo modo: La fibra ottica arriva fino all&#8217;armadio Telecom che vedete sulla strada fuori dalla porta di casa. In alcuni paesi i lavori sono stati terminati e si \u00e8 attivata la rete di vendita. Il servizio verr\u00e0 erogato sia ai privati che alle aziende. Come incider\u00e0 nel mondo aziendale questa rivoluzione?<\/p>\n<p>Il problema \u00e8 sempre stato quello del comma-22: &#8220;La frase seguente \u00e8 falsa. La frase precedente \u00e8 vera.&#8221;. Le aziende non sono in grado di offrire servizi web alla propria clientela perch\u00e9 le infrastrutture informatiche non sono in grado di supportarle oppure sono le infrastrutture informatiche non si evolvono perch\u00e9 le aziende non sarebbero in grado di offrire servizi web ai propri clienti?<\/p>\n<p>Finalmente avremo la risposta a questa domanda perch\u00e9, grazie ai sostegni pubblici, si \u00e8 avviato il processo di rinnovamento della rete a banda ultralarga.<\/p>\n<p>Se, fino ad oggi, il mondo imprenditoriale ha sempre limitato gli investimenti verso questa strada, oggi siamo di fronte ad una potenziale rivoluzione. Le problematiche che sono state risolte sono due. La prima \u00e8 la velocit\u00e0 massima. Attraverso la banda ultra larga si potr\u00e0 ottenere un picco di velocit\u00e0 prossimo ai 100mbit, praticamente una rete LAN. Il secondo \u00e8 la simmetria. Una connessione ADSL \u00e8 molto veloce in download e molto lenta in upload. Con la nuova rete in fibra ottica invece la simmetria \u00e8 un dato di fatto. Tanta velocit\u00e0 in download e tanta velocit\u00e0 in upload.<\/p>\n<p>Quali sono i servizi che probabilmente potranno avere dei vantaggi?<\/p>\n<h2>Telelavoro<\/h2>\n<p>Attraverso connettivit\u00e0 di alta qualit\u00e0 si potranno gestire alcune figure lavorative anche a distanza. Facciamo un esempio pratico. Mario, imprenditore bergamasco di successo, ha un team di 4 persone che si occupano di contabilit\u00e0 e finanza presso la sua azienda. Hanno la necessit\u00e0 di gestire una nuova figura molto specializzata che si occupi di recupero crediti. Mario ha trovato un candidato perfetto ma si trova a Ravenna e non pu\u00f2 traferirsi. Ha deciso di fornirgli un accesso a distanza al sistema gestionale. Questo grazie alla connettivit\u00e0 in fibra che hanno installato di presso la sede dell&#8217;azienda.<\/p>\n<h2>EDI<\/h2>\n<p>I sistemi di interscambio dati fra aziende necessitano di rapidit\u00e0, affidabilit\u00e0 del servizio e ampiezza di banda. Grazie alla fibra ottica ci sar\u00e0 un incremento dei servizio di questo tipo.<\/p>\n<h2>Multimedia<\/h2>\n<p>La comunicazione nel mondo web \u00e8 in forte fermento. Contenuti Video, Grafica, Database, Siti Web e altre classiche attivit\u00e0 del mondo digitale vanno di pari passo con la forza della tecnologia. Pensiamo ad esempio alla qualit\u00e0 dei video che venivano prodotti negli anni 90 e quelli di oggi. La tecnologia 4K che sta per essere soppiantata della 6K hanno necessit\u00e0 di banda perch\u00e9 i files sono di grandi dimensioni.<\/p>\n<h2>Conclusioni<\/h2>\n<p>Il mondo imprenditoriale \u00e8 di fronte ad un grande cambiamento. Sar\u00e0 colta questa occasione da parte delle aziende? Il tempo ci dar\u00e0 la risposta a questa domanda.<\/p>\n<p>Fonte: <a href=\"https:\/\/www.realizzazione-siti-web-bergamo.it\">Web Bergamo<\/a><\/p>\n<p>&nbsp;<\/p>\n","protected":false},"excerpt":{"rendered":"<p>Alcuni di voi si saranno resi conto che nella provincia di Bergamo Tim sta ampliando la rete in fibra ottica. Si tratta delle tecnologia FTC, Fiber to the cabinet. Semplificando il sistema lavora in questo modo: La fibra ottica arriva fino all&#8217;armadio Telecom che vedete sulla strada fuori dalla porta di casa. In alcuni paesi i lavori sono stati terminati e si \u00e8 attivata la rete di vendita. Il servizio<\/p>\n<p><a class=\"continue-reading\" href=\"https:\/\/www.article-marketing.eu\/comunicatistampa\/banda-ultralarga-e-cambiamenti-di-internet-a-bergamo\/\">Continue reading&#8230;<\/a><\/p>\n","protected":false},"author":303,"featured_media":0,"comment_status":"open","ping_status":"open","sticky":false,"template":"","format":"standard","meta":{"_monsterinsights_skip_tracking":false,"_monsterinsights_sitenote_active":false,"_monsterinsights_sitenote_note":"","_monsterinsights_sitenote_category":0,"footnotes":""},"categories":[380,383,384,385],"tags":[],"class_list":["post-2383","post","type-post","status-publish","format-standard","hentry","category-internet","category-semseo","category-web-design","category-web-marketing"],"yoast_head":"<!-- This site is optimized with the Yoast SEO plugin v27.3 - https:\/\/yoast.com\/product\/yoast-seo-wordpress\/ -->\n<title>Banda Ultralarga e cambiamenti di internet a Bergamo - Article Marketing<\/title>\n<meta name=\"robots\" content=\"index, follow, max-snippet:-1, max-image-preview:large, max-video-preview:-1\" \/>\n<link rel=\"canonical\" href=\"https:\/\/www.article-marketing.eu\/comunicatistampa\/banda-ultralarga-e-cambiamenti-di-internet-a-bergamo\/\" \/>\n<meta property=\"og:locale\" content=\"it_IT\" \/>\n<meta property=\"og:type\" content=\"article\" \/>\n<meta property=\"og:title\" content=\"Banda Ultralarga e cambiamenti di internet a Bergamo - Article Marketing\" \/>\n<meta property=\"og:description\" content=\"Alcuni di voi si saranno resi conto che nella provincia di Bergamo Tim sta ampliando la rete in fibra ottica. Si tratta delle tecnologia FTC, Fiber to the cabinet. Semplificando il sistema lavora in questo modo: La fibra ottica arriva fino all&#8217;armadio Telecom che vedete sulla strada fuori dalla porta di casa. In alcuni paesi i lavori sono stati terminati e si \u00e8 attivata la rete di vendita. Il servizioContinue reading...\" \/>\n<meta property=\"og:url\" content=\"https:\/\/www.article-marketing.eu\/comunicatistampa\/banda-ultralarga-e-cambiamenti-di-internet-a-bergamo\/\" \/>\n<meta property=\"og:site_name\" content=\"Article Marketing\" \/>\n<meta property=\"article:published_time\" content=\"2017-05-09T11:21:10+00:00\" \/>\n<meta name=\"author\" content=\"fabiozinesi\" \/>\n<meta name=\"twitter:card\" content=\"summary_large_image\" \/>\n<meta name=\"twitter:label1\" content=\"Scritto da\" \/>\n\t<meta name=\"twitter:data1\" content=\"fabiozinesi\" \/>\n\t<meta name=\"twitter:label2\" content=\"Tempo di lettura stimato\" \/>\n\t<meta name=\"twitter:data2\" content=\"2 minuti\" \/>\n<script type=\"application\/ld+json\" class=\"yoast-schema-graph\">{\"@context\":\"https:\\\/\\\/schema.org\",\"@graph\":[{\"@type\":\"Article\",\"@id\":\"https:\\\/\\\/www.article-marketing.eu\\\/comunicatistampa\\\/banda-ultralarga-e-cambiamenti-di-internet-a-bergamo\\\/#article\",\"isPartOf\":{\"@id\":\"https:\\\/\\\/www.article-marketing.eu\\\/comunicatistampa\\\/banda-ultralarga-e-cambiamenti-di-internet-a-bergamo\\\/\"},\"author\":{\"name\":\"fabiozinesi\",\"@id\":\"https:\\\/\\\/www.article-marketing.eu\\\/comunicatistampa\\\/#\\\/schema\\\/person\\\/25c86cfdc4555f8355228fcc17740b44\"},\"headline\":\"Banda Ultralarga e cambiamenti di internet a Bergamo\",\"datePublished\":\"2017-05-09T11:21:10+00:00\",\"mainEntityOfPage\":{\"@id\":\"https:\\\/\\\/www.article-marketing.eu\\\/comunicatistampa\\\/banda-ultralarga-e-cambiamenti-di-internet-a-bergamo\\\/\"},\"wordCount\":505,\"commentCount\":0,\"articleSection\":[\"Internet\",\"SEM\\\/SEO\",\"Web design\",\"Web marketing\"],\"inLanguage\":\"it-IT\",\"potentialAction\":[{\"@type\":\"CommentAction\",\"name\":\"Comment\",\"target\":[\"https:\\\/\\\/www.article-marketing.eu\\\/comunicatistampa\\\/banda-ultralarga-e-cambiamenti-di-internet-a-bergamo\\\/#respond\"]}]},{\"@type\":\"WebPage\",\"@id\":\"https:\\\/\\\/www.article-marketing.eu\\\/comunicatistampa\\\/banda-ultralarga-e-cambiamenti-di-internet-a-bergamo\\\/\",\"url\":\"https:\\\/\\\/www.article-marketing.eu\\\/comunicatistampa\\\/banda-ultralarga-e-cambiamenti-di-internet-a-bergamo\\\/\",\"name\":\"Banda Ultralarga e cambiamenti di internet a Bergamo - Article Marketing\",\"isPartOf\":{\"@id\":\"https:\\\/\\\/www.article-marketing.eu\\\/comunicatistampa\\\/#website\"},\"datePublished\":\"2017-05-09T11:21:10+00:00\",\"author\":{\"@id\":\"https:\\\/\\\/www.article-marketing.eu\\\/comunicatistampa\\\/#\\\/schema\\\/person\\\/25c86cfdc4555f8355228fcc17740b44\"},\"breadcrumb\":{\"@id\":\"https:\\\/\\\/www.article-marketing.eu\\\/comunicatistampa\\\/banda-ultralarga-e-cambiamenti-di-internet-a-bergamo\\\/#breadcrumb\"},\"inLanguage\":\"it-IT\",\"potentialAction\":[{\"@type\":\"ReadAction\",\"target\":[\"https:\\\/\\\/www.article-marketing.eu\\\/comunicatistampa\\\/banda-ultralarga-e-cambiamenti-di-internet-a-bergamo\\\/\"]}]},{\"@type\":\"BreadcrumbList\",\"@id\":\"https:\\\/\\\/www.article-marketing.eu\\\/comunicatistampa\\\/banda-ultralarga-e-cambiamenti-di-internet-a-bergamo\\\/#breadcrumb\",\"itemListElement\":[{\"@type\":\"ListItem\",\"position\":1,\"name\":\"Home\",\"item\":\"https:\\\/\\\/www.article-marketing.eu\\\/comunicatistampa\\\/\"},{\"@type\":\"ListItem\",\"position\":2,\"name\":\"Banda Ultralarga e cambiamenti di internet a Bergamo\"}]},{\"@type\":\"WebSite\",\"@id\":\"https:\\\/\\\/www.article-marketing.eu\\\/comunicatistampa\\\/#website\",\"url\":\"https:\\\/\\\/www.article-marketing.eu\\\/comunicatistampa\\\/\",\"name\":\"Article Marketing\",\"description\":\"article marketing &amp; press release\",\"potentialAction\":[{\"@type\":\"SearchAction\",\"target\":{\"@type\":\"EntryPoint\",\"urlTemplate\":\"https:\\\/\\\/www.article-marketing.eu\\\/comunicatistampa\\\/?s={search_term_string}\"},\"query-input\":{\"@type\":\"PropertyValueSpecification\",\"valueRequired\":true,\"valueName\":\"search_term_string\"}}],\"inLanguage\":\"it-IT\"},{\"@type\":\"Person\",\"@id\":\"https:\\\/\\\/www.article-marketing.eu\\\/comunicatistampa\\\/#\\\/schema\\\/person\\\/25c86cfdc4555f8355228fcc17740b44\",\"name\":\"fabiozinesi\",\"image\":{\"@type\":\"ImageObject\",\"inLanguage\":\"it-IT\",\"@id\":\"https:\\\/\\\/secure.gravatar.com\\\/avatar\\\/c252a3f7cd7825f3ee18bc31691b71caafbebc1d2612aa49d4cdc52be96df324?s=96&d=mm&r=g\",\"url\":\"https:\\\/\\\/secure.gravatar.com\\\/avatar\\\/c252a3f7cd7825f3ee18bc31691b71caafbebc1d2612aa49d4cdc52be96df324?s=96&d=mm&r=g\",\"contentUrl\":\"https:\\\/\\\/secure.gravatar.com\\\/avatar\\\/c252a3f7cd7825f3ee18bc31691b71caafbebc1d2612aa49d4cdc52be96df324?s=96&d=mm&r=g\",\"caption\":\"fabiozinesi\"},\"description\":\"Appassionato di web e marketing.\",\"sameAs\":[\"https:\\\/\\\/www.realizzazione-siti-web-bergamo.it\\\/\"],\"url\":\"https:\\\/\\\/www.article-marketing.eu\\\/comunicatistampa\\\/author\\\/fabiozinesi\\\/\"}]}<\/script>\n<!-- \/ Yoast SEO plugin. -->","yoast_head_json":{"title":"Banda Ultralarga e cambiamenti di internet a Bergamo - Article Marketing","robots":{"index":"index","follow":"follow","max-snippet":"max-snippet:-1","max-image-preview":"max-image-preview:large","max-video-preview":"max-video-preview:-1"},"canonical":"https:\/\/www.article-marketing.eu\/comunicatistampa\/banda-ultralarga-e-cambiamenti-di-internet-a-bergamo\/","og_locale":"it_IT","og_type":"article","og_title":"Banda Ultralarga e cambiamenti di internet a Bergamo - Article Marketing","og_description":"Alcuni di voi si saranno resi conto che nella provincia di Bergamo Tim sta ampliando la rete in fibra ottica. Si tratta delle tecnologia FTC, Fiber to the cabinet. Semplificando il sistema lavora in questo modo: La fibra ottica arriva fino all&#8217;armadio Telecom che vedete sulla strada fuori dalla porta di casa. In alcuni paesi i lavori sono stati terminati e si \u00e8 attivata la rete di vendita. Il servizioContinue reading...","og_url":"https:\/\/www.article-marketing.eu\/comunicatistampa\/banda-ultralarga-e-cambiamenti-di-internet-a-bergamo\/","og_site_name":"Article Marketing","article_published_time":"2017-05-09T11:21:10+00:00","author":"fabiozinesi","twitter_card":"summary_large_image","twitter_misc":{"Scritto da":"fabiozinesi","Tempo di lettura stimato":"2 minuti"},"schema":{"@context":"https:\/\/schema.org","@graph":[{"@type":"Article","@id":"https:\/\/www.article-marketing.eu\/comunicatistampa\/banda-ultralarga-e-cambiamenti-di-internet-a-bergamo\/#article","isPartOf":{"@id":"https:\/\/www.article-marketing.eu\/comunicatistampa\/banda-ultralarga-e-cambiamenti-di-internet-a-bergamo\/"},"author":{"name":"fabiozinesi","@id":"https:\/\/www.article-marketing.eu\/comunicatistampa\/#\/schema\/person\/25c86cfdc4555f8355228fcc17740b44"},"headline":"Banda Ultralarga e cambiamenti di internet a Bergamo","datePublished":"2017-05-09T11:21:10+00:00","mainEntityOfPage":{"@id":"https:\/\/www.article-marketing.eu\/comunicatistampa\/banda-ultralarga-e-cambiamenti-di-internet-a-bergamo\/"},"wordCount":505,"commentCount":0,"articleSection":["Internet","SEM\/SEO","Web design","Web marketing"],"inLanguage":"it-IT","potentialAction":[{"@type":"CommentAction","name":"Comment","target":["https:\/\/www.article-marketing.eu\/comunicatistampa\/banda-ultralarga-e-cambiamenti-di-internet-a-bergamo\/#respond"]}]},{"@type":"WebPage","@id":"https:\/\/www.article-marketing.eu\/comunicatistampa\/banda-ultralarga-e-cambiamenti-di-internet-a-bergamo\/","url":"https:\/\/www.article-marketing.eu\/comunicatistampa\/banda-ultralarga-e-cambiamenti-di-internet-a-bergamo\/","name":"Banda Ultralarga e cambiamenti di internet a Bergamo - Article Marketing","isPartOf":{"@id":"https:\/\/www.article-marketing.eu\/comunicatistampa\/#website"},"datePublished":"2017-05-09T11:21:10+00:00","author":{"@id":"https:\/\/www.article-marketing.eu\/comunicatistampa\/#\/schema\/person\/25c86cfdc4555f8355228fcc17740b44"},"breadcrumb":{"@id":"https:\/\/www.article-marketing.eu\/comunicatistampa\/banda-ultralarga-e-cambiamenti-di-internet-a-bergamo\/#breadcrumb"},"inLanguage":"it-IT","potentialAction":[{"@type":"ReadAction","target":["https:\/\/www.article-marketing.eu\/comunicatistampa\/banda-ultralarga-e-cambiamenti-di-internet-a-bergamo\/"]}]},{"@type":"BreadcrumbList","@id":"https:\/\/www.article-marketing.eu\/comunicatistampa\/banda-ultralarga-e-cambiamenti-di-internet-a-bergamo\/#breadcrumb","itemListElement":[{"@type":"ListItem","position":1,"name":"Home","item":"https:\/\/www.article-marketing.eu\/comunicatistampa\/"},{"@type":"ListItem","position":2,"name":"Banda Ultralarga e cambiamenti di internet a Bergamo"}]},{"@type":"WebSite","@id":"https:\/\/www.article-marketing.eu\/comunicatistampa\/#website","url":"https:\/\/www.article-marketing.eu\/comunicatistampa\/","name":"Article Marketing","description":"article marketing &amp; press release","potentialAction":[{"@type":"SearchAction","target":{"@type":"EntryPoint","urlTemplate":"https:\/\/www.article-marketing.eu\/comunicatistampa\/?s={search_term_string}"},"query-input":{"@type":"PropertyValueSpecification","valueRequired":true,"valueName":"search_term_string"}}],"inLanguage":"it-IT"},{"@type":"Person","@id":"https:\/\/www.article-marketing.eu\/comunicatistampa\/#\/schema\/person\/25c86cfdc4555f8355228fcc17740b44","name":"fabiozinesi","image":{"@type":"ImageObject","inLanguage":"it-IT","@id":"https:\/\/secure.gravatar.com\/avatar\/c252a3f7cd7825f3ee18bc31691b71caafbebc1d2612aa49d4cdc52be96df324?s=96&d=mm&r=g","url":"https:\/\/secure.gravatar.com\/avatar\/c252a3f7cd7825f3ee18bc31691b71caafbebc1d2612aa49d4cdc52be96df324?s=96&d=mm&r=g","contentUrl":"https:\/\/secure.gravatar.com\/avatar\/c252a3f7cd7825f3ee18bc31691b71caafbebc1d2612aa49d4cdc52be96df324?s=96&d=mm&r=g","caption":"fabiozinesi"},"description":"Appassionato di web e marketing.","sameAs":["https:\/\/www.realizzazione-siti-web-bergamo.it\/"],"url":"https:\/\/www.article-marketing.eu\/comunicatistampa\/author\/fabiozinesi\/"}]}},"_links":{"self":[{"href":"https:\/\/www.article-marketing.eu\/comunicatistampa\/wp-json\/wp\/v2\/posts\/2383","targetHints":{"allow":["GET"]}}],"collection":[{"href":"https:\/\/www.article-marketing.eu\/comunicatistampa\/wp-json\/wp\/v2\/posts"}],"about":[{"href":"https:\/\/www.article-marketing.eu\/comunicatistampa\/wp-json\/wp\/v2\/types\/post"}],"author":[{"embeddable":true,"href":"https:\/\/www.article-marketing.eu\/comunicatistampa\/wp-json\/wp\/v2\/users\/303"}],"replies":[{"embeddable":true,"href":"https:\/\/www.article-marketing.eu\/comunicatistampa\/wp-json\/wp\/v2\/comments?post=2383"}],"version-history":[{"count":5,"href":"https:\/\/www.article-marketing.eu\/comunicatistampa\/wp-json\/wp\/v2\/posts\/2383\/revisions"}],"predecessor-version":[{"id":2421,"href":"https:\/\/www.article-marketing.eu\/comunicatistampa\/wp-json\/wp\/v2\/posts\/2383\/revisions\/2421"}],"wp:attachment":[{"href":"https:\/\/www.article-marketing.eu\/comunicatistampa\/wp-json\/wp\/v2\/media?parent=2383"}],"wp:term":[{"taxonomy":"category","embeddable":true,"href":"https:\/\/www.article-marketing.eu\/comunicatistampa\/wp-json\/wp\/v2\/categories?post=2383"},{"taxonomy":"post_tag","embeddable":true,"href":"https:\/\/www.article-marketing.eu\/comunicatistampa\/wp-json\/wp\/v2\/tags?post=2383"}],"curies":[{"name":"wp","href":"https:\/\/api.w.org\/{rel}","templated":true}]}}