{"id":23841,"date":"2022-07-10T11:15:03","date_gmt":"2022-07-10T09:15:03","guid":{"rendered":"https:\/\/www.article-marketing.eu\/comunicatistampa\/?p=23841"},"modified":"2022-07-10T11:15:03","modified_gmt":"2022-07-10T09:15:03","slug":"lazienda-ideal-standard-in-together-magazine-i-trend-e-le-ultime-novita-del-settore","status":"publish","type":"post","link":"https:\/\/www.article-marketing.eu\/comunicatistampa\/lazienda-ideal-standard-in-together-magazine-i-trend-e-le-ultime-novita-del-settore\/","title":{"rendered":"L\u2019azienda Ideal Standard: in \u201cTogether Magazine\u201d i trend e le ultime novit\u00e0 del settore"},"content":{"rendered":"<p><em><strong><a title=\"Ideal Standard - LinkedIn\" href=\"https:\/\/it.linkedin.com\/company\/ideal-standard-italia\">Ideal Standard<\/a>, dalle origini alla leadership nella produzione di soluzioni per il bagno: la storia del settore e l&#8217;impegno dell&#8217;azienda in &#8220;Together Magazine&#8221;.<\/strong><\/em><\/p>\n<p><a title=\"Ideal Standard: LinkedIn\" href=\"https:\/\/it.linkedin.com\/company\/ideal-standard-italia\"><img decoding=\"async\" src=\"https:\/\/www.professionistieaziende.it\/ideal-standard\/ideal-standard.png\" alt=\"Ideal Standard\" width=\"120\" \/><\/a><\/p>\n<h2>Ideal Standard: le voci pi\u00f9 autorevoli del mondo del design, dell&#8217;architettura e del lifestyle in &#8220;Together Magazine&#8221;<\/h2>\n<p>Scrivere la storia del settore implica anche la necessit\u00e0 di condividere, aggiornare, informare su tendenze, ispirazioni e innovazioni che ne segnano inesorabilmente il corso: <strong>Ideal Standard<\/strong> lo sa bene. L&#8217;azienda leader da oltre un secolo nella progettazione di soluzioni per il bagno lo fa periodicamente attraverso il profilo Linkedin, i canali social. Ma anche attraverso &#8220;Together Magazine&#8221;, innovativo progetto editoriale che raccoglie le voci pi\u00f9 autorevoli del mondo del design, dell&#8217;architettura e del lifestyle per raccontare il mondo in cui opera da oltre 100 anni, l&#8217;evoluzione e indagarne i trend. Interviste, approfondimenti, editoriali: non un semplice strumento di lavoro, come spiega anche <strong>Ideal Standard<\/strong>, quanto piuttosto <em>&#8220;una fonte di ispirazione per designer, architetti, progettisti, partner commerciali e appassionati consumatori&#8221;<\/em>.<\/p>\n<h2>L&#8217;azienda Ideal Standard: &#8220;Together Magazine&#8221;, focus sul primo numero dell&#8217;edizione 2022<\/h2>\n<p>Nelle scorse settimane <a title=\"Ideal Standard, LinkedIn\" href=\"https:\/\/it.linkedin.com\/company\/ideal-standard-italia\">Ideal Standard<\/a> ha lanciato l&#8217;edizione 2022 di &#8220;Together Magazine&#8221;. Il nuovo numero declina il tema dell&#8217;ospitalit\u00e0 in ogni sua forma, come spiegano nel loro editoriale i CEO Jonas Nilsson e Jan Peter Tewes: <em>&#8220;Ospitalit\u00e0 nel suo significato pi\u00f9 ampio significa creare uno spazio, ovvero le condizioni migliori affinch\u00e9 gli ospiti si sentano liberi e a proprio agio. Tema interessante e di ampio respiro, la ricerca di una buona ospitalit\u00e0 \u00e8 un argomento che pu\u00f2 essere esaminato da diversi punti di vista come scopriremo in questo numero di Together&#8221;<\/em>. Ma si parla anche di architettura sostenibile con Ola Gustafsson, direttore dello studio danese Jan Gehl di Copenahgen, e delle ultime proposte nel settore dell&#8217;hotellerie. Infine, spazio a Singular\u2122, l&#8217;innovativo approccio sviluppato da <strong>Ideal Standard<\/strong> <em>&#8220;per aiutare i nostri partner a scegliere la soluzione migliore per il loro progetto&#8221;<\/em>: presentato di recente anche nel corso del Salone Internazionale del Mobile di Milano a cui l&#8217;azienda ha preso parte quest&#8217;anno per la prima volta nel corso della sua storia, propone soluzioni d&#8217;arredo complete capaci di unire la profonda conoscenza del prodotto, l&#8217;esperienza nella progettazione e la consulenza di design.<\/p>\n","protected":false},"excerpt":{"rendered":"<p>Ideal Standard, dalle origini alla leadership nella produzione di soluzioni per il bagno: la storia del settore e l&#8217;impegno dell&#8217;azienda in &#8220;Together Magazine&#8221;. Ideal Standard: le voci pi\u00f9 autorevoli del mondo del design, dell&#8217;architettura e del lifestyle in &#8220;Together Magazine&#8221; Scrivere la storia del settore implica anche la necessit\u00e0 di condividere, aggiornare, informare su tendenze, ispirazioni e innovazioni che ne segnano inesorabilmente il corso: Ideal Standard lo sa bene. L&#8217;azienda<\/p>\n<p><a class=\"continue-reading\" href=\"https:\/\/www.article-marketing.eu\/comunicatistampa\/lazienda-ideal-standard-in-together-magazine-i-trend-e-le-ultime-novita-del-settore\/\">Continue reading&#8230;<\/a><\/p>\n","protected":false},"author":6477,"featured_media":0,"comment_status":"open","ping_status":"open","sticky":false,"template":"","format":"standard","meta":{"_monsterinsights_skip_tracking":false,"_monsterinsights_sitenote_active":false,"_monsterinsights_sitenote_note":"","_monsterinsights_sitenote_category":0,"footnotes":""},"categories":[78],"tags":[9145],"class_list":["post-23841","post","type-post","status-publish","format-standard","hentry","category-comunicati-stampa","tag-ideal-standard"],"yoast_head":"<!-- This site is optimized with the Yoast SEO plugin v27.3 - https:\/\/yoast.com\/product\/yoast-seo-wordpress\/ -->\n<title>L\u2019azienda Ideal Standard: in \u201cTogether Magazine\u201d i trend e le ultime novit\u00e0 del settore<\/title>\n<meta name=\"robots\" content=\"index, follow, max-snippet:-1, max-image-preview:large, max-video-preview:-1\" \/>\n<link rel=\"canonical\" href=\"https:\/\/www.article-marketing.eu\/comunicatistampa\/lazienda-ideal-standard-in-together-magazine-i-trend-e-le-ultime-novita-del-settore\/\" \/>\n<meta property=\"og:locale\" content=\"it_IT\" \/>\n<meta property=\"og:type\" content=\"article\" \/>\n<meta property=\"og:title\" content=\"L\u2019azienda Ideal Standard: in \u201cTogether Magazine\u201d i trend e le ultime novit\u00e0 del settore\" \/>\n<meta property=\"og:description\" content=\"Ideal Standard, dalle origini alla leadership nella produzione di soluzioni per il bagno: la storia del settore e l&#8217;impegno dell&#8217;azienda in &#8220;Together Magazine&#8221;. Ideal Standard: le voci pi\u00f9 autorevoli del mondo del design, dell&#8217;architettura e del lifestyle in &#8220;Together Magazine&#8221; Scrivere la storia del settore implica anche la necessit\u00e0 di condividere, aggiornare, informare su tendenze, ispirazioni e innovazioni che ne segnano inesorabilmente il corso: Ideal Standard lo sa bene. L&#8217;aziendaContinue reading...\" \/>\n<meta property=\"og:url\" content=\"https:\/\/www.article-marketing.eu\/comunicatistampa\/lazienda-ideal-standard-in-together-magazine-i-trend-e-le-ultime-novita-del-settore\/\" \/>\n<meta property=\"og:site_name\" content=\"Article Marketing\" \/>\n<meta property=\"article:published_time\" content=\"2022-07-10T09:15:03+00:00\" \/>\n<meta property=\"og:image\" content=\"https:\/\/www.professionistieaziende.it\/ideal-standard\/ideal-standard.png\" \/>\n<meta name=\"author\" content=\"articolinews\" \/>\n<meta name=\"twitter:card\" content=\"summary_large_image\" \/>\n<meta name=\"twitter:label1\" content=\"Scritto da\" \/>\n\t<meta name=\"twitter:data1\" content=\"articolinews\" \/>\n\t<meta name=\"twitter:label2\" content=\"Tempo di lettura stimato\" \/>\n\t<meta name=\"twitter:data2\" content=\"2 minuti\" \/>\n<script type=\"application\/ld+json\" class=\"yoast-schema-graph\">{\"@context\":\"https:\\\/\\\/schema.org\",\"@graph\":[{\"@type\":\"Article\",\"@id\":\"https:\\\/\\\/www.article-marketing.eu\\\/comunicatistampa\\\/lazienda-ideal-standard-in-together-magazine-i-trend-e-le-ultime-novita-del-settore\\\/#article\",\"isPartOf\":{\"@id\":\"https:\\\/\\\/www.article-marketing.eu\\\/comunicatistampa\\\/lazienda-ideal-standard-in-together-magazine-i-trend-e-le-ultime-novita-del-settore\\\/\"},\"author\":{\"name\":\"articolinews\",\"@id\":\"https:\\\/\\\/www.article-marketing.eu\\\/comunicatistampa\\\/#\\\/schema\\\/person\\\/2fcaf8f8f3a9eef9eb7f27532d3ca458\"},\"headline\":\"L\u2019azienda Ideal Standard: in \u201cTogether Magazine\u201d i trend e le ultime novit\u00e0 del settore\",\"datePublished\":\"2022-07-10T09:15:03+00:00\",\"mainEntityOfPage\":{\"@id\":\"https:\\\/\\\/www.article-marketing.eu\\\/comunicatistampa\\\/lazienda-ideal-standard-in-together-magazine-i-trend-e-le-ultime-novita-del-settore\\\/\"},\"wordCount\":370,\"commentCount\":0,\"image\":{\"@id\":\"https:\\\/\\\/www.article-marketing.eu\\\/comunicatistampa\\\/lazienda-ideal-standard-in-together-magazine-i-trend-e-le-ultime-novita-del-settore\\\/#primaryimage\"},\"thumbnailUrl\":\"https:\\\/\\\/www.professionistieaziende.it\\\/ideal-standard\\\/ideal-standard.png\",\"keywords\":[\"Ideal Standard\"],\"articleSection\":[\"Comunicati stampa\"],\"inLanguage\":\"it-IT\",\"potentialAction\":[{\"@type\":\"CommentAction\",\"name\":\"Comment\",\"target\":[\"https:\\\/\\\/www.article-marketing.eu\\\/comunicatistampa\\\/lazienda-ideal-standard-in-together-magazine-i-trend-e-le-ultime-novita-del-settore\\\/#respond\"]}]},{\"@type\":\"WebPage\",\"@id\":\"https:\\\/\\\/www.article-marketing.eu\\\/comunicatistampa\\\/lazienda-ideal-standard-in-together-magazine-i-trend-e-le-ultime-novita-del-settore\\\/\",\"url\":\"https:\\\/\\\/www.article-marketing.eu\\\/comunicatistampa\\\/lazienda-ideal-standard-in-together-magazine-i-trend-e-le-ultime-novita-del-settore\\\/\",\"name\":\"L\u2019azienda Ideal Standard: in \u201cTogether Magazine\u201d i trend e le ultime novit\u00e0 del settore\",\"isPartOf\":{\"@id\":\"https:\\\/\\\/www.article-marketing.eu\\\/comunicatistampa\\\/#website\"},\"primaryImageOfPage\":{\"@id\":\"https:\\\/\\\/www.article-marketing.eu\\\/comunicatistampa\\\/lazienda-ideal-standard-in-together-magazine-i-trend-e-le-ultime-novita-del-settore\\\/#primaryimage\"},\"image\":{\"@id\":\"https:\\\/\\\/www.article-marketing.eu\\\/comunicatistampa\\\/lazienda-ideal-standard-in-together-magazine-i-trend-e-le-ultime-novita-del-settore\\\/#primaryimage\"},\"thumbnailUrl\":\"https:\\\/\\\/www.professionistieaziende.it\\\/ideal-standard\\\/ideal-standard.png\",\"datePublished\":\"2022-07-10T09:15:03+00:00\",\"author\":{\"@id\":\"https:\\\/\\\/www.article-marketing.eu\\\/comunicatistampa\\\/#\\\/schema\\\/person\\\/2fcaf8f8f3a9eef9eb7f27532d3ca458\"},\"breadcrumb\":{\"@id\":\"https:\\\/\\\/www.article-marketing.eu\\\/comunicatistampa\\\/lazienda-ideal-standard-in-together-magazine-i-trend-e-le-ultime-novita-del-settore\\\/#breadcrumb\"},\"inLanguage\":\"it-IT\",\"potentialAction\":[{\"@type\":\"ReadAction\",\"target\":[\"https:\\\/\\\/www.article-marketing.eu\\\/comunicatistampa\\\/lazienda-ideal-standard-in-together-magazine-i-trend-e-le-ultime-novita-del-settore\\\/\"]}]},{\"@type\":\"ImageObject\",\"inLanguage\":\"it-IT\",\"@id\":\"https:\\\/\\\/www.article-marketing.eu\\\/comunicatistampa\\\/lazienda-ideal-standard-in-together-magazine-i-trend-e-le-ultime-novita-del-settore\\\/#primaryimage\",\"url\":\"https:\\\/\\\/www.professionistieaziende.it\\\/ideal-standard\\\/ideal-standard.png\",\"contentUrl\":\"https:\\\/\\\/www.professionistieaziende.it\\\/ideal-standard\\\/ideal-standard.png\"},{\"@type\":\"BreadcrumbList\",\"@id\":\"https:\\\/\\\/www.article-marketing.eu\\\/comunicatistampa\\\/lazienda-ideal-standard-in-together-magazine-i-trend-e-le-ultime-novita-del-settore\\\/#breadcrumb\",\"itemListElement\":[{\"@type\":\"ListItem\",\"position\":1,\"name\":\"Home\",\"item\":\"https:\\\/\\\/www.article-marketing.eu\\\/comunicatistampa\\\/\"},{\"@type\":\"ListItem\",\"position\":2,\"name\":\"L\u2019azienda Ideal Standard: in \u201cTogether Magazine\u201d i trend e le ultime novit\u00e0 del settore\"}]},{\"@type\":\"WebSite\",\"@id\":\"https:\\\/\\\/www.article-marketing.eu\\\/comunicatistampa\\\/#website\",\"url\":\"https:\\\/\\\/www.article-marketing.eu\\\/comunicatistampa\\\/\",\"name\":\"Article Marketing\",\"description\":\"article marketing &amp; press release\",\"potentialAction\":[{\"@type\":\"SearchAction\",\"target\":{\"@type\":\"EntryPoint\",\"urlTemplate\":\"https:\\\/\\\/www.article-marketing.eu\\\/comunicatistampa\\\/?s={search_term_string}\"},\"query-input\":{\"@type\":\"PropertyValueSpecification\",\"valueRequired\":true,\"valueName\":\"search_term_string\"}}],\"inLanguage\":\"it-IT\"},{\"@type\":\"Person\",\"@id\":\"https:\\\/\\\/www.article-marketing.eu\\\/comunicatistampa\\\/#\\\/schema\\\/person\\\/2fcaf8f8f3a9eef9eb7f27532d3ca458\",\"name\":\"articolinews\",\"image\":{\"@type\":\"ImageObject\",\"inLanguage\":\"it-IT\",\"@id\":\"https:\\\/\\\/secure.gravatar.com\\\/avatar\\\/9e2a264bab04e17dea24d937c9956304649a848cb73c46747a692ff1bdeb1cb7?s=96&d=mm&r=g\",\"url\":\"https:\\\/\\\/secure.gravatar.com\\\/avatar\\\/9e2a264bab04e17dea24d937c9956304649a848cb73c46747a692ff1bdeb1cb7?s=96&d=mm&r=g\",\"contentUrl\":\"https:\\\/\\\/secure.gravatar.com\\\/avatar\\\/9e2a264bab04e17dea24d937c9956304649a848cb73c46747a692ff1bdeb1cb7?s=96&d=mm&r=g\",\"caption\":\"articolinews\"},\"url\":\"https:\\\/\\\/www.article-marketing.eu\\\/comunicatistampa\\\/author\\\/articolinews\\\/\"}]}<\/script>\n<!-- \/ Yoast SEO plugin. -->","yoast_head_json":{"title":"L\u2019azienda Ideal Standard: in \u201cTogether Magazine\u201d i trend e le ultime novit\u00e0 del settore","robots":{"index":"index","follow":"follow","max-snippet":"max-snippet:-1","max-image-preview":"max-image-preview:large","max-video-preview":"max-video-preview:-1"},"canonical":"https:\/\/www.article-marketing.eu\/comunicatistampa\/lazienda-ideal-standard-in-together-magazine-i-trend-e-le-ultime-novita-del-settore\/","og_locale":"it_IT","og_type":"article","og_title":"L\u2019azienda Ideal Standard: in \u201cTogether Magazine\u201d i trend e le ultime novit\u00e0 del settore","og_description":"Ideal Standard, dalle origini alla leadership nella produzione di soluzioni per il bagno: la storia del settore e l&#8217;impegno dell&#8217;azienda in &#8220;Together Magazine&#8221;. Ideal Standard: le voci pi\u00f9 autorevoli del mondo del design, dell&#8217;architettura e del lifestyle in &#8220;Together Magazine&#8221; Scrivere la storia del settore implica anche la necessit\u00e0 di condividere, aggiornare, informare su tendenze, ispirazioni e innovazioni che ne segnano inesorabilmente il corso: Ideal Standard lo sa bene. L&#8217;aziendaContinue reading...","og_url":"https:\/\/www.article-marketing.eu\/comunicatistampa\/lazienda-ideal-standard-in-together-magazine-i-trend-e-le-ultime-novita-del-settore\/","og_site_name":"Article Marketing","article_published_time":"2022-07-10T09:15:03+00:00","og_image":[{"url":"https:\/\/www.professionistieaziende.it\/ideal-standard\/ideal-standard.png","type":"","width":"","height":""}],"author":"articolinews","twitter_card":"summary_large_image","twitter_misc":{"Scritto da":"articolinews","Tempo di lettura stimato":"2 minuti"},"schema":{"@context":"https:\/\/schema.org","@graph":[{"@type":"Article","@id":"https:\/\/www.article-marketing.eu\/comunicatistampa\/lazienda-ideal-standard-in-together-magazine-i-trend-e-le-ultime-novita-del-settore\/#article","isPartOf":{"@id":"https:\/\/www.article-marketing.eu\/comunicatistampa\/lazienda-ideal-standard-in-together-magazine-i-trend-e-le-ultime-novita-del-settore\/"},"author":{"name":"articolinews","@id":"https:\/\/www.article-marketing.eu\/comunicatistampa\/#\/schema\/person\/2fcaf8f8f3a9eef9eb7f27532d3ca458"},"headline":"L\u2019azienda Ideal Standard: in \u201cTogether Magazine\u201d i trend e le ultime novit\u00e0 del settore","datePublished":"2022-07-10T09:15:03+00:00","mainEntityOfPage":{"@id":"https:\/\/www.article-marketing.eu\/comunicatistampa\/lazienda-ideal-standard-in-together-magazine-i-trend-e-le-ultime-novita-del-settore\/"},"wordCount":370,"commentCount":0,"image":{"@id":"https:\/\/www.article-marketing.eu\/comunicatistampa\/lazienda-ideal-standard-in-together-magazine-i-trend-e-le-ultime-novita-del-settore\/#primaryimage"},"thumbnailUrl":"https:\/\/www.professionistieaziende.it\/ideal-standard\/ideal-standard.png","keywords":["Ideal Standard"],"articleSection":["Comunicati stampa"],"inLanguage":"it-IT","potentialAction":[{"@type":"CommentAction","name":"Comment","target":["https:\/\/www.article-marketing.eu\/comunicatistampa\/lazienda-ideal-standard-in-together-magazine-i-trend-e-le-ultime-novita-del-settore\/#respond"]}]},{"@type":"WebPage","@id":"https:\/\/www.article-marketing.eu\/comunicatistampa\/lazienda-ideal-standard-in-together-magazine-i-trend-e-le-ultime-novita-del-settore\/","url":"https:\/\/www.article-marketing.eu\/comunicatistampa\/lazienda-ideal-standard-in-together-magazine-i-trend-e-le-ultime-novita-del-settore\/","name":"L\u2019azienda Ideal Standard: in \u201cTogether Magazine\u201d i trend e le ultime novit\u00e0 del settore","isPartOf":{"@id":"https:\/\/www.article-marketing.eu\/comunicatistampa\/#website"},"primaryImageOfPage":{"@id":"https:\/\/www.article-marketing.eu\/comunicatistampa\/lazienda-ideal-standard-in-together-magazine-i-trend-e-le-ultime-novita-del-settore\/#primaryimage"},"image":{"@id":"https:\/\/www.article-marketing.eu\/comunicatistampa\/lazienda-ideal-standard-in-together-magazine-i-trend-e-le-ultime-novita-del-settore\/#primaryimage"},"thumbnailUrl":"https:\/\/www.professionistieaziende.it\/ideal-standard\/ideal-standard.png","datePublished":"2022-07-10T09:15:03+00:00","author":{"@id":"https:\/\/www.article-marketing.eu\/comunicatistampa\/#\/schema\/person\/2fcaf8f8f3a9eef9eb7f27532d3ca458"},"breadcrumb":{"@id":"https:\/\/www.article-marketing.eu\/comunicatistampa\/lazienda-ideal-standard-in-together-magazine-i-trend-e-le-ultime-novita-del-settore\/#breadcrumb"},"inLanguage":"it-IT","potentialAction":[{"@type":"ReadAction","target":["https:\/\/www.article-marketing.eu\/comunicatistampa\/lazienda-ideal-standard-in-together-magazine-i-trend-e-le-ultime-novita-del-settore\/"]}]},{"@type":"ImageObject","inLanguage":"it-IT","@id":"https:\/\/www.article-marketing.eu\/comunicatistampa\/lazienda-ideal-standard-in-together-magazine-i-trend-e-le-ultime-novita-del-settore\/#primaryimage","url":"https:\/\/www.professionistieaziende.it\/ideal-standard\/ideal-standard.png","contentUrl":"https:\/\/www.professionistieaziende.it\/ideal-standard\/ideal-standard.png"},{"@type":"BreadcrumbList","@id":"https:\/\/www.article-marketing.eu\/comunicatistampa\/lazienda-ideal-standard-in-together-magazine-i-trend-e-le-ultime-novita-del-settore\/#breadcrumb","itemListElement":[{"@type":"ListItem","position":1,"name":"Home","item":"https:\/\/www.article-marketing.eu\/comunicatistampa\/"},{"@type":"ListItem","position":2,"name":"L\u2019azienda Ideal Standard: in \u201cTogether Magazine\u201d i trend e le ultime novit\u00e0 del settore"}]},{"@type":"WebSite","@id":"https:\/\/www.article-marketing.eu\/comunicatistampa\/#website","url":"https:\/\/www.article-marketing.eu\/comunicatistampa\/","name":"Article Marketing","description":"article marketing &amp; press release","potentialAction":[{"@type":"SearchAction","target":{"@type":"EntryPoint","urlTemplate":"https:\/\/www.article-marketing.eu\/comunicatistampa\/?s={search_term_string}"},"query-input":{"@type":"PropertyValueSpecification","valueRequired":true,"valueName":"search_term_string"}}],"inLanguage":"it-IT"},{"@type":"Person","@id":"https:\/\/www.article-marketing.eu\/comunicatistampa\/#\/schema\/person\/2fcaf8f8f3a9eef9eb7f27532d3ca458","name":"articolinews","image":{"@type":"ImageObject","inLanguage":"it-IT","@id":"https:\/\/secure.gravatar.com\/avatar\/9e2a264bab04e17dea24d937c9956304649a848cb73c46747a692ff1bdeb1cb7?s=96&d=mm&r=g","url":"https:\/\/secure.gravatar.com\/avatar\/9e2a264bab04e17dea24d937c9956304649a848cb73c46747a692ff1bdeb1cb7?s=96&d=mm&r=g","contentUrl":"https:\/\/secure.gravatar.com\/avatar\/9e2a264bab04e17dea24d937c9956304649a848cb73c46747a692ff1bdeb1cb7?s=96&d=mm&r=g","caption":"articolinews"},"url":"https:\/\/www.article-marketing.eu\/comunicatistampa\/author\/articolinews\/"}]}},"_links":{"self":[{"href":"https:\/\/www.article-marketing.eu\/comunicatistampa\/wp-json\/wp\/v2\/posts\/23841","targetHints":{"allow":["GET"]}}],"collection":[{"href":"https:\/\/www.article-marketing.eu\/comunicatistampa\/wp-json\/wp\/v2\/posts"}],"about":[{"href":"https:\/\/www.article-marketing.eu\/comunicatistampa\/wp-json\/wp\/v2\/types\/post"}],"author":[{"embeddable":true,"href":"https:\/\/www.article-marketing.eu\/comunicatistampa\/wp-json\/wp\/v2\/users\/6477"}],"replies":[{"embeddable":true,"href":"https:\/\/www.article-marketing.eu\/comunicatistampa\/wp-json\/wp\/v2\/comments?post=23841"}],"version-history":[{"count":2,"href":"https:\/\/www.article-marketing.eu\/comunicatistampa\/wp-json\/wp\/v2\/posts\/23841\/revisions"}],"predecessor-version":[{"id":23926,"href":"https:\/\/www.article-marketing.eu\/comunicatistampa\/wp-json\/wp\/v2\/posts\/23841\/revisions\/23926"}],"wp:attachment":[{"href":"https:\/\/www.article-marketing.eu\/comunicatistampa\/wp-json\/wp\/v2\/media?parent=23841"}],"wp:term":[{"taxonomy":"category","embeddable":true,"href":"https:\/\/www.article-marketing.eu\/comunicatistampa\/wp-json\/wp\/v2\/categories?post=23841"},{"taxonomy":"post_tag","embeddable":true,"href":"https:\/\/www.article-marketing.eu\/comunicatistampa\/wp-json\/wp\/v2\/tags?post=23841"}],"curies":[{"name":"wp","href":"https:\/\/api.w.org\/{rel}","templated":true}]}}