{"id":23844,"date":"2022-07-10T11:13:32","date_gmt":"2022-07-10T09:13:32","guid":{"rendered":"https:\/\/www.article-marketing.eu\/comunicatistampa\/?p=23844"},"modified":"2022-07-10T11:13:32","modified_gmt":"2022-07-10T09:13:32","slug":"aumento-della-capacita-e-autoproduzione-di-energia-il-piano-presentato-da-luigi-ferraris-per-fs-italiane","status":"publish","type":"post","link":"https:\/\/www.article-marketing.eu\/comunicatistampa\/aumento-della-capacita-e-autoproduzione-di-energia-il-piano-presentato-da-luigi-ferraris-per-fs-italiane\/","title":{"rendered":"Aumento della capacit\u00e0 e autoproduzione di energia, il Piano presentato da Luigi Ferraris per FS Italiane"},"content":{"rendered":"<p><em><strong>Nuove infrastrutture, pi\u00f9 merci su rotaia, trasporti multimodali e contributo diretto alla transizione energetica. \u00c8 il futuro di Ferrovie dello Stato Italiane delineato dall&#8217;AD <a title=\"Luigi Ferraris: gli obiettivi del nuovo Piano\" href=\"https:\/\/www.ilmessaggero.it\/economia\/news\/piano_fs_italiane_ferraris_dall_aumento_della_capacita_all_autoproduzione_di_energia-6693246.html\">Luigi Ferraris<\/a>: &#8220;Convertiremo spazi inutilizzati per impianti solari ed eolici&#8221;.<\/strong><\/em><\/p>\n<p><a title=\"Luigi Ferraris: le dichiarazioni - Il Messaggero\" href=\"https:\/\/www.ilmessaggero.it\/economia\/news\/piano_fs_italiane_ferraris_dall_aumento_della_capacita_all_autoproduzione_di_energia-6693246.html\"><img decoding=\"async\" src=\"https:\/\/www.fsitaliane.it\/content\/dam\/fsitaliane\/immagini\/gruppo-fs\/organi-sociali\/luigi-ferraris.jpg\" alt=\"Luigi Ferraris\" width=\"120\" \/><\/a><\/p>\n<h2>Ferrovie dello Stato Italiane, gli obiettivi del nuovo Piano nella presentazione di Luigi Ferraris<\/h2>\n<p>\u00c8 una visione strategica di lungo periodo quella illustrata lo scorso 16 maggio dall&#8217;Amministratore Delegato di Ferrovie dello Stato Italiane. Un Piano Industriale dalla durata decennale che prevede oltre 190 miliardi di investimenti. Due i principali risultati attesi dal Gruppo, come evidenziato da <strong>Luigi Ferraris<\/strong>: <em>&#8220;Dobbiamo portare a casa un aumento della capacit\u00e0 disponibile ferroviarie dell&#8217;ordine del 20% attraverso investimenti in infrastrutture, sull&#8217;Alta velocit\u00e0 e sul trasporto ferroviario&#8221;<\/em>. L&#8217;altra priorit\u00e0 del Gruppo FS Italiane \u00e8 raddoppiare la quota di merci trasportate su rotaia e agevolare la transizione: <em>&#8220;Se l&#8217;Europa e noi non faremo nulla, ci troveremo da qua al 2030 con circa 800mila veicoli in pi\u00f9 su strada, quindi si creer\u00e0 un congestionamento importante&#8221;<\/em>. Non meno strategico l&#8217;obiettivo sul trasporto multimodale, aggiunge <strong>Luigi Ferraris<\/strong>: <em>&#8220;Il Piano deve vedere un aumento della quota passeggeri e offrire un servizio che privilegi il trasporto collettivo, con maggior integrazione del treno, soprattutto regionale e trasporto locale, e delle piattaforme digitali&#8221;<\/em>.<\/p>\n<h2>Luigi Ferraris: FS Italiane primo consumatore di energia elettrica, svilupperemo unit\u00e0 di energy management<\/h2>\n<p>La nuova strategia di Ferrovie dello Stato Italiane mette in conto anche i mutamenti nello scenario energetico mondiale causati dal conflitto russo-ucraino: <em>&#8220;Il Piano fa di pi\u00f9 dal punto di vista dell&#8217;autoproduzione di energia<\/em> &#8211; ha sottolineato <a title=\"Luigi Ferraris: la presentazione del nuovo Piano\" href=\"https:\/\/www.ilmessaggero.it\/economia\/news\/piano_fs_italiane_ferraris_dall_aumento_della_capacita_all_autoproduzione_di_energia-6693246.html\">Luigi Ferraris<\/a> &#8211; <em>ci siamo dati un obiettivo raggiungibile di produrre il 40% di energia per i nostri consumi, perch\u00e9 noi siamo il primo consumatore in Italia con 6 Terawatt\/ora&#8221;<\/em>. Il Gruppo intende sfruttare gli spazi attualmente inutilizzati per installare impianti solari e piccole pale eoliche, in modo da accumulare energia nei momenti di eccesso. E non solo: <em>&#8220;Svilupperemo una unit\u00e0 di business focalizzata sull&#8217;energy management e sull&#8217;efficienza energetica interna al Gruppo&#8221;<\/em>. Una nuova era per Ferrovie dello Stato Italiane, che prover\u00e0 a stare al passo con il <em>&#8220;grande ridisegno dell&#8217;infrastruttura&#8221;<\/em> avviato dall&#8217;Europa facendo affidamento anche sui giovani: <em>&#8220;Abbiamo infrastrutture civili che hanno mediamente 70 anni: \u00e8 arrivato il momento di reingegnerizzare, rimodernare, rivedere. Un processo che durer\u00e0 anche pi\u00f9 di 10 anni ed \u00e8 quindi importante avere dei giovani a bordo che diano continuit\u00e0&#8221;<\/em>, ha concluso <strong>Luigi Ferraris<\/strong>.<\/p>\n","protected":false},"excerpt":{"rendered":"<p>Nuove infrastrutture, pi\u00f9 merci su rotaia, trasporti multimodali e contributo diretto alla transizione energetica. \u00c8 il futuro di Ferrovie dello Stato Italiane delineato dall&#8217;AD Luigi Ferraris: &#8220;Convertiremo spazi inutilizzati per impianti solari ed eolici&#8221;. Ferrovie dello Stato Italiane, gli obiettivi del nuovo Piano nella presentazione di Luigi Ferraris \u00c8 una visione strategica di lungo periodo quella illustrata lo scorso 16 maggio dall&#8217;Amministratore Delegato di Ferrovie dello Stato Italiane. Un Piano<\/p>\n<p><a class=\"continue-reading\" href=\"https:\/\/www.article-marketing.eu\/comunicatistampa\/aumento-della-capacita-e-autoproduzione-di-energia-il-piano-presentato-da-luigi-ferraris-per-fs-italiane\/\">Continue reading&#8230;<\/a><\/p>\n","protected":false},"author":7203,"featured_media":0,"comment_status":"open","ping_status":"open","sticky":false,"template":"","format":"standard","meta":{"_monsterinsights_skip_tracking":false,"_monsterinsights_sitenote_active":false,"_monsterinsights_sitenote_note":"","_monsterinsights_sitenote_category":0,"footnotes":""},"categories":[386],"tags":[9541,9540],"class_list":["post-23844","post","type-post","status-publish","format-standard","hentry","category-economia-e-lavoro","tag-fs-italiane","tag-luigi-ferraris"],"yoast_head":"<!-- This site is optimized with the Yoast SEO plugin v27.3 - https:\/\/yoast.com\/product\/yoast-seo-wordpress\/ -->\n<title>Aumento della capacit\u00e0 e autoproduzione di energia, il Piano presentato da Luigi Ferraris per FS Italiane<\/title>\n<meta name=\"robots\" content=\"index, follow, max-snippet:-1, max-image-preview:large, max-video-preview:-1\" \/>\n<link rel=\"canonical\" href=\"https:\/\/www.article-marketing.eu\/comunicatistampa\/aumento-della-capacita-e-autoproduzione-di-energia-il-piano-presentato-da-luigi-ferraris-per-fs-italiane\/\" \/>\n<meta property=\"og:locale\" content=\"it_IT\" \/>\n<meta property=\"og:type\" content=\"article\" \/>\n<meta property=\"og:title\" content=\"Aumento della capacit\u00e0 e autoproduzione di energia, il Piano presentato da Luigi Ferraris per FS Italiane\" \/>\n<meta property=\"og:description\" content=\"Nuove infrastrutture, pi\u00f9 merci su rotaia, trasporti multimodali e contributo diretto alla transizione energetica. \u00c8 il futuro di Ferrovie dello Stato Italiane delineato dall&#8217;AD Luigi Ferraris: &#8220;Convertiremo spazi inutilizzati per impianti solari ed eolici&#8221;. Ferrovie dello Stato Italiane, gli obiettivi del nuovo Piano nella presentazione di Luigi Ferraris \u00c8 una visione strategica di lungo periodo quella illustrata lo scorso 16 maggio dall&#8217;Amministratore Delegato di Ferrovie dello Stato Italiane. Un PianoContinue reading...\" \/>\n<meta property=\"og:url\" content=\"https:\/\/www.article-marketing.eu\/comunicatistampa\/aumento-della-capacita-e-autoproduzione-di-energia-il-piano-presentato-da-luigi-ferraris-per-fs-italiane\/\" \/>\n<meta property=\"og:site_name\" content=\"Article Marketing\" \/>\n<meta property=\"article:published_time\" content=\"2022-07-10T09:13:32+00:00\" \/>\n<meta property=\"og:image\" content=\"https:\/\/www.fsitaliane.it\/content\/dam\/fsitaliane\/immagini\/gruppo-fs\/organi-sociali\/luigi-ferraris.jpg\" \/>\n<meta name=\"author\" content=\"gbofficeprnews\" \/>\n<meta name=\"twitter:card\" content=\"summary_large_image\" \/>\n<meta name=\"twitter:label1\" content=\"Scritto da\" \/>\n\t<meta name=\"twitter:data1\" content=\"gbofficeprnews\" \/>\n\t<meta name=\"twitter:label2\" content=\"Tempo di lettura stimato\" \/>\n\t<meta name=\"twitter:data2\" content=\"2 minuti\" \/>\n<script type=\"application\/ld+json\" class=\"yoast-schema-graph\">{\"@context\":\"https:\\\/\\\/schema.org\",\"@graph\":[{\"@type\":\"Article\",\"@id\":\"https:\\\/\\\/www.article-marketing.eu\\\/comunicatistampa\\\/aumento-della-capacita-e-autoproduzione-di-energia-il-piano-presentato-da-luigi-ferraris-per-fs-italiane\\\/#article\",\"isPartOf\":{\"@id\":\"https:\\\/\\\/www.article-marketing.eu\\\/comunicatistampa\\\/aumento-della-capacita-e-autoproduzione-di-energia-il-piano-presentato-da-luigi-ferraris-per-fs-italiane\\\/\"},\"author\":{\"name\":\"gbofficeprnews\",\"@id\":\"https:\\\/\\\/www.article-marketing.eu\\\/comunicatistampa\\\/#\\\/schema\\\/person\\\/00c541681af1a376511ed63d59ca096f\"},\"headline\":\"Aumento della capacit\u00e0 e autoproduzione di energia, il Piano presentato da Luigi Ferraris per FS Italiane\",\"datePublished\":\"2022-07-10T09:13:32+00:00\",\"mainEntityOfPage\":{\"@id\":\"https:\\\/\\\/www.article-marketing.eu\\\/comunicatistampa\\\/aumento-della-capacita-e-autoproduzione-di-energia-il-piano-presentato-da-luigi-ferraris-per-fs-italiane\\\/\"},\"wordCount\":398,\"commentCount\":0,\"image\":{\"@id\":\"https:\\\/\\\/www.article-marketing.eu\\\/comunicatistampa\\\/aumento-della-capacita-e-autoproduzione-di-energia-il-piano-presentato-da-luigi-ferraris-per-fs-italiane\\\/#primaryimage\"},\"thumbnailUrl\":\"https:\\\/\\\/www.fsitaliane.it\\\/content\\\/dam\\\/fsitaliane\\\/immagini\\\/gruppo-fs\\\/organi-sociali\\\/luigi-ferraris.jpg\",\"keywords\":[\"FS Italiane\",\"Luigi Ferraris\"],\"articleSection\":[\"Economia e lavoro\"],\"inLanguage\":\"it-IT\",\"potentialAction\":[{\"@type\":\"CommentAction\",\"name\":\"Comment\",\"target\":[\"https:\\\/\\\/www.article-marketing.eu\\\/comunicatistampa\\\/aumento-della-capacita-e-autoproduzione-di-energia-il-piano-presentato-da-luigi-ferraris-per-fs-italiane\\\/#respond\"]}]},{\"@type\":\"WebPage\",\"@id\":\"https:\\\/\\\/www.article-marketing.eu\\\/comunicatistampa\\\/aumento-della-capacita-e-autoproduzione-di-energia-il-piano-presentato-da-luigi-ferraris-per-fs-italiane\\\/\",\"url\":\"https:\\\/\\\/www.article-marketing.eu\\\/comunicatistampa\\\/aumento-della-capacita-e-autoproduzione-di-energia-il-piano-presentato-da-luigi-ferraris-per-fs-italiane\\\/\",\"name\":\"Aumento della capacit\u00e0 e autoproduzione di energia, il Piano presentato da Luigi Ferraris per FS Italiane\",\"isPartOf\":{\"@id\":\"https:\\\/\\\/www.article-marketing.eu\\\/comunicatistampa\\\/#website\"},\"primaryImageOfPage\":{\"@id\":\"https:\\\/\\\/www.article-marketing.eu\\\/comunicatistampa\\\/aumento-della-capacita-e-autoproduzione-di-energia-il-piano-presentato-da-luigi-ferraris-per-fs-italiane\\\/#primaryimage\"},\"image\":{\"@id\":\"https:\\\/\\\/www.article-marketing.eu\\\/comunicatistampa\\\/aumento-della-capacita-e-autoproduzione-di-energia-il-piano-presentato-da-luigi-ferraris-per-fs-italiane\\\/#primaryimage\"},\"thumbnailUrl\":\"https:\\\/\\\/www.fsitaliane.it\\\/content\\\/dam\\\/fsitaliane\\\/immagini\\\/gruppo-fs\\\/organi-sociali\\\/luigi-ferraris.jpg\",\"datePublished\":\"2022-07-10T09:13:32+00:00\",\"author\":{\"@id\":\"https:\\\/\\\/www.article-marketing.eu\\\/comunicatistampa\\\/#\\\/schema\\\/person\\\/00c541681af1a376511ed63d59ca096f\"},\"breadcrumb\":{\"@id\":\"https:\\\/\\\/www.article-marketing.eu\\\/comunicatistampa\\\/aumento-della-capacita-e-autoproduzione-di-energia-il-piano-presentato-da-luigi-ferraris-per-fs-italiane\\\/#breadcrumb\"},\"inLanguage\":\"it-IT\",\"potentialAction\":[{\"@type\":\"ReadAction\",\"target\":[\"https:\\\/\\\/www.article-marketing.eu\\\/comunicatistampa\\\/aumento-della-capacita-e-autoproduzione-di-energia-il-piano-presentato-da-luigi-ferraris-per-fs-italiane\\\/\"]}]},{\"@type\":\"ImageObject\",\"inLanguage\":\"it-IT\",\"@id\":\"https:\\\/\\\/www.article-marketing.eu\\\/comunicatistampa\\\/aumento-della-capacita-e-autoproduzione-di-energia-il-piano-presentato-da-luigi-ferraris-per-fs-italiane\\\/#primaryimage\",\"url\":\"https:\\\/\\\/www.fsitaliane.it\\\/content\\\/dam\\\/fsitaliane\\\/immagini\\\/gruppo-fs\\\/organi-sociali\\\/luigi-ferraris.jpg\",\"contentUrl\":\"https:\\\/\\\/www.fsitaliane.it\\\/content\\\/dam\\\/fsitaliane\\\/immagini\\\/gruppo-fs\\\/organi-sociali\\\/luigi-ferraris.jpg\"},{\"@type\":\"BreadcrumbList\",\"@id\":\"https:\\\/\\\/www.article-marketing.eu\\\/comunicatistampa\\\/aumento-della-capacita-e-autoproduzione-di-energia-il-piano-presentato-da-luigi-ferraris-per-fs-italiane\\\/#breadcrumb\",\"itemListElement\":[{\"@type\":\"ListItem\",\"position\":1,\"name\":\"Home\",\"item\":\"https:\\\/\\\/www.article-marketing.eu\\\/comunicatistampa\\\/\"},{\"@type\":\"ListItem\",\"position\":2,\"name\":\"Aumento della capacit\u00e0 e autoproduzione di energia, il Piano presentato da Luigi Ferraris per FS Italiane\"}]},{\"@type\":\"WebSite\",\"@id\":\"https:\\\/\\\/www.article-marketing.eu\\\/comunicatistampa\\\/#website\",\"url\":\"https:\\\/\\\/www.article-marketing.eu\\\/comunicatistampa\\\/\",\"name\":\"Article Marketing\",\"description\":\"article marketing &amp; press release\",\"potentialAction\":[{\"@type\":\"SearchAction\",\"target\":{\"@type\":\"EntryPoint\",\"urlTemplate\":\"https:\\\/\\\/www.article-marketing.eu\\\/comunicatistampa\\\/?s={search_term_string}\"},\"query-input\":{\"@type\":\"PropertyValueSpecification\",\"valueRequired\":true,\"valueName\":\"search_term_string\"}}],\"inLanguage\":\"it-IT\"},{\"@type\":\"Person\",\"@id\":\"https:\\\/\\\/www.article-marketing.eu\\\/comunicatistampa\\\/#\\\/schema\\\/person\\\/00c541681af1a376511ed63d59ca096f\",\"name\":\"gbofficeprnews\",\"image\":{\"@type\":\"ImageObject\",\"inLanguage\":\"it-IT\",\"@id\":\"https:\\\/\\\/secure.gravatar.com\\\/avatar\\\/6c895f4b9cd59fffe899c25f76b85bf0d427605c1f0d3b07c81e155c001265cf?s=96&d=mm&r=g\",\"url\":\"https:\\\/\\\/secure.gravatar.com\\\/avatar\\\/6c895f4b9cd59fffe899c25f76b85bf0d427605c1f0d3b07c81e155c001265cf?s=96&d=mm&r=g\",\"contentUrl\":\"https:\\\/\\\/secure.gravatar.com\\\/avatar\\\/6c895f4b9cd59fffe899c25f76b85bf0d427605c1f0d3b07c81e155c001265cf?s=96&d=mm&r=g\",\"caption\":\"gbofficeprnews\"},\"url\":\"https:\\\/\\\/www.article-marketing.eu\\\/comunicatistampa\\\/author\\\/gbofficeprnews\\\/\"}]}<\/script>\n<!-- \/ Yoast SEO plugin. -->","yoast_head_json":{"title":"Aumento della capacit\u00e0 e autoproduzione di energia, il Piano presentato da Luigi Ferraris per FS Italiane","robots":{"index":"index","follow":"follow","max-snippet":"max-snippet:-1","max-image-preview":"max-image-preview:large","max-video-preview":"max-video-preview:-1"},"canonical":"https:\/\/www.article-marketing.eu\/comunicatistampa\/aumento-della-capacita-e-autoproduzione-di-energia-il-piano-presentato-da-luigi-ferraris-per-fs-italiane\/","og_locale":"it_IT","og_type":"article","og_title":"Aumento della capacit\u00e0 e autoproduzione di energia, il Piano presentato da Luigi Ferraris per FS Italiane","og_description":"Nuove infrastrutture, pi\u00f9 merci su rotaia, trasporti multimodali e contributo diretto alla transizione energetica. \u00c8 il futuro di Ferrovie dello Stato Italiane delineato dall&#8217;AD Luigi Ferraris: &#8220;Convertiremo spazi inutilizzati per impianti solari ed eolici&#8221;. Ferrovie dello Stato Italiane, gli obiettivi del nuovo Piano nella presentazione di Luigi Ferraris \u00c8 una visione strategica di lungo periodo quella illustrata lo scorso 16 maggio dall&#8217;Amministratore Delegato di Ferrovie dello Stato Italiane. Un PianoContinue reading...","og_url":"https:\/\/www.article-marketing.eu\/comunicatistampa\/aumento-della-capacita-e-autoproduzione-di-energia-il-piano-presentato-da-luigi-ferraris-per-fs-italiane\/","og_site_name":"Article Marketing","article_published_time":"2022-07-10T09:13:32+00:00","og_image":[{"url":"https:\/\/www.fsitaliane.it\/content\/dam\/fsitaliane\/immagini\/gruppo-fs\/organi-sociali\/luigi-ferraris.jpg","type":"","width":"","height":""}],"author":"gbofficeprnews","twitter_card":"summary_large_image","twitter_misc":{"Scritto da":"gbofficeprnews","Tempo di lettura stimato":"2 minuti"},"schema":{"@context":"https:\/\/schema.org","@graph":[{"@type":"Article","@id":"https:\/\/www.article-marketing.eu\/comunicatistampa\/aumento-della-capacita-e-autoproduzione-di-energia-il-piano-presentato-da-luigi-ferraris-per-fs-italiane\/#article","isPartOf":{"@id":"https:\/\/www.article-marketing.eu\/comunicatistampa\/aumento-della-capacita-e-autoproduzione-di-energia-il-piano-presentato-da-luigi-ferraris-per-fs-italiane\/"},"author":{"name":"gbofficeprnews","@id":"https:\/\/www.article-marketing.eu\/comunicatistampa\/#\/schema\/person\/00c541681af1a376511ed63d59ca096f"},"headline":"Aumento della capacit\u00e0 e autoproduzione di energia, il Piano presentato da Luigi Ferraris per FS Italiane","datePublished":"2022-07-10T09:13:32+00:00","mainEntityOfPage":{"@id":"https:\/\/www.article-marketing.eu\/comunicatistampa\/aumento-della-capacita-e-autoproduzione-di-energia-il-piano-presentato-da-luigi-ferraris-per-fs-italiane\/"},"wordCount":398,"commentCount":0,"image":{"@id":"https:\/\/www.article-marketing.eu\/comunicatistampa\/aumento-della-capacita-e-autoproduzione-di-energia-il-piano-presentato-da-luigi-ferraris-per-fs-italiane\/#primaryimage"},"thumbnailUrl":"https:\/\/www.fsitaliane.it\/content\/dam\/fsitaliane\/immagini\/gruppo-fs\/organi-sociali\/luigi-ferraris.jpg","keywords":["FS Italiane","Luigi Ferraris"],"articleSection":["Economia e lavoro"],"inLanguage":"it-IT","potentialAction":[{"@type":"CommentAction","name":"Comment","target":["https:\/\/www.article-marketing.eu\/comunicatistampa\/aumento-della-capacita-e-autoproduzione-di-energia-il-piano-presentato-da-luigi-ferraris-per-fs-italiane\/#respond"]}]},{"@type":"WebPage","@id":"https:\/\/www.article-marketing.eu\/comunicatistampa\/aumento-della-capacita-e-autoproduzione-di-energia-il-piano-presentato-da-luigi-ferraris-per-fs-italiane\/","url":"https:\/\/www.article-marketing.eu\/comunicatistampa\/aumento-della-capacita-e-autoproduzione-di-energia-il-piano-presentato-da-luigi-ferraris-per-fs-italiane\/","name":"Aumento della capacit\u00e0 e autoproduzione di energia, il Piano presentato da Luigi Ferraris per FS Italiane","isPartOf":{"@id":"https:\/\/www.article-marketing.eu\/comunicatistampa\/#website"},"primaryImageOfPage":{"@id":"https:\/\/www.article-marketing.eu\/comunicatistampa\/aumento-della-capacita-e-autoproduzione-di-energia-il-piano-presentato-da-luigi-ferraris-per-fs-italiane\/#primaryimage"},"image":{"@id":"https:\/\/www.article-marketing.eu\/comunicatistampa\/aumento-della-capacita-e-autoproduzione-di-energia-il-piano-presentato-da-luigi-ferraris-per-fs-italiane\/#primaryimage"},"thumbnailUrl":"https:\/\/www.fsitaliane.it\/content\/dam\/fsitaliane\/immagini\/gruppo-fs\/organi-sociali\/luigi-ferraris.jpg","datePublished":"2022-07-10T09:13:32+00:00","author":{"@id":"https:\/\/www.article-marketing.eu\/comunicatistampa\/#\/schema\/person\/00c541681af1a376511ed63d59ca096f"},"breadcrumb":{"@id":"https:\/\/www.article-marketing.eu\/comunicatistampa\/aumento-della-capacita-e-autoproduzione-di-energia-il-piano-presentato-da-luigi-ferraris-per-fs-italiane\/#breadcrumb"},"inLanguage":"it-IT","potentialAction":[{"@type":"ReadAction","target":["https:\/\/www.article-marketing.eu\/comunicatistampa\/aumento-della-capacita-e-autoproduzione-di-energia-il-piano-presentato-da-luigi-ferraris-per-fs-italiane\/"]}]},{"@type":"ImageObject","inLanguage":"it-IT","@id":"https:\/\/www.article-marketing.eu\/comunicatistampa\/aumento-della-capacita-e-autoproduzione-di-energia-il-piano-presentato-da-luigi-ferraris-per-fs-italiane\/#primaryimage","url":"https:\/\/www.fsitaliane.it\/content\/dam\/fsitaliane\/immagini\/gruppo-fs\/organi-sociali\/luigi-ferraris.jpg","contentUrl":"https:\/\/www.fsitaliane.it\/content\/dam\/fsitaliane\/immagini\/gruppo-fs\/organi-sociali\/luigi-ferraris.jpg"},{"@type":"BreadcrumbList","@id":"https:\/\/www.article-marketing.eu\/comunicatistampa\/aumento-della-capacita-e-autoproduzione-di-energia-il-piano-presentato-da-luigi-ferraris-per-fs-italiane\/#breadcrumb","itemListElement":[{"@type":"ListItem","position":1,"name":"Home","item":"https:\/\/www.article-marketing.eu\/comunicatistampa\/"},{"@type":"ListItem","position":2,"name":"Aumento della capacit\u00e0 e autoproduzione di energia, il Piano presentato da Luigi Ferraris per FS Italiane"}]},{"@type":"WebSite","@id":"https:\/\/www.article-marketing.eu\/comunicatistampa\/#website","url":"https:\/\/www.article-marketing.eu\/comunicatistampa\/","name":"Article Marketing","description":"article marketing &amp; press release","potentialAction":[{"@type":"SearchAction","target":{"@type":"EntryPoint","urlTemplate":"https:\/\/www.article-marketing.eu\/comunicatistampa\/?s={search_term_string}"},"query-input":{"@type":"PropertyValueSpecification","valueRequired":true,"valueName":"search_term_string"}}],"inLanguage":"it-IT"},{"@type":"Person","@id":"https:\/\/www.article-marketing.eu\/comunicatistampa\/#\/schema\/person\/00c541681af1a376511ed63d59ca096f","name":"gbofficeprnews","image":{"@type":"ImageObject","inLanguage":"it-IT","@id":"https:\/\/secure.gravatar.com\/avatar\/6c895f4b9cd59fffe899c25f76b85bf0d427605c1f0d3b07c81e155c001265cf?s=96&d=mm&r=g","url":"https:\/\/secure.gravatar.com\/avatar\/6c895f4b9cd59fffe899c25f76b85bf0d427605c1f0d3b07c81e155c001265cf?s=96&d=mm&r=g","contentUrl":"https:\/\/secure.gravatar.com\/avatar\/6c895f4b9cd59fffe899c25f76b85bf0d427605c1f0d3b07c81e155c001265cf?s=96&d=mm&r=g","caption":"gbofficeprnews"},"url":"https:\/\/www.article-marketing.eu\/comunicatistampa\/author\/gbofficeprnews\/"}]}},"_links":{"self":[{"href":"https:\/\/www.article-marketing.eu\/comunicatistampa\/wp-json\/wp\/v2\/posts\/23844","targetHints":{"allow":["GET"]}}],"collection":[{"href":"https:\/\/www.article-marketing.eu\/comunicatistampa\/wp-json\/wp\/v2\/posts"}],"about":[{"href":"https:\/\/www.article-marketing.eu\/comunicatistampa\/wp-json\/wp\/v2\/types\/post"}],"author":[{"embeddable":true,"href":"https:\/\/www.article-marketing.eu\/comunicatistampa\/wp-json\/wp\/v2\/users\/7203"}],"replies":[{"embeddable":true,"href":"https:\/\/www.article-marketing.eu\/comunicatistampa\/wp-json\/wp\/v2\/comments?post=23844"}],"version-history":[{"count":2,"href":"https:\/\/www.article-marketing.eu\/comunicatistampa\/wp-json\/wp\/v2\/posts\/23844\/revisions"}],"predecessor-version":[{"id":23922,"href":"https:\/\/www.article-marketing.eu\/comunicatistampa\/wp-json\/wp\/v2\/posts\/23844\/revisions\/23922"}],"wp:attachment":[{"href":"https:\/\/www.article-marketing.eu\/comunicatistampa\/wp-json\/wp\/v2\/media?parent=23844"}],"wp:term":[{"taxonomy":"category","embeddable":true,"href":"https:\/\/www.article-marketing.eu\/comunicatistampa\/wp-json\/wp\/v2\/categories?post=23844"},{"taxonomy":"post_tag","embeddable":true,"href":"https:\/\/www.article-marketing.eu\/comunicatistampa\/wp-json\/wp\/v2\/tags?post=23844"}],"curies":[{"name":"wp","href":"https:\/\/api.w.org\/{rel}","templated":true}]}}