{"id":23878,"date":"2022-07-10T11:24:44","date_gmt":"2022-07-10T09:24:44","guid":{"rendered":"https:\/\/www.article-marketing.eu\/comunicatistampa\/?p=23878"},"modified":"2022-07-10T11:24:44","modified_gmt":"2022-07-10T09:24:44","slug":"fs-italiane-luigi-ferraris-mobilita-integrata-e-carbon-neutrality-le-priorita-del-nuovo-piano","status":"publish","type":"post","link":"https:\/\/www.article-marketing.eu\/comunicatistampa\/fs-italiane-luigi-ferraris-mobilita-integrata-e-carbon-neutrality-le-priorita-del-nuovo-piano\/","title":{"rendered":"FS Italiane, Luigi Ferraris: \u201cMobilit\u00e0 integrata e carbon neutrality le priorit\u00e0 del nuovo Piano\u201d"},"content":{"rendered":"<p><em><strong>Rispondere in maniera adeguata alla nuova domanda di mobilit\u00e0: \u00e8 il principale obiettivo del nuovo Piano industriale presentato da Ferrovie dello Stato Italiane. A spiegarlo \u00e8 <a title=\"Luigi Ferraris: l'intervista a &quot;Obiettivo News&quot;\" href=\"https:\/\/www.obiettivonews.it\/2022\/06\/16\/intervista-allad-luigi-ferraris\/\">Luigi Ferraris<\/a> in un&#8217;intervista rilasciata a &#8220;Obiettivo News&#8221;.<\/strong><\/em><\/p>\n<p><a title=\"Luigi Ferraris: l'intervista - Obiettivo News\" href=\"https:\/\/www.obiettivonews.it\/2022\/06\/16\/intervista-allad-luigi-ferraris\/\"><img decoding=\"async\" src=\"https:\/\/www.obiettivonews.it\/wp-content\/uploads\/2022\/06\/ferraris-696x464.jpg\" alt=\"Luigi Ferraris\" width=\"120\" \/><\/a><\/p>\n<h2>Luigi Ferraris: necessario trovare modelli produttivi pi\u00f9 sostenibili<\/h2>\n<p>&#8220;Un Tempo Nuovo&#8221; \u00e8 il titolo scelto da Ferrovie dello Stato Italiane per l&#8217;evento di presentazione del nuovo Piano Industriale al 2031. Un vero e proprio cambio di registro per il Gruppo guidato da <strong>Luigi Ferraris<\/strong>, che si prepara ad affrontare le grandi sfide del prossimo decennio. L&#8217;AD ne ha parlato in una recente intervista pubblicata su &#8220;Obiettivo News&#8221;: <em>&#8220;Il Tempo Nuovo significa in primo luogo un cambio di mentalit\u00e0, di percezione<\/em> &#8211; ha dichiarato &#8211; <em>il nostro \u00e8 un Piano che vuole contribuire alla crescita del Paese cercando allo stesso tempo di dare alcune risposte alle tante domande che il periodo storico che stiamo vivendo ci sta ponendo&#8221;<\/em>. Per l&#8217;AD \u00e8 necessario trovare modelli produttivi alternativi, che mettano al centro anche valori sociali, di relazione, e che siano soprattutto pi\u00f9 sostenibili. Integrata, semplice, interconnessa e rispettosa dell&#8217;ambiente: sono queste, spiega <strong>Luigi Ferraris<\/strong>, le caratteristiche della nuova domanda di mobilit\u00e0 alla quale FS Italiane intende rispondere: <em>&#8220;Con il nostro Piano puntiamo a promuovere il trasporto collettivo multimodale rispetto al trasporto privato, a raddoppiare il trasporto merci su ferro, a coprire almeno il 40% del nostro fabbisogno energetico autoproducendolo da fonti rinnovabili. \u00c8 questo il nostro Tempo nuovo, e su cui lavoreremo per i prossimi dieci anni&#8221;<\/em>. Sul fronte della sostenibilit\u00e0, l&#8217;obiettivo finale di Ferrovie dello Stato Italiane \u00e8 raggiungere la carbon neutrality entro il 2040: <em>&#8220;Contribuiremo alla transizione ecologica con un piano che permetter\u00e0 anche di ridurre le emissioni di CO2 di circa 7,5 milioni di tonnellate annue&#8221;<\/em>.<\/p>\n<h2>Luigi Ferraris: Ferrovie dello Stato Italiane pronta a svolgere ruolo da protagonista nella transizione<\/h2>\n<p>Sud e Pnrr sono altri due temi al centro del nuovo Piano. Dei 190 miliardi di investimenti che FS Italiane \u00e8 pronta a mettere sul piatto, il 60% sar\u00e0 destinato al Mezzogiorno con l&#8217;obiettivo di colmare il gap con il Nord. La Napoli-Bari, il porto di Gioia Tauro e l&#8217;Alta Velocit\u00e0 Salerno-Reggio Calabria alcune delle opere in cantiere: <em>&#8220;Non dimentichiamo le stazioni<\/em> &#8211; sottolinea <a title=\"Luigi Ferraris intervistato a &quot;Obiettivo News&quot;\" href=\"https:\/\/www.obiettivonews.it\/2022\/06\/16\/intervista-allad-luigi-ferraris\/\">Luigi Ferraris<\/a> &#8211; <em>il Pnrr destina 700 milioni di euro per la riqualificazione di 54 scali del Sud Italia, che diventeranno non solo hub intermodali ma anche centri di servizi e funzioni utili per la collettivit\u00e0&#8221;<\/em>. Obiettivi <em>&#8220;sfidanti e ambiziosi&#8221;<\/em> che per essere raggiunti necessitano di un cambiamento radicale anche sul fronte della governance. Sono quattro i nuovi Poli di business (Infrastrutture, Passeggeri, Logistica e Urbano&#8221;), con la Holding che svolger\u00e0 funzione di indirizzo, coordinamento e controllo strategico e finanziario: <em>&#8220;Siamo chiamati a svolgere un ruolo rilevante nel perseguimento degli obiettivi del Pnrr, e ad essere protagonisti del processo di transizione energetica. Una sfida che affrontiamo tutti noi, donne e uomini di FS, con impegno e determinazione, consapevoli della centralit\u00e0 delle nostre attivit\u00e0 a beneficio del sistema Paese&#8221;<\/em>, conclude <strong>Luigi Ferraris<\/strong>.<\/p>\n","protected":false},"excerpt":{"rendered":"<p>Rispondere in maniera adeguata alla nuova domanda di mobilit\u00e0: \u00e8 il principale obiettivo del nuovo Piano industriale presentato da Ferrovie dello Stato Italiane. A spiegarlo \u00e8 Luigi Ferraris in un&#8217;intervista rilasciata a &#8220;Obiettivo News&#8221;. Luigi Ferraris: necessario trovare modelli produttivi pi\u00f9 sostenibili &#8220;Un Tempo Nuovo&#8221; \u00e8 il titolo scelto da Ferrovie dello Stato Italiane per l&#8217;evento di presentazione del nuovo Piano Industriale al 2031. Un vero e proprio cambio di<\/p>\n<p><a class=\"continue-reading\" href=\"https:\/\/www.article-marketing.eu\/comunicatistampa\/fs-italiane-luigi-ferraris-mobilita-integrata-e-carbon-neutrality-le-priorita-del-nuovo-piano\/\">Continue reading&#8230;<\/a><\/p>\n","protected":false},"author":7203,"featured_media":0,"comment_status":"open","ping_status":"open","sticky":false,"template":"","format":"standard","meta":{"_monsterinsights_skip_tracking":false,"_monsterinsights_sitenote_active":false,"_monsterinsights_sitenote_note":"","_monsterinsights_sitenote_category":0,"footnotes":""},"categories":[386],"tags":[9541,9540],"class_list":["post-23878","post","type-post","status-publish","format-standard","hentry","category-economia-e-lavoro","tag-fs-italiane","tag-luigi-ferraris"],"yoast_head":"<!-- This site is optimized with the Yoast SEO plugin v27.3 - https:\/\/yoast.com\/product\/yoast-seo-wordpress\/ -->\n<title>FS Italiane, Luigi Ferraris: \u201cMobilit\u00e0 integrata e carbon neutrality le priorit\u00e0 del nuovo Piano\u201d<\/title>\n<meta name=\"robots\" content=\"index, follow, max-snippet:-1, max-image-preview:large, max-video-preview:-1\" \/>\n<link rel=\"canonical\" href=\"https:\/\/www.article-marketing.eu\/comunicatistampa\/fs-italiane-luigi-ferraris-mobilita-integrata-e-carbon-neutrality-le-priorita-del-nuovo-piano\/\" \/>\n<meta property=\"og:locale\" content=\"it_IT\" \/>\n<meta property=\"og:type\" content=\"article\" \/>\n<meta property=\"og:title\" content=\"FS Italiane, Luigi Ferraris: \u201cMobilit\u00e0 integrata e carbon neutrality le priorit\u00e0 del nuovo Piano\u201d\" \/>\n<meta property=\"og:description\" content=\"Rispondere in maniera adeguata alla nuova domanda di mobilit\u00e0: \u00e8 il principale obiettivo del nuovo Piano industriale presentato da Ferrovie dello Stato Italiane. A spiegarlo \u00e8 Luigi Ferraris in un&#8217;intervista rilasciata a &#8220;Obiettivo News&#8221;. Luigi Ferraris: necessario trovare modelli produttivi pi\u00f9 sostenibili &#8220;Un Tempo Nuovo&#8221; \u00e8 il titolo scelto da Ferrovie dello Stato Italiane per l&#8217;evento di presentazione del nuovo Piano Industriale al 2031. Un vero e proprio cambio diContinue reading...\" \/>\n<meta property=\"og:url\" content=\"https:\/\/www.article-marketing.eu\/comunicatistampa\/fs-italiane-luigi-ferraris-mobilita-integrata-e-carbon-neutrality-le-priorita-del-nuovo-piano\/\" \/>\n<meta property=\"og:site_name\" content=\"Article Marketing\" \/>\n<meta property=\"article:published_time\" content=\"2022-07-10T09:24:44+00:00\" \/>\n<meta property=\"og:image\" content=\"https:\/\/www.obiettivonews.it\/wp-content\/uploads\/2022\/06\/ferraris-696x464.jpg\" \/>\n<meta name=\"author\" content=\"gbofficeprnews\" \/>\n<meta name=\"twitter:card\" content=\"summary_large_image\" \/>\n<meta name=\"twitter:label1\" content=\"Scritto da\" \/>\n\t<meta name=\"twitter:data1\" content=\"gbofficeprnews\" \/>\n\t<meta name=\"twitter:label2\" content=\"Tempo di lettura stimato\" \/>\n\t<meta name=\"twitter:data2\" content=\"2 minuti\" \/>\n<script type=\"application\/ld+json\" class=\"yoast-schema-graph\">{\"@context\":\"https:\\\/\\\/schema.org\",\"@graph\":[{\"@type\":\"Article\",\"@id\":\"https:\\\/\\\/www.article-marketing.eu\\\/comunicatistampa\\\/fs-italiane-luigi-ferraris-mobilita-integrata-e-carbon-neutrality-le-priorita-del-nuovo-piano\\\/#article\",\"isPartOf\":{\"@id\":\"https:\\\/\\\/www.article-marketing.eu\\\/comunicatistampa\\\/fs-italiane-luigi-ferraris-mobilita-integrata-e-carbon-neutrality-le-priorita-del-nuovo-piano\\\/\"},\"author\":{\"name\":\"gbofficeprnews\",\"@id\":\"https:\\\/\\\/www.article-marketing.eu\\\/comunicatistampa\\\/#\\\/schema\\\/person\\\/00c541681af1a376511ed63d59ca096f\"},\"headline\":\"FS Italiane, Luigi Ferraris: \u201cMobilit\u00e0 integrata e carbon neutrality le priorit\u00e0 del nuovo Piano\u201d\",\"datePublished\":\"2022-07-10T09:24:44+00:00\",\"mainEntityOfPage\":{\"@id\":\"https:\\\/\\\/www.article-marketing.eu\\\/comunicatistampa\\\/fs-italiane-luigi-ferraris-mobilita-integrata-e-carbon-neutrality-le-priorita-del-nuovo-piano\\\/\"},\"wordCount\":497,\"commentCount\":0,\"image\":{\"@id\":\"https:\\\/\\\/www.article-marketing.eu\\\/comunicatistampa\\\/fs-italiane-luigi-ferraris-mobilita-integrata-e-carbon-neutrality-le-priorita-del-nuovo-piano\\\/#primaryimage\"},\"thumbnailUrl\":\"https:\\\/\\\/www.obiettivonews.it\\\/wp-content\\\/uploads\\\/2022\\\/06\\\/ferraris-696x464.jpg\",\"keywords\":[\"FS Italiane\",\"Luigi Ferraris\"],\"articleSection\":[\"Economia e lavoro\"],\"inLanguage\":\"it-IT\",\"potentialAction\":[{\"@type\":\"CommentAction\",\"name\":\"Comment\",\"target\":[\"https:\\\/\\\/www.article-marketing.eu\\\/comunicatistampa\\\/fs-italiane-luigi-ferraris-mobilita-integrata-e-carbon-neutrality-le-priorita-del-nuovo-piano\\\/#respond\"]}]},{\"@type\":\"WebPage\",\"@id\":\"https:\\\/\\\/www.article-marketing.eu\\\/comunicatistampa\\\/fs-italiane-luigi-ferraris-mobilita-integrata-e-carbon-neutrality-le-priorita-del-nuovo-piano\\\/\",\"url\":\"https:\\\/\\\/www.article-marketing.eu\\\/comunicatistampa\\\/fs-italiane-luigi-ferraris-mobilita-integrata-e-carbon-neutrality-le-priorita-del-nuovo-piano\\\/\",\"name\":\"FS Italiane, Luigi Ferraris: \u201cMobilit\u00e0 integrata e carbon neutrality le priorit\u00e0 del nuovo Piano\u201d\",\"isPartOf\":{\"@id\":\"https:\\\/\\\/www.article-marketing.eu\\\/comunicatistampa\\\/#website\"},\"primaryImageOfPage\":{\"@id\":\"https:\\\/\\\/www.article-marketing.eu\\\/comunicatistampa\\\/fs-italiane-luigi-ferraris-mobilita-integrata-e-carbon-neutrality-le-priorita-del-nuovo-piano\\\/#primaryimage\"},\"image\":{\"@id\":\"https:\\\/\\\/www.article-marketing.eu\\\/comunicatistampa\\\/fs-italiane-luigi-ferraris-mobilita-integrata-e-carbon-neutrality-le-priorita-del-nuovo-piano\\\/#primaryimage\"},\"thumbnailUrl\":\"https:\\\/\\\/www.obiettivonews.it\\\/wp-content\\\/uploads\\\/2022\\\/06\\\/ferraris-696x464.jpg\",\"datePublished\":\"2022-07-10T09:24:44+00:00\",\"author\":{\"@id\":\"https:\\\/\\\/www.article-marketing.eu\\\/comunicatistampa\\\/#\\\/schema\\\/person\\\/00c541681af1a376511ed63d59ca096f\"},\"breadcrumb\":{\"@id\":\"https:\\\/\\\/www.article-marketing.eu\\\/comunicatistampa\\\/fs-italiane-luigi-ferraris-mobilita-integrata-e-carbon-neutrality-le-priorita-del-nuovo-piano\\\/#breadcrumb\"},\"inLanguage\":\"it-IT\",\"potentialAction\":[{\"@type\":\"ReadAction\",\"target\":[\"https:\\\/\\\/www.article-marketing.eu\\\/comunicatistampa\\\/fs-italiane-luigi-ferraris-mobilita-integrata-e-carbon-neutrality-le-priorita-del-nuovo-piano\\\/\"]}]},{\"@type\":\"ImageObject\",\"inLanguage\":\"it-IT\",\"@id\":\"https:\\\/\\\/www.article-marketing.eu\\\/comunicatistampa\\\/fs-italiane-luigi-ferraris-mobilita-integrata-e-carbon-neutrality-le-priorita-del-nuovo-piano\\\/#primaryimage\",\"url\":\"https:\\\/\\\/www.obiettivonews.it\\\/wp-content\\\/uploads\\\/2022\\\/06\\\/ferraris-696x464.jpg\",\"contentUrl\":\"https:\\\/\\\/www.obiettivonews.it\\\/wp-content\\\/uploads\\\/2022\\\/06\\\/ferraris-696x464.jpg\"},{\"@type\":\"BreadcrumbList\",\"@id\":\"https:\\\/\\\/www.article-marketing.eu\\\/comunicatistampa\\\/fs-italiane-luigi-ferraris-mobilita-integrata-e-carbon-neutrality-le-priorita-del-nuovo-piano\\\/#breadcrumb\",\"itemListElement\":[{\"@type\":\"ListItem\",\"position\":1,\"name\":\"Home\",\"item\":\"https:\\\/\\\/www.article-marketing.eu\\\/comunicatistampa\\\/\"},{\"@type\":\"ListItem\",\"position\":2,\"name\":\"FS Italiane, Luigi Ferraris: \u201cMobilit\u00e0 integrata e carbon neutrality le priorit\u00e0 del nuovo Piano\u201d\"}]},{\"@type\":\"WebSite\",\"@id\":\"https:\\\/\\\/www.article-marketing.eu\\\/comunicatistampa\\\/#website\",\"url\":\"https:\\\/\\\/www.article-marketing.eu\\\/comunicatistampa\\\/\",\"name\":\"Article Marketing\",\"description\":\"article marketing &amp; press release\",\"potentialAction\":[{\"@type\":\"SearchAction\",\"target\":{\"@type\":\"EntryPoint\",\"urlTemplate\":\"https:\\\/\\\/www.article-marketing.eu\\\/comunicatistampa\\\/?s={search_term_string}\"},\"query-input\":{\"@type\":\"PropertyValueSpecification\",\"valueRequired\":true,\"valueName\":\"search_term_string\"}}],\"inLanguage\":\"it-IT\"},{\"@type\":\"Person\",\"@id\":\"https:\\\/\\\/www.article-marketing.eu\\\/comunicatistampa\\\/#\\\/schema\\\/person\\\/00c541681af1a376511ed63d59ca096f\",\"name\":\"gbofficeprnews\",\"image\":{\"@type\":\"ImageObject\",\"inLanguage\":\"it-IT\",\"@id\":\"https:\\\/\\\/secure.gravatar.com\\\/avatar\\\/6c895f4b9cd59fffe899c25f76b85bf0d427605c1f0d3b07c81e155c001265cf?s=96&d=mm&r=g\",\"url\":\"https:\\\/\\\/secure.gravatar.com\\\/avatar\\\/6c895f4b9cd59fffe899c25f76b85bf0d427605c1f0d3b07c81e155c001265cf?s=96&d=mm&r=g\",\"contentUrl\":\"https:\\\/\\\/secure.gravatar.com\\\/avatar\\\/6c895f4b9cd59fffe899c25f76b85bf0d427605c1f0d3b07c81e155c001265cf?s=96&d=mm&r=g\",\"caption\":\"gbofficeprnews\"},\"url\":\"https:\\\/\\\/www.article-marketing.eu\\\/comunicatistampa\\\/author\\\/gbofficeprnews\\\/\"}]}<\/script>\n<!-- \/ Yoast SEO plugin. -->","yoast_head_json":{"title":"FS Italiane, Luigi Ferraris: \u201cMobilit\u00e0 integrata e carbon neutrality le priorit\u00e0 del nuovo Piano\u201d","robots":{"index":"index","follow":"follow","max-snippet":"max-snippet:-1","max-image-preview":"max-image-preview:large","max-video-preview":"max-video-preview:-1"},"canonical":"https:\/\/www.article-marketing.eu\/comunicatistampa\/fs-italiane-luigi-ferraris-mobilita-integrata-e-carbon-neutrality-le-priorita-del-nuovo-piano\/","og_locale":"it_IT","og_type":"article","og_title":"FS Italiane, Luigi Ferraris: \u201cMobilit\u00e0 integrata e carbon neutrality le priorit\u00e0 del nuovo Piano\u201d","og_description":"Rispondere in maniera adeguata alla nuova domanda di mobilit\u00e0: \u00e8 il principale obiettivo del nuovo Piano industriale presentato da Ferrovie dello Stato Italiane. A spiegarlo \u00e8 Luigi Ferraris in un&#8217;intervista rilasciata a &#8220;Obiettivo News&#8221;. Luigi Ferraris: necessario trovare modelli produttivi pi\u00f9 sostenibili &#8220;Un Tempo Nuovo&#8221; \u00e8 il titolo scelto da Ferrovie dello Stato Italiane per l&#8217;evento di presentazione del nuovo Piano Industriale al 2031. Un vero e proprio cambio diContinue reading...","og_url":"https:\/\/www.article-marketing.eu\/comunicatistampa\/fs-italiane-luigi-ferraris-mobilita-integrata-e-carbon-neutrality-le-priorita-del-nuovo-piano\/","og_site_name":"Article Marketing","article_published_time":"2022-07-10T09:24:44+00:00","og_image":[{"url":"https:\/\/www.obiettivonews.it\/wp-content\/uploads\/2022\/06\/ferraris-696x464.jpg","type":"","width":"","height":""}],"author":"gbofficeprnews","twitter_card":"summary_large_image","twitter_misc":{"Scritto da":"gbofficeprnews","Tempo di lettura stimato":"2 minuti"},"schema":{"@context":"https:\/\/schema.org","@graph":[{"@type":"Article","@id":"https:\/\/www.article-marketing.eu\/comunicatistampa\/fs-italiane-luigi-ferraris-mobilita-integrata-e-carbon-neutrality-le-priorita-del-nuovo-piano\/#article","isPartOf":{"@id":"https:\/\/www.article-marketing.eu\/comunicatistampa\/fs-italiane-luigi-ferraris-mobilita-integrata-e-carbon-neutrality-le-priorita-del-nuovo-piano\/"},"author":{"name":"gbofficeprnews","@id":"https:\/\/www.article-marketing.eu\/comunicatistampa\/#\/schema\/person\/00c541681af1a376511ed63d59ca096f"},"headline":"FS Italiane, Luigi Ferraris: \u201cMobilit\u00e0 integrata e carbon neutrality le priorit\u00e0 del nuovo Piano\u201d","datePublished":"2022-07-10T09:24:44+00:00","mainEntityOfPage":{"@id":"https:\/\/www.article-marketing.eu\/comunicatistampa\/fs-italiane-luigi-ferraris-mobilita-integrata-e-carbon-neutrality-le-priorita-del-nuovo-piano\/"},"wordCount":497,"commentCount":0,"image":{"@id":"https:\/\/www.article-marketing.eu\/comunicatistampa\/fs-italiane-luigi-ferraris-mobilita-integrata-e-carbon-neutrality-le-priorita-del-nuovo-piano\/#primaryimage"},"thumbnailUrl":"https:\/\/www.obiettivonews.it\/wp-content\/uploads\/2022\/06\/ferraris-696x464.jpg","keywords":["FS Italiane","Luigi Ferraris"],"articleSection":["Economia e lavoro"],"inLanguage":"it-IT","potentialAction":[{"@type":"CommentAction","name":"Comment","target":["https:\/\/www.article-marketing.eu\/comunicatistampa\/fs-italiane-luigi-ferraris-mobilita-integrata-e-carbon-neutrality-le-priorita-del-nuovo-piano\/#respond"]}]},{"@type":"WebPage","@id":"https:\/\/www.article-marketing.eu\/comunicatistampa\/fs-italiane-luigi-ferraris-mobilita-integrata-e-carbon-neutrality-le-priorita-del-nuovo-piano\/","url":"https:\/\/www.article-marketing.eu\/comunicatistampa\/fs-italiane-luigi-ferraris-mobilita-integrata-e-carbon-neutrality-le-priorita-del-nuovo-piano\/","name":"FS Italiane, Luigi Ferraris: \u201cMobilit\u00e0 integrata e carbon neutrality le priorit\u00e0 del nuovo Piano\u201d","isPartOf":{"@id":"https:\/\/www.article-marketing.eu\/comunicatistampa\/#website"},"primaryImageOfPage":{"@id":"https:\/\/www.article-marketing.eu\/comunicatistampa\/fs-italiane-luigi-ferraris-mobilita-integrata-e-carbon-neutrality-le-priorita-del-nuovo-piano\/#primaryimage"},"image":{"@id":"https:\/\/www.article-marketing.eu\/comunicatistampa\/fs-italiane-luigi-ferraris-mobilita-integrata-e-carbon-neutrality-le-priorita-del-nuovo-piano\/#primaryimage"},"thumbnailUrl":"https:\/\/www.obiettivonews.it\/wp-content\/uploads\/2022\/06\/ferraris-696x464.jpg","datePublished":"2022-07-10T09:24:44+00:00","author":{"@id":"https:\/\/www.article-marketing.eu\/comunicatistampa\/#\/schema\/person\/00c541681af1a376511ed63d59ca096f"},"breadcrumb":{"@id":"https:\/\/www.article-marketing.eu\/comunicatistampa\/fs-italiane-luigi-ferraris-mobilita-integrata-e-carbon-neutrality-le-priorita-del-nuovo-piano\/#breadcrumb"},"inLanguage":"it-IT","potentialAction":[{"@type":"ReadAction","target":["https:\/\/www.article-marketing.eu\/comunicatistampa\/fs-italiane-luigi-ferraris-mobilita-integrata-e-carbon-neutrality-le-priorita-del-nuovo-piano\/"]}]},{"@type":"ImageObject","inLanguage":"it-IT","@id":"https:\/\/www.article-marketing.eu\/comunicatistampa\/fs-italiane-luigi-ferraris-mobilita-integrata-e-carbon-neutrality-le-priorita-del-nuovo-piano\/#primaryimage","url":"https:\/\/www.obiettivonews.it\/wp-content\/uploads\/2022\/06\/ferraris-696x464.jpg","contentUrl":"https:\/\/www.obiettivonews.it\/wp-content\/uploads\/2022\/06\/ferraris-696x464.jpg"},{"@type":"BreadcrumbList","@id":"https:\/\/www.article-marketing.eu\/comunicatistampa\/fs-italiane-luigi-ferraris-mobilita-integrata-e-carbon-neutrality-le-priorita-del-nuovo-piano\/#breadcrumb","itemListElement":[{"@type":"ListItem","position":1,"name":"Home","item":"https:\/\/www.article-marketing.eu\/comunicatistampa\/"},{"@type":"ListItem","position":2,"name":"FS Italiane, Luigi Ferraris: \u201cMobilit\u00e0 integrata e carbon neutrality le priorit\u00e0 del nuovo Piano\u201d"}]},{"@type":"WebSite","@id":"https:\/\/www.article-marketing.eu\/comunicatistampa\/#website","url":"https:\/\/www.article-marketing.eu\/comunicatistampa\/","name":"Article Marketing","description":"article marketing &amp; press release","potentialAction":[{"@type":"SearchAction","target":{"@type":"EntryPoint","urlTemplate":"https:\/\/www.article-marketing.eu\/comunicatistampa\/?s={search_term_string}"},"query-input":{"@type":"PropertyValueSpecification","valueRequired":true,"valueName":"search_term_string"}}],"inLanguage":"it-IT"},{"@type":"Person","@id":"https:\/\/www.article-marketing.eu\/comunicatistampa\/#\/schema\/person\/00c541681af1a376511ed63d59ca096f","name":"gbofficeprnews","image":{"@type":"ImageObject","inLanguage":"it-IT","@id":"https:\/\/secure.gravatar.com\/avatar\/6c895f4b9cd59fffe899c25f76b85bf0d427605c1f0d3b07c81e155c001265cf?s=96&d=mm&r=g","url":"https:\/\/secure.gravatar.com\/avatar\/6c895f4b9cd59fffe899c25f76b85bf0d427605c1f0d3b07c81e155c001265cf?s=96&d=mm&r=g","contentUrl":"https:\/\/secure.gravatar.com\/avatar\/6c895f4b9cd59fffe899c25f76b85bf0d427605c1f0d3b07c81e155c001265cf?s=96&d=mm&r=g","caption":"gbofficeprnews"},"url":"https:\/\/www.article-marketing.eu\/comunicatistampa\/author\/gbofficeprnews\/"}]}},"_links":{"self":[{"href":"https:\/\/www.article-marketing.eu\/comunicatistampa\/wp-json\/wp\/v2\/posts\/23878","targetHints":{"allow":["GET"]}}],"collection":[{"href":"https:\/\/www.article-marketing.eu\/comunicatistampa\/wp-json\/wp\/v2\/posts"}],"about":[{"href":"https:\/\/www.article-marketing.eu\/comunicatistampa\/wp-json\/wp\/v2\/types\/post"}],"author":[{"embeddable":true,"href":"https:\/\/www.article-marketing.eu\/comunicatistampa\/wp-json\/wp\/v2\/users\/7203"}],"replies":[{"embeddable":true,"href":"https:\/\/www.article-marketing.eu\/comunicatistampa\/wp-json\/wp\/v2\/comments?post=23878"}],"version-history":[{"count":2,"href":"https:\/\/www.article-marketing.eu\/comunicatistampa\/wp-json\/wp\/v2\/posts\/23878\/revisions"}],"predecessor-version":[{"id":23941,"href":"https:\/\/www.article-marketing.eu\/comunicatistampa\/wp-json\/wp\/v2\/posts\/23878\/revisions\/23941"}],"wp:attachment":[{"href":"https:\/\/www.article-marketing.eu\/comunicatistampa\/wp-json\/wp\/v2\/media?parent=23878"}],"wp:term":[{"taxonomy":"category","embeddable":true,"href":"https:\/\/www.article-marketing.eu\/comunicatistampa\/wp-json\/wp\/v2\/categories?post=23878"},{"taxonomy":"post_tag","embeddable":true,"href":"https:\/\/www.article-marketing.eu\/comunicatistampa\/wp-json\/wp\/v2\/tags?post=23878"}],"curies":[{"name":"wp","href":"https:\/\/api.w.org\/{rel}","templated":true}]}}