{"id":23901,"date":"2022-07-10T11:17:18","date_gmt":"2022-07-10T09:17:18","guid":{"rendered":"https:\/\/www.article-marketing.eu\/comunicatistampa\/?p=23901"},"modified":"2022-07-10T11:17:18","modified_gmt":"2022-07-10T09:17:18","slug":"rosama-io-non-so-volare","status":"publish","type":"post","link":"https:\/\/www.article-marketing.eu\/comunicatistampa\/rosama-io-non-so-volare\/","title":{"rendered":"Rosam\u00e0, Io Non So Volare"},"content":{"rendered":"<p style=\"text-align: center;\">il primo singolo dell\u2019artista<\/p>\n<p><img loading=\"lazy\" decoding=\"async\" class=\"aligncenter\" src=\"https:\/\/www.joyfreepress.com\/wp-content\/uploads\/2022\/07\/Cover-Rosa.jpg\" width=\"339\" height=\"339\" \/><\/p>\n<p>Rosa Mauro in arte Rosam\u00e0 nata ad Agropoli, vive a Capaccio Paestum in provincia di Salerno, cantante e danzatrice, ha frequentato il Liceo Coreutico Alfano I di Salerno. La passione per la danza incomincia all\u2019et\u00e0 di 6 anni iniziando a frequentare scuole di danza dove ha imparato tutti gli stili dal classico al moderno e al contemporaneo.<\/p>\n<p>Vincitrice della borsa di studio per partecipare alla rassegna \u201cLe Stelle di Tersicore\u201d, si esibisce poi all\u2019\u201dIschia International School Festival\u201d, e in vari concorsi come \u201cDancing Dream\u201d e \u201cil sogno di mia madre\u201d. Partecipa a stage con Raffaele Paganini , Steve La Chance, Andrey Lyapin e Simone Nolasco. E\u2019 grazie alla danza che scopre l\u2019amore per il canto quando per puro caso, durante le prove generali di uno spettacolo, inizia a cantare.<\/p>\n<p>Cos\u00ec inizia ad esibirsi come cantante in feste di piazza, e all\u2019et\u00e0 di 13 anni incomincia a prendere lezioni di canto, perfezionandosi con l\u2019insegnante Ileana Mottola. Partecipa a vari concorsi e al Progetto Hoop Music diretto da Giancarlo Genise. Dopo la maturit\u00e0 si iscrive al Conservatorio G. Martucci di Salerno.<\/p>\n<p>E\u2019 stato l\u2019incontro con il noto autore Remo Elia, che tra i tanti annovera testi interpretati dai Tiromancino, Carmen Consoli, Ivana Spagna, Luisa Corna, Sal Da Vinci , etc. a segnare il primo passo importante. Infatti \u00e8 con la casa discografica La Mia Song di cui Elia \u00e8 il direttore artistico che Rosam\u00e0 produce il suo primo singolo dal titolo Io Non So Volare, scritto da Remo Elia e Luca Sala.<\/p>\n<p>Il video girato tra la suggestiva location \u201cLe Trabe\u201d (capo di fiume, Capaccio\/Paestum) le spiagge di Capaccio\\Paestum, e i Giardini piazza Tempone di Capaccio Capoluogo, ha la firma del regista Nilo Sciarrone.<\/p>\n<p>https:\/\/www.instagram.com\/rosama_2\/<br \/>\n<a href=\"https:\/\/www.facebook.com\/profile.php?id=100075502161388\">\u2028https:\/\/www.facebook.com\/profile.php?id=100075502161388<\/a><br \/>\n<a href=\"https:\/\/www.youtube.com\/channel\/UC_ZZnu-D2Lq1q9VBqxj2omw?app=desktop\">\u2028https:\/\/www.youtube.com\/channel\/UC_ZZnu-D2Lq1q9VBqxj2omw?app=desktop<\/a><br \/>\nhttps:\/\/vm.tiktok.com\/ZMNFv2hUr\/<\/p>\n","protected":false},"excerpt":{"rendered":"<p>il primo singolo dell\u2019artista Rosa Mauro in arte Rosam\u00e0 nata ad Agropoli, vive a Capaccio Paestum in provincia di Salerno, cantante e danzatrice, ha frequentato il Liceo Coreutico Alfano I di Salerno. La passione per la danza incomincia all\u2019et\u00e0 di 6 anni iniziando a frequentare scuole di danza dove ha imparato tutti gli stili dal classico al moderno e al contemporaneo. Vincitrice della borsa di studio per partecipare alla rassegna<\/p>\n<p><a class=\"continue-reading\" href=\"https:\/\/www.article-marketing.eu\/comunicatistampa\/rosama-io-non-so-volare\/\">Continue reading&#8230;<\/a><\/p>\n","protected":false},"author":1680,"featured_media":0,"comment_status":"open","ping_status":"open","sticky":false,"template":"","format":"standard","meta":{"_monsterinsights_skip_tracking":false,"_monsterinsights_sitenote_active":false,"_monsterinsights_sitenote_note":"","_monsterinsights_sitenote_category":0,"footnotes":""},"categories":[411],"tags":[7378,2874,9917,3522],"class_list":["post-23901","post","type-post","status-publish","format-standard","hentry","category-musica","tag-nuovo","tag-radio","tag-rosama","tag-singolo"],"yoast_head":"<!-- This site is optimized with the Yoast SEO plugin v27.3 - https:\/\/yoast.com\/product\/yoast-seo-wordpress\/ -->\n<title>Rosam\u00e0, Io Non So Volare - Article Marketing<\/title>\n<meta name=\"robots\" content=\"index, follow, max-snippet:-1, max-image-preview:large, max-video-preview:-1\" \/>\n<link rel=\"canonical\" href=\"https:\/\/www.article-marketing.eu\/comunicatistampa\/rosama-io-non-so-volare\/\" \/>\n<meta property=\"og:locale\" content=\"it_IT\" \/>\n<meta property=\"og:type\" content=\"article\" \/>\n<meta property=\"og:title\" content=\"Rosam\u00e0, Io Non So Volare - Article Marketing\" \/>\n<meta property=\"og:description\" content=\"il primo singolo dell\u2019artista Rosa Mauro in arte Rosam\u00e0 nata ad Agropoli, vive a Capaccio Paestum in provincia di Salerno, cantante e danzatrice, ha frequentato il Liceo Coreutico Alfano I di Salerno. La passione per la danza incomincia all\u2019et\u00e0 di 6 anni iniziando a frequentare scuole di danza dove ha imparato tutti gli stili dal classico al moderno e al contemporaneo. Vincitrice della borsa di studio per partecipare alla rassegnaContinue reading...\" \/>\n<meta property=\"og:url\" content=\"https:\/\/www.article-marketing.eu\/comunicatistampa\/rosama-io-non-so-volare\/\" \/>\n<meta property=\"og:site_name\" content=\"Article Marketing\" \/>\n<meta property=\"article:published_time\" content=\"2022-07-10T09:17:18+00:00\" \/>\n<meta property=\"og:image\" content=\"https:\/\/www.joyfreepress.com\/wp-content\/uploads\/2022\/07\/Cover-Rosa.jpg\" \/>\n<meta name=\"author\" content=\"Micro961\" \/>\n<meta name=\"twitter:card\" content=\"summary_large_image\" \/>\n<meta name=\"twitter:label1\" content=\"Scritto da\" \/>\n\t<meta name=\"twitter:data1\" content=\"Micro961\" \/>\n\t<meta name=\"twitter:label2\" content=\"Tempo di lettura stimato\" \/>\n\t<meta name=\"twitter:data2\" content=\"2 minuti\" \/>\n<script type=\"application\/ld+json\" class=\"yoast-schema-graph\">{\"@context\":\"https:\\\/\\\/schema.org\",\"@graph\":[{\"@type\":\"Article\",\"@id\":\"https:\\\/\\\/www.article-marketing.eu\\\/comunicatistampa\\\/rosama-io-non-so-volare\\\/#article\",\"isPartOf\":{\"@id\":\"https:\\\/\\\/www.article-marketing.eu\\\/comunicatistampa\\\/rosama-io-non-so-volare\\\/\"},\"author\":{\"name\":\"Micro961\",\"@id\":\"https:\\\/\\\/www.article-marketing.eu\\\/comunicatistampa\\\/#\\\/schema\\\/person\\\/9beeb909be59832a9bcbec84cb3786f5\"},\"headline\":\"Rosam\u00e0, Io Non So Volare\",\"datePublished\":\"2022-07-10T09:17:18+00:00\",\"mainEntityOfPage\":{\"@id\":\"https:\\\/\\\/www.article-marketing.eu\\\/comunicatistampa\\\/rosama-io-non-so-volare\\\/\"},\"wordCount\":325,\"commentCount\":0,\"image\":{\"@id\":\"https:\\\/\\\/www.article-marketing.eu\\\/comunicatistampa\\\/rosama-io-non-so-volare\\\/#primaryimage\"},\"thumbnailUrl\":\"https:\\\/\\\/www.joyfreepress.com\\\/wp-content\\\/uploads\\\/2022\\\/07\\\/Cover-Rosa.jpg\",\"keywords\":[\"Nuovo\",\"radio\",\"Rosam\u00e0\",\"Singolo\"],\"articleSection\":[\"Musica\"],\"inLanguage\":\"it-IT\",\"potentialAction\":[{\"@type\":\"CommentAction\",\"name\":\"Comment\",\"target\":[\"https:\\\/\\\/www.article-marketing.eu\\\/comunicatistampa\\\/rosama-io-non-so-volare\\\/#respond\"]}]},{\"@type\":\"WebPage\",\"@id\":\"https:\\\/\\\/www.article-marketing.eu\\\/comunicatistampa\\\/rosama-io-non-so-volare\\\/\",\"url\":\"https:\\\/\\\/www.article-marketing.eu\\\/comunicatistampa\\\/rosama-io-non-so-volare\\\/\",\"name\":\"Rosam\u00e0, Io Non So Volare - Article Marketing\",\"isPartOf\":{\"@id\":\"https:\\\/\\\/www.article-marketing.eu\\\/comunicatistampa\\\/#website\"},\"primaryImageOfPage\":{\"@id\":\"https:\\\/\\\/www.article-marketing.eu\\\/comunicatistampa\\\/rosama-io-non-so-volare\\\/#primaryimage\"},\"image\":{\"@id\":\"https:\\\/\\\/www.article-marketing.eu\\\/comunicatistampa\\\/rosama-io-non-so-volare\\\/#primaryimage\"},\"thumbnailUrl\":\"https:\\\/\\\/www.joyfreepress.com\\\/wp-content\\\/uploads\\\/2022\\\/07\\\/Cover-Rosa.jpg\",\"datePublished\":\"2022-07-10T09:17:18+00:00\",\"author\":{\"@id\":\"https:\\\/\\\/www.article-marketing.eu\\\/comunicatistampa\\\/#\\\/schema\\\/person\\\/9beeb909be59832a9bcbec84cb3786f5\"},\"breadcrumb\":{\"@id\":\"https:\\\/\\\/www.article-marketing.eu\\\/comunicatistampa\\\/rosama-io-non-so-volare\\\/#breadcrumb\"},\"inLanguage\":\"it-IT\",\"potentialAction\":[{\"@type\":\"ReadAction\",\"target\":[\"https:\\\/\\\/www.article-marketing.eu\\\/comunicatistampa\\\/rosama-io-non-so-volare\\\/\"]}]},{\"@type\":\"ImageObject\",\"inLanguage\":\"it-IT\",\"@id\":\"https:\\\/\\\/www.article-marketing.eu\\\/comunicatistampa\\\/rosama-io-non-so-volare\\\/#primaryimage\",\"url\":\"https:\\\/\\\/www.joyfreepress.com\\\/wp-content\\\/uploads\\\/2022\\\/07\\\/Cover-Rosa.jpg\",\"contentUrl\":\"https:\\\/\\\/www.joyfreepress.com\\\/wp-content\\\/uploads\\\/2022\\\/07\\\/Cover-Rosa.jpg\"},{\"@type\":\"BreadcrumbList\",\"@id\":\"https:\\\/\\\/www.article-marketing.eu\\\/comunicatistampa\\\/rosama-io-non-so-volare\\\/#breadcrumb\",\"itemListElement\":[{\"@type\":\"ListItem\",\"position\":1,\"name\":\"Home\",\"item\":\"https:\\\/\\\/www.article-marketing.eu\\\/comunicatistampa\\\/\"},{\"@type\":\"ListItem\",\"position\":2,\"name\":\"Rosam\u00e0, Io Non So Volare\"}]},{\"@type\":\"WebSite\",\"@id\":\"https:\\\/\\\/www.article-marketing.eu\\\/comunicatistampa\\\/#website\",\"url\":\"https:\\\/\\\/www.article-marketing.eu\\\/comunicatistampa\\\/\",\"name\":\"Article Marketing\",\"description\":\"article marketing &amp; press release\",\"potentialAction\":[{\"@type\":\"SearchAction\",\"target\":{\"@type\":\"EntryPoint\",\"urlTemplate\":\"https:\\\/\\\/www.article-marketing.eu\\\/comunicatistampa\\\/?s={search_term_string}\"},\"query-input\":{\"@type\":\"PropertyValueSpecification\",\"valueRequired\":true,\"valueName\":\"search_term_string\"}}],\"inLanguage\":\"it-IT\"},{\"@type\":\"Person\",\"@id\":\"https:\\\/\\\/www.article-marketing.eu\\\/comunicatistampa\\\/#\\\/schema\\\/person\\\/9beeb909be59832a9bcbec84cb3786f5\",\"name\":\"Micro961\",\"image\":{\"@type\":\"ImageObject\",\"inLanguage\":\"it-IT\",\"@id\":\"https:\\\/\\\/secure.gravatar.com\\\/avatar\\\/cd6f5864b85cc3687c05b2965bb186afcd70a2a89789a156c92a4f1d66e87827?s=96&d=mm&r=g\",\"url\":\"https:\\\/\\\/secure.gravatar.com\\\/avatar\\\/cd6f5864b85cc3687c05b2965bb186afcd70a2a89789a156c92a4f1d66e87827?s=96&d=mm&r=g\",\"contentUrl\":\"https:\\\/\\\/secure.gravatar.com\\\/avatar\\\/cd6f5864b85cc3687c05b2965bb186afcd70a2a89789a156c92a4f1d66e87827?s=96&d=mm&r=g\",\"caption\":\"Micro961\"},\"url\":\"https:\\\/\\\/www.article-marketing.eu\\\/comunicatistampa\\\/author\\\/micro961\\\/\"}]}<\/script>\n<!-- \/ Yoast SEO plugin. -->","yoast_head_json":{"title":"Rosam\u00e0, Io Non So Volare - Article Marketing","robots":{"index":"index","follow":"follow","max-snippet":"max-snippet:-1","max-image-preview":"max-image-preview:large","max-video-preview":"max-video-preview:-1"},"canonical":"https:\/\/www.article-marketing.eu\/comunicatistampa\/rosama-io-non-so-volare\/","og_locale":"it_IT","og_type":"article","og_title":"Rosam\u00e0, Io Non So Volare - Article Marketing","og_description":"il primo singolo dell\u2019artista Rosa Mauro in arte Rosam\u00e0 nata ad Agropoli, vive a Capaccio Paestum in provincia di Salerno, cantante e danzatrice, ha frequentato il Liceo Coreutico Alfano I di Salerno. La passione per la danza incomincia all\u2019et\u00e0 di 6 anni iniziando a frequentare scuole di danza dove ha imparato tutti gli stili dal classico al moderno e al contemporaneo. Vincitrice della borsa di studio per partecipare alla rassegnaContinue reading...","og_url":"https:\/\/www.article-marketing.eu\/comunicatistampa\/rosama-io-non-so-volare\/","og_site_name":"Article Marketing","article_published_time":"2022-07-10T09:17:18+00:00","og_image":[{"url":"https:\/\/www.joyfreepress.com\/wp-content\/uploads\/2022\/07\/Cover-Rosa.jpg","type":"","width":"","height":""}],"author":"Micro961","twitter_card":"summary_large_image","twitter_misc":{"Scritto da":"Micro961","Tempo di lettura stimato":"2 minuti"},"schema":{"@context":"https:\/\/schema.org","@graph":[{"@type":"Article","@id":"https:\/\/www.article-marketing.eu\/comunicatistampa\/rosama-io-non-so-volare\/#article","isPartOf":{"@id":"https:\/\/www.article-marketing.eu\/comunicatistampa\/rosama-io-non-so-volare\/"},"author":{"name":"Micro961","@id":"https:\/\/www.article-marketing.eu\/comunicatistampa\/#\/schema\/person\/9beeb909be59832a9bcbec84cb3786f5"},"headline":"Rosam\u00e0, Io Non So Volare","datePublished":"2022-07-10T09:17:18+00:00","mainEntityOfPage":{"@id":"https:\/\/www.article-marketing.eu\/comunicatistampa\/rosama-io-non-so-volare\/"},"wordCount":325,"commentCount":0,"image":{"@id":"https:\/\/www.article-marketing.eu\/comunicatistampa\/rosama-io-non-so-volare\/#primaryimage"},"thumbnailUrl":"https:\/\/www.joyfreepress.com\/wp-content\/uploads\/2022\/07\/Cover-Rosa.jpg","keywords":["Nuovo","radio","Rosam\u00e0","Singolo"],"articleSection":["Musica"],"inLanguage":"it-IT","potentialAction":[{"@type":"CommentAction","name":"Comment","target":["https:\/\/www.article-marketing.eu\/comunicatistampa\/rosama-io-non-so-volare\/#respond"]}]},{"@type":"WebPage","@id":"https:\/\/www.article-marketing.eu\/comunicatistampa\/rosama-io-non-so-volare\/","url":"https:\/\/www.article-marketing.eu\/comunicatistampa\/rosama-io-non-so-volare\/","name":"Rosam\u00e0, Io Non So Volare - Article Marketing","isPartOf":{"@id":"https:\/\/www.article-marketing.eu\/comunicatistampa\/#website"},"primaryImageOfPage":{"@id":"https:\/\/www.article-marketing.eu\/comunicatistampa\/rosama-io-non-so-volare\/#primaryimage"},"image":{"@id":"https:\/\/www.article-marketing.eu\/comunicatistampa\/rosama-io-non-so-volare\/#primaryimage"},"thumbnailUrl":"https:\/\/www.joyfreepress.com\/wp-content\/uploads\/2022\/07\/Cover-Rosa.jpg","datePublished":"2022-07-10T09:17:18+00:00","author":{"@id":"https:\/\/www.article-marketing.eu\/comunicatistampa\/#\/schema\/person\/9beeb909be59832a9bcbec84cb3786f5"},"breadcrumb":{"@id":"https:\/\/www.article-marketing.eu\/comunicatistampa\/rosama-io-non-so-volare\/#breadcrumb"},"inLanguage":"it-IT","potentialAction":[{"@type":"ReadAction","target":["https:\/\/www.article-marketing.eu\/comunicatistampa\/rosama-io-non-so-volare\/"]}]},{"@type":"ImageObject","inLanguage":"it-IT","@id":"https:\/\/www.article-marketing.eu\/comunicatistampa\/rosama-io-non-so-volare\/#primaryimage","url":"https:\/\/www.joyfreepress.com\/wp-content\/uploads\/2022\/07\/Cover-Rosa.jpg","contentUrl":"https:\/\/www.joyfreepress.com\/wp-content\/uploads\/2022\/07\/Cover-Rosa.jpg"},{"@type":"BreadcrumbList","@id":"https:\/\/www.article-marketing.eu\/comunicatistampa\/rosama-io-non-so-volare\/#breadcrumb","itemListElement":[{"@type":"ListItem","position":1,"name":"Home","item":"https:\/\/www.article-marketing.eu\/comunicatistampa\/"},{"@type":"ListItem","position":2,"name":"Rosam\u00e0, Io Non So Volare"}]},{"@type":"WebSite","@id":"https:\/\/www.article-marketing.eu\/comunicatistampa\/#website","url":"https:\/\/www.article-marketing.eu\/comunicatistampa\/","name":"Article Marketing","description":"article marketing &amp; press release","potentialAction":[{"@type":"SearchAction","target":{"@type":"EntryPoint","urlTemplate":"https:\/\/www.article-marketing.eu\/comunicatistampa\/?s={search_term_string}"},"query-input":{"@type":"PropertyValueSpecification","valueRequired":true,"valueName":"search_term_string"}}],"inLanguage":"it-IT"},{"@type":"Person","@id":"https:\/\/www.article-marketing.eu\/comunicatistampa\/#\/schema\/person\/9beeb909be59832a9bcbec84cb3786f5","name":"Micro961","image":{"@type":"ImageObject","inLanguage":"it-IT","@id":"https:\/\/secure.gravatar.com\/avatar\/cd6f5864b85cc3687c05b2965bb186afcd70a2a89789a156c92a4f1d66e87827?s=96&d=mm&r=g","url":"https:\/\/secure.gravatar.com\/avatar\/cd6f5864b85cc3687c05b2965bb186afcd70a2a89789a156c92a4f1d66e87827?s=96&d=mm&r=g","contentUrl":"https:\/\/secure.gravatar.com\/avatar\/cd6f5864b85cc3687c05b2965bb186afcd70a2a89789a156c92a4f1d66e87827?s=96&d=mm&r=g","caption":"Micro961"},"url":"https:\/\/www.article-marketing.eu\/comunicatistampa\/author\/micro961\/"}]}},"_links":{"self":[{"href":"https:\/\/www.article-marketing.eu\/comunicatistampa\/wp-json\/wp\/v2\/posts\/23901","targetHints":{"allow":["GET"]}}],"collection":[{"href":"https:\/\/www.article-marketing.eu\/comunicatistampa\/wp-json\/wp\/v2\/posts"}],"about":[{"href":"https:\/\/www.article-marketing.eu\/comunicatistampa\/wp-json\/wp\/v2\/types\/post"}],"author":[{"embeddable":true,"href":"https:\/\/www.article-marketing.eu\/comunicatistampa\/wp-json\/wp\/v2\/users\/1680"}],"replies":[{"embeddable":true,"href":"https:\/\/www.article-marketing.eu\/comunicatistampa\/wp-json\/wp\/v2\/comments?post=23901"}],"version-history":[{"count":2,"href":"https:\/\/www.article-marketing.eu\/comunicatistampa\/wp-json\/wp\/v2\/posts\/23901\/revisions"}],"predecessor-version":[{"id":23929,"href":"https:\/\/www.article-marketing.eu\/comunicatistampa\/wp-json\/wp\/v2\/posts\/23901\/revisions\/23929"}],"wp:attachment":[{"href":"https:\/\/www.article-marketing.eu\/comunicatistampa\/wp-json\/wp\/v2\/media?parent=23901"}],"wp:term":[{"taxonomy":"category","embeddable":true,"href":"https:\/\/www.article-marketing.eu\/comunicatistampa\/wp-json\/wp\/v2\/categories?post=23901"},{"taxonomy":"post_tag","embeddable":true,"href":"https:\/\/www.article-marketing.eu\/comunicatistampa\/wp-json\/wp\/v2\/tags?post=23901"}],"curies":[{"name":"wp","href":"https:\/\/api.w.org\/{rel}","templated":true}]}}