{"id":23903,"date":"2022-07-10T11:29:07","date_gmt":"2022-07-10T09:29:07","guid":{"rendered":"https:\/\/www.article-marketing.eu\/comunicatistampa\/?p=23903"},"modified":"2022-07-10T11:29:07","modified_gmt":"2022-07-10T09:29:07","slug":"aifos-un-bilancio-sociale-che-guarda-con-fiducia-al-futuro","status":"publish","type":"post","link":"https:\/\/www.article-marketing.eu\/comunicatistampa\/aifos-un-bilancio-sociale-che-guarda-con-fiducia-al-futuro\/","title":{"rendered":"AiFOS: un bilancio sociale che guarda con fiducia al futuro"},"content":{"rendered":"<h1>Comunicato Stampa<\/h1>\n<p><strong>AiFOS: un bilancio sociale che guarda con fiducia al futuro<\/strong><\/p>\n<p><strong>\u00a0<\/strong><\/p>\n<p><strong><em>Pubblicato il Bilancio Sociale 2020-2021 dell\u2019Associazione AiFOS. Le difficolt\u00e0 della pandemia, la base associativa, gli eventi, la formazione e i nuovi obiettivi di mandato.<\/em><\/strong><\/p>\n<p>&nbsp;<\/p>\n<p>L\u2019<strong>Associazione Italiana Formatori ed Operatori della Sicurezza sul Lavoro<\/strong> (AiFOS), una delle prime associazioni operante nel settore della formazione e della sicurezza, in occasione della Convention AiFOS 2022, svoltasi finalmente di nuovo in presenza, ha presentato il suo quarto bilancio sociale, il nuovo <strong>Bilancio Sociale 2020-2021.<\/strong><\/p>\n<p>&nbsp;<\/p>\n<p>Il <strong>Bilancio Sociale<\/strong> rappresenta sempre un momento molto importante di un\u2019associazione. Differentemente dal bilancio connesso alla contabilit\u00e0, questa rendicontazione permette di diffondere agli iscritti e a tutti gli stakeholder una rappresentazione delle azioni e degli impegni presi per il raggiungimento dei propri scopi sociali ed istituzionali.<\/p>\n<p>&nbsp;<\/p>\n<p><strong>Il nuovo bilancio sociale e la pandemia da Covid-19<\/strong><\/p>\n<p>La nuova rendicontazione, che presenta le attivit\u00e0 degli anni 2020 e 2021, \u00e8 stata innegabilmente condizionate dalla pandemia da Covid-19 che ha colpito e sconvolto l\u2019intero pianeta. E, come ricordano il Segretario Generale <strong>Francesco Naviglio<\/strong> e il Presidente <strong>Rocco Vitale<\/strong>, l\u2019operosit\u00e0 della associazione \u00e8 stata messa a dura prova.<\/p>\n<p>Tuttavia questa situazione \u201c<em>ci ha permesso &#8211; con un\u2019importante dimostrazione di coraggio ed un notevole sforzo &#8211; di cambiare passo, adeguandoci non solo al nuovo presente, ma anche <strong>guardando con fiducia al futuro<\/strong>, puntando, con maggiore convinzione di prima, sulla <strong>cultura del lavoro, della salute e della sostenibilit\u00e0<\/strong>, per permettere a tutto il network AiFOS di affacciarsi con serenit\u00e0 e rinnovata fiducia al prossimo domani, pieno di nuove sfide, ma anche di grandissime <strong>nuove occasioni<\/strong> che la ripresa sociale ed economica ci sta offrendo<\/em>\u201d.<\/p>\n<p>&nbsp;<\/p>\n<p>Malgrado le difficolt\u00e0 connesse alla pandemia l\u2019Associazione si \u00e8 riorganizzata per garantire la prosecuzione dei servizi e l\u2019assistenza ai soci, senza mai interrompere l\u2019operativit\u00e0. \u00a0\u00c8 stato necessario gestire, nel caos iniziale di norme, decreti e protocolli, un\u2019enorme mole di informazioni da veicolare a soci ed utenti nella maniera pi\u00f9 chiara e corretta possibile, al fine di non aggiungere confusione, ma cercando di rendere i concetti chiari.<\/p>\n<p>Ne \u00e8 scaturita una serie di iniziative, comunicazioni, linee guida, eventi webinar di aggiornamento, percorsi formativi, azioni filantropiche e di comunicazione sociale, pillole di micro-learning, video, materiali utili. E tutto ci\u00f2 ha portato AiFOS a ricevere la menzione per la sezione salute, sicurezza e benessere organizzativo del <strong>Premio AIF<\/strong> \u201c<em>Eccellenza della Formazione<\/em>\u201d per il \u201cprogetto formativo e informativo dedicato a lavoratori, professionisti della sicurezza e studenti per affrontare il Covid-19\u201d.<\/p>\n<p>&nbsp;<\/p>\n<p><strong>Il bilancio sociale 2020-2021, la base associativa e gli eventi<\/strong><\/p>\n<p>Il nuovo \u201c<strong>Bilancio Sociale 2020-2021<\/strong>\u201d dell\u2019Associazione AiFOS ricorda che la <strong>base associativa<\/strong> \u00e8 costituita da soci persone fisiche, singoli professionisti e da aziende di consulenza e di servizi, aziende che si occupano di formazione e consulenza in materia di sicurezza sul lavoro e che operano nel settore dei lavori edili, studi professionali che operano nel settore dell\u2019ingegneria civile, aziende che impiegano nei rispettivi settori macchine e attrezzature, nonch\u00e9 aziende che operano nel settore della sanit\u00e0 pubblica e privata. Le aziende associate condividono la mission di AiFOS e testimoniano l\u2019interesse dell\u2019impresa alle tematiche della salute e sicurezza sul lavoro.<\/p>\n<p>Malgrado il periodo pandemico, <strong>il numero di soci nel 2020 \u00e8 leggermente aumentato rispetto al 2019<\/strong>: un bel riconoscimento per il lavoro svolto dall\u2019associazione, che si \u00e8 dimostrata punto di riferimento credibile ed interlocutore per il mondo della salute e sicurezza.<\/p>\n<p>&nbsp;<\/p>\n<p>Riguardo poi all\u2019attivit\u00e0 di rappresentanza della categoria AiFOS in qualit\u00e0 di associazione nazionale di categoria ben l\u201981 % degli associati ritiene molto\/moltissimo soddisfacenti tali attivit\u00e0, anche tramite le azioni intraprese dalla confederazione Confcommercio e dalla federazione Confcommercio Professioni.<\/p>\n<p>All\u2019associazione viene oggi riconosciuto a livello nazionale il ruolo di importante e privilegiato interlocutore delle istituzioni sui temi della formazione e consulenza in materia di sicurezza sul lavoro.<\/p>\n<p><strong>\u00a0<\/strong><\/p>\n<p>Sono moltissimi gli eventi, le attivit\u00e0 formative, comunicative e filantropiche, anche connesse alla Fondazione AiFOS, descritte nella <strong>relazione sociale 2020-2021<\/strong>.<\/p>\n<p>&nbsp;<\/p>\n<p>A titolo esemplificativo possiamo ricordare che gli <strong>eventi<\/strong> organizzati sono stati 19 (di cui 2 in presenza) nel 2020 e 22 (di cui 6 in presenza) nel 2021, raggiungendo complessivamente 10.396 persone. E la <strong>formazione in aula<\/strong> ha riguardato 18.503 corsi nel 2020 e 23.073 corsi nel 2021: nel 2021 il numero dei corsi in presenza \u00e8 tornato a crescere superando di poco il numero di corsi del 2019.<\/p>\n<p>I <strong>partecipanti ai corsi formati in videoconferenza<\/strong> sono stati, invece, 21.170 nel 2020 e 33.377 nel 2021, mentre sono stati 72.471 gli utenti dei corsi in <strong>eLearning<\/strong> nel 2020 e 67.472 nel 2020.<\/p>\n<p>&nbsp;<\/p>\n<p>Tra le tante attivit\u00e0, fra 2020 e 2021, ricordate nel Bilancio Sociale figurano poi 8 Quaderni della Sicurezza pubblicati e due diverse ricerche e Rapporti AiFOS:<\/p>\n<ul>\n<li>2020: il Rapporto AiFOS \u201cLavoro, sicurezza e formazione ai tempi del Coronavirus\u201d<\/li>\n<li>2021: il Rapporto AiFOS \u201cVideoconferenza per la salute e sicurezza: cambia il lavoro, cambiano le metodologie\u201d.<\/li>\n<\/ul>\n<p>&nbsp;<\/p>\n<p><strong>I nuovi obiettivi di mandato dell\u2019associazione fino al 2025<\/strong><\/p>\n<p>Nel 2021 si sono poi svolte le elezioni per il rinnovo delle cariche associative e il Consiglio nazionale, insieme alla presidenza, ha tracciato gli obiettivi di mandato che accompagneranno l\u2019associazione fino al 2025:<\/p>\n<ul>\n<li><strong>Ampliare la platea dei soggetti della sicurezza<\/strong>: l\u2019associazione deve osservare le nuove esigenze della sicurezza, puntare alla formazione del management aziendale, pensare alla formazione dei datori di lavoro, formare manager per il benessere aziendale e personale, puntare sulle giovani generazioni ed il contesto scolastico;<\/li>\n<li><strong>Sostenibilit\u00e0 e innovazione<\/strong>: sicurezza e sostenibilit\u00e0 sono ormai un binomio inscindibile. Ma sappiamo davvero che cosa \u00e8 la sostenibilit\u00e0? Sappiamo quali sono le sfide che ci aspettano? E gli obiettivi da raggiungere? L\u2019associazione deve fornire ai soci occasioni di informazione, formazione, strumenti, opportunit\u00e0 strategiche e di sviluppo sui temi della sostenibilit\u00e0 e dell\u2019economia circolare;<\/li>\n<li><strong>Rafforzare la crescita associativa<\/strong>: promuovere iniziative e progetti per tendere ad un maggiore coinvolgimento dei soci, per elevare la qualit\u00e0 dei servizi offerti dagli associati e la loro professionalit\u00e0. Coinvolgimento dei soci e dei CFA alla vita attiva dell\u2019AiFOS, puntando anche sull\u2019offerta di servizi rivolti alla gestione d\u2019impresa e ai modelli di business e su servizi pi\u00f9 efficaci;<\/li>\n<li><strong>AiFOS sul territorio<\/strong>: promuovere iniziative sul territorio del network associativo, in particolar modo nelle regioni del centro-sud Italia, attraverso attivit\u00e0, progetti dedicati, valorizzazione delle esperienze e delle specificit\u00e0 dei singoli Centri di Formazione e associati;<\/li>\n<li><strong>Promozione di azioni per revisione normative<\/strong>: attraverso la collaborazione con partner credibili e con azioni autonome dell\u2019associazione, intraprendere azioni per promuovere la revisione normativa in materia di sicurezza.<\/li>\n<\/ul>\n<p>&nbsp;<\/p>\n<p>Riguardo all\u2019ultimo obiettivo, in considerazione dell\u2019intensa attivit\u00e0 legislativa in materia di sicurezza sul lavoro e formazione di questi ultimi mesi, il Segretario Generale e il Presidente sottolineano che la formazione efficace ha assunto finalmente una nuova importanza e \u201c<em>sar\u00e0 fondamentale l\u2019azione dell\u2019associazione che potr\u00e0 intervenire nel dibattito legislativo con le proprie proposte<\/em>\u201d. E l\u2019associazione AiFOS \u201c<em>sar\u00e0 a fianco dei formatori e dei professionisti della sicurezza, <strong>rimettendo al centro dell\u2019attenzione la prevenzione<\/strong><\/em>\u201d.<\/p>\n<p>&nbsp;<\/p>\n<p>Il link per accedere al Bilancio Sociale 2020-2021:<\/p>\n<p><a href=\"https:\/\/aifos.org\/home\/associazione\/int\/comunicazioni_associati\/bilancio_sociale_aifos_2020-2021\">https:\/\/aifos.org\/home\/associazione\/int\/comunicazioni_associati\/bilancio_sociale_aifos_2020-2021<\/a><\/p>\n<p><strong>\u00a0<\/strong><\/p>\n<p>Chi volesse avere ulteriori <strong>informazioni<\/strong> sull\u2019Associazione pu\u00f2 fare riferimento a AiFOS via Branze, 45 &#8211; 25123 Brescia c\/o CSMT, Universit\u00e0 degli Studi di Brescia tel.030.6595031 &#8211; fax 030.6595040 www.aifos.it &#8211; <a href=\"mailto:relazioniesterne@aifos.it\">relazioniesterne@aifos.it<\/a>.<\/p>\n<p><em>\u00a0<\/em><\/p>\n<p><em>\u00a0<\/em><\/p>\n<p><em>\u00a0<\/em><\/p>\n<p><em>07 luglio 2022<\/em><\/p>\n<p>&nbsp;<\/p>\n<p>&nbsp;<\/p>\n<p>Ufficio Stampa di AiFOS<\/p>\n<p><a href=\"mailto:ufficiostampa@aifos.it\">ufficiostampa@aifos.it<\/a><\/p>\n<p>http:\/\/www.aifos.it\/<\/p>\n","protected":false},"excerpt":{"rendered":"<p>Comunicato Stampa AiFOS: un bilancio sociale che guarda con fiducia al futuro \u00a0 Pubblicato il Bilancio Sociale 2020-2021 dell\u2019Associazione AiFOS. Le difficolt\u00e0 della pandemia, la base associativa, gli eventi, la formazione e i nuovi obiettivi di mandato. &nbsp; L\u2019Associazione Italiana Formatori ed Operatori della Sicurezza sul Lavoro (AiFOS), una delle prime associazioni operante nel settore della formazione e della sicurezza, in occasione della Convention AiFOS 2022, svoltasi finalmente di nuovo<\/p>\n<p><a class=\"continue-reading\" href=\"https:\/\/www.article-marketing.eu\/comunicatistampa\/aifos-un-bilancio-sociale-che-guarda-con-fiducia-al-futuro\/\">Continue reading&#8230;<\/a><\/p>\n","protected":false},"author":881,"featured_media":0,"comment_status":"open","ping_status":"open","sticky":false,"template":"","format":"standard","meta":{"_monsterinsights_skip_tracking":false,"_monsterinsights_sitenote_active":false,"_monsterinsights_sitenote_note":"","_monsterinsights_sitenote_category":0,"footnotes":""},"categories":[78,386,362],"tags":[3301,9919,9918,3235,6320,3609,6193,9923,9922,9920,9921],"class_list":["post-23903","post","type-post","status-publish","format-standard","hentry","category-comunicati-stampa","category-economia-e-lavoro","category-societa","tag-aifos","tag-base-associativa","tag-bilancio-sociale-2020-2021","tag-brescia","tag-centri-di-formazione-aifos","tag-fondazione-aifos","tag-pandemia-da-covid-19","tag-quaderni-della-sicurezza","tag-rapporto-aifos","tag-relazione-sociale-2020-2021","tag-sostenibilita-e-innovazione"],"yoast_head":"<!-- This site is optimized with the Yoast SEO plugin v27.3 - https:\/\/yoast.com\/product\/yoast-seo-wordpress\/ -->\n<title>AiFOS: un bilancio sociale che guarda con fiducia al futuro<\/title>\n<meta name=\"robots\" content=\"index, follow, max-snippet:-1, max-image-preview:large, max-video-preview:-1\" \/>\n<link rel=\"canonical\" href=\"https:\/\/www.article-marketing.eu\/comunicatistampa\/aifos-un-bilancio-sociale-che-guarda-con-fiducia-al-futuro\/\" \/>\n<meta property=\"og:locale\" content=\"it_IT\" \/>\n<meta property=\"og:type\" content=\"article\" \/>\n<meta property=\"og:title\" content=\"AiFOS: un bilancio sociale che guarda con fiducia al futuro\" \/>\n<meta property=\"og:description\" content=\"Comunicato Stampa AiFOS: un bilancio sociale che guarda con fiducia al futuro \u00a0 Pubblicato il Bilancio Sociale 2020-2021 dell\u2019Associazione AiFOS. Le difficolt\u00e0 della pandemia, la base associativa, gli eventi, la formazione e i nuovi obiettivi di mandato. &nbsp; L\u2019Associazione Italiana Formatori ed Operatori della Sicurezza sul Lavoro (AiFOS), una delle prime associazioni operante nel settore della formazione e della sicurezza, in occasione della Convention AiFOS 2022, svoltasi finalmente di nuovoContinue reading...\" \/>\n<meta property=\"og:url\" content=\"https:\/\/www.article-marketing.eu\/comunicatistampa\/aifos-un-bilancio-sociale-che-guarda-con-fiducia-al-futuro\/\" \/>\n<meta property=\"og:site_name\" content=\"Article Marketing\" \/>\n<meta property=\"article:published_time\" content=\"2022-07-10T09:29:07+00:00\" \/>\n<meta name=\"author\" content=\"AIFUS\" \/>\n<meta name=\"twitter:card\" content=\"summary_large_image\" \/>\n<meta name=\"twitter:label1\" content=\"Scritto da\" \/>\n\t<meta name=\"twitter:data1\" content=\"AIFUS\" \/>\n\t<meta name=\"twitter:label2\" content=\"Tempo di lettura stimato\" \/>\n\t<meta name=\"twitter:data2\" content=\"7 minuti\" \/>\n<script type=\"application\/ld+json\" class=\"yoast-schema-graph\">{\"@context\":\"https:\\\/\\\/schema.org\",\"@graph\":[{\"@type\":\"Article\",\"@id\":\"https:\\\/\\\/www.article-marketing.eu\\\/comunicatistampa\\\/aifos-un-bilancio-sociale-che-guarda-con-fiducia-al-futuro\\\/#article\",\"isPartOf\":{\"@id\":\"https:\\\/\\\/www.article-marketing.eu\\\/comunicatistampa\\\/aifos-un-bilancio-sociale-che-guarda-con-fiducia-al-futuro\\\/\"},\"author\":{\"name\":\"AIFUS\",\"@id\":\"https:\\\/\\\/www.article-marketing.eu\\\/comunicatistampa\\\/#\\\/schema\\\/person\\\/d1985c4955ff71a05f49d68e3034b3cd\"},\"headline\":\"AiFOS: un bilancio sociale che guarda con fiducia al futuro\",\"datePublished\":\"2022-07-10T09:29:07+00:00\",\"mainEntityOfPage\":{\"@id\":\"https:\\\/\\\/www.article-marketing.eu\\\/comunicatistampa\\\/aifos-un-bilancio-sociale-che-guarda-con-fiducia-al-futuro\\\/\"},\"wordCount\":1206,\"commentCount\":0,\"keywords\":[\"Aifos\",\"base associativa\",\"Bilancio Sociale 2020-2021\",\"Brescia\",\"Centri di Formazione AiFOS\",\"Fondazione AiFOS\",\"pandemia da COVID-19\",\"Quaderni della Sicurezza\",\"Rapporto AiFOS\",\"relazione sociale 2020-2021\",\"Sostenibilit\u00e0 e innovazione\"],\"articleSection\":[\"Comunicati stampa\",\"Economia e lavoro\",\"Societ\u00e0\"],\"inLanguage\":\"it-IT\",\"potentialAction\":[{\"@type\":\"CommentAction\",\"name\":\"Comment\",\"target\":[\"https:\\\/\\\/www.article-marketing.eu\\\/comunicatistampa\\\/aifos-un-bilancio-sociale-che-guarda-con-fiducia-al-futuro\\\/#respond\"]}]},{\"@type\":\"WebPage\",\"@id\":\"https:\\\/\\\/www.article-marketing.eu\\\/comunicatistampa\\\/aifos-un-bilancio-sociale-che-guarda-con-fiducia-al-futuro\\\/\",\"url\":\"https:\\\/\\\/www.article-marketing.eu\\\/comunicatistampa\\\/aifos-un-bilancio-sociale-che-guarda-con-fiducia-al-futuro\\\/\",\"name\":\"AiFOS: un bilancio sociale che guarda con fiducia al futuro\",\"isPartOf\":{\"@id\":\"https:\\\/\\\/www.article-marketing.eu\\\/comunicatistampa\\\/#website\"},\"datePublished\":\"2022-07-10T09:29:07+00:00\",\"author\":{\"@id\":\"https:\\\/\\\/www.article-marketing.eu\\\/comunicatistampa\\\/#\\\/schema\\\/person\\\/d1985c4955ff71a05f49d68e3034b3cd\"},\"breadcrumb\":{\"@id\":\"https:\\\/\\\/www.article-marketing.eu\\\/comunicatistampa\\\/aifos-un-bilancio-sociale-che-guarda-con-fiducia-al-futuro\\\/#breadcrumb\"},\"inLanguage\":\"it-IT\",\"potentialAction\":[{\"@type\":\"ReadAction\",\"target\":[\"https:\\\/\\\/www.article-marketing.eu\\\/comunicatistampa\\\/aifos-un-bilancio-sociale-che-guarda-con-fiducia-al-futuro\\\/\"]}]},{\"@type\":\"BreadcrumbList\",\"@id\":\"https:\\\/\\\/www.article-marketing.eu\\\/comunicatistampa\\\/aifos-un-bilancio-sociale-che-guarda-con-fiducia-al-futuro\\\/#breadcrumb\",\"itemListElement\":[{\"@type\":\"ListItem\",\"position\":1,\"name\":\"Home\",\"item\":\"https:\\\/\\\/www.article-marketing.eu\\\/comunicatistampa\\\/\"},{\"@type\":\"ListItem\",\"position\":2,\"name\":\"AiFOS: un bilancio sociale che guarda con fiducia al futuro\"}]},{\"@type\":\"WebSite\",\"@id\":\"https:\\\/\\\/www.article-marketing.eu\\\/comunicatistampa\\\/#website\",\"url\":\"https:\\\/\\\/www.article-marketing.eu\\\/comunicatistampa\\\/\",\"name\":\"Article Marketing\",\"description\":\"article marketing &amp; press release\",\"potentialAction\":[{\"@type\":\"SearchAction\",\"target\":{\"@type\":\"EntryPoint\",\"urlTemplate\":\"https:\\\/\\\/www.article-marketing.eu\\\/comunicatistampa\\\/?s={search_term_string}\"},\"query-input\":{\"@type\":\"PropertyValueSpecification\",\"valueRequired\":true,\"valueName\":\"search_term_string\"}}],\"inLanguage\":\"it-IT\"},{\"@type\":\"Person\",\"@id\":\"https:\\\/\\\/www.article-marketing.eu\\\/comunicatistampa\\\/#\\\/schema\\\/person\\\/d1985c4955ff71a05f49d68e3034b3cd\",\"name\":\"AIFUS\",\"image\":{\"@type\":\"ImageObject\",\"inLanguage\":\"it-IT\",\"@id\":\"https:\\\/\\\/secure.gravatar.com\\\/avatar\\\/05cf2a2ba057667571308b94c84f00ff48766ffac95710a87491a9b3ddcee484?s=96&d=mm&r=g\",\"url\":\"https:\\\/\\\/secure.gravatar.com\\\/avatar\\\/05cf2a2ba057667571308b94c84f00ff48766ffac95710a87491a9b3ddcee484?s=96&d=mm&r=g\",\"contentUrl\":\"https:\\\/\\\/secure.gravatar.com\\\/avatar\\\/05cf2a2ba057667571308b94c84f00ff48766ffac95710a87491a9b3ddcee484?s=96&d=mm&r=g\",\"caption\":\"AIFUS\"},\"url\":\"https:\\\/\\\/www.article-marketing.eu\\\/comunicatistampa\\\/author\\\/aifus\\\/\"}]}<\/script>\n<!-- \/ Yoast SEO plugin. -->","yoast_head_json":{"title":"AiFOS: un bilancio sociale che guarda con fiducia al futuro","robots":{"index":"index","follow":"follow","max-snippet":"max-snippet:-1","max-image-preview":"max-image-preview:large","max-video-preview":"max-video-preview:-1"},"canonical":"https:\/\/www.article-marketing.eu\/comunicatistampa\/aifos-un-bilancio-sociale-che-guarda-con-fiducia-al-futuro\/","og_locale":"it_IT","og_type":"article","og_title":"AiFOS: un bilancio sociale che guarda con fiducia al futuro","og_description":"Comunicato Stampa AiFOS: un bilancio sociale che guarda con fiducia al futuro \u00a0 Pubblicato il Bilancio Sociale 2020-2021 dell\u2019Associazione AiFOS. Le difficolt\u00e0 della pandemia, la base associativa, gli eventi, la formazione e i nuovi obiettivi di mandato. &nbsp; L\u2019Associazione Italiana Formatori ed Operatori della Sicurezza sul Lavoro (AiFOS), una delle prime associazioni operante nel settore della formazione e della sicurezza, in occasione della Convention AiFOS 2022, svoltasi finalmente di nuovoContinue reading...","og_url":"https:\/\/www.article-marketing.eu\/comunicatistampa\/aifos-un-bilancio-sociale-che-guarda-con-fiducia-al-futuro\/","og_site_name":"Article Marketing","article_published_time":"2022-07-10T09:29:07+00:00","author":"AIFUS","twitter_card":"summary_large_image","twitter_misc":{"Scritto da":"AIFUS","Tempo di lettura stimato":"7 minuti"},"schema":{"@context":"https:\/\/schema.org","@graph":[{"@type":"Article","@id":"https:\/\/www.article-marketing.eu\/comunicatistampa\/aifos-un-bilancio-sociale-che-guarda-con-fiducia-al-futuro\/#article","isPartOf":{"@id":"https:\/\/www.article-marketing.eu\/comunicatistampa\/aifos-un-bilancio-sociale-che-guarda-con-fiducia-al-futuro\/"},"author":{"name":"AIFUS","@id":"https:\/\/www.article-marketing.eu\/comunicatistampa\/#\/schema\/person\/d1985c4955ff71a05f49d68e3034b3cd"},"headline":"AiFOS: un bilancio sociale che guarda con fiducia al futuro","datePublished":"2022-07-10T09:29:07+00:00","mainEntityOfPage":{"@id":"https:\/\/www.article-marketing.eu\/comunicatistampa\/aifos-un-bilancio-sociale-che-guarda-con-fiducia-al-futuro\/"},"wordCount":1206,"commentCount":0,"keywords":["Aifos","base associativa","Bilancio Sociale 2020-2021","Brescia","Centri di Formazione AiFOS","Fondazione AiFOS","pandemia da COVID-19","Quaderni della Sicurezza","Rapporto AiFOS","relazione sociale 2020-2021","Sostenibilit\u00e0 e innovazione"],"articleSection":["Comunicati stampa","Economia e lavoro","Societ\u00e0"],"inLanguage":"it-IT","potentialAction":[{"@type":"CommentAction","name":"Comment","target":["https:\/\/www.article-marketing.eu\/comunicatistampa\/aifos-un-bilancio-sociale-che-guarda-con-fiducia-al-futuro\/#respond"]}]},{"@type":"WebPage","@id":"https:\/\/www.article-marketing.eu\/comunicatistampa\/aifos-un-bilancio-sociale-che-guarda-con-fiducia-al-futuro\/","url":"https:\/\/www.article-marketing.eu\/comunicatistampa\/aifos-un-bilancio-sociale-che-guarda-con-fiducia-al-futuro\/","name":"AiFOS: un bilancio sociale che guarda con fiducia al futuro","isPartOf":{"@id":"https:\/\/www.article-marketing.eu\/comunicatistampa\/#website"},"datePublished":"2022-07-10T09:29:07+00:00","author":{"@id":"https:\/\/www.article-marketing.eu\/comunicatistampa\/#\/schema\/person\/d1985c4955ff71a05f49d68e3034b3cd"},"breadcrumb":{"@id":"https:\/\/www.article-marketing.eu\/comunicatistampa\/aifos-un-bilancio-sociale-che-guarda-con-fiducia-al-futuro\/#breadcrumb"},"inLanguage":"it-IT","potentialAction":[{"@type":"ReadAction","target":["https:\/\/www.article-marketing.eu\/comunicatistampa\/aifos-un-bilancio-sociale-che-guarda-con-fiducia-al-futuro\/"]}]},{"@type":"BreadcrumbList","@id":"https:\/\/www.article-marketing.eu\/comunicatistampa\/aifos-un-bilancio-sociale-che-guarda-con-fiducia-al-futuro\/#breadcrumb","itemListElement":[{"@type":"ListItem","position":1,"name":"Home","item":"https:\/\/www.article-marketing.eu\/comunicatistampa\/"},{"@type":"ListItem","position":2,"name":"AiFOS: un bilancio sociale che guarda con fiducia al futuro"}]},{"@type":"WebSite","@id":"https:\/\/www.article-marketing.eu\/comunicatistampa\/#website","url":"https:\/\/www.article-marketing.eu\/comunicatistampa\/","name":"Article Marketing","description":"article marketing &amp; press release","potentialAction":[{"@type":"SearchAction","target":{"@type":"EntryPoint","urlTemplate":"https:\/\/www.article-marketing.eu\/comunicatistampa\/?s={search_term_string}"},"query-input":{"@type":"PropertyValueSpecification","valueRequired":true,"valueName":"search_term_string"}}],"inLanguage":"it-IT"},{"@type":"Person","@id":"https:\/\/www.article-marketing.eu\/comunicatistampa\/#\/schema\/person\/d1985c4955ff71a05f49d68e3034b3cd","name":"AIFUS","image":{"@type":"ImageObject","inLanguage":"it-IT","@id":"https:\/\/secure.gravatar.com\/avatar\/05cf2a2ba057667571308b94c84f00ff48766ffac95710a87491a9b3ddcee484?s=96&d=mm&r=g","url":"https:\/\/secure.gravatar.com\/avatar\/05cf2a2ba057667571308b94c84f00ff48766ffac95710a87491a9b3ddcee484?s=96&d=mm&r=g","contentUrl":"https:\/\/secure.gravatar.com\/avatar\/05cf2a2ba057667571308b94c84f00ff48766ffac95710a87491a9b3ddcee484?s=96&d=mm&r=g","caption":"AIFUS"},"url":"https:\/\/www.article-marketing.eu\/comunicatistampa\/author\/aifus\/"}]}},"_links":{"self":[{"href":"https:\/\/www.article-marketing.eu\/comunicatistampa\/wp-json\/wp\/v2\/posts\/23903","targetHints":{"allow":["GET"]}}],"collection":[{"href":"https:\/\/www.article-marketing.eu\/comunicatistampa\/wp-json\/wp\/v2\/posts"}],"about":[{"href":"https:\/\/www.article-marketing.eu\/comunicatistampa\/wp-json\/wp\/v2\/types\/post"}],"author":[{"embeddable":true,"href":"https:\/\/www.article-marketing.eu\/comunicatistampa\/wp-json\/wp\/v2\/users\/881"}],"replies":[{"embeddable":true,"href":"https:\/\/www.article-marketing.eu\/comunicatistampa\/wp-json\/wp\/v2\/comments?post=23903"}],"version-history":[{"count":2,"href":"https:\/\/www.article-marketing.eu\/comunicatistampa\/wp-json\/wp\/v2\/posts\/23903\/revisions"}],"predecessor-version":[{"id":23948,"href":"https:\/\/www.article-marketing.eu\/comunicatistampa\/wp-json\/wp\/v2\/posts\/23903\/revisions\/23948"}],"wp:attachment":[{"href":"https:\/\/www.article-marketing.eu\/comunicatistampa\/wp-json\/wp\/v2\/media?parent=23903"}],"wp:term":[{"taxonomy":"category","embeddable":true,"href":"https:\/\/www.article-marketing.eu\/comunicatistampa\/wp-json\/wp\/v2\/categories?post=23903"},{"taxonomy":"post_tag","embeddable":true,"href":"https:\/\/www.article-marketing.eu\/comunicatistampa\/wp-json\/wp\/v2\/tags?post=23903"}],"curies":[{"name":"wp","href":"https:\/\/api.w.org\/{rel}","templated":true}]}}