{"id":23962,"date":"2022-07-27T11:52:39","date_gmt":"2022-07-27T09:52:39","guid":{"rendered":"https:\/\/www.article-marketing.eu\/comunicatistampa\/?p=23962"},"modified":"2022-07-26T11:45:56","modified_gmt":"2022-07-26T09:45:56","slug":"con-il-miscelatore-intellimix-di-ideal-standard-linnovazione-incontra-ligiene","status":"publish","type":"post","link":"https:\/\/www.article-marketing.eu\/comunicatistampa\/con-il-miscelatore-intellimix-di-ideal-standard-linnovazione-incontra-ligiene\/","title":{"rendered":"Con il miscelatore Intellimix\u00ae di Ideal Standard l\u2019innovazione incontra l\u2019igiene"},"content":{"rendered":"<p><em><strong>Con la pandemia l&#8217;attenzione all&#8217;igiene delle mani \u00e8 sempre pi\u00f9 marcata. Frutto dell&#8217;esperienza di <a title=\"Ideal Standard: il profilo - H2biz\" href=\"https:\/\/h2biz.net\/Azienda\/ideal-standard-12133\">Ideal Standard<\/a>, Intellimix\u00ae \u00e8 un connubio tra innovazione, design e sostenibilit\u00e0.<\/strong><\/em><\/p>\n<p><a title=\"Ideal Standard - H2biz\" href=\"https:\/\/h2biz.net\/Azienda\/ideal-standard-12133\"><img loading=\"lazy\" decoding=\"async\" src=\"https:\/\/h2biz.net\/images\/Plats\/crop_min_20211210101456.jpg\" alt=\"Ideal Standard\" width=\"120\" height=\"40\" \/><\/a><\/p>\n<h2>Ideal Standard: Intellimix\u00ae, nuovi livelli di igiene negli spazi condivisi<\/h2>\n<p>Attiva da oltre 100 anni nella progettazione di soluzioni per il bagno, <strong>Ideal Standard<\/strong> \u00e8 un&#8217;azienda estremamente consapevole della necessit\u00e0 di continuare a ridefinire gli standard e progettare soluzioni innovative che consentano livelli sempre pi\u00f9 elevati di igiene. Intellimix\u00ae \u00e8 la risposta alle esigenze del mondo moderno: un miscelatore touch-free intelligente che, erogando acqua e sapone in quantit\u00e0 predefinite, garantisce allo stesso tempo igiene superiore, riduzione dei costi di gestione e attenzione alla sostenibilit\u00e0. Con Intellimix\u00ae gli utenti degli ambienti condivisi vengono incoraggiati a lavarsi le mani utilizzando sempre il sapone, rispettando quindi le ultime indicazioni dell&#8217;Organizzazione Mondiale della Sanit\u00e0 sul contrasto ai contagi e alle infezioni. Grazie al display TFT, l&#8217;innovativo miscelatore targato <strong>Ideal Standard<\/strong> condivide con gli utenti anche le istruzioni per un lavaggio ottimale, indicando tempi di risciacquo e insaponatura. La sua tecnologia garantisce un risparmio di sapone e di acqua che va dall&#8217;80% all&#8217;85%, consentendo sia il controllo dei costi che degli sprechi.<\/p>\n<h2>Ideal Standard: Intellimix\u00ae desta curiosit\u00e0 al Salone del Bagno 2022<\/h2>\n<p>Due i modelli di rubinetti smart disponibili, uno per il montaggio a parete e l&#8217;altro da appoggio. La serie Intellimix\u00ae, che oltre al classico colore cromato offre anche l&#8217;elegante versione in Nero Onyx, \u00e8 stata realizzata dallo studio di design Palomba Serafini Associati e recentemente \u00e8 stata presentata anche in occasione del Salone internazionale del Bagno 2022. Per la prima volta nella sua storia centenaria <a title=\"Ideal Standard: la storia - H2biz\" href=\"https:\/\/h2biz.net\/Azienda\/ideal-standard-12133\">Ideal Standard<\/a> ha infatti preso parte all&#8217;evento milanese. In uno spazio di 400mq realizzato dal Chief Designer Officer Roberto Palomba, l&#8217;azienda ha esposto le novit\u00e0 della famiglia Atelier Collections. Oltre ad osservare le nuove collezioni come Calla e Joy Neo, i visitatori hanno avuto l&#8217;opportunit\u00e0 di testare con mano l&#8217;efficienza di Intellimix\u00ae, che ha riscosso un notevole successo soprattutto per il contributo che offre in termini di sostenibilit\u00e0 sia dal punto di vista ambientale che economico. Il miscelatore touch-free \u00e8 infatti una delle molteplici testimonianze del percorso intrapreso dall&#8217;azienda su decarbonizzazione, economia circolare e responsabilit\u00e0 sociale.<\/p>\n","protected":false},"excerpt":{"rendered":"<p>Con la pandemia l&#8217;attenzione all&#8217;igiene delle mani \u00e8 sempre pi\u00f9 marcata. Frutto dell&#8217;esperienza di Ideal Standard, Intellimix\u00ae \u00e8 un connubio tra innovazione, design e sostenibilit\u00e0. Ideal Standard: Intellimix\u00ae, nuovi livelli di igiene negli spazi condivisi Attiva da oltre 100 anni nella progettazione di soluzioni per il bagno, Ideal Standard \u00e8 un&#8217;azienda estremamente consapevole della necessit\u00e0 di continuare a ridefinire gli standard e progettare soluzioni innovative che consentano livelli sempre pi\u00f9<\/p>\n<p><a class=\"continue-reading\" href=\"https:\/\/www.article-marketing.eu\/comunicatistampa\/con-il-miscelatore-intellimix-di-ideal-standard-linnovazione-incontra-ligiene\/\">Continue reading&#8230;<\/a><\/p>\n","protected":false},"author":6477,"featured_media":0,"comment_status":"open","ping_status":"open","sticky":false,"template":"","format":"standard","meta":{"_monsterinsights_skip_tracking":false,"_monsterinsights_sitenote_active":false,"_monsterinsights_sitenote_note":"","_monsterinsights_sitenote_category":0,"footnotes":""},"categories":[403],"tags":[9145],"class_list":["post-23962","post","type-post","status-publish","format-standard","hentry","category-casa","tag-ideal-standard"],"yoast_head":"<!-- This site is optimized with the Yoast SEO plugin v27.3 - https:\/\/yoast.com\/product\/yoast-seo-wordpress\/ -->\n<title>Con il miscelatore Intellimix\u00ae di Ideal Standard l\u2019innovazione incontra l\u2019igiene<\/title>\n<meta name=\"robots\" content=\"index, follow, max-snippet:-1, max-image-preview:large, max-video-preview:-1\" \/>\n<link rel=\"canonical\" href=\"https:\/\/www.article-marketing.eu\/comunicatistampa\/con-il-miscelatore-intellimix-di-ideal-standard-linnovazione-incontra-ligiene\/\" \/>\n<meta property=\"og:locale\" content=\"it_IT\" \/>\n<meta property=\"og:type\" content=\"article\" \/>\n<meta property=\"og:title\" content=\"Con il miscelatore Intellimix\u00ae di Ideal Standard l\u2019innovazione incontra l\u2019igiene\" \/>\n<meta property=\"og:description\" content=\"Con la pandemia l&#8217;attenzione all&#8217;igiene delle mani \u00e8 sempre pi\u00f9 marcata. Frutto dell&#8217;esperienza di Ideal Standard, Intellimix\u00ae \u00e8 un connubio tra innovazione, design e sostenibilit\u00e0. Ideal Standard: Intellimix\u00ae, nuovi livelli di igiene negli spazi condivisi Attiva da oltre 100 anni nella progettazione di soluzioni per il bagno, Ideal Standard \u00e8 un&#8217;azienda estremamente consapevole della necessit\u00e0 di continuare a ridefinire gli standard e progettare soluzioni innovative che consentano livelli sempre pi\u00f9Continue reading...\" \/>\n<meta property=\"og:url\" content=\"https:\/\/www.article-marketing.eu\/comunicatistampa\/con-il-miscelatore-intellimix-di-ideal-standard-linnovazione-incontra-ligiene\/\" \/>\n<meta property=\"og:site_name\" content=\"Article Marketing\" \/>\n<meta property=\"article:published_time\" content=\"2022-07-27T09:52:39+00:00\" \/>\n<meta property=\"og:image\" content=\"https:\/\/h2biz.net\/images\/Plats\/crop_min_20211210101456.jpg\" \/>\n<meta name=\"author\" content=\"articolinews\" \/>\n<meta name=\"twitter:card\" content=\"summary_large_image\" \/>\n<meta name=\"twitter:label1\" content=\"Scritto da\" \/>\n\t<meta name=\"twitter:data1\" content=\"articolinews\" \/>\n\t<meta name=\"twitter:label2\" content=\"Tempo di lettura stimato\" \/>\n\t<meta name=\"twitter:data2\" content=\"2 minuti\" \/>\n<script type=\"application\/ld+json\" class=\"yoast-schema-graph\">{\"@context\":\"https:\\\/\\\/schema.org\",\"@graph\":[{\"@type\":\"Article\",\"@id\":\"https:\\\/\\\/www.article-marketing.eu\\\/comunicatistampa\\\/con-il-miscelatore-intellimix-di-ideal-standard-linnovazione-incontra-ligiene\\\/#article\",\"isPartOf\":{\"@id\":\"https:\\\/\\\/www.article-marketing.eu\\\/comunicatistampa\\\/con-il-miscelatore-intellimix-di-ideal-standard-linnovazione-incontra-ligiene\\\/\"},\"author\":{\"name\":\"articolinews\",\"@id\":\"https:\\\/\\\/www.article-marketing.eu\\\/comunicatistampa\\\/#\\\/schema\\\/person\\\/2fcaf8f8f3a9eef9eb7f27532d3ca458\"},\"headline\":\"Con il miscelatore Intellimix\u00ae di Ideal Standard l\u2019innovazione incontra l\u2019igiene\",\"datePublished\":\"2022-07-27T09:52:39+00:00\",\"mainEntityOfPage\":{\"@id\":\"https:\\\/\\\/www.article-marketing.eu\\\/comunicatistampa\\\/con-il-miscelatore-intellimix-di-ideal-standard-linnovazione-incontra-ligiene\\\/\"},\"wordCount\":365,\"commentCount\":0,\"image\":{\"@id\":\"https:\\\/\\\/www.article-marketing.eu\\\/comunicatistampa\\\/con-il-miscelatore-intellimix-di-ideal-standard-linnovazione-incontra-ligiene\\\/#primaryimage\"},\"thumbnailUrl\":\"https:\\\/\\\/h2biz.net\\\/images\\\/Plats\\\/crop_min_20211210101456.jpg\",\"keywords\":[\"Ideal Standard\"],\"articleSection\":[\"Casa\"],\"inLanguage\":\"it-IT\",\"potentialAction\":[{\"@type\":\"CommentAction\",\"name\":\"Comment\",\"target\":[\"https:\\\/\\\/www.article-marketing.eu\\\/comunicatistampa\\\/con-il-miscelatore-intellimix-di-ideal-standard-linnovazione-incontra-ligiene\\\/#respond\"]}]},{\"@type\":\"WebPage\",\"@id\":\"https:\\\/\\\/www.article-marketing.eu\\\/comunicatistampa\\\/con-il-miscelatore-intellimix-di-ideal-standard-linnovazione-incontra-ligiene\\\/\",\"url\":\"https:\\\/\\\/www.article-marketing.eu\\\/comunicatistampa\\\/con-il-miscelatore-intellimix-di-ideal-standard-linnovazione-incontra-ligiene\\\/\",\"name\":\"Con il miscelatore Intellimix\u00ae di Ideal Standard l\u2019innovazione incontra l\u2019igiene\",\"isPartOf\":{\"@id\":\"https:\\\/\\\/www.article-marketing.eu\\\/comunicatistampa\\\/#website\"},\"primaryImageOfPage\":{\"@id\":\"https:\\\/\\\/www.article-marketing.eu\\\/comunicatistampa\\\/con-il-miscelatore-intellimix-di-ideal-standard-linnovazione-incontra-ligiene\\\/#primaryimage\"},\"image\":{\"@id\":\"https:\\\/\\\/www.article-marketing.eu\\\/comunicatistampa\\\/con-il-miscelatore-intellimix-di-ideal-standard-linnovazione-incontra-ligiene\\\/#primaryimage\"},\"thumbnailUrl\":\"https:\\\/\\\/h2biz.net\\\/images\\\/Plats\\\/crop_min_20211210101456.jpg\",\"datePublished\":\"2022-07-27T09:52:39+00:00\",\"author\":{\"@id\":\"https:\\\/\\\/www.article-marketing.eu\\\/comunicatistampa\\\/#\\\/schema\\\/person\\\/2fcaf8f8f3a9eef9eb7f27532d3ca458\"},\"breadcrumb\":{\"@id\":\"https:\\\/\\\/www.article-marketing.eu\\\/comunicatistampa\\\/con-il-miscelatore-intellimix-di-ideal-standard-linnovazione-incontra-ligiene\\\/#breadcrumb\"},\"inLanguage\":\"it-IT\",\"potentialAction\":[{\"@type\":\"ReadAction\",\"target\":[\"https:\\\/\\\/www.article-marketing.eu\\\/comunicatistampa\\\/con-il-miscelatore-intellimix-di-ideal-standard-linnovazione-incontra-ligiene\\\/\"]}]},{\"@type\":\"ImageObject\",\"inLanguage\":\"it-IT\",\"@id\":\"https:\\\/\\\/www.article-marketing.eu\\\/comunicatistampa\\\/con-il-miscelatore-intellimix-di-ideal-standard-linnovazione-incontra-ligiene\\\/#primaryimage\",\"url\":\"https:\\\/\\\/h2biz.net\\\/images\\\/Plats\\\/crop_min_20211210101456.jpg\",\"contentUrl\":\"https:\\\/\\\/h2biz.net\\\/images\\\/Plats\\\/crop_min_20211210101456.jpg\"},{\"@type\":\"BreadcrumbList\",\"@id\":\"https:\\\/\\\/www.article-marketing.eu\\\/comunicatistampa\\\/con-il-miscelatore-intellimix-di-ideal-standard-linnovazione-incontra-ligiene\\\/#breadcrumb\",\"itemListElement\":[{\"@type\":\"ListItem\",\"position\":1,\"name\":\"Home\",\"item\":\"https:\\\/\\\/www.article-marketing.eu\\\/comunicatistampa\\\/\"},{\"@type\":\"ListItem\",\"position\":2,\"name\":\"Con il miscelatore Intellimix\u00ae di Ideal Standard l\u2019innovazione incontra l\u2019igiene\"}]},{\"@type\":\"WebSite\",\"@id\":\"https:\\\/\\\/www.article-marketing.eu\\\/comunicatistampa\\\/#website\",\"url\":\"https:\\\/\\\/www.article-marketing.eu\\\/comunicatistampa\\\/\",\"name\":\"Article Marketing\",\"description\":\"article marketing &amp; press release\",\"potentialAction\":[{\"@type\":\"SearchAction\",\"target\":{\"@type\":\"EntryPoint\",\"urlTemplate\":\"https:\\\/\\\/www.article-marketing.eu\\\/comunicatistampa\\\/?s={search_term_string}\"},\"query-input\":{\"@type\":\"PropertyValueSpecification\",\"valueRequired\":true,\"valueName\":\"search_term_string\"}}],\"inLanguage\":\"it-IT\"},{\"@type\":\"Person\",\"@id\":\"https:\\\/\\\/www.article-marketing.eu\\\/comunicatistampa\\\/#\\\/schema\\\/person\\\/2fcaf8f8f3a9eef9eb7f27532d3ca458\",\"name\":\"articolinews\",\"image\":{\"@type\":\"ImageObject\",\"inLanguage\":\"it-IT\",\"@id\":\"https:\\\/\\\/secure.gravatar.com\\\/avatar\\\/9e2a264bab04e17dea24d937c9956304649a848cb73c46747a692ff1bdeb1cb7?s=96&d=mm&r=g\",\"url\":\"https:\\\/\\\/secure.gravatar.com\\\/avatar\\\/9e2a264bab04e17dea24d937c9956304649a848cb73c46747a692ff1bdeb1cb7?s=96&d=mm&r=g\",\"contentUrl\":\"https:\\\/\\\/secure.gravatar.com\\\/avatar\\\/9e2a264bab04e17dea24d937c9956304649a848cb73c46747a692ff1bdeb1cb7?s=96&d=mm&r=g\",\"caption\":\"articolinews\"},\"url\":\"https:\\\/\\\/www.article-marketing.eu\\\/comunicatistampa\\\/author\\\/articolinews\\\/\"}]}<\/script>\n<!-- \/ Yoast SEO plugin. -->","yoast_head_json":{"title":"Con il miscelatore Intellimix\u00ae di Ideal Standard l\u2019innovazione incontra l\u2019igiene","robots":{"index":"index","follow":"follow","max-snippet":"max-snippet:-1","max-image-preview":"max-image-preview:large","max-video-preview":"max-video-preview:-1"},"canonical":"https:\/\/www.article-marketing.eu\/comunicatistampa\/con-il-miscelatore-intellimix-di-ideal-standard-linnovazione-incontra-ligiene\/","og_locale":"it_IT","og_type":"article","og_title":"Con il miscelatore Intellimix\u00ae di Ideal Standard l\u2019innovazione incontra l\u2019igiene","og_description":"Con la pandemia l&#8217;attenzione all&#8217;igiene delle mani \u00e8 sempre pi\u00f9 marcata. Frutto dell&#8217;esperienza di Ideal Standard, Intellimix\u00ae \u00e8 un connubio tra innovazione, design e sostenibilit\u00e0. Ideal Standard: Intellimix\u00ae, nuovi livelli di igiene negli spazi condivisi Attiva da oltre 100 anni nella progettazione di soluzioni per il bagno, Ideal Standard \u00e8 un&#8217;azienda estremamente consapevole della necessit\u00e0 di continuare a ridefinire gli standard e progettare soluzioni innovative che consentano livelli sempre pi\u00f9Continue reading...","og_url":"https:\/\/www.article-marketing.eu\/comunicatistampa\/con-il-miscelatore-intellimix-di-ideal-standard-linnovazione-incontra-ligiene\/","og_site_name":"Article Marketing","article_published_time":"2022-07-27T09:52:39+00:00","og_image":[{"url":"https:\/\/h2biz.net\/images\/Plats\/crop_min_20211210101456.jpg","type":"","width":"","height":""}],"author":"articolinews","twitter_card":"summary_large_image","twitter_misc":{"Scritto da":"articolinews","Tempo di lettura stimato":"2 minuti"},"schema":{"@context":"https:\/\/schema.org","@graph":[{"@type":"Article","@id":"https:\/\/www.article-marketing.eu\/comunicatistampa\/con-il-miscelatore-intellimix-di-ideal-standard-linnovazione-incontra-ligiene\/#article","isPartOf":{"@id":"https:\/\/www.article-marketing.eu\/comunicatistampa\/con-il-miscelatore-intellimix-di-ideal-standard-linnovazione-incontra-ligiene\/"},"author":{"name":"articolinews","@id":"https:\/\/www.article-marketing.eu\/comunicatistampa\/#\/schema\/person\/2fcaf8f8f3a9eef9eb7f27532d3ca458"},"headline":"Con il miscelatore Intellimix\u00ae di Ideal Standard l\u2019innovazione incontra l\u2019igiene","datePublished":"2022-07-27T09:52:39+00:00","mainEntityOfPage":{"@id":"https:\/\/www.article-marketing.eu\/comunicatistampa\/con-il-miscelatore-intellimix-di-ideal-standard-linnovazione-incontra-ligiene\/"},"wordCount":365,"commentCount":0,"image":{"@id":"https:\/\/www.article-marketing.eu\/comunicatistampa\/con-il-miscelatore-intellimix-di-ideal-standard-linnovazione-incontra-ligiene\/#primaryimage"},"thumbnailUrl":"https:\/\/h2biz.net\/images\/Plats\/crop_min_20211210101456.jpg","keywords":["Ideal Standard"],"articleSection":["Casa"],"inLanguage":"it-IT","potentialAction":[{"@type":"CommentAction","name":"Comment","target":["https:\/\/www.article-marketing.eu\/comunicatistampa\/con-il-miscelatore-intellimix-di-ideal-standard-linnovazione-incontra-ligiene\/#respond"]}]},{"@type":"WebPage","@id":"https:\/\/www.article-marketing.eu\/comunicatistampa\/con-il-miscelatore-intellimix-di-ideal-standard-linnovazione-incontra-ligiene\/","url":"https:\/\/www.article-marketing.eu\/comunicatistampa\/con-il-miscelatore-intellimix-di-ideal-standard-linnovazione-incontra-ligiene\/","name":"Con il miscelatore Intellimix\u00ae di Ideal Standard l\u2019innovazione incontra l\u2019igiene","isPartOf":{"@id":"https:\/\/www.article-marketing.eu\/comunicatistampa\/#website"},"primaryImageOfPage":{"@id":"https:\/\/www.article-marketing.eu\/comunicatistampa\/con-il-miscelatore-intellimix-di-ideal-standard-linnovazione-incontra-ligiene\/#primaryimage"},"image":{"@id":"https:\/\/www.article-marketing.eu\/comunicatistampa\/con-il-miscelatore-intellimix-di-ideal-standard-linnovazione-incontra-ligiene\/#primaryimage"},"thumbnailUrl":"https:\/\/h2biz.net\/images\/Plats\/crop_min_20211210101456.jpg","datePublished":"2022-07-27T09:52:39+00:00","author":{"@id":"https:\/\/www.article-marketing.eu\/comunicatistampa\/#\/schema\/person\/2fcaf8f8f3a9eef9eb7f27532d3ca458"},"breadcrumb":{"@id":"https:\/\/www.article-marketing.eu\/comunicatistampa\/con-il-miscelatore-intellimix-di-ideal-standard-linnovazione-incontra-ligiene\/#breadcrumb"},"inLanguage":"it-IT","potentialAction":[{"@type":"ReadAction","target":["https:\/\/www.article-marketing.eu\/comunicatistampa\/con-il-miscelatore-intellimix-di-ideal-standard-linnovazione-incontra-ligiene\/"]}]},{"@type":"ImageObject","inLanguage":"it-IT","@id":"https:\/\/www.article-marketing.eu\/comunicatistampa\/con-il-miscelatore-intellimix-di-ideal-standard-linnovazione-incontra-ligiene\/#primaryimage","url":"https:\/\/h2biz.net\/images\/Plats\/crop_min_20211210101456.jpg","contentUrl":"https:\/\/h2biz.net\/images\/Plats\/crop_min_20211210101456.jpg"},{"@type":"BreadcrumbList","@id":"https:\/\/www.article-marketing.eu\/comunicatistampa\/con-il-miscelatore-intellimix-di-ideal-standard-linnovazione-incontra-ligiene\/#breadcrumb","itemListElement":[{"@type":"ListItem","position":1,"name":"Home","item":"https:\/\/www.article-marketing.eu\/comunicatistampa\/"},{"@type":"ListItem","position":2,"name":"Con il miscelatore Intellimix\u00ae di Ideal Standard l\u2019innovazione incontra l\u2019igiene"}]},{"@type":"WebSite","@id":"https:\/\/www.article-marketing.eu\/comunicatistampa\/#website","url":"https:\/\/www.article-marketing.eu\/comunicatistampa\/","name":"Article Marketing","description":"article marketing &amp; press release","potentialAction":[{"@type":"SearchAction","target":{"@type":"EntryPoint","urlTemplate":"https:\/\/www.article-marketing.eu\/comunicatistampa\/?s={search_term_string}"},"query-input":{"@type":"PropertyValueSpecification","valueRequired":true,"valueName":"search_term_string"}}],"inLanguage":"it-IT"},{"@type":"Person","@id":"https:\/\/www.article-marketing.eu\/comunicatistampa\/#\/schema\/person\/2fcaf8f8f3a9eef9eb7f27532d3ca458","name":"articolinews","image":{"@type":"ImageObject","inLanguage":"it-IT","@id":"https:\/\/secure.gravatar.com\/avatar\/9e2a264bab04e17dea24d937c9956304649a848cb73c46747a692ff1bdeb1cb7?s=96&d=mm&r=g","url":"https:\/\/secure.gravatar.com\/avatar\/9e2a264bab04e17dea24d937c9956304649a848cb73c46747a692ff1bdeb1cb7?s=96&d=mm&r=g","contentUrl":"https:\/\/secure.gravatar.com\/avatar\/9e2a264bab04e17dea24d937c9956304649a848cb73c46747a692ff1bdeb1cb7?s=96&d=mm&r=g","caption":"articolinews"},"url":"https:\/\/www.article-marketing.eu\/comunicatistampa\/author\/articolinews\/"}]}},"_links":{"self":[{"href":"https:\/\/www.article-marketing.eu\/comunicatistampa\/wp-json\/wp\/v2\/posts\/23962","targetHints":{"allow":["GET"]}}],"collection":[{"href":"https:\/\/www.article-marketing.eu\/comunicatistampa\/wp-json\/wp\/v2\/posts"}],"about":[{"href":"https:\/\/www.article-marketing.eu\/comunicatistampa\/wp-json\/wp\/v2\/types\/post"}],"author":[{"embeddable":true,"href":"https:\/\/www.article-marketing.eu\/comunicatistampa\/wp-json\/wp\/v2\/users\/6477"}],"replies":[{"embeddable":true,"href":"https:\/\/www.article-marketing.eu\/comunicatistampa\/wp-json\/wp\/v2\/comments?post=23962"}],"version-history":[{"count":2,"href":"https:\/\/www.article-marketing.eu\/comunicatistampa\/wp-json\/wp\/v2\/posts\/23962\/revisions"}],"predecessor-version":[{"id":24122,"href":"https:\/\/www.article-marketing.eu\/comunicatistampa\/wp-json\/wp\/v2\/posts\/23962\/revisions\/24122"}],"wp:attachment":[{"href":"https:\/\/www.article-marketing.eu\/comunicatistampa\/wp-json\/wp\/v2\/media?parent=23962"}],"wp:term":[{"taxonomy":"category","embeddable":true,"href":"https:\/\/www.article-marketing.eu\/comunicatistampa\/wp-json\/wp\/v2\/categories?post=23962"},{"taxonomy":"post_tag","embeddable":true,"href":"https:\/\/www.article-marketing.eu\/comunicatistampa\/wp-json\/wp\/v2\/tags?post=23962"}],"curies":[{"name":"wp","href":"https:\/\/api.w.org\/{rel}","templated":true}]}}