{"id":2399,"date":"2017-05-09T13:23:18","date_gmt":"2017-05-09T11:23:18","guid":{"rendered":"http:\/\/www.article-marketing.eu\/comunicatistampa\/?p=2399"},"modified":"2020-03-26T14:18:08","modified_gmt":"2020-03-26T13:18:08","slug":"cancellazione-dei-protesti-e-riabilitazione-dei-protestati","status":"publish","type":"post","link":"https:\/\/www.article-marketing.eu\/comunicatistampa\/cancellazione-dei-protesti-e-riabilitazione-dei-protestati\/","title":{"rendered":"Cancellazione dei protesti e riabilitazione dei protestati"},"content":{"rendered":"<p>Una delle cose pi\u00f9 importanti da sottolineare, quando ci si occupa della brutta disavventura di un protesto, \u00e8 che da questa situazione si pu\u00f2 uscire attraverso i procedimenti di cancellazione dei protesti e di riabilitazione dei protestati. Grazie a Conto Protestati Service, <a href=\"http:\/\/www.contoprotestatiservice.it\/richiedi-il-tuo-conto\" target=\"_blank\" rel=\"noopener noreferrer\">un protestato pu\u00f2 aprire un conto corrente<\/a> anche in quelle circostanze, purtroppo non cos\u00ec rare, nelle quali le banche si mostrano restie ad aprire un conto \u00e8 stato protestato in precedenza.<\/p>\n<p>Entriamo nel merito: una volta levato il protesto, per cancellarlo \u00e8 necessario un apposito procedimento di riabilitazione che va effettuato presso il Tribunale di residenza dell\u2019interessato. La Cancellazione dal Registro Informatico dei Protesti o Elenco Protesti pu\u00f2 avvenire nei casi:<br \/>\n1) di avvenuto pagamento del titolo cambiario entro un anno dalla levata del protesto,<br \/>\n2) per illegittimit\u00e0 o erroneit\u00e0 del protesto,<br \/>\n3) per riabilitazione.<\/p>\n<p>\u00c8 possibile ottenere la cancellazione di un protesto presentando domanda al Presidente della Camera di Commercio di competenza mediante un apposito modulo, messo a disposizione dall&#8217;Ufficio Protesti, allegando a esso il titolo cambiario in originale e dalla quietanza del pagamento dove sar\u00e0 indicata sia l&#8217;importo originale del debito che gli interessi e le spese. Nei casi di illegittimit\u00e0 od erroneit\u00e0 del protesto bisogner\u00e0 produrre la documentazione necessaria a dimostrare l&#8217;errore. La richiesta di cancellazione per illegittimit\u00e0 od erroneit\u00e0 del protesto, in particolare, pu\u00f2 essere fatta sia per i titoli cambiari che per gli assegni. Nei casi di cancellazione per riabilitazione, occorrer\u00e0 presentare domanda allegando la copia conforme del provvedimento di riabilitazione.<\/p>\n<p>Nei casi di cancellazione di un protesto Assegno bancario o postale, la cancellazione \u00e8 prevista solo per errore\/illegittimit\u00e0 della levata del protesto o per riabilitazione del debitore protestato da parte del tribunale di competenza.<\/p>\n<p>La riabilitazione, nello specifico, \u00e8 un provvedimento che \u201ccancella\u201d la levata di un protesto, e che pu\u00f2 essere richiesto dal debitore quando sia trascorso un anno dal levato protesto al Presidente del Tribunale di Competenza, dopo aver saldato l\u2019importo dallo stesso portato oltre agli interessi e alle spese e purch\u00e9 in quel lasso di tempo non abbia subito ulteriori protesti. Per effetto della riabilitazione, il protesto si considera a tutti gli effetti come mai avvenuto.<\/p>\n<p>In conclusione va inoltre segnalato che un protesto decade automaticamente dopo 5 anni dalla levata anche nell\u2019eventualit\u00e0 in cui i titoli non siano stati pagati e scompare senza alcun intervento dal registro informatico della camera di commercio. In questa circostanza non \u00e8 necessario seguire la procedura di cancellazione: allo scadere del quinto anno, infatti, il protesto non sar\u00e0 pi\u00f9 visibile. Tuttavia, la decadenza del protesto dopo 5 anni non esime il protestato dal pagare il debito contratto, per il quale il creditore avr\u00e0 sempre facolt\u00e0 di attivare tutte le misure necessarie a rivendicare il proprio credito in sede giudiziaria.<\/p>\n","protected":false},"excerpt":{"rendered":"<p>Una delle cose pi\u00f9 importanti da sottolineare, quando ci si occupa della brutta disavventura di un protesto, \u00e8 che da questa situazione si pu\u00f2 uscire attraverso i procedimenti di cancellazione dei protesti e di riabilitazione dei protestati. Grazie a Conto Protestati Service, un protestato pu\u00f2 aprire un conto corrente anche in quelle circostanze, purtroppo non cos\u00ec rare, nelle quali le banche si mostrano restie ad aprire un conto \u00e8 stato<\/p>\n<p><a class=\"continue-reading\" href=\"https:\/\/www.article-marketing.eu\/comunicatistampa\/cancellazione-dei-protesti-e-riabilitazione-dei-protestati\/\">Continue reading&#8230;<\/a><\/p>\n","protected":false},"author":267,"featured_media":0,"comment_status":"open","ping_status":"open","sticky":false,"template":"","format":"standard","meta":{"_monsterinsights_skip_tracking":false,"_monsterinsights_sitenote_active":false,"_monsterinsights_sitenote_note":"","_monsterinsights_sitenote_category":0,"footnotes":""},"categories":[78,386,394,420],"tags":[1426,1424,1425,1427],"class_list":["post-2399","post","type-post","status-publish","format-standard","hentry","category-comunicati-stampa","category-economia-e-lavoro","category-servizi","category-tutela-e-denunce-2","tag-cancellazione-protesto","tag-conto-protestati","tag-conto-protestati-torino","tag-riabilitazione-protestato"],"yoast_head":"<!-- This site is optimized with the Yoast SEO plugin v27.3 - https:\/\/yoast.com\/product\/yoast-seo-wordpress\/ -->\n<title>Cancellazione dei protesti e riabilitazione dei protestati - Article Marketing<\/title>\n<meta name=\"robots\" content=\"index, follow, max-snippet:-1, max-image-preview:large, max-video-preview:-1\" \/>\n<link rel=\"canonical\" href=\"https:\/\/www.article-marketing.eu\/comunicatistampa\/cancellazione-dei-protesti-e-riabilitazione-dei-protestati\/\" \/>\n<meta property=\"og:locale\" content=\"it_IT\" \/>\n<meta property=\"og:type\" content=\"article\" \/>\n<meta property=\"og:title\" content=\"Cancellazione dei protesti e riabilitazione dei protestati - Article Marketing\" \/>\n<meta property=\"og:description\" content=\"Una delle cose pi\u00f9 importanti da sottolineare, quando ci si occupa della brutta disavventura di un protesto, \u00e8 che da questa situazione si pu\u00f2 uscire attraverso i procedimenti di cancellazione dei protesti e di riabilitazione dei protestati. Grazie a Conto Protestati Service, un protestato pu\u00f2 aprire un conto corrente anche in quelle circostanze, purtroppo non cos\u00ec rare, nelle quali le banche si mostrano restie ad aprire un conto \u00e8 statoContinue reading...\" \/>\n<meta property=\"og:url\" content=\"https:\/\/www.article-marketing.eu\/comunicatistampa\/cancellazione-dei-protesti-e-riabilitazione-dei-protestati\/\" \/>\n<meta property=\"og:site_name\" content=\"Article Marketing\" \/>\n<meta property=\"article:published_time\" content=\"2017-05-09T11:23:18+00:00\" \/>\n<meta property=\"article:modified_time\" content=\"2020-03-26T13:18:08+00:00\" \/>\n<meta name=\"author\" content=\"Francesco Rigoni\" \/>\n<meta name=\"twitter:card\" content=\"summary_large_image\" \/>\n<meta name=\"twitter:label1\" content=\"Scritto da\" \/>\n\t<meta name=\"twitter:data1\" content=\"Francesco Rigoni\" \/>\n\t<meta name=\"twitter:label2\" content=\"Tempo di lettura stimato\" \/>\n\t<meta name=\"twitter:data2\" content=\"2 minuti\" \/>\n<script type=\"application\/ld+json\" class=\"yoast-schema-graph\">{\"@context\":\"https:\\\/\\\/schema.org\",\"@graph\":[{\"@type\":\"Article\",\"@id\":\"https:\\\/\\\/www.article-marketing.eu\\\/comunicatistampa\\\/cancellazione-dei-protesti-e-riabilitazione-dei-protestati\\\/#article\",\"isPartOf\":{\"@id\":\"https:\\\/\\\/www.article-marketing.eu\\\/comunicatistampa\\\/cancellazione-dei-protesti-e-riabilitazione-dei-protestati\\\/\"},\"author\":{\"name\":\"Francesco Rigoni\",\"@id\":\"https:\\\/\\\/www.article-marketing.eu\\\/comunicatistampa\\\/#\\\/schema\\\/person\\\/feee5fa8dbe0f862a73b67e70c24acd8\"},\"headline\":\"Cancellazione dei protesti e riabilitazione dei protestati\",\"datePublished\":\"2017-05-09T11:23:18+00:00\",\"dateModified\":\"2020-03-26T13:18:08+00:00\",\"mainEntityOfPage\":{\"@id\":\"https:\\\/\\\/www.article-marketing.eu\\\/comunicatistampa\\\/cancellazione-dei-protesti-e-riabilitazione-dei-protestati\\\/\"},\"wordCount\":455,\"commentCount\":0,\"keywords\":[\"cancellazione protesto\",\"conto protestati\",\"conto protestati torino\",\"riabilitazione protestato\"],\"articleSection\":[\"Comunicati stampa\",\"Economia e lavoro\",\"Servizi\",\"Tutela e denunce\"],\"inLanguage\":\"it-IT\",\"potentialAction\":[{\"@type\":\"CommentAction\",\"name\":\"Comment\",\"target\":[\"https:\\\/\\\/www.article-marketing.eu\\\/comunicatistampa\\\/cancellazione-dei-protesti-e-riabilitazione-dei-protestati\\\/#respond\"]}]},{\"@type\":\"WebPage\",\"@id\":\"https:\\\/\\\/www.article-marketing.eu\\\/comunicatistampa\\\/cancellazione-dei-protesti-e-riabilitazione-dei-protestati\\\/\",\"url\":\"https:\\\/\\\/www.article-marketing.eu\\\/comunicatistampa\\\/cancellazione-dei-protesti-e-riabilitazione-dei-protestati\\\/\",\"name\":\"Cancellazione dei protesti e riabilitazione dei protestati - Article Marketing\",\"isPartOf\":{\"@id\":\"https:\\\/\\\/www.article-marketing.eu\\\/comunicatistampa\\\/#website\"},\"datePublished\":\"2017-05-09T11:23:18+00:00\",\"dateModified\":\"2020-03-26T13:18:08+00:00\",\"author\":{\"@id\":\"https:\\\/\\\/www.article-marketing.eu\\\/comunicatistampa\\\/#\\\/schema\\\/person\\\/feee5fa8dbe0f862a73b67e70c24acd8\"},\"breadcrumb\":{\"@id\":\"https:\\\/\\\/www.article-marketing.eu\\\/comunicatistampa\\\/cancellazione-dei-protesti-e-riabilitazione-dei-protestati\\\/#breadcrumb\"},\"inLanguage\":\"it-IT\",\"potentialAction\":[{\"@type\":\"ReadAction\",\"target\":[\"https:\\\/\\\/www.article-marketing.eu\\\/comunicatistampa\\\/cancellazione-dei-protesti-e-riabilitazione-dei-protestati\\\/\"]}]},{\"@type\":\"BreadcrumbList\",\"@id\":\"https:\\\/\\\/www.article-marketing.eu\\\/comunicatistampa\\\/cancellazione-dei-protesti-e-riabilitazione-dei-protestati\\\/#breadcrumb\",\"itemListElement\":[{\"@type\":\"ListItem\",\"position\":1,\"name\":\"Home\",\"item\":\"https:\\\/\\\/www.article-marketing.eu\\\/comunicatistampa\\\/\"},{\"@type\":\"ListItem\",\"position\":2,\"name\":\"Cancellazione dei protesti e riabilitazione dei protestati\"}]},{\"@type\":\"WebSite\",\"@id\":\"https:\\\/\\\/www.article-marketing.eu\\\/comunicatistampa\\\/#website\",\"url\":\"https:\\\/\\\/www.article-marketing.eu\\\/comunicatistampa\\\/\",\"name\":\"Article Marketing\",\"description\":\"article marketing &amp; press release\",\"potentialAction\":[{\"@type\":\"SearchAction\",\"target\":{\"@type\":\"EntryPoint\",\"urlTemplate\":\"https:\\\/\\\/www.article-marketing.eu\\\/comunicatistampa\\\/?s={search_term_string}\"},\"query-input\":{\"@type\":\"PropertyValueSpecification\",\"valueRequired\":true,\"valueName\":\"search_term_string\"}}],\"inLanguage\":\"it-IT\"},{\"@type\":\"Person\",\"@id\":\"https:\\\/\\\/www.article-marketing.eu\\\/comunicatistampa\\\/#\\\/schema\\\/person\\\/feee5fa8dbe0f862a73b67e70c24acd8\",\"name\":\"Francesco Rigoni\",\"image\":{\"@type\":\"ImageObject\",\"inLanguage\":\"it-IT\",\"@id\":\"https:\\\/\\\/secure.gravatar.com\\\/avatar\\\/9a27a75a8c1c70bd346abb2b29015bc6bf22f817c1b0dde8031a9774461b60d5?s=96&d=mm&r=g\",\"url\":\"https:\\\/\\\/secure.gravatar.com\\\/avatar\\\/9a27a75a8c1c70bd346abb2b29015bc6bf22f817c1b0dde8031a9774461b60d5?s=96&d=mm&r=g\",\"contentUrl\":\"https:\\\/\\\/secure.gravatar.com\\\/avatar\\\/9a27a75a8c1c70bd346abb2b29015bc6bf22f817c1b0dde8031a9774461b60d5?s=96&d=mm&r=g\",\"caption\":\"Francesco Rigoni\"},\"url\":\"https:\\\/\\\/www.article-marketing.eu\\\/comunicatistampa\\\/author\\\/francesco-rigoni\\\/\"}]}<\/script>\n<!-- \/ Yoast SEO plugin. -->","yoast_head_json":{"title":"Cancellazione dei protesti e riabilitazione dei protestati - Article Marketing","robots":{"index":"index","follow":"follow","max-snippet":"max-snippet:-1","max-image-preview":"max-image-preview:large","max-video-preview":"max-video-preview:-1"},"canonical":"https:\/\/www.article-marketing.eu\/comunicatistampa\/cancellazione-dei-protesti-e-riabilitazione-dei-protestati\/","og_locale":"it_IT","og_type":"article","og_title":"Cancellazione dei protesti e riabilitazione dei protestati - Article Marketing","og_description":"Una delle cose pi\u00f9 importanti da sottolineare, quando ci si occupa della brutta disavventura di un protesto, \u00e8 che da questa situazione si pu\u00f2 uscire attraverso i procedimenti di cancellazione dei protesti e di riabilitazione dei protestati. Grazie a Conto Protestati Service, un protestato pu\u00f2 aprire un conto corrente anche in quelle circostanze, purtroppo non cos\u00ec rare, nelle quali le banche si mostrano restie ad aprire un conto \u00e8 statoContinue reading...","og_url":"https:\/\/www.article-marketing.eu\/comunicatistampa\/cancellazione-dei-protesti-e-riabilitazione-dei-protestati\/","og_site_name":"Article Marketing","article_published_time":"2017-05-09T11:23:18+00:00","article_modified_time":"2020-03-26T13:18:08+00:00","author":"Francesco Rigoni","twitter_card":"summary_large_image","twitter_misc":{"Scritto da":"Francesco Rigoni","Tempo di lettura stimato":"2 minuti"},"schema":{"@context":"https:\/\/schema.org","@graph":[{"@type":"Article","@id":"https:\/\/www.article-marketing.eu\/comunicatistampa\/cancellazione-dei-protesti-e-riabilitazione-dei-protestati\/#article","isPartOf":{"@id":"https:\/\/www.article-marketing.eu\/comunicatistampa\/cancellazione-dei-protesti-e-riabilitazione-dei-protestati\/"},"author":{"name":"Francesco Rigoni","@id":"https:\/\/www.article-marketing.eu\/comunicatistampa\/#\/schema\/person\/feee5fa8dbe0f862a73b67e70c24acd8"},"headline":"Cancellazione dei protesti e riabilitazione dei protestati","datePublished":"2017-05-09T11:23:18+00:00","dateModified":"2020-03-26T13:18:08+00:00","mainEntityOfPage":{"@id":"https:\/\/www.article-marketing.eu\/comunicatistampa\/cancellazione-dei-protesti-e-riabilitazione-dei-protestati\/"},"wordCount":455,"commentCount":0,"keywords":["cancellazione protesto","conto protestati","conto protestati torino","riabilitazione protestato"],"articleSection":["Comunicati stampa","Economia e lavoro","Servizi","Tutela e denunce"],"inLanguage":"it-IT","potentialAction":[{"@type":"CommentAction","name":"Comment","target":["https:\/\/www.article-marketing.eu\/comunicatistampa\/cancellazione-dei-protesti-e-riabilitazione-dei-protestati\/#respond"]}]},{"@type":"WebPage","@id":"https:\/\/www.article-marketing.eu\/comunicatistampa\/cancellazione-dei-protesti-e-riabilitazione-dei-protestati\/","url":"https:\/\/www.article-marketing.eu\/comunicatistampa\/cancellazione-dei-protesti-e-riabilitazione-dei-protestati\/","name":"Cancellazione dei protesti e riabilitazione dei protestati - Article Marketing","isPartOf":{"@id":"https:\/\/www.article-marketing.eu\/comunicatistampa\/#website"},"datePublished":"2017-05-09T11:23:18+00:00","dateModified":"2020-03-26T13:18:08+00:00","author":{"@id":"https:\/\/www.article-marketing.eu\/comunicatistampa\/#\/schema\/person\/feee5fa8dbe0f862a73b67e70c24acd8"},"breadcrumb":{"@id":"https:\/\/www.article-marketing.eu\/comunicatistampa\/cancellazione-dei-protesti-e-riabilitazione-dei-protestati\/#breadcrumb"},"inLanguage":"it-IT","potentialAction":[{"@type":"ReadAction","target":["https:\/\/www.article-marketing.eu\/comunicatistampa\/cancellazione-dei-protesti-e-riabilitazione-dei-protestati\/"]}]},{"@type":"BreadcrumbList","@id":"https:\/\/www.article-marketing.eu\/comunicatistampa\/cancellazione-dei-protesti-e-riabilitazione-dei-protestati\/#breadcrumb","itemListElement":[{"@type":"ListItem","position":1,"name":"Home","item":"https:\/\/www.article-marketing.eu\/comunicatistampa\/"},{"@type":"ListItem","position":2,"name":"Cancellazione dei protesti e riabilitazione dei protestati"}]},{"@type":"WebSite","@id":"https:\/\/www.article-marketing.eu\/comunicatistampa\/#website","url":"https:\/\/www.article-marketing.eu\/comunicatistampa\/","name":"Article Marketing","description":"article marketing &amp; press release","potentialAction":[{"@type":"SearchAction","target":{"@type":"EntryPoint","urlTemplate":"https:\/\/www.article-marketing.eu\/comunicatistampa\/?s={search_term_string}"},"query-input":{"@type":"PropertyValueSpecification","valueRequired":true,"valueName":"search_term_string"}}],"inLanguage":"it-IT"},{"@type":"Person","@id":"https:\/\/www.article-marketing.eu\/comunicatistampa\/#\/schema\/person\/feee5fa8dbe0f862a73b67e70c24acd8","name":"Francesco Rigoni","image":{"@type":"ImageObject","inLanguage":"it-IT","@id":"https:\/\/secure.gravatar.com\/avatar\/9a27a75a8c1c70bd346abb2b29015bc6bf22f817c1b0dde8031a9774461b60d5?s=96&d=mm&r=g","url":"https:\/\/secure.gravatar.com\/avatar\/9a27a75a8c1c70bd346abb2b29015bc6bf22f817c1b0dde8031a9774461b60d5?s=96&d=mm&r=g","contentUrl":"https:\/\/secure.gravatar.com\/avatar\/9a27a75a8c1c70bd346abb2b29015bc6bf22f817c1b0dde8031a9774461b60d5?s=96&d=mm&r=g","caption":"Francesco Rigoni"},"url":"https:\/\/www.article-marketing.eu\/comunicatistampa\/author\/francesco-rigoni\/"}]}},"_links":{"self":[{"href":"https:\/\/www.article-marketing.eu\/comunicatistampa\/wp-json\/wp\/v2\/posts\/2399","targetHints":{"allow":["GET"]}}],"collection":[{"href":"https:\/\/www.article-marketing.eu\/comunicatistampa\/wp-json\/wp\/v2\/posts"}],"about":[{"href":"https:\/\/www.article-marketing.eu\/comunicatistampa\/wp-json\/wp\/v2\/types\/post"}],"author":[{"embeddable":true,"href":"https:\/\/www.article-marketing.eu\/comunicatistampa\/wp-json\/wp\/v2\/users\/267"}],"replies":[{"embeddable":true,"href":"https:\/\/www.article-marketing.eu\/comunicatistampa\/wp-json\/wp\/v2\/comments?post=2399"}],"version-history":[{"count":3,"href":"https:\/\/www.article-marketing.eu\/comunicatistampa\/wp-json\/wp\/v2\/posts\/2399\/revisions"}],"predecessor-version":[{"id":14393,"href":"https:\/\/www.article-marketing.eu\/comunicatistampa\/wp-json\/wp\/v2\/posts\/2399\/revisions\/14393"}],"wp:attachment":[{"href":"https:\/\/www.article-marketing.eu\/comunicatistampa\/wp-json\/wp\/v2\/media?parent=2399"}],"wp:term":[{"taxonomy":"category","embeddable":true,"href":"https:\/\/www.article-marketing.eu\/comunicatistampa\/wp-json\/wp\/v2\/categories?post=2399"},{"taxonomy":"post_tag","embeddable":true,"href":"https:\/\/www.article-marketing.eu\/comunicatistampa\/wp-json\/wp\/v2\/tags?post=2399"}],"curies":[{"name":"wp","href":"https:\/\/api.w.org\/{rel}","templated":true}]}}