{"id":2403,"date":"2017-05-09T13:23:48","date_gmt":"2017-05-09T11:23:48","guid":{"rendered":"http:\/\/www.article-marketing.eu\/comunicatistampa\/?p=2403"},"modified":"2020-08-10T01:48:07","modified_gmt":"2020-08-09T23:48:07","slug":"spazio-reale-le-parrocchie-di-san-donnino-e-my-sporting-campus-insieme-per-unestate-dedicata-a-bambini-e-ragazzi","status":"publish","type":"post","link":"https:\/\/www.article-marketing.eu\/comunicatistampa\/spazio-reale-le-parrocchie-di-san-donnino-e-my-sporting-campus-insieme-per-unestate-dedicata-a-bambini-e-ragazzi\/","title":{"rendered":"Spazio Reale,  le Parrocchie di San Donnino e My Sporting Campus  insieme per un\u2019estate dedicata a bambini e ragazzi"},"content":{"rendered":"<p><em>La <\/em><a href=\"http:\/\/www.spazioreale.it\"><strong>Fondazione Spazio Reale<\/strong><\/a><strong><em>,<\/em><\/strong><em> la societ\u00e0 sportiva <\/em><a href=\"http:\/\/www.mysportingcampus.it\"><strong>My Sporting Campus<\/strong><\/a> <em>e le <strong>Parrocchie di San Donnino e Sant\u2019Andrea<\/strong> si sono unite per proporre a bambini e ragazzi un\u2019estate ricca di attivit\u00e0 e divertimento. Numerosi sono i laboratori che verranno proposti grazie alla collaborazione con le <strong>associazioni del territorio<\/strong> tra cui: varie attivit\u00e0 sportive, laboratori teatrali, musicali e artistici, giochi all\u2019aria aperta e sostegno durante lo svolgimento dei compiti scolastici. Le attivit\u00e0 inizieranno il <u>12 giugno e continueranno fino al 28 luglio <\/u>per poi riprendere a settembre. <strong>Il prezzo parte da 50\u20ac a settimana. \u00a0<\/strong>Per garantire la massima qualit\u00e0 e sicurezza dei nostri bambini e ragazzi, i <strong>pasti sono curati dal\u00a0Ristorante\u00a0<\/strong><\/em><a href=\"https:\/\/www.facebook.com\/lesserre\/?fref=ts\"><strong>LesSeRre<\/strong><\/a><strong><em>\u00a0<\/em><\/strong><em>di Spazio Reale. <strong>Sono previsti sconti particolari per fratelli e per chi si iscrive a pi\u00f9 di una settimana.\u00a0 <\/strong><\/em><\/p>\n<p><strong>Dal 12 di maggio, sono aperte le iscrizioni ai Centri Estivi Educativi che si terranno sia negli spazi della Parrocchia di San Donnino che in quelli di My Sporting Campus, <\/strong>la societ\u00e0 sportiva nata dall\u2019unione della Fondazione Spazio Reale e il CSI Firenze.<\/p>\n<p><u>\u00c8 possibile <strong>effettuare l\u2019iscrizione<\/strong> presso la segreteria di My Sporting Campus (via Di San Donnino, 4) dal luned\u00ec al venerd\u00ec dalle 9:30 alle 19:00 e nei locali della Parrocchia di San Donnino solo il sabato dalle 9:30 alle 12:00 e la domenica dalle 10:30 alle 11:30<\/u>.<\/p>\n<p>Alle attivit\u00e0 possono partecipare i\u00a0<strong>bambini che abbiano compiuto il 6\u00b0 anno di et\u00e0, fino ai ragazzi che non abbiano ancora compiuto i 13 anni<\/strong>. Sono ammessi alle iscrizioni anche bambini e ragazzi con disabilit\u00e0, fino a un numero max di 12 (il 10% delle iscrizioni previste), che saranno integrati nei gruppi di lavoro organizzati dagli educatori.<\/p>\n<p><strong>La giornata inizia alle 8:00 per concludersi alle 17:00<\/strong>. Per andare incontro alle necessit\u00e0 delle famiglie vengono proposte tre opzioni: intera giornata, con pranzo e due merende, mezza giornata, con pranzo e merenda mattutina, oppure sempre mezza giornata senza il pranzo. <strong>Ai bambini verr\u00e0 richiesto di portare piatto e bicchiere da casa cos\u00ec da educare al rispetto dell\u2019ambiente e ad evitare inutili sprechi<\/strong>.<\/p>\n<p>I Centri Estivi avranno inizio il<strong> 12 giugno fino al 28 luglio, con la possibilit\u00e0, previa iscrizione, di due settimane aggiuntive dal 28 agosto all\u20198 settembre.<\/strong><\/p>\n<p><strong>Nove settimane per proporre ai ragazzi attivit\u00e0 originali<\/strong>: sportive, musicali, artistiche, teatrali, manuali con professionisti e amatori dei vari settori, oltre allo svolgimento dei tanto mal sopportati <strong>compiti scolastici <\/strong>che diventer\u00e0 anch\u2019esso divertente perch\u00e9 fatto in compagnia e con l\u2019assistenza di persone qualificate.<\/p>\n<p>Il nostro motto? <strong><em>\u201cSvegliati ogni mattina con il pensiero che qualcosa di meraviglioso sta per accadere!\u201d<\/em><\/strong> (cit. Anonimo)<\/p>\n<p><em>\u00a0\u201cLa collaborazione con le Parrocchie e My Sporting Campus conferma la volont\u00e0 di Spazio Reale di voler lavorare insieme alle realt\u00e0 del territorio. Lavoriamo insieme per offrire alle famiglie un\u2019opportunit\u00e0 di formazione e divertimento\u201d <\/em>\u2013 \u00e8 quanto affermato dal <strong>Direttore Generale della Fondazione Spazio Reale Elisabetta Carullo<\/strong> \u00a0che ringrazia Don Gilbert, la societ\u00e0 sportiva My Sporting Campus, il CSI Firenze e tutti i volontari e le associazioni del territorio per aver aderito con entusiasmo all\u2019idea!<\/p>\n<p>Parole di soddisfazione sono state espresse anche dal<strong> Parroco di San Donnino e Sant\u2019Andrea<\/strong>, <strong>Don Gilbert Shahzad<\/strong>: \u201c<em>Quando l\u2019intento \u00e8 quello di operare per il bene del territorio ritengo sia importante esserci. L\u2019obiettivo principale \u00e8 iniziare un percorso che possa offrire una serie di opportunit\u00e0 a chi vive in un\u2019area di periferia come la nostra. Il successo della festa di carnevale, organizzata dalle nostre parrocchie, dalle associazioni del territorio e tenutasi a Spazio Reale, ha dimostrato che lavorare insieme non solo \u00e8 possibile ma che da\u2019 ottimi risultati.<\/em>\u201d<\/p>\n<p><em>\u201cMy Sporting Campus \u00e8 partita il 10 di aprile e sta gi\u00e0 riscuotendo notevole interesse sul territorio. La nostra presenza \u00e8 di servizio e l\u2019obiettivo \u00e8 quello di educare ai valori dello sport\u201d<\/em> &#8211; questo ha dichiarato il <strong>Presidente della societ\u00e0 sportiva Riccardo Bonechi<\/strong> che, insieme al Presidente del CSI Firenze, nonch\u00e9<strong> Direttore Sportivo di My Sporting Campus<\/strong> <strong>Roberto Posarelli,<\/strong> ha aderito con grande motivazione al progetto Centri Estivi Educativi 2017 condividendo totalmente i valori proposti.<\/p>\n<p>Entrando nel sito www.spazioreale.it e cliccando sulla locandina dei centri estivi, potrete trovare tutte le informazioni sulle attivit\u00e0 e la modulistica per l\u2019iscrizione ed i costi.<\/p>\n<p>Per informazioni pi\u00f9 dettagliate, inviare una e-mail a centriestivi@spazioreale.it oppure telefonare al numero <strong>055 8991380 dal Luned\u00ec al Venerd\u00ec dalle 9:30 alle 19:00.<\/strong><\/p>\n<p>Per tutte le info di approfondimento clicca su questo link:\u00a0http:\/\/www.spazioreale.it\/landing_it.asp?idarea=46<\/p>\n<p>Per rimanere aggiornato su tutti gli eventi e le attivit\u00e0 della\u00a0Fondazione Spazio Reale, s<em>eguici\u00a0su<\/em><em>\u00a0<\/em><strong>Facebook<\/strong><em>,<\/em><em>\u00a0<\/em><em><strong>Twitter<\/strong><\/em><em>,\u00a0<\/em><em><strong>Instagram<\/strong><\/em><em><strong>\u00a0<\/strong><\/em><em>e\u00a0<\/em><em><strong>YouTube<\/strong><\/em><em>.\u00a0<\/em><\/p>\n<p><strong><em>Dr. Michele Pasotti<\/em><\/strong><em>, Segreteria Comunicazione Fondazione Spazio Reale Impresa Sociale, 055 8991336 &#8211; e-mail: <\/em>segreteriacomunicazione@spazioreale.it<\/p>\n","protected":false},"excerpt":{"rendered":"<p>La Fondazione Spazio Reale, la societ\u00e0 sportiva My Sporting Campus e le Parrocchie di San Donnino e Sant\u2019Andrea si sono unite per proporre a bambini e ragazzi un\u2019estate ricca di attivit\u00e0 e divertimento. Numerosi sono i laboratori che verranno proposti grazie alla collaborazione con le associazioni del territorio tra cui: varie attivit\u00e0 sportive, laboratori teatrali, musicali e artistici, giochi all\u2019aria aperta e sostegno durante lo svolgimento dei compiti scolastici. Le<\/p>\n<p><a class=\"continue-reading\" href=\"https:\/\/www.article-marketing.eu\/comunicatistampa\/spazio-reale-le-parrocchie-di-san-donnino-e-my-sporting-campus-insieme-per-unestate-dedicata-a-bambini-e-ragazzi\/\">Continue reading&#8230;<\/a><\/p>\n","protected":false},"author":50,"featured_media":0,"comment_status":"open","ping_status":"open","sticky":false,"template":"","format":"standard","meta":{"_monsterinsights_skip_tracking":false,"_monsterinsights_sitenote_active":false,"_monsterinsights_sitenote_note":"","_monsterinsights_sitenote_category":0,"footnotes":""},"categories":[78],"tags":[1430,1432,1118,1336,1431,505,1436,1435,1434,1433,517,504,469,647],"class_list":["post-2403","post","type-post","status-publish","format-standard","hentry","category-comunicati-stampa","tag-centri","tag-chiesa","tag-divertimento","tag-estate","tag-famiglie","tag-firenze","tag-giochi","tag-insieme","tag-laboratori","tag-manualita","tag-musica","tag-spazio-reale","tag-sport","tag-teatro"],"yoast_head":"<!-- This site is optimized with the Yoast SEO plugin v27.3 - https:\/\/yoast.com\/product\/yoast-seo-wordpress\/ -->\n<title>Spazio Reale, le Parrocchie di San Donnino e My Sporting Campus insieme per un\u2019estate dedicata a bambini e ragazzi - Article Marketing<\/title>\n<meta name=\"robots\" content=\"index, follow, max-snippet:-1, max-image-preview:large, max-video-preview:-1\" \/>\n<link rel=\"canonical\" href=\"https:\/\/www.article-marketing.eu\/comunicatistampa\/spazio-reale-le-parrocchie-di-san-donnino-e-my-sporting-campus-insieme-per-unestate-dedicata-a-bambini-e-ragazzi\/\" \/>\n<meta property=\"og:locale\" content=\"it_IT\" \/>\n<meta property=\"og:type\" content=\"article\" \/>\n<meta property=\"og:title\" content=\"Spazio Reale, le Parrocchie di San Donnino e My Sporting Campus insieme per un\u2019estate dedicata a bambini e ragazzi - Article Marketing\" \/>\n<meta property=\"og:description\" content=\"La Fondazione Spazio Reale, la societ\u00e0 sportiva My Sporting Campus e le Parrocchie di San Donnino e Sant\u2019Andrea si sono unite per proporre a bambini e ragazzi un\u2019estate ricca di attivit\u00e0 e divertimento. Numerosi sono i laboratori che verranno proposti grazie alla collaborazione con le associazioni del territorio tra cui: varie attivit\u00e0 sportive, laboratori teatrali, musicali e artistici, giochi all\u2019aria aperta e sostegno durante lo svolgimento dei compiti scolastici. LeContinue reading...\" \/>\n<meta property=\"og:url\" content=\"https:\/\/www.article-marketing.eu\/comunicatistampa\/spazio-reale-le-parrocchie-di-san-donnino-e-my-sporting-campus-insieme-per-unestate-dedicata-a-bambini-e-ragazzi\/\" \/>\n<meta property=\"og:site_name\" content=\"Article Marketing\" \/>\n<meta property=\"article:published_time\" content=\"2017-05-09T11:23:48+00:00\" \/>\n<meta property=\"article:modified_time\" content=\"2020-08-09T23:48:07+00:00\" \/>\n<meta name=\"author\" content=\"Spazio Reale\" \/>\n<meta name=\"twitter:card\" content=\"summary_large_image\" \/>\n<meta name=\"twitter:label1\" content=\"Scritto da\" \/>\n\t<meta name=\"twitter:data1\" content=\"Spazio Reale\" \/>\n\t<meta name=\"twitter:label2\" content=\"Tempo di lettura stimato\" \/>\n\t<meta name=\"twitter:data2\" content=\"4 minuti\" \/>\n<script type=\"application\/ld+json\" class=\"yoast-schema-graph\">{\"@context\":\"https:\\\/\\\/schema.org\",\"@graph\":[{\"@type\":\"Article\",\"@id\":\"https:\\\/\\\/www.article-marketing.eu\\\/comunicatistampa\\\/spazio-reale-le-parrocchie-di-san-donnino-e-my-sporting-campus-insieme-per-unestate-dedicata-a-bambini-e-ragazzi\\\/#article\",\"isPartOf\":{\"@id\":\"https:\\\/\\\/www.article-marketing.eu\\\/comunicatistampa\\\/spazio-reale-le-parrocchie-di-san-donnino-e-my-sporting-campus-insieme-per-unestate-dedicata-a-bambini-e-ragazzi\\\/\"},\"author\":{\"name\":\"Spazio Reale\",\"@id\":\"https:\\\/\\\/www.article-marketing.eu\\\/comunicatistampa\\\/#\\\/schema\\\/person\\\/e9bf0845c46f90c5a1f241b03d7c9359\"},\"headline\":\"Spazio Reale, le Parrocchie di San Donnino e My Sporting Campus insieme per un\u2019estate dedicata a bambini e ragazzi\",\"datePublished\":\"2017-05-09T11:23:48+00:00\",\"dateModified\":\"2020-08-09T23:48:07+00:00\",\"mainEntityOfPage\":{\"@id\":\"https:\\\/\\\/www.article-marketing.eu\\\/comunicatistampa\\\/spazio-reale-le-parrocchie-di-san-donnino-e-my-sporting-campus-insieme-per-unestate-dedicata-a-bambini-e-ragazzi\\\/\"},\"wordCount\":774,\"commentCount\":0,\"keywords\":[\"centri\",\"chiesa\",\"divertimento\",\"estate\",\"famiglie\",\"firenze\",\"giochi\",\"insieme\",\"laboratori\",\"manualit\u00e0\",\"Musica\",\"spazio reale\",\"Sport\",\"Teatro\"],\"articleSection\":[\"Comunicati stampa\"],\"inLanguage\":\"it-IT\",\"potentialAction\":[{\"@type\":\"CommentAction\",\"name\":\"Comment\",\"target\":[\"https:\\\/\\\/www.article-marketing.eu\\\/comunicatistampa\\\/spazio-reale-le-parrocchie-di-san-donnino-e-my-sporting-campus-insieme-per-unestate-dedicata-a-bambini-e-ragazzi\\\/#respond\"]}]},{\"@type\":\"WebPage\",\"@id\":\"https:\\\/\\\/www.article-marketing.eu\\\/comunicatistampa\\\/spazio-reale-le-parrocchie-di-san-donnino-e-my-sporting-campus-insieme-per-unestate-dedicata-a-bambini-e-ragazzi\\\/\",\"url\":\"https:\\\/\\\/www.article-marketing.eu\\\/comunicatistampa\\\/spazio-reale-le-parrocchie-di-san-donnino-e-my-sporting-campus-insieme-per-unestate-dedicata-a-bambini-e-ragazzi\\\/\",\"name\":\"Spazio Reale, le Parrocchie di San Donnino e My Sporting Campus insieme per un\u2019estate dedicata a bambini e ragazzi - Article Marketing\",\"isPartOf\":{\"@id\":\"https:\\\/\\\/www.article-marketing.eu\\\/comunicatistampa\\\/#website\"},\"datePublished\":\"2017-05-09T11:23:48+00:00\",\"dateModified\":\"2020-08-09T23:48:07+00:00\",\"author\":{\"@id\":\"https:\\\/\\\/www.article-marketing.eu\\\/comunicatistampa\\\/#\\\/schema\\\/person\\\/e9bf0845c46f90c5a1f241b03d7c9359\"},\"breadcrumb\":{\"@id\":\"https:\\\/\\\/www.article-marketing.eu\\\/comunicatistampa\\\/spazio-reale-le-parrocchie-di-san-donnino-e-my-sporting-campus-insieme-per-unestate-dedicata-a-bambini-e-ragazzi\\\/#breadcrumb\"},\"inLanguage\":\"it-IT\",\"potentialAction\":[{\"@type\":\"ReadAction\",\"target\":[\"https:\\\/\\\/www.article-marketing.eu\\\/comunicatistampa\\\/spazio-reale-le-parrocchie-di-san-donnino-e-my-sporting-campus-insieme-per-unestate-dedicata-a-bambini-e-ragazzi\\\/\"]}]},{\"@type\":\"BreadcrumbList\",\"@id\":\"https:\\\/\\\/www.article-marketing.eu\\\/comunicatistampa\\\/spazio-reale-le-parrocchie-di-san-donnino-e-my-sporting-campus-insieme-per-unestate-dedicata-a-bambini-e-ragazzi\\\/#breadcrumb\",\"itemListElement\":[{\"@type\":\"ListItem\",\"position\":1,\"name\":\"Home\",\"item\":\"https:\\\/\\\/www.article-marketing.eu\\\/comunicatistampa\\\/\"},{\"@type\":\"ListItem\",\"position\":2,\"name\":\"Spazio Reale, le Parrocchie di San Donnino e My Sporting Campus insieme per un\u2019estate dedicata a bambini e ragazzi\"}]},{\"@type\":\"WebSite\",\"@id\":\"https:\\\/\\\/www.article-marketing.eu\\\/comunicatistampa\\\/#website\",\"url\":\"https:\\\/\\\/www.article-marketing.eu\\\/comunicatistampa\\\/\",\"name\":\"Article Marketing\",\"description\":\"article marketing &amp; press release\",\"potentialAction\":[{\"@type\":\"SearchAction\",\"target\":{\"@type\":\"EntryPoint\",\"urlTemplate\":\"https:\\\/\\\/www.article-marketing.eu\\\/comunicatistampa\\\/?s={search_term_string}\"},\"query-input\":{\"@type\":\"PropertyValueSpecification\",\"valueRequired\":true,\"valueName\":\"search_term_string\"}}],\"inLanguage\":\"it-IT\"},{\"@type\":\"Person\",\"@id\":\"https:\\\/\\\/www.article-marketing.eu\\\/comunicatistampa\\\/#\\\/schema\\\/person\\\/e9bf0845c46f90c5a1f241b03d7c9359\",\"name\":\"Spazio Reale\",\"image\":{\"@type\":\"ImageObject\",\"inLanguage\":\"it-IT\",\"@id\":\"https:\\\/\\\/secure.gravatar.com\\\/avatar\\\/de27c856b5a7e55054c1cb4f5043371dc937bc0803e57a7c576fe03530928179?s=96&d=mm&r=g\",\"url\":\"https:\\\/\\\/secure.gravatar.com\\\/avatar\\\/de27c856b5a7e55054c1cb4f5043371dc937bc0803e57a7c576fe03530928179?s=96&d=mm&r=g\",\"contentUrl\":\"https:\\\/\\\/secure.gravatar.com\\\/avatar\\\/de27c856b5a7e55054c1cb4f5043371dc937bc0803e57a7c576fe03530928179?s=96&d=mm&r=g\",\"caption\":\"Spazio Reale\"},\"description\":\"A pochi chilometri da Firenze, nel 1995 \u00e8 sorto Spazio Reale, un centro polifunzionale di coesione sociale e intercultura che ha avuto la capacit\u00e0 e il merito di riqualificare un\u2019area pi\u00f9 volte definita \u201cperiferia delle periferie\u201d. Spazio Reale ha integrato i servizi offerti, senza tralasciare l\u2019essenza della propria mission: promuovere la coesione sociale attraverso l\u2019interazione tra persone di diverse generazioni, abilita e culture, diffondere conoscenza e saperi ospitando ed organizzando eventi culturali, aziendali, sportivi e ludici, valorizzando l\u2019identit\u00e0 delle persone e del territorio. Oggi Spazio Reale \u00e8 un centro congressuale, sportivo, formativo e ristorativo orientato alla cultura della socializzazione, formazione e organizzazione di eventi di ogni tipologia. Parliamo della vasta gamma di attivit\u00e0 realizzabili sui 5000 mq dedicati agli eventi, di cui 900 della Main Hall, sui 4000 degli impianti sportivi e nelle aule dell\u2019agenzia formativa accreditata dal Miur e da Regione Toscana. A cui aggiungere: lo sportello di orientamento al lavoro, il coworking, la terrazza panoramica, il bar\\\/ristorante, i 2500mq di parco Oltregioco dedicato ai bambini e la parte ricettiva con i suoi 75 posti letto. In pratica Spazio Reale offre tutte le comodit\u00e0 di un grande campus con servizi a 360\u00b0 compreso l\u2019enorme parcheggio a disposizione. Di recente \u00e8 stato dato un nuovo look agli spazi esterni e all\u2019area ristorativa per far emergere i punti di forza della struttura quali la flessibilit\u00e0, la ricchezza degli spazi e il supporto messi a disposizione di chi organizza qui il proprio evento.\",\"sameAs\":[\"http:\\\/\\\/www.spazioreale.it\"],\"url\":\"https:\\\/\\\/www.article-marketing.eu\\\/comunicatistampa\\\/author\\\/spazio-reale\\\/\"}]}<\/script>\n<!-- \/ Yoast SEO plugin. -->","yoast_head_json":{"title":"Spazio Reale, le Parrocchie di San Donnino e My Sporting Campus insieme per un\u2019estate dedicata a bambini e ragazzi - Article Marketing","robots":{"index":"index","follow":"follow","max-snippet":"max-snippet:-1","max-image-preview":"max-image-preview:large","max-video-preview":"max-video-preview:-1"},"canonical":"https:\/\/www.article-marketing.eu\/comunicatistampa\/spazio-reale-le-parrocchie-di-san-donnino-e-my-sporting-campus-insieme-per-unestate-dedicata-a-bambini-e-ragazzi\/","og_locale":"it_IT","og_type":"article","og_title":"Spazio Reale, le Parrocchie di San Donnino e My Sporting Campus insieme per un\u2019estate dedicata a bambini e ragazzi - Article Marketing","og_description":"La Fondazione Spazio Reale, la societ\u00e0 sportiva My Sporting Campus e le Parrocchie di San Donnino e Sant\u2019Andrea si sono unite per proporre a bambini e ragazzi un\u2019estate ricca di attivit\u00e0 e divertimento. Numerosi sono i laboratori che verranno proposti grazie alla collaborazione con le associazioni del territorio tra cui: varie attivit\u00e0 sportive, laboratori teatrali, musicali e artistici, giochi all\u2019aria aperta e sostegno durante lo svolgimento dei compiti scolastici. LeContinue reading...","og_url":"https:\/\/www.article-marketing.eu\/comunicatistampa\/spazio-reale-le-parrocchie-di-san-donnino-e-my-sporting-campus-insieme-per-unestate-dedicata-a-bambini-e-ragazzi\/","og_site_name":"Article Marketing","article_published_time":"2017-05-09T11:23:48+00:00","article_modified_time":"2020-08-09T23:48:07+00:00","author":"Spazio Reale","twitter_card":"summary_large_image","twitter_misc":{"Scritto da":"Spazio Reale","Tempo di lettura stimato":"4 minuti"},"schema":{"@context":"https:\/\/schema.org","@graph":[{"@type":"Article","@id":"https:\/\/www.article-marketing.eu\/comunicatistampa\/spazio-reale-le-parrocchie-di-san-donnino-e-my-sporting-campus-insieme-per-unestate-dedicata-a-bambini-e-ragazzi\/#article","isPartOf":{"@id":"https:\/\/www.article-marketing.eu\/comunicatistampa\/spazio-reale-le-parrocchie-di-san-donnino-e-my-sporting-campus-insieme-per-unestate-dedicata-a-bambini-e-ragazzi\/"},"author":{"name":"Spazio Reale","@id":"https:\/\/www.article-marketing.eu\/comunicatistampa\/#\/schema\/person\/e9bf0845c46f90c5a1f241b03d7c9359"},"headline":"Spazio Reale, le Parrocchie di San Donnino e My Sporting Campus insieme per un\u2019estate dedicata a bambini e ragazzi","datePublished":"2017-05-09T11:23:48+00:00","dateModified":"2020-08-09T23:48:07+00:00","mainEntityOfPage":{"@id":"https:\/\/www.article-marketing.eu\/comunicatistampa\/spazio-reale-le-parrocchie-di-san-donnino-e-my-sporting-campus-insieme-per-unestate-dedicata-a-bambini-e-ragazzi\/"},"wordCount":774,"commentCount":0,"keywords":["centri","chiesa","divertimento","estate","famiglie","firenze","giochi","insieme","laboratori","manualit\u00e0","Musica","spazio reale","Sport","Teatro"],"articleSection":["Comunicati stampa"],"inLanguage":"it-IT","potentialAction":[{"@type":"CommentAction","name":"Comment","target":["https:\/\/www.article-marketing.eu\/comunicatistampa\/spazio-reale-le-parrocchie-di-san-donnino-e-my-sporting-campus-insieme-per-unestate-dedicata-a-bambini-e-ragazzi\/#respond"]}]},{"@type":"WebPage","@id":"https:\/\/www.article-marketing.eu\/comunicatistampa\/spazio-reale-le-parrocchie-di-san-donnino-e-my-sporting-campus-insieme-per-unestate-dedicata-a-bambini-e-ragazzi\/","url":"https:\/\/www.article-marketing.eu\/comunicatistampa\/spazio-reale-le-parrocchie-di-san-donnino-e-my-sporting-campus-insieme-per-unestate-dedicata-a-bambini-e-ragazzi\/","name":"Spazio Reale, le Parrocchie di San Donnino e My Sporting Campus insieme per un\u2019estate dedicata a bambini e ragazzi - Article Marketing","isPartOf":{"@id":"https:\/\/www.article-marketing.eu\/comunicatistampa\/#website"},"datePublished":"2017-05-09T11:23:48+00:00","dateModified":"2020-08-09T23:48:07+00:00","author":{"@id":"https:\/\/www.article-marketing.eu\/comunicatistampa\/#\/schema\/person\/e9bf0845c46f90c5a1f241b03d7c9359"},"breadcrumb":{"@id":"https:\/\/www.article-marketing.eu\/comunicatistampa\/spazio-reale-le-parrocchie-di-san-donnino-e-my-sporting-campus-insieme-per-unestate-dedicata-a-bambini-e-ragazzi\/#breadcrumb"},"inLanguage":"it-IT","potentialAction":[{"@type":"ReadAction","target":["https:\/\/www.article-marketing.eu\/comunicatistampa\/spazio-reale-le-parrocchie-di-san-donnino-e-my-sporting-campus-insieme-per-unestate-dedicata-a-bambini-e-ragazzi\/"]}]},{"@type":"BreadcrumbList","@id":"https:\/\/www.article-marketing.eu\/comunicatistampa\/spazio-reale-le-parrocchie-di-san-donnino-e-my-sporting-campus-insieme-per-unestate-dedicata-a-bambini-e-ragazzi\/#breadcrumb","itemListElement":[{"@type":"ListItem","position":1,"name":"Home","item":"https:\/\/www.article-marketing.eu\/comunicatistampa\/"},{"@type":"ListItem","position":2,"name":"Spazio Reale, le Parrocchie di San Donnino e My Sporting Campus insieme per un\u2019estate dedicata a bambini e ragazzi"}]},{"@type":"WebSite","@id":"https:\/\/www.article-marketing.eu\/comunicatistampa\/#website","url":"https:\/\/www.article-marketing.eu\/comunicatistampa\/","name":"Article Marketing","description":"article marketing &amp; press release","potentialAction":[{"@type":"SearchAction","target":{"@type":"EntryPoint","urlTemplate":"https:\/\/www.article-marketing.eu\/comunicatistampa\/?s={search_term_string}"},"query-input":{"@type":"PropertyValueSpecification","valueRequired":true,"valueName":"search_term_string"}}],"inLanguage":"it-IT"},{"@type":"Person","@id":"https:\/\/www.article-marketing.eu\/comunicatistampa\/#\/schema\/person\/e9bf0845c46f90c5a1f241b03d7c9359","name":"Spazio Reale","image":{"@type":"ImageObject","inLanguage":"it-IT","@id":"https:\/\/secure.gravatar.com\/avatar\/de27c856b5a7e55054c1cb4f5043371dc937bc0803e57a7c576fe03530928179?s=96&d=mm&r=g","url":"https:\/\/secure.gravatar.com\/avatar\/de27c856b5a7e55054c1cb4f5043371dc937bc0803e57a7c576fe03530928179?s=96&d=mm&r=g","contentUrl":"https:\/\/secure.gravatar.com\/avatar\/de27c856b5a7e55054c1cb4f5043371dc937bc0803e57a7c576fe03530928179?s=96&d=mm&r=g","caption":"Spazio Reale"},"description":"A pochi chilometri da Firenze, nel 1995 \u00e8 sorto Spazio Reale, un centro polifunzionale di coesione sociale e intercultura che ha avuto la capacit\u00e0 e il merito di riqualificare un\u2019area pi\u00f9 volte definita \u201cperiferia delle periferie\u201d. Spazio Reale ha integrato i servizi offerti, senza tralasciare l\u2019essenza della propria mission: promuovere la coesione sociale attraverso l\u2019interazione tra persone di diverse generazioni, abilita e culture, diffondere conoscenza e saperi ospitando ed organizzando eventi culturali, aziendali, sportivi e ludici, valorizzando l\u2019identit\u00e0 delle persone e del territorio. Oggi Spazio Reale \u00e8 un centro congressuale, sportivo, formativo e ristorativo orientato alla cultura della socializzazione, formazione e organizzazione di eventi di ogni tipologia. Parliamo della vasta gamma di attivit\u00e0 realizzabili sui 5000 mq dedicati agli eventi, di cui 900 della Main Hall, sui 4000 degli impianti sportivi e nelle aule dell\u2019agenzia formativa accreditata dal Miur e da Regione Toscana. A cui aggiungere: lo sportello di orientamento al lavoro, il coworking, la terrazza panoramica, il bar\/ristorante, i 2500mq di parco Oltregioco dedicato ai bambini e la parte ricettiva con i suoi 75 posti letto. In pratica Spazio Reale offre tutte le comodit\u00e0 di un grande campus con servizi a 360\u00b0 compreso l\u2019enorme parcheggio a disposizione. Di recente \u00e8 stato dato un nuovo look agli spazi esterni e all\u2019area ristorativa per far emergere i punti di forza della struttura quali la flessibilit\u00e0, la ricchezza degli spazi e il supporto messi a disposizione di chi organizza qui il proprio evento.","sameAs":["http:\/\/www.spazioreale.it"],"url":"https:\/\/www.article-marketing.eu\/comunicatistampa\/author\/spazio-reale\/"}]}},"_links":{"self":[{"href":"https:\/\/www.article-marketing.eu\/comunicatistampa\/wp-json\/wp\/v2\/posts\/2403","targetHints":{"allow":["GET"]}}],"collection":[{"href":"https:\/\/www.article-marketing.eu\/comunicatistampa\/wp-json\/wp\/v2\/posts"}],"about":[{"href":"https:\/\/www.article-marketing.eu\/comunicatistampa\/wp-json\/wp\/v2\/types\/post"}],"author":[{"embeddable":true,"href":"https:\/\/www.article-marketing.eu\/comunicatistampa\/wp-json\/wp\/v2\/users\/50"}],"replies":[{"embeddable":true,"href":"https:\/\/www.article-marketing.eu\/comunicatistampa\/wp-json\/wp\/v2\/comments?post=2403"}],"version-history":[{"count":2,"href":"https:\/\/www.article-marketing.eu\/comunicatistampa\/wp-json\/wp\/v2\/posts\/2403\/revisions"}],"predecessor-version":[{"id":2428,"href":"https:\/\/www.article-marketing.eu\/comunicatistampa\/wp-json\/wp\/v2\/posts\/2403\/revisions\/2428"}],"wp:attachment":[{"href":"https:\/\/www.article-marketing.eu\/comunicatistampa\/wp-json\/wp\/v2\/media?parent=2403"}],"wp:term":[{"taxonomy":"category","embeddable":true,"href":"https:\/\/www.article-marketing.eu\/comunicatistampa\/wp-json\/wp\/v2\/categories?post=2403"},{"taxonomy":"post_tag","embeddable":true,"href":"https:\/\/www.article-marketing.eu\/comunicatistampa\/wp-json\/wp\/v2\/tags?post=2403"}],"curies":[{"name":"wp","href":"https:\/\/api.w.org\/{rel}","templated":true}]}}