{"id":24159,"date":"2022-07-31T08:13:48","date_gmt":"2022-07-31T06:13:48","guid":{"rendered":"https:\/\/www.article-marketing.eu\/comunicatistampa\/?p=24159"},"modified":"2022-07-27T11:14:41","modified_gmt":"2022-07-27T09:14:41","slug":"davide-darcangelo-presentato-il-programma-di-investimento-impatta4equity-al-centro-gli-esg","status":"publish","type":"post","link":"https:\/\/www.article-marketing.eu\/comunicatistampa\/davide-darcangelo-presentato-il-programma-di-investimento-impatta4equity-al-centro-gli-esg\/","title":{"rendered":"Davide D\u2019Arcangelo: presentato il programma di investimento Impatta4Equity, al centro gli ESG"},"content":{"rendered":"<p><em><strong>Due finora i progetti avviati, entrambi focalizzati sull&#8217;abbattimento della CO2. Tra i promotori <a title=\"Davide D'Arcangelo: il programma di investimento\" href=\"https:\/\/www.askanews.it\/economia\/2022\/06\/25\/al-via-programma-impatta4equity-ispirata-a-enciclica-laudato-si-pn_20220625_00080\/\">Davide D&#8217;Arcangelo<\/a>, Founder Next4, Vice Presidente di Impatta e Responsabile Sviluppo della Fondazione Italia Digitale.<\/strong><\/em><\/p>\n<p><img loading=\"lazy\" decoding=\"async\" class=\"alignnone\" src=\"https:\/\/www.davidedarcangelo.it\/wp-content\/uploads\/2022\/03\/davide-darcangelo.jpeg\" alt=\"Davide D'Arcangelo\" width=\"120\" height=\"300\" \/><\/p>\n<h2>Davide D&#8217;Arcangelo: i motivi alla base dell&#8217;iniziativa Impatta4Equity<\/h2>\n<p>Si \u00e8 tenuta lo scorso 25 giugno a Roma la presentazione del programma di investimento di Impatta4Equity, la prima societ\u00e0 che prende ispirazione dai valori espressi nell&#8217;enciclica Laudato si&#8217; di Papa Francesco. A promuovere l&#8217;iniziativa attraverso il network Impatta i fondatori del club deal investor Next4 <strong>Davide D&#8217;Arcangelo<\/strong>, Pierluigi Sassi e Angelo Paletta, che hanno preso parte all&#8217;evento svoltosi nel nuovo spazio Facebook sorto nei pressi del Binario F della Stazione Termini. L&#8217;obiettivo del nuovo veicolo di investimento \u00e8 finanziare imprese e startup italiane attive nel settore della green economy e dell&#8217;innovability. Nel processo di selezione delle opportunit\u00e0, Impatta4Equity far\u00e0 affidamento sulle valutazioni di Value Metrics. Sviluppato grazie alla collaborazione di Core Values, PWC, Anima e Movimento per l&#8217;Economia del Bene Comune, Value Metrics \u00e8 uno strumento di misurazione che tiene conto della dottrina sociale e ambientale della Chiesa, combinandola con i criteri ESG (Environmental, Social and Governance).<\/p>\n<h2>Davide D&#8217;Arcangelo: Impatta4Equity, i dettagli dei primi progetti avviati<\/h2>\n<p>Impatta4Equity potr\u00e0 fare affidamento sull&#8217;esperienza maturata dai tre fondatori di Next4. Sotto la guida di Pierluigi Sassi, <strong>Davide D&#8217;Arcangelo<\/strong> e Angelo Paletta, il club deal investor ha puntato tutto sulla Sanit\u00e0 Digitale raggiungendo in soli due anni un valore di 10 milioni di euro. Con il nuovo programma di investimento, il focus si sposta sulla transizione ecologica: <em>&#8220;Di fronte all&#8217;escalation della crisi climatica e alle evidenti difficolt\u00e0 delle istituzioni, Papa Francesco ha invitato ogni cittadino responsabile a fare la propria parte<\/em> &#8211; ha commentato Sassi, CEO di Impatta4Equity &#8211; <em>e ha lanciato una piattaforma d&#8217;azione globale, Laudato s\u00ec Action Platform, grazie alla quale possiamo tutti contribuire a generare il cambiamento di cui l&#8217;umanit\u00e0 e il pianeta hanno sempre pi\u00f9 urgente bisogno&#8221;<\/em>. Al momento sono due i progetti avviati da Impatta4Equity. Il primo riguarda lo sviluppo di una piattaforma in grado di certificare tramite blockchain l&#8217;abbattimento delle emissioni di CO2 delle flotte aziendali. Il secondo si rivolge invece alle future Comunit\u00e0 Energetiche europee: anche in questo caso \u00e8 prevista la creazione di una piattaforma digitale che certificher\u00e0 sia produzione che autoconsumo di energia attraverso la blockchain.<\/p>\n","protected":false},"excerpt":{"rendered":"<p>Due finora i progetti avviati, entrambi focalizzati sull&#8217;abbattimento della CO2. Tra i promotori Davide D&#8217;Arcangelo, Founder Next4, Vice Presidente di Impatta e Responsabile Sviluppo della Fondazione Italia Digitale. Davide D&#8217;Arcangelo: i motivi alla base dell&#8217;iniziativa Impatta4Equity Si \u00e8 tenuta lo scorso 25 giugno a Roma la presentazione del programma di investimento di Impatta4Equity, la prima societ\u00e0 che prende ispirazione dai valori espressi nell&#8217;enciclica Laudato si&#8217; di Papa Francesco. A promuovere<\/p>\n<p><a class=\"continue-reading\" href=\"https:\/\/www.article-marketing.eu\/comunicatistampa\/davide-darcangelo-presentato-il-programma-di-investimento-impatta4equity-al-centro-gli-esg\/\">Continue reading&#8230;<\/a><\/p>\n","protected":false},"author":6477,"featured_media":0,"comment_status":"open","ping_status":"open","sticky":false,"template":"","format":"standard","meta":{"_monsterinsights_skip_tracking":false,"_monsterinsights_sitenote_active":false,"_monsterinsights_sitenote_note":"","_monsterinsights_sitenote_category":0,"footnotes":""},"categories":[78],"tags":[9346],"class_list":["post-24159","post","type-post","status-publish","format-standard","hentry","category-comunicati-stampa","tag-davide-darcangelo"],"yoast_head":"<!-- This site is optimized with the Yoast SEO plugin v27.3 - https:\/\/yoast.com\/product\/yoast-seo-wordpress\/ -->\n<title>Davide D\u2019Arcangelo: presentato il programma di investimento Impatta4Equity, al centro gli ESG<\/title>\n<meta name=\"robots\" content=\"index, follow, max-snippet:-1, max-image-preview:large, max-video-preview:-1\" \/>\n<link rel=\"canonical\" href=\"https:\/\/www.article-marketing.eu\/comunicatistampa\/davide-darcangelo-presentato-il-programma-di-investimento-impatta4equity-al-centro-gli-esg\/\" \/>\n<meta property=\"og:locale\" content=\"it_IT\" \/>\n<meta property=\"og:type\" content=\"article\" \/>\n<meta property=\"og:title\" content=\"Davide D\u2019Arcangelo: presentato il programma di investimento Impatta4Equity, al centro gli ESG\" \/>\n<meta property=\"og:description\" content=\"Due finora i progetti avviati, entrambi focalizzati sull&#8217;abbattimento della CO2. Tra i promotori Davide D&#8217;Arcangelo, Founder Next4, Vice Presidente di Impatta e Responsabile Sviluppo della Fondazione Italia Digitale. Davide D&#8217;Arcangelo: i motivi alla base dell&#8217;iniziativa Impatta4Equity Si \u00e8 tenuta lo scorso 25 giugno a Roma la presentazione del programma di investimento di Impatta4Equity, la prima societ\u00e0 che prende ispirazione dai valori espressi nell&#8217;enciclica Laudato si&#8217; di Papa Francesco. A promuovereContinue reading...\" \/>\n<meta property=\"og:url\" content=\"https:\/\/www.article-marketing.eu\/comunicatistampa\/davide-darcangelo-presentato-il-programma-di-investimento-impatta4equity-al-centro-gli-esg\/\" \/>\n<meta property=\"og:site_name\" content=\"Article Marketing\" \/>\n<meta property=\"article:published_time\" content=\"2022-07-31T06:13:48+00:00\" \/>\n<meta property=\"og:image\" content=\"https:\/\/www.davidedarcangelo.it\/wp-content\/uploads\/2022\/03\/davide-darcangelo.jpeg\" \/>\n<meta name=\"author\" content=\"articolinews\" \/>\n<meta name=\"twitter:card\" content=\"summary_large_image\" \/>\n<meta name=\"twitter:label1\" content=\"Scritto da\" \/>\n\t<meta name=\"twitter:data1\" content=\"articolinews\" \/>\n\t<meta name=\"twitter:label2\" content=\"Tempo di lettura stimato\" \/>\n\t<meta name=\"twitter:data2\" content=\"3 minuti\" \/>\n<script type=\"application\/ld+json\" class=\"yoast-schema-graph\">{\"@context\":\"https:\\\/\\\/schema.org\",\"@graph\":[{\"@type\":\"Article\",\"@id\":\"https:\\\/\\\/www.article-marketing.eu\\\/comunicatistampa\\\/davide-darcangelo-presentato-il-programma-di-investimento-impatta4equity-al-centro-gli-esg\\\/#article\",\"isPartOf\":{\"@id\":\"https:\\\/\\\/www.article-marketing.eu\\\/comunicatistampa\\\/davide-darcangelo-presentato-il-programma-di-investimento-impatta4equity-al-centro-gli-esg\\\/\"},\"author\":{\"name\":\"articolinews\",\"@id\":\"https:\\\/\\\/www.article-marketing.eu\\\/comunicatistampa\\\/#\\\/schema\\\/person\\\/2fcaf8f8f3a9eef9eb7f27532d3ca458\"},\"headline\":\"Davide D\u2019Arcangelo: presentato il programma di investimento Impatta4Equity, al centro gli ESG\",\"datePublished\":\"2022-07-31T06:13:48+00:00\",\"mainEntityOfPage\":{\"@id\":\"https:\\\/\\\/www.article-marketing.eu\\\/comunicatistampa\\\/davide-darcangelo-presentato-il-programma-di-investimento-impatta4equity-al-centro-gli-esg\\\/\"},\"wordCount\":393,\"commentCount\":0,\"image\":{\"@id\":\"https:\\\/\\\/www.article-marketing.eu\\\/comunicatistampa\\\/davide-darcangelo-presentato-il-programma-di-investimento-impatta4equity-al-centro-gli-esg\\\/#primaryimage\"},\"thumbnailUrl\":\"https:\\\/\\\/www.davidedarcangelo.it\\\/wp-content\\\/uploads\\\/2022\\\/03\\\/davide-darcangelo.jpeg\",\"keywords\":[\"Davide D\u2019Arcangelo\"],\"articleSection\":[\"Comunicati stampa\"],\"inLanguage\":\"it-IT\",\"potentialAction\":[{\"@type\":\"CommentAction\",\"name\":\"Comment\",\"target\":[\"https:\\\/\\\/www.article-marketing.eu\\\/comunicatistampa\\\/davide-darcangelo-presentato-il-programma-di-investimento-impatta4equity-al-centro-gli-esg\\\/#respond\"]}]},{\"@type\":\"WebPage\",\"@id\":\"https:\\\/\\\/www.article-marketing.eu\\\/comunicatistampa\\\/davide-darcangelo-presentato-il-programma-di-investimento-impatta4equity-al-centro-gli-esg\\\/\",\"url\":\"https:\\\/\\\/www.article-marketing.eu\\\/comunicatistampa\\\/davide-darcangelo-presentato-il-programma-di-investimento-impatta4equity-al-centro-gli-esg\\\/\",\"name\":\"Davide D\u2019Arcangelo: presentato il programma di investimento Impatta4Equity, al centro gli ESG\",\"isPartOf\":{\"@id\":\"https:\\\/\\\/www.article-marketing.eu\\\/comunicatistampa\\\/#website\"},\"primaryImageOfPage\":{\"@id\":\"https:\\\/\\\/www.article-marketing.eu\\\/comunicatistampa\\\/davide-darcangelo-presentato-il-programma-di-investimento-impatta4equity-al-centro-gli-esg\\\/#primaryimage\"},\"image\":{\"@id\":\"https:\\\/\\\/www.article-marketing.eu\\\/comunicatistampa\\\/davide-darcangelo-presentato-il-programma-di-investimento-impatta4equity-al-centro-gli-esg\\\/#primaryimage\"},\"thumbnailUrl\":\"https:\\\/\\\/www.davidedarcangelo.it\\\/wp-content\\\/uploads\\\/2022\\\/03\\\/davide-darcangelo.jpeg\",\"datePublished\":\"2022-07-31T06:13:48+00:00\",\"author\":{\"@id\":\"https:\\\/\\\/www.article-marketing.eu\\\/comunicatistampa\\\/#\\\/schema\\\/person\\\/2fcaf8f8f3a9eef9eb7f27532d3ca458\"},\"breadcrumb\":{\"@id\":\"https:\\\/\\\/www.article-marketing.eu\\\/comunicatistampa\\\/davide-darcangelo-presentato-il-programma-di-investimento-impatta4equity-al-centro-gli-esg\\\/#breadcrumb\"},\"inLanguage\":\"it-IT\",\"potentialAction\":[{\"@type\":\"ReadAction\",\"target\":[\"https:\\\/\\\/www.article-marketing.eu\\\/comunicatistampa\\\/davide-darcangelo-presentato-il-programma-di-investimento-impatta4equity-al-centro-gli-esg\\\/\"]}]},{\"@type\":\"ImageObject\",\"inLanguage\":\"it-IT\",\"@id\":\"https:\\\/\\\/www.article-marketing.eu\\\/comunicatistampa\\\/davide-darcangelo-presentato-il-programma-di-investimento-impatta4equity-al-centro-gli-esg\\\/#primaryimage\",\"url\":\"https:\\\/\\\/www.davidedarcangelo.it\\\/wp-content\\\/uploads\\\/2022\\\/03\\\/davide-darcangelo.jpeg\",\"contentUrl\":\"https:\\\/\\\/www.davidedarcangelo.it\\\/wp-content\\\/uploads\\\/2022\\\/03\\\/davide-darcangelo.jpeg\"},{\"@type\":\"BreadcrumbList\",\"@id\":\"https:\\\/\\\/www.article-marketing.eu\\\/comunicatistampa\\\/davide-darcangelo-presentato-il-programma-di-investimento-impatta4equity-al-centro-gli-esg\\\/#breadcrumb\",\"itemListElement\":[{\"@type\":\"ListItem\",\"position\":1,\"name\":\"Home\",\"item\":\"https:\\\/\\\/www.article-marketing.eu\\\/comunicatistampa\\\/\"},{\"@type\":\"ListItem\",\"position\":2,\"name\":\"Davide D\u2019Arcangelo: presentato il programma di investimento Impatta4Equity, al centro gli ESG\"}]},{\"@type\":\"WebSite\",\"@id\":\"https:\\\/\\\/www.article-marketing.eu\\\/comunicatistampa\\\/#website\",\"url\":\"https:\\\/\\\/www.article-marketing.eu\\\/comunicatistampa\\\/\",\"name\":\"Article Marketing\",\"description\":\"article marketing &amp; press release\",\"potentialAction\":[{\"@type\":\"SearchAction\",\"target\":{\"@type\":\"EntryPoint\",\"urlTemplate\":\"https:\\\/\\\/www.article-marketing.eu\\\/comunicatistampa\\\/?s={search_term_string}\"},\"query-input\":{\"@type\":\"PropertyValueSpecification\",\"valueRequired\":true,\"valueName\":\"search_term_string\"}}],\"inLanguage\":\"it-IT\"},{\"@type\":\"Person\",\"@id\":\"https:\\\/\\\/www.article-marketing.eu\\\/comunicatistampa\\\/#\\\/schema\\\/person\\\/2fcaf8f8f3a9eef9eb7f27532d3ca458\",\"name\":\"articolinews\",\"image\":{\"@type\":\"ImageObject\",\"inLanguage\":\"it-IT\",\"@id\":\"https:\\\/\\\/secure.gravatar.com\\\/avatar\\\/9e2a264bab04e17dea24d937c9956304649a848cb73c46747a692ff1bdeb1cb7?s=96&d=mm&r=g\",\"url\":\"https:\\\/\\\/secure.gravatar.com\\\/avatar\\\/9e2a264bab04e17dea24d937c9956304649a848cb73c46747a692ff1bdeb1cb7?s=96&d=mm&r=g\",\"contentUrl\":\"https:\\\/\\\/secure.gravatar.com\\\/avatar\\\/9e2a264bab04e17dea24d937c9956304649a848cb73c46747a692ff1bdeb1cb7?s=96&d=mm&r=g\",\"caption\":\"articolinews\"},\"url\":\"https:\\\/\\\/www.article-marketing.eu\\\/comunicatistampa\\\/author\\\/articolinews\\\/\"}]}<\/script>\n<!-- \/ Yoast SEO plugin. -->","yoast_head_json":{"title":"Davide D\u2019Arcangelo: presentato il programma di investimento Impatta4Equity, al centro gli ESG","robots":{"index":"index","follow":"follow","max-snippet":"max-snippet:-1","max-image-preview":"max-image-preview:large","max-video-preview":"max-video-preview:-1"},"canonical":"https:\/\/www.article-marketing.eu\/comunicatistampa\/davide-darcangelo-presentato-il-programma-di-investimento-impatta4equity-al-centro-gli-esg\/","og_locale":"it_IT","og_type":"article","og_title":"Davide D\u2019Arcangelo: presentato il programma di investimento Impatta4Equity, al centro gli ESG","og_description":"Due finora i progetti avviati, entrambi focalizzati sull&#8217;abbattimento della CO2. Tra i promotori Davide D&#8217;Arcangelo, Founder Next4, Vice Presidente di Impatta e Responsabile Sviluppo della Fondazione Italia Digitale. Davide D&#8217;Arcangelo: i motivi alla base dell&#8217;iniziativa Impatta4Equity Si \u00e8 tenuta lo scorso 25 giugno a Roma la presentazione del programma di investimento di Impatta4Equity, la prima societ\u00e0 che prende ispirazione dai valori espressi nell&#8217;enciclica Laudato si&#8217; di Papa Francesco. A promuovereContinue reading...","og_url":"https:\/\/www.article-marketing.eu\/comunicatistampa\/davide-darcangelo-presentato-il-programma-di-investimento-impatta4equity-al-centro-gli-esg\/","og_site_name":"Article Marketing","article_published_time":"2022-07-31T06:13:48+00:00","og_image":[{"url":"https:\/\/www.davidedarcangelo.it\/wp-content\/uploads\/2022\/03\/davide-darcangelo.jpeg","type":"","width":"","height":""}],"author":"articolinews","twitter_card":"summary_large_image","twitter_misc":{"Scritto da":"articolinews","Tempo di lettura stimato":"3 minuti"},"schema":{"@context":"https:\/\/schema.org","@graph":[{"@type":"Article","@id":"https:\/\/www.article-marketing.eu\/comunicatistampa\/davide-darcangelo-presentato-il-programma-di-investimento-impatta4equity-al-centro-gli-esg\/#article","isPartOf":{"@id":"https:\/\/www.article-marketing.eu\/comunicatistampa\/davide-darcangelo-presentato-il-programma-di-investimento-impatta4equity-al-centro-gli-esg\/"},"author":{"name":"articolinews","@id":"https:\/\/www.article-marketing.eu\/comunicatistampa\/#\/schema\/person\/2fcaf8f8f3a9eef9eb7f27532d3ca458"},"headline":"Davide D\u2019Arcangelo: presentato il programma di investimento Impatta4Equity, al centro gli ESG","datePublished":"2022-07-31T06:13:48+00:00","mainEntityOfPage":{"@id":"https:\/\/www.article-marketing.eu\/comunicatistampa\/davide-darcangelo-presentato-il-programma-di-investimento-impatta4equity-al-centro-gli-esg\/"},"wordCount":393,"commentCount":0,"image":{"@id":"https:\/\/www.article-marketing.eu\/comunicatistampa\/davide-darcangelo-presentato-il-programma-di-investimento-impatta4equity-al-centro-gli-esg\/#primaryimage"},"thumbnailUrl":"https:\/\/www.davidedarcangelo.it\/wp-content\/uploads\/2022\/03\/davide-darcangelo.jpeg","keywords":["Davide D\u2019Arcangelo"],"articleSection":["Comunicati stampa"],"inLanguage":"it-IT","potentialAction":[{"@type":"CommentAction","name":"Comment","target":["https:\/\/www.article-marketing.eu\/comunicatistampa\/davide-darcangelo-presentato-il-programma-di-investimento-impatta4equity-al-centro-gli-esg\/#respond"]}]},{"@type":"WebPage","@id":"https:\/\/www.article-marketing.eu\/comunicatistampa\/davide-darcangelo-presentato-il-programma-di-investimento-impatta4equity-al-centro-gli-esg\/","url":"https:\/\/www.article-marketing.eu\/comunicatistampa\/davide-darcangelo-presentato-il-programma-di-investimento-impatta4equity-al-centro-gli-esg\/","name":"Davide D\u2019Arcangelo: presentato il programma di investimento Impatta4Equity, al centro gli ESG","isPartOf":{"@id":"https:\/\/www.article-marketing.eu\/comunicatistampa\/#website"},"primaryImageOfPage":{"@id":"https:\/\/www.article-marketing.eu\/comunicatistampa\/davide-darcangelo-presentato-il-programma-di-investimento-impatta4equity-al-centro-gli-esg\/#primaryimage"},"image":{"@id":"https:\/\/www.article-marketing.eu\/comunicatistampa\/davide-darcangelo-presentato-il-programma-di-investimento-impatta4equity-al-centro-gli-esg\/#primaryimage"},"thumbnailUrl":"https:\/\/www.davidedarcangelo.it\/wp-content\/uploads\/2022\/03\/davide-darcangelo.jpeg","datePublished":"2022-07-31T06:13:48+00:00","author":{"@id":"https:\/\/www.article-marketing.eu\/comunicatistampa\/#\/schema\/person\/2fcaf8f8f3a9eef9eb7f27532d3ca458"},"breadcrumb":{"@id":"https:\/\/www.article-marketing.eu\/comunicatistampa\/davide-darcangelo-presentato-il-programma-di-investimento-impatta4equity-al-centro-gli-esg\/#breadcrumb"},"inLanguage":"it-IT","potentialAction":[{"@type":"ReadAction","target":["https:\/\/www.article-marketing.eu\/comunicatistampa\/davide-darcangelo-presentato-il-programma-di-investimento-impatta4equity-al-centro-gli-esg\/"]}]},{"@type":"ImageObject","inLanguage":"it-IT","@id":"https:\/\/www.article-marketing.eu\/comunicatistampa\/davide-darcangelo-presentato-il-programma-di-investimento-impatta4equity-al-centro-gli-esg\/#primaryimage","url":"https:\/\/www.davidedarcangelo.it\/wp-content\/uploads\/2022\/03\/davide-darcangelo.jpeg","contentUrl":"https:\/\/www.davidedarcangelo.it\/wp-content\/uploads\/2022\/03\/davide-darcangelo.jpeg"},{"@type":"BreadcrumbList","@id":"https:\/\/www.article-marketing.eu\/comunicatistampa\/davide-darcangelo-presentato-il-programma-di-investimento-impatta4equity-al-centro-gli-esg\/#breadcrumb","itemListElement":[{"@type":"ListItem","position":1,"name":"Home","item":"https:\/\/www.article-marketing.eu\/comunicatistampa\/"},{"@type":"ListItem","position":2,"name":"Davide D\u2019Arcangelo: presentato il programma di investimento Impatta4Equity, al centro gli ESG"}]},{"@type":"WebSite","@id":"https:\/\/www.article-marketing.eu\/comunicatistampa\/#website","url":"https:\/\/www.article-marketing.eu\/comunicatistampa\/","name":"Article Marketing","description":"article marketing &amp; press release","potentialAction":[{"@type":"SearchAction","target":{"@type":"EntryPoint","urlTemplate":"https:\/\/www.article-marketing.eu\/comunicatistampa\/?s={search_term_string}"},"query-input":{"@type":"PropertyValueSpecification","valueRequired":true,"valueName":"search_term_string"}}],"inLanguage":"it-IT"},{"@type":"Person","@id":"https:\/\/www.article-marketing.eu\/comunicatistampa\/#\/schema\/person\/2fcaf8f8f3a9eef9eb7f27532d3ca458","name":"articolinews","image":{"@type":"ImageObject","inLanguage":"it-IT","@id":"https:\/\/secure.gravatar.com\/avatar\/9e2a264bab04e17dea24d937c9956304649a848cb73c46747a692ff1bdeb1cb7?s=96&d=mm&r=g","url":"https:\/\/secure.gravatar.com\/avatar\/9e2a264bab04e17dea24d937c9956304649a848cb73c46747a692ff1bdeb1cb7?s=96&d=mm&r=g","contentUrl":"https:\/\/secure.gravatar.com\/avatar\/9e2a264bab04e17dea24d937c9956304649a848cb73c46747a692ff1bdeb1cb7?s=96&d=mm&r=g","caption":"articolinews"},"url":"https:\/\/www.article-marketing.eu\/comunicatistampa\/author\/articolinews\/"}]}},"_links":{"self":[{"href":"https:\/\/www.article-marketing.eu\/comunicatistampa\/wp-json\/wp\/v2\/posts\/24159","targetHints":{"allow":["GET"]}}],"collection":[{"href":"https:\/\/www.article-marketing.eu\/comunicatistampa\/wp-json\/wp\/v2\/posts"}],"about":[{"href":"https:\/\/www.article-marketing.eu\/comunicatistampa\/wp-json\/wp\/v2\/types\/post"}],"author":[{"embeddable":true,"href":"https:\/\/www.article-marketing.eu\/comunicatistampa\/wp-json\/wp\/v2\/users\/6477"}],"replies":[{"embeddable":true,"href":"https:\/\/www.article-marketing.eu\/comunicatistampa\/wp-json\/wp\/v2\/comments?post=24159"}],"version-history":[{"count":2,"href":"https:\/\/www.article-marketing.eu\/comunicatistampa\/wp-json\/wp\/v2\/posts\/24159\/revisions"}],"predecessor-version":[{"id":24200,"href":"https:\/\/www.article-marketing.eu\/comunicatistampa\/wp-json\/wp\/v2\/posts\/24159\/revisions\/24200"}],"wp:attachment":[{"href":"https:\/\/www.article-marketing.eu\/comunicatistampa\/wp-json\/wp\/v2\/media?parent=24159"}],"wp:term":[{"taxonomy":"category","embeddable":true,"href":"https:\/\/www.article-marketing.eu\/comunicatistampa\/wp-json\/wp\/v2\/categories?post=24159"},{"taxonomy":"post_tag","embeddable":true,"href":"https:\/\/www.article-marketing.eu\/comunicatistampa\/wp-json\/wp\/v2\/tags?post=24159"}],"curies":[{"name":"wp","href":"https:\/\/api.w.org\/{rel}","templated":true}]}}