{"id":24164,"date":"2022-07-27T12:38:59","date_gmt":"2022-07-27T10:38:59","guid":{"rendered":"https:\/\/www.article-marketing.eu\/comunicatistampa\/?p=24164"},"modified":"2022-07-27T10:40:58","modified_gmt":"2022-07-27T08:40:58","slug":"chiamata-per-rilanciare-i-brand-lad-di-illycaffe-cristina-scocchia-e-stata-anche-in-loreal-e-kiko","status":"publish","type":"post","link":"https:\/\/www.article-marketing.eu\/comunicatistampa\/chiamata-per-rilanciare-i-brand-lad-di-illycaffe-cristina-scocchia-e-stata-anche-in-loreal-e-kiko\/","title":{"rendered":"Chiamata per rilanciare i brand, l\u2019AD di Illycaff\u00e8 Cristina Scocchia \u00e8 stata anche in L\u2019Or\u00e9al e KIKO"},"content":{"rendered":"<p><em><strong>&#8220;Come ti vedi tra 15 anni?&#8221;, le chiedevano. &#8220;Mi vedo Amministratore Delegato&#8221;, rispondeva <a title=\"Cristina Scocchia: il percorso professionale\" href=\"https:\/\/www.repubblica.it\/economia\/2019\/03\/24\/news\/cristina_scocchia_e_la_profezia_del_primo_colloquio_come_mi_vedo_fra_15_anni_amministratore_delegato_-222257374\/\">Cristina Scocchia<\/a> durante i primi colloqui. Dopo essere stata ai vertici di L&#8217;Or\u00e9al e KIKO, oggi \u00e8 AD di Illycaff\u00e9.<\/strong><\/em><\/p>\n<p><a title=\"Cristina Scocchia: la biografia - Repubblica\" href=\"https:\/\/www.repubblica.it\/economia\/2019\/03\/24\/news\/cristina_scocchia_e_la_profezia_del_primo_colloquio_come_mi_vedo_fra_15_anni_amministratore_delegato_-222257374\/\"><img decoding=\"async\" src=\"https:\/\/cristinascocchia.it\/wp-content\/themes\/cristina_scocchia\/assets\/img\/cristina-scocchia-des.jpg\" alt=\"Cristina Scocchia\" width=\"120\" \/><\/a><\/p>\n<h2>Cristina Scocchia: dall&#8217;esordio in Procter &amp; Gamble ad Amministratore Delegato di L&#8217;Or\u00e9al<\/h2>\n<p>Classe 1973, <strong>Cristina Scocchia<\/strong> ha esordito professionalmente, ancora prima di laurearsi, presso la multinazionale americana Procter &amp; Gamble, conosciuta grazie all&#8217;Universit\u00e0 Bocconi in occasione di un career day. Dopo uno stage di tre mesi, durante i quali ha dato il 200%, viene assunta dall&#8217;azienda. Interessata principalmente al mondo beauty, le affidano invece un prodotto per dentiere: <em>&#8220;Ho sviluppato una campagna di comunicazione per Kukident per l&#8217;Europa, poi mi hanno dato anche la responsabilit\u00e0 per gli States. Questa marca, non proprio la pi\u00f9 affascinante del mondo, mi ha fatto crescere&#8221;<\/em>. Nel 2007 pu\u00f2 finalmente coronare il suo sogno passando al settore beauty dove lavora con ruoli diversi fino a diventare Responsabile di Max Factor in 75 Paesi del mondo. <em>&#8220;Non avrei potuto essere pi\u00f9 contenta&#8221;<\/em>, conferma l&#8217;AD di Illycaff\u00e8. <em>&#8220;Sentivo la responsabilit\u00e0 di metterci la faccia, di fare scelte anche difficili, sapendo che avrebbero reso pi\u00f9 forte l&#8217;azienda&#8221;<\/em>. Nel 2013 arriva la chiamata da L&#8217;Or\u00e9al per riportare l&#8217;azienda alla crescita. <strong>Cristina Scocchia<\/strong> trascorre sei mesi nella capitale francese con l&#8217;obiettivo di conoscere da vicino la nuova realt\u00e0 e successivamente si trasferisce a Milano. Nel corso dei quattro anni in qualit\u00e0 di AD, non solo riesce a ridare slancio alla filiale, ma si impegna a favore dello smart working permettendo ai dipendenti di lavorare da casa per quattro giorni al mese. <em>&#8220;\u00c8 stata una sfida professionale riportare la filiale alla crescita dopo anni di segni in meno sui bilanci&#8221;<\/em>, racconta. <em>&#8220;Sono stati anni belli, adrenalinici, affascinanti&#8221;<\/em>.<\/p>\n<h2>Cristina Scocchia riporta KIKO a una crescita profittevole<\/h2>\n<p>Nel 2017 arriva una nuova sfida per <a title=\"Cristina Scocchia: la carriera - Repubblica\" href=\"https:\/\/www.repubblica.it\/economia\/2019\/03\/24\/news\/cristina_scocchia_e_la_profezia_del_primo_colloquio_come_mi_vedo_fra_15_anni_amministratore_delegato_-222257374\/\">Cristina Scocchia<\/a>: riportare KIKO, azienda leader nel make-up per le giovani donne, a una crescita profittevole. A luglio di quello stesso anno viene quindi nominata Amministratore Delegato. <em>&#8220;Nelle multinazionali come AD di una filiale<\/em> &#8211; spiega &#8211; n<em>on gestisci la cassa, gli azionisti, il prodotto e l&#8217;internazionalit\u00e0. E quindi mi sono detta: forse \u00e8 il momento giusto per provare a fare davvero tutto, dalla a alla zeta&#8221;<\/em>. Scelte mirate e consapevoli le consentono di rilanciare il brand grazie a un piano industriale di incremento a tre anni attraverso 90 milioni di investimenti. Se da una parte c&#8217;\u00e8 stata la drastica chiusura di 137 negozi su 1.000 (tra Stati Uniti, Germania e Regno Unito), dall&#8217;altra sono stati inaugurati 20 nuovi shop in Medio Oriente e Asia. I risultati non tardano ad arrivare. <em>&#8220;Nel 2018 abbiamo chiuso a 596 milioni e un forte incremento della profittabilit\u00e0&#8221;<\/em>, ha commentato <strong>Cristina Scocchia<\/strong>. In seguito all&#8217;accordo con la piattaforma di Alibaba, Tmall, il canale e-commerce ha inoltre registrato un +28%. <em>&#8220;Per incontrare i gusti delle Millennial che non sono una fascia omogenea, ma abbastanza variegata<\/em> &#8211; ha poi aggiunto &#8211; <em>sono nate le collezioni targhettizzate che hanno raggiunto il 21% del fatturato totale con un incremento a doppia cifra rispetto al 2017&#8243;<\/em>.<\/p>\n","protected":false},"excerpt":{"rendered":"<p>&#8220;Come ti vedi tra 15 anni?&#8221;, le chiedevano. &#8220;Mi vedo Amministratore Delegato&#8221;, rispondeva Cristina Scocchia durante i primi colloqui. Dopo essere stata ai vertici di L&#8217;Or\u00e9al e KIKO, oggi \u00e8 AD di Illycaff\u00e9. Cristina Scocchia: dall&#8217;esordio in Procter &amp; Gamble ad Amministratore Delegato di L&#8217;Or\u00e9al Classe 1973, Cristina Scocchia ha esordito professionalmente, ancora prima di laurearsi, presso la multinazionale americana Procter &amp; Gamble, conosciuta grazie all&#8217;Universit\u00e0 Bocconi in occasione di<\/p>\n<p><a class=\"continue-reading\" href=\"https:\/\/www.article-marketing.eu\/comunicatistampa\/chiamata-per-rilanciare-i-brand-lad-di-illycaffe-cristina-scocchia-e-stata-anche-in-loreal-e-kiko\/\">Continue reading&#8230;<\/a><\/p>\n","protected":false},"author":7088,"featured_media":0,"comment_status":"open","ping_status":"open","sticky":false,"template":"","format":"standard","meta":{"_monsterinsights_skip_tracking":false,"_monsterinsights_sitenote_active":false,"_monsterinsights_sitenote_note":"","_monsterinsights_sitenote_category":0,"footnotes":""},"categories":[386],"tags":[9654],"class_list":["post-24164","post","type-post","status-publish","format-standard","hentry","category-economia-e-lavoro","tag-cristina-scocchia"],"yoast_head":"<!-- This site is optimized with the Yoast SEO plugin v27.3 - https:\/\/yoast.com\/product\/yoast-seo-wordpress\/ -->\n<title>Chiamata per rilanciare i brand, l\u2019AD di Illycaff\u00e8 Cristina Scocchia \u00e8 stata anche in L\u2019Or\u00e9al e KIKO<\/title>\n<meta name=\"robots\" content=\"index, follow, max-snippet:-1, max-image-preview:large, max-video-preview:-1\" \/>\n<link rel=\"canonical\" href=\"https:\/\/www.article-marketing.eu\/comunicatistampa\/chiamata-per-rilanciare-i-brand-lad-di-illycaffe-cristina-scocchia-e-stata-anche-in-loreal-e-kiko\/\" \/>\n<meta property=\"og:locale\" content=\"it_IT\" \/>\n<meta property=\"og:type\" content=\"article\" \/>\n<meta property=\"og:title\" content=\"Chiamata per rilanciare i brand, l\u2019AD di Illycaff\u00e8 Cristina Scocchia \u00e8 stata anche in L\u2019Or\u00e9al e KIKO\" \/>\n<meta property=\"og:description\" content=\"&#8220;Come ti vedi tra 15 anni?&#8221;, le chiedevano. &#8220;Mi vedo Amministratore Delegato&#8221;, rispondeva Cristina Scocchia durante i primi colloqui. Dopo essere stata ai vertici di L&#8217;Or\u00e9al e KIKO, oggi \u00e8 AD di Illycaff\u00e9. Cristina Scocchia: dall&#8217;esordio in Procter &amp; Gamble ad Amministratore Delegato di L&#8217;Or\u00e9al Classe 1973, Cristina Scocchia ha esordito professionalmente, ancora prima di laurearsi, presso la multinazionale americana Procter &amp; Gamble, conosciuta grazie all&#8217;Universit\u00e0 Bocconi in occasione diContinue reading...\" \/>\n<meta property=\"og:url\" content=\"https:\/\/www.article-marketing.eu\/comunicatistampa\/chiamata-per-rilanciare-i-brand-lad-di-illycaffe-cristina-scocchia-e-stata-anche-in-loreal-e-kiko\/\" \/>\n<meta property=\"og:site_name\" content=\"Article Marketing\" \/>\n<meta property=\"article:published_time\" content=\"2022-07-27T10:38:59+00:00\" \/>\n<meta property=\"og:image\" content=\"https:\/\/cristinascocchia.it\/wp-content\/themes\/cristina_scocchia\/assets\/img\/cristina-scocchia-des.jpg\" \/>\n<meta name=\"author\" content=\"officecsweb\" \/>\n<meta name=\"twitter:card\" content=\"summary_large_image\" \/>\n<meta name=\"twitter:label1\" content=\"Scritto da\" \/>\n\t<meta name=\"twitter:data1\" content=\"officecsweb\" \/>\n\t<meta name=\"twitter:label2\" content=\"Tempo di lettura stimato\" \/>\n\t<meta name=\"twitter:data2\" content=\"3 minuti\" \/>\n<script type=\"application\/ld+json\" class=\"yoast-schema-graph\">{\"@context\":\"https:\\\/\\\/schema.org\",\"@graph\":[{\"@type\":\"Article\",\"@id\":\"https:\\\/\\\/www.article-marketing.eu\\\/comunicatistampa\\\/chiamata-per-rilanciare-i-brand-lad-di-illycaffe-cristina-scocchia-e-stata-anche-in-loreal-e-kiko\\\/#article\",\"isPartOf\":{\"@id\":\"https:\\\/\\\/www.article-marketing.eu\\\/comunicatistampa\\\/chiamata-per-rilanciare-i-brand-lad-di-illycaffe-cristina-scocchia-e-stata-anche-in-loreal-e-kiko\\\/\"},\"author\":{\"name\":\"officecsweb\",\"@id\":\"https:\\\/\\\/www.article-marketing.eu\\\/comunicatistampa\\\/#\\\/schema\\\/person\\\/cfe0e3fe87ac4e737efb364fc81b596f\"},\"headline\":\"Chiamata per rilanciare i brand, l\u2019AD di Illycaff\u00e8 Cristina Scocchia \u00e8 stata anche in L\u2019Or\u00e9al e KIKO\",\"datePublished\":\"2022-07-27T10:38:59+00:00\",\"mainEntityOfPage\":{\"@id\":\"https:\\\/\\\/www.article-marketing.eu\\\/comunicatistampa\\\/chiamata-per-rilanciare-i-brand-lad-di-illycaffe-cristina-scocchia-e-stata-anche-in-loreal-e-kiko\\\/\"},\"wordCount\":514,\"commentCount\":0,\"image\":{\"@id\":\"https:\\\/\\\/www.article-marketing.eu\\\/comunicatistampa\\\/chiamata-per-rilanciare-i-brand-lad-di-illycaffe-cristina-scocchia-e-stata-anche-in-loreal-e-kiko\\\/#primaryimage\"},\"thumbnailUrl\":\"https:\\\/\\\/cristinascocchia.it\\\/wp-content\\\/themes\\\/cristina_scocchia\\\/assets\\\/img\\\/cristina-scocchia-des.jpg\",\"keywords\":[\"Cristina Scocchia\"],\"articleSection\":[\"Economia e lavoro\"],\"inLanguage\":\"it-IT\",\"potentialAction\":[{\"@type\":\"CommentAction\",\"name\":\"Comment\",\"target\":[\"https:\\\/\\\/www.article-marketing.eu\\\/comunicatistampa\\\/chiamata-per-rilanciare-i-brand-lad-di-illycaffe-cristina-scocchia-e-stata-anche-in-loreal-e-kiko\\\/#respond\"]}]},{\"@type\":\"WebPage\",\"@id\":\"https:\\\/\\\/www.article-marketing.eu\\\/comunicatistampa\\\/chiamata-per-rilanciare-i-brand-lad-di-illycaffe-cristina-scocchia-e-stata-anche-in-loreal-e-kiko\\\/\",\"url\":\"https:\\\/\\\/www.article-marketing.eu\\\/comunicatistampa\\\/chiamata-per-rilanciare-i-brand-lad-di-illycaffe-cristina-scocchia-e-stata-anche-in-loreal-e-kiko\\\/\",\"name\":\"Chiamata per rilanciare i brand, l\u2019AD di Illycaff\u00e8 Cristina Scocchia \u00e8 stata anche in L\u2019Or\u00e9al e KIKO\",\"isPartOf\":{\"@id\":\"https:\\\/\\\/www.article-marketing.eu\\\/comunicatistampa\\\/#website\"},\"primaryImageOfPage\":{\"@id\":\"https:\\\/\\\/www.article-marketing.eu\\\/comunicatistampa\\\/chiamata-per-rilanciare-i-brand-lad-di-illycaffe-cristina-scocchia-e-stata-anche-in-loreal-e-kiko\\\/#primaryimage\"},\"image\":{\"@id\":\"https:\\\/\\\/www.article-marketing.eu\\\/comunicatistampa\\\/chiamata-per-rilanciare-i-brand-lad-di-illycaffe-cristina-scocchia-e-stata-anche-in-loreal-e-kiko\\\/#primaryimage\"},\"thumbnailUrl\":\"https:\\\/\\\/cristinascocchia.it\\\/wp-content\\\/themes\\\/cristina_scocchia\\\/assets\\\/img\\\/cristina-scocchia-des.jpg\",\"datePublished\":\"2022-07-27T10:38:59+00:00\",\"author\":{\"@id\":\"https:\\\/\\\/www.article-marketing.eu\\\/comunicatistampa\\\/#\\\/schema\\\/person\\\/cfe0e3fe87ac4e737efb364fc81b596f\"},\"breadcrumb\":{\"@id\":\"https:\\\/\\\/www.article-marketing.eu\\\/comunicatistampa\\\/chiamata-per-rilanciare-i-brand-lad-di-illycaffe-cristina-scocchia-e-stata-anche-in-loreal-e-kiko\\\/#breadcrumb\"},\"inLanguage\":\"it-IT\",\"potentialAction\":[{\"@type\":\"ReadAction\",\"target\":[\"https:\\\/\\\/www.article-marketing.eu\\\/comunicatistampa\\\/chiamata-per-rilanciare-i-brand-lad-di-illycaffe-cristina-scocchia-e-stata-anche-in-loreal-e-kiko\\\/\"]}]},{\"@type\":\"ImageObject\",\"inLanguage\":\"it-IT\",\"@id\":\"https:\\\/\\\/www.article-marketing.eu\\\/comunicatistampa\\\/chiamata-per-rilanciare-i-brand-lad-di-illycaffe-cristina-scocchia-e-stata-anche-in-loreal-e-kiko\\\/#primaryimage\",\"url\":\"https:\\\/\\\/cristinascocchia.it\\\/wp-content\\\/themes\\\/cristina_scocchia\\\/assets\\\/img\\\/cristina-scocchia-des.jpg\",\"contentUrl\":\"https:\\\/\\\/cristinascocchia.it\\\/wp-content\\\/themes\\\/cristina_scocchia\\\/assets\\\/img\\\/cristina-scocchia-des.jpg\"},{\"@type\":\"BreadcrumbList\",\"@id\":\"https:\\\/\\\/www.article-marketing.eu\\\/comunicatistampa\\\/chiamata-per-rilanciare-i-brand-lad-di-illycaffe-cristina-scocchia-e-stata-anche-in-loreal-e-kiko\\\/#breadcrumb\",\"itemListElement\":[{\"@type\":\"ListItem\",\"position\":1,\"name\":\"Home\",\"item\":\"https:\\\/\\\/www.article-marketing.eu\\\/comunicatistampa\\\/\"},{\"@type\":\"ListItem\",\"position\":2,\"name\":\"Chiamata per rilanciare i brand, l\u2019AD di Illycaff\u00e8 Cristina Scocchia \u00e8 stata anche in L\u2019Or\u00e9al e KIKO\"}]},{\"@type\":\"WebSite\",\"@id\":\"https:\\\/\\\/www.article-marketing.eu\\\/comunicatistampa\\\/#website\",\"url\":\"https:\\\/\\\/www.article-marketing.eu\\\/comunicatistampa\\\/\",\"name\":\"Article Marketing\",\"description\":\"article marketing &amp; press release\",\"potentialAction\":[{\"@type\":\"SearchAction\",\"target\":{\"@type\":\"EntryPoint\",\"urlTemplate\":\"https:\\\/\\\/www.article-marketing.eu\\\/comunicatistampa\\\/?s={search_term_string}\"},\"query-input\":{\"@type\":\"PropertyValueSpecification\",\"valueRequired\":true,\"valueName\":\"search_term_string\"}}],\"inLanguage\":\"it-IT\"},{\"@type\":\"Person\",\"@id\":\"https:\\\/\\\/www.article-marketing.eu\\\/comunicatistampa\\\/#\\\/schema\\\/person\\\/cfe0e3fe87ac4e737efb364fc81b596f\",\"name\":\"officecsweb\",\"image\":{\"@type\":\"ImageObject\",\"inLanguage\":\"it-IT\",\"@id\":\"https:\\\/\\\/secure.gravatar.com\\\/avatar\\\/fe6a2860ccda1397815d483f3a9a4df158a311e9771fbd77255eba4a7d3f7d49?s=96&d=mm&r=g\",\"url\":\"https:\\\/\\\/secure.gravatar.com\\\/avatar\\\/fe6a2860ccda1397815d483f3a9a4df158a311e9771fbd77255eba4a7d3f7d49?s=96&d=mm&r=g\",\"contentUrl\":\"https:\\\/\\\/secure.gravatar.com\\\/avatar\\\/fe6a2860ccda1397815d483f3a9a4df158a311e9771fbd77255eba4a7d3f7d49?s=96&d=mm&r=g\",\"caption\":\"officecsweb\"},\"url\":\"https:\\\/\\\/www.article-marketing.eu\\\/comunicatistampa\\\/author\\\/officecsweb\\\/\"}]}<\/script>\n<!-- \/ Yoast SEO plugin. -->","yoast_head_json":{"title":"Chiamata per rilanciare i brand, l\u2019AD di Illycaff\u00e8 Cristina Scocchia \u00e8 stata anche in L\u2019Or\u00e9al e KIKO","robots":{"index":"index","follow":"follow","max-snippet":"max-snippet:-1","max-image-preview":"max-image-preview:large","max-video-preview":"max-video-preview:-1"},"canonical":"https:\/\/www.article-marketing.eu\/comunicatistampa\/chiamata-per-rilanciare-i-brand-lad-di-illycaffe-cristina-scocchia-e-stata-anche-in-loreal-e-kiko\/","og_locale":"it_IT","og_type":"article","og_title":"Chiamata per rilanciare i brand, l\u2019AD di Illycaff\u00e8 Cristina Scocchia \u00e8 stata anche in L\u2019Or\u00e9al e KIKO","og_description":"&#8220;Come ti vedi tra 15 anni?&#8221;, le chiedevano. &#8220;Mi vedo Amministratore Delegato&#8221;, rispondeva Cristina Scocchia durante i primi colloqui. Dopo essere stata ai vertici di L&#8217;Or\u00e9al e KIKO, oggi \u00e8 AD di Illycaff\u00e9. Cristina Scocchia: dall&#8217;esordio in Procter &amp; Gamble ad Amministratore Delegato di L&#8217;Or\u00e9al Classe 1973, Cristina Scocchia ha esordito professionalmente, ancora prima di laurearsi, presso la multinazionale americana Procter &amp; Gamble, conosciuta grazie all&#8217;Universit\u00e0 Bocconi in occasione diContinue reading...","og_url":"https:\/\/www.article-marketing.eu\/comunicatistampa\/chiamata-per-rilanciare-i-brand-lad-di-illycaffe-cristina-scocchia-e-stata-anche-in-loreal-e-kiko\/","og_site_name":"Article Marketing","article_published_time":"2022-07-27T10:38:59+00:00","og_image":[{"url":"https:\/\/cristinascocchia.it\/wp-content\/themes\/cristina_scocchia\/assets\/img\/cristina-scocchia-des.jpg","type":"","width":"","height":""}],"author":"officecsweb","twitter_card":"summary_large_image","twitter_misc":{"Scritto da":"officecsweb","Tempo di lettura stimato":"3 minuti"},"schema":{"@context":"https:\/\/schema.org","@graph":[{"@type":"Article","@id":"https:\/\/www.article-marketing.eu\/comunicatistampa\/chiamata-per-rilanciare-i-brand-lad-di-illycaffe-cristina-scocchia-e-stata-anche-in-loreal-e-kiko\/#article","isPartOf":{"@id":"https:\/\/www.article-marketing.eu\/comunicatistampa\/chiamata-per-rilanciare-i-brand-lad-di-illycaffe-cristina-scocchia-e-stata-anche-in-loreal-e-kiko\/"},"author":{"name":"officecsweb","@id":"https:\/\/www.article-marketing.eu\/comunicatistampa\/#\/schema\/person\/cfe0e3fe87ac4e737efb364fc81b596f"},"headline":"Chiamata per rilanciare i brand, l\u2019AD di Illycaff\u00e8 Cristina Scocchia \u00e8 stata anche in L\u2019Or\u00e9al e KIKO","datePublished":"2022-07-27T10:38:59+00:00","mainEntityOfPage":{"@id":"https:\/\/www.article-marketing.eu\/comunicatistampa\/chiamata-per-rilanciare-i-brand-lad-di-illycaffe-cristina-scocchia-e-stata-anche-in-loreal-e-kiko\/"},"wordCount":514,"commentCount":0,"image":{"@id":"https:\/\/www.article-marketing.eu\/comunicatistampa\/chiamata-per-rilanciare-i-brand-lad-di-illycaffe-cristina-scocchia-e-stata-anche-in-loreal-e-kiko\/#primaryimage"},"thumbnailUrl":"https:\/\/cristinascocchia.it\/wp-content\/themes\/cristina_scocchia\/assets\/img\/cristina-scocchia-des.jpg","keywords":["Cristina Scocchia"],"articleSection":["Economia e lavoro"],"inLanguage":"it-IT","potentialAction":[{"@type":"CommentAction","name":"Comment","target":["https:\/\/www.article-marketing.eu\/comunicatistampa\/chiamata-per-rilanciare-i-brand-lad-di-illycaffe-cristina-scocchia-e-stata-anche-in-loreal-e-kiko\/#respond"]}]},{"@type":"WebPage","@id":"https:\/\/www.article-marketing.eu\/comunicatistampa\/chiamata-per-rilanciare-i-brand-lad-di-illycaffe-cristina-scocchia-e-stata-anche-in-loreal-e-kiko\/","url":"https:\/\/www.article-marketing.eu\/comunicatistampa\/chiamata-per-rilanciare-i-brand-lad-di-illycaffe-cristina-scocchia-e-stata-anche-in-loreal-e-kiko\/","name":"Chiamata per rilanciare i brand, l\u2019AD di Illycaff\u00e8 Cristina Scocchia \u00e8 stata anche in L\u2019Or\u00e9al e KIKO","isPartOf":{"@id":"https:\/\/www.article-marketing.eu\/comunicatistampa\/#website"},"primaryImageOfPage":{"@id":"https:\/\/www.article-marketing.eu\/comunicatistampa\/chiamata-per-rilanciare-i-brand-lad-di-illycaffe-cristina-scocchia-e-stata-anche-in-loreal-e-kiko\/#primaryimage"},"image":{"@id":"https:\/\/www.article-marketing.eu\/comunicatistampa\/chiamata-per-rilanciare-i-brand-lad-di-illycaffe-cristina-scocchia-e-stata-anche-in-loreal-e-kiko\/#primaryimage"},"thumbnailUrl":"https:\/\/cristinascocchia.it\/wp-content\/themes\/cristina_scocchia\/assets\/img\/cristina-scocchia-des.jpg","datePublished":"2022-07-27T10:38:59+00:00","author":{"@id":"https:\/\/www.article-marketing.eu\/comunicatistampa\/#\/schema\/person\/cfe0e3fe87ac4e737efb364fc81b596f"},"breadcrumb":{"@id":"https:\/\/www.article-marketing.eu\/comunicatistampa\/chiamata-per-rilanciare-i-brand-lad-di-illycaffe-cristina-scocchia-e-stata-anche-in-loreal-e-kiko\/#breadcrumb"},"inLanguage":"it-IT","potentialAction":[{"@type":"ReadAction","target":["https:\/\/www.article-marketing.eu\/comunicatistampa\/chiamata-per-rilanciare-i-brand-lad-di-illycaffe-cristina-scocchia-e-stata-anche-in-loreal-e-kiko\/"]}]},{"@type":"ImageObject","inLanguage":"it-IT","@id":"https:\/\/www.article-marketing.eu\/comunicatistampa\/chiamata-per-rilanciare-i-brand-lad-di-illycaffe-cristina-scocchia-e-stata-anche-in-loreal-e-kiko\/#primaryimage","url":"https:\/\/cristinascocchia.it\/wp-content\/themes\/cristina_scocchia\/assets\/img\/cristina-scocchia-des.jpg","contentUrl":"https:\/\/cristinascocchia.it\/wp-content\/themes\/cristina_scocchia\/assets\/img\/cristina-scocchia-des.jpg"},{"@type":"BreadcrumbList","@id":"https:\/\/www.article-marketing.eu\/comunicatistampa\/chiamata-per-rilanciare-i-brand-lad-di-illycaffe-cristina-scocchia-e-stata-anche-in-loreal-e-kiko\/#breadcrumb","itemListElement":[{"@type":"ListItem","position":1,"name":"Home","item":"https:\/\/www.article-marketing.eu\/comunicatistampa\/"},{"@type":"ListItem","position":2,"name":"Chiamata per rilanciare i brand, l\u2019AD di Illycaff\u00e8 Cristina Scocchia \u00e8 stata anche in L\u2019Or\u00e9al e KIKO"}]},{"@type":"WebSite","@id":"https:\/\/www.article-marketing.eu\/comunicatistampa\/#website","url":"https:\/\/www.article-marketing.eu\/comunicatistampa\/","name":"Article Marketing","description":"article marketing &amp; press release","potentialAction":[{"@type":"SearchAction","target":{"@type":"EntryPoint","urlTemplate":"https:\/\/www.article-marketing.eu\/comunicatistampa\/?s={search_term_string}"},"query-input":{"@type":"PropertyValueSpecification","valueRequired":true,"valueName":"search_term_string"}}],"inLanguage":"it-IT"},{"@type":"Person","@id":"https:\/\/www.article-marketing.eu\/comunicatistampa\/#\/schema\/person\/cfe0e3fe87ac4e737efb364fc81b596f","name":"officecsweb","image":{"@type":"ImageObject","inLanguage":"it-IT","@id":"https:\/\/secure.gravatar.com\/avatar\/fe6a2860ccda1397815d483f3a9a4df158a311e9771fbd77255eba4a7d3f7d49?s=96&d=mm&r=g","url":"https:\/\/secure.gravatar.com\/avatar\/fe6a2860ccda1397815d483f3a9a4df158a311e9771fbd77255eba4a7d3f7d49?s=96&d=mm&r=g","contentUrl":"https:\/\/secure.gravatar.com\/avatar\/fe6a2860ccda1397815d483f3a9a4df158a311e9771fbd77255eba4a7d3f7d49?s=96&d=mm&r=g","caption":"officecsweb"},"url":"https:\/\/www.article-marketing.eu\/comunicatistampa\/author\/officecsweb\/"}]}},"_links":{"self":[{"href":"https:\/\/www.article-marketing.eu\/comunicatistampa\/wp-json\/wp\/v2\/posts\/24164","targetHints":{"allow":["GET"]}}],"collection":[{"href":"https:\/\/www.article-marketing.eu\/comunicatistampa\/wp-json\/wp\/v2\/posts"}],"about":[{"href":"https:\/\/www.article-marketing.eu\/comunicatistampa\/wp-json\/wp\/v2\/types\/post"}],"author":[{"embeddable":true,"href":"https:\/\/www.article-marketing.eu\/comunicatistampa\/wp-json\/wp\/v2\/users\/7088"}],"replies":[{"embeddable":true,"href":"https:\/\/www.article-marketing.eu\/comunicatistampa\/wp-json\/wp\/v2\/comments?post=24164"}],"version-history":[{"count":2,"href":"https:\/\/www.article-marketing.eu\/comunicatistampa\/wp-json\/wp\/v2\/posts\/24164\/revisions"}],"predecessor-version":[{"id":24188,"href":"https:\/\/www.article-marketing.eu\/comunicatistampa\/wp-json\/wp\/v2\/posts\/24164\/revisions\/24188"}],"wp:attachment":[{"href":"https:\/\/www.article-marketing.eu\/comunicatistampa\/wp-json\/wp\/v2\/media?parent=24164"}],"wp:term":[{"taxonomy":"category","embeddable":true,"href":"https:\/\/www.article-marketing.eu\/comunicatistampa\/wp-json\/wp\/v2\/categories?post=24164"},{"taxonomy":"post_tag","embeddable":true,"href":"https:\/\/www.article-marketing.eu\/comunicatistampa\/wp-json\/wp\/v2\/tags?post=24164"}],"curies":[{"name":"wp","href":"https:\/\/api.w.org\/{rel}","templated":true}]}}