{"id":24225,"date":"2022-08-04T09:13:47","date_gmt":"2022-08-04T07:13:47","guid":{"rendered":"https:\/\/www.article-marketing.eu\/comunicatistampa\/?p=24225"},"modified":"2022-08-04T09:13:47","modified_gmt":"2022-08-04T07:13:47","slug":"sociale-welfare-e-polo-unico-le-prospettive-di-atitech-nelle-parole-di-gianni-lettieri","status":"publish","type":"post","link":"https:\/\/www.article-marketing.eu\/comunicatistampa\/sociale-welfare-e-polo-unico-le-prospettive-di-atitech-nelle-parole-di-gianni-lettieri\/","title":{"rendered":"Sociale, welfare e Polo unico: le prospettive di Atitech nelle parole di Gianni Lettieri"},"content":{"rendered":"<p><em><strong>Hub vaccinali, pasti per i bisognosi, ma anche fondi per la formazione e la salute dei figli dei dipendenti. Sotto la guida di <a title=\"Gianni Lettieri - YouTube\" href=\"https:\/\/www.youtube.com\/channel\/UCNrFdsPdMCEYyeozAHK_siA\">Gianni Lettieri<\/a>, Atitech porta avanti il suo impegno sul sociale e sul welfare. Intanto l&#8217;azienda punta alla creazione di un Polo unico per la manutenzione.<\/strong><\/em><\/p>\n<p><a title=\"Gianni Lettieri: YouTube\" href=\"https:\/\/www.youtube.com\/channel\/UCNrFdsPdMCEYyeozAHK_siA\"><img decoding=\"async\" src=\"https:\/\/www.topmanagers.it\/SharingFolder\/TopManager\/it\/ManagerProfilePhoto\/Photo\/gianni-lettieri-topmanagers.jpg\" alt=\"Gianni Lettieri\" width=\"120\" \/><\/a><\/p>\n<h2>Gianni Lettieri: &#8220;In Atitech cambio di mentalit\u00e0. L&#8217;azienda appartiene ai dipendenti&#8221;<\/h2>\n<p>Nonostante la pandemia e gli effetti del conflitto russo-ucraino, negli ultimi anni Atitech \u00e8 stata protagonista di un percorso di forte crescita. Oltre ad aver portato a termine l&#8217;acquisizione del 70% di SEAS, societ\u00e0 bergamasca di manutenzione aerei per Ryanair con basi in tutta Italia, la MRO guidata da <strong>Gianni Lettieri<\/strong> ha siglato un&#8217;importante partnership con l&#8217;israeliana IAI Aviation Group, diventando il primo stabilimento europeo di conversione cargo dei Boeing 737-700\/800. Un percorso che, tuttavia, non ha intaccato l&#8217;impegno che da sempre l&#8217;azienda porta avanti su sociale e welfare. Per contrastare le recenti crisi, il Presidente ha avviato una serie di iniziative che hanno interessato da un lato territorio e comunit\u00e0, dall&#8217;altro il benessere dei dipendenti. Una delle pi\u00f9 recenti ha riguardato ad esempio l&#8217;allestimento dell&#8217;hub vaccinale pi\u00f9 grande del Mezzogiorno all&#8217;interno dell&#8217;hangar Avio 2 di Capodichino. L&#8217;imprenditore ne ha parlato in una recente intervista pubblicata su &#8220;La Discussione&#8221;: <em>&#8220;Prima dell&#8217;hub<\/em> &#8211; ha ricordato &#8211; <em>per due natali di seguito abbiamo aperto la mensa aziendale e distribuito 200 pasti al giorno per le famiglie bisognose del territorio&#8221;<\/em>. Lato welfare, Atitech \u00e8 stata una delle prime aziende italiane a mettere a disposizione un Fondo da 500mila euro per sostenere crescita e sviluppo professionale dei figli dei dipendenti. Iniziative che nel tempo, aggiunge <strong>Gianni Lettieri<\/strong>, hanno contribuito al cambio di mentalit\u00e0 dell&#8217;azienda: <em>&#8220;I dipendenti devono capire che l&#8217;azienda gli appartiene e che se la trattano bene sar\u00e0 dei loro figli, della loro famiglia&#8221;<\/em>.<\/p>\n<h2>Gianni Lettieri: con Olbia e Fiumicino pronti a dar vita a polo di manutenzione a 360\u00b0<\/h2>\n<p>Una politica che l&#8217;imprenditore intende perseguire anche su Fiumicino. Per Atitech queste sono infatti settimane di attesa. Lo scorso febbraio <a title=\"Gianni Lettieri, YouTube\" href=\"https:\/\/www.youtube.com\/channel\/UCNrFdsPdMCEYyeozAHK_siA\">Gianni Lettieri<\/a> ha infatti presentato un&#8217;offerta vincolante di acquisto per il ramo maintenance Alitalia messo a bando da Ita Airways e nelle prossime settimane verr\u00e0 ufficializzato l&#8217;esito. Nel frattempo Atitech ha sottoscritto con la nuova compagnia di bandiera italiana un contratto preliminare di manutenzione. L&#8217;azienda ha inoltre ottenuto l&#8217;approvazione delle sigle sindacali grazie ad un pre-accordo che, oltre ad assicurare un contratto pluriennale in esclusiva con Ita su tutta la manutenzione degli aeromobili, si impegna anche a tutelare i livelli occupazionali del settore. Al progetto di Fiumicino si aggiunge poi quello su Olbia: <em>&#8220;Circa 7-8 mesi fa Atitech compr\u00f2, dalla liquidazione in bonis di Air Italy, i laboratori e tutto il magazzino e ci fu chiesto dalle istituzioni di non abbandonare le professionalit\u00e0 della compagnia e di valutare la possibilit\u00e0 di fare una iniziativa su Olbia nei due hangar sull&#8217;aeroporto un tempo utilizzati da Meridiana e Air Italy&#8221;<\/em>. Sia Fiumicino che Olbia rappresentano step fondamentali per l&#8217;obiettivo che da qualche anno a questa parte Atitech si \u00e8 impegnata a raggiungere, conclude <strong>Gianni Lettieri<\/strong>: la creazione di un&#8217;infrastruttura unica dedicata alla manutenzione aeronautica a 360\u00b0.<\/p>\n","protected":false},"excerpt":{"rendered":"<p>Hub vaccinali, pasti per i bisognosi, ma anche fondi per la formazione e la salute dei figli dei dipendenti. Sotto la guida di Gianni Lettieri, Atitech porta avanti il suo impegno sul sociale e sul welfare. Intanto l&#8217;azienda punta alla creazione di un Polo unico per la manutenzione. Gianni Lettieri: &#8220;In Atitech cambio di mentalit\u00e0. L&#8217;azienda appartiene ai dipendenti&#8221; Nonostante la pandemia e gli effetti del conflitto russo-ucraino, negli ultimi<\/p>\n<p><a class=\"continue-reading\" href=\"https:\/\/www.article-marketing.eu\/comunicatistampa\/sociale-welfare-e-polo-unico-le-prospettive-di-atitech-nelle-parole-di-gianni-lettieri\/\">Continue reading&#8230;<\/a><\/p>\n","protected":false},"author":6477,"featured_media":0,"comment_status":"open","ping_status":"open","sticky":false,"template":"","format":"standard","meta":{"_monsterinsights_skip_tracking":false,"_monsterinsights_sitenote_active":false,"_monsterinsights_sitenote_note":"","_monsterinsights_sitenote_category":0,"footnotes":""},"categories":[386],"tags":[9494],"class_list":["post-24225","post","type-post","status-publish","format-standard","hentry","category-economia-e-lavoro","tag-gianni-lettieri"],"yoast_head":"<!-- This site is optimized with the Yoast SEO plugin v27.3 - https:\/\/yoast.com\/product\/yoast-seo-wordpress\/ -->\n<title>Sociale, welfare e Polo unico: le prospettive di Atitech nelle parole di Gianni Lettieri<\/title>\n<meta name=\"robots\" content=\"index, follow, max-snippet:-1, max-image-preview:large, max-video-preview:-1\" \/>\n<link rel=\"canonical\" href=\"https:\/\/www.article-marketing.eu\/comunicatistampa\/sociale-welfare-e-polo-unico-le-prospettive-di-atitech-nelle-parole-di-gianni-lettieri\/\" \/>\n<meta property=\"og:locale\" content=\"it_IT\" \/>\n<meta property=\"og:type\" content=\"article\" \/>\n<meta property=\"og:title\" content=\"Sociale, welfare e Polo unico: le prospettive di Atitech nelle parole di Gianni Lettieri\" \/>\n<meta property=\"og:description\" content=\"Hub vaccinali, pasti per i bisognosi, ma anche fondi per la formazione e la salute dei figli dei dipendenti. Sotto la guida di Gianni Lettieri, Atitech porta avanti il suo impegno sul sociale e sul welfare. Intanto l&#8217;azienda punta alla creazione di un Polo unico per la manutenzione. Gianni Lettieri: &#8220;In Atitech cambio di mentalit\u00e0. L&#8217;azienda appartiene ai dipendenti&#8221; Nonostante la pandemia e gli effetti del conflitto russo-ucraino, negli ultimiContinue reading...\" \/>\n<meta property=\"og:url\" content=\"https:\/\/www.article-marketing.eu\/comunicatistampa\/sociale-welfare-e-polo-unico-le-prospettive-di-atitech-nelle-parole-di-gianni-lettieri\/\" \/>\n<meta property=\"og:site_name\" content=\"Article Marketing\" \/>\n<meta property=\"article:published_time\" content=\"2022-08-04T07:13:47+00:00\" \/>\n<meta property=\"og:image\" content=\"https:\/\/www.topmanagers.it\/SharingFolder\/TopManager\/it\/ManagerProfilePhoto\/Photo\/gianni-lettieri-topmanagers.jpg\" \/>\n<meta name=\"author\" content=\"articolinews\" \/>\n<meta name=\"twitter:card\" content=\"summary_large_image\" \/>\n<meta name=\"twitter:label1\" content=\"Scritto da\" \/>\n\t<meta name=\"twitter:data1\" content=\"articolinews\" \/>\n\t<meta name=\"twitter:label2\" content=\"Tempo di lettura stimato\" \/>\n\t<meta name=\"twitter:data2\" content=\"3 minuti\" \/>\n<script type=\"application\/ld+json\" class=\"yoast-schema-graph\">{\"@context\":\"https:\\\/\\\/schema.org\",\"@graph\":[{\"@type\":\"Article\",\"@id\":\"https:\\\/\\\/www.article-marketing.eu\\\/comunicatistampa\\\/sociale-welfare-e-polo-unico-le-prospettive-di-atitech-nelle-parole-di-gianni-lettieri\\\/#article\",\"isPartOf\":{\"@id\":\"https:\\\/\\\/www.article-marketing.eu\\\/comunicatistampa\\\/sociale-welfare-e-polo-unico-le-prospettive-di-atitech-nelle-parole-di-gianni-lettieri\\\/\"},\"author\":{\"name\":\"articolinews\",\"@id\":\"https:\\\/\\\/www.article-marketing.eu\\\/comunicatistampa\\\/#\\\/schema\\\/person\\\/2fcaf8f8f3a9eef9eb7f27532d3ca458\"},\"headline\":\"Sociale, welfare e Polo unico: le prospettive di Atitech nelle parole di Gianni Lettieri\",\"datePublished\":\"2022-08-04T07:13:47+00:00\",\"mainEntityOfPage\":{\"@id\":\"https:\\\/\\\/www.article-marketing.eu\\\/comunicatistampa\\\/sociale-welfare-e-polo-unico-le-prospettive-di-atitech-nelle-parole-di-gianni-lettieri\\\/\"},\"wordCount\":526,\"commentCount\":0,\"image\":{\"@id\":\"https:\\\/\\\/www.article-marketing.eu\\\/comunicatistampa\\\/sociale-welfare-e-polo-unico-le-prospettive-di-atitech-nelle-parole-di-gianni-lettieri\\\/#primaryimage\"},\"thumbnailUrl\":\"https:\\\/\\\/www.topmanagers.it\\\/SharingFolder\\\/TopManager\\\/it\\\/ManagerProfilePhoto\\\/Photo\\\/gianni-lettieri-topmanagers.jpg\",\"keywords\":[\"Gianni Lettieri\"],\"articleSection\":[\"Economia e lavoro\"],\"inLanguage\":\"it-IT\",\"potentialAction\":[{\"@type\":\"CommentAction\",\"name\":\"Comment\",\"target\":[\"https:\\\/\\\/www.article-marketing.eu\\\/comunicatistampa\\\/sociale-welfare-e-polo-unico-le-prospettive-di-atitech-nelle-parole-di-gianni-lettieri\\\/#respond\"]}]},{\"@type\":\"WebPage\",\"@id\":\"https:\\\/\\\/www.article-marketing.eu\\\/comunicatistampa\\\/sociale-welfare-e-polo-unico-le-prospettive-di-atitech-nelle-parole-di-gianni-lettieri\\\/\",\"url\":\"https:\\\/\\\/www.article-marketing.eu\\\/comunicatistampa\\\/sociale-welfare-e-polo-unico-le-prospettive-di-atitech-nelle-parole-di-gianni-lettieri\\\/\",\"name\":\"Sociale, welfare e Polo unico: le prospettive di Atitech nelle parole di Gianni Lettieri\",\"isPartOf\":{\"@id\":\"https:\\\/\\\/www.article-marketing.eu\\\/comunicatistampa\\\/#website\"},\"primaryImageOfPage\":{\"@id\":\"https:\\\/\\\/www.article-marketing.eu\\\/comunicatistampa\\\/sociale-welfare-e-polo-unico-le-prospettive-di-atitech-nelle-parole-di-gianni-lettieri\\\/#primaryimage\"},\"image\":{\"@id\":\"https:\\\/\\\/www.article-marketing.eu\\\/comunicatistampa\\\/sociale-welfare-e-polo-unico-le-prospettive-di-atitech-nelle-parole-di-gianni-lettieri\\\/#primaryimage\"},\"thumbnailUrl\":\"https:\\\/\\\/www.topmanagers.it\\\/SharingFolder\\\/TopManager\\\/it\\\/ManagerProfilePhoto\\\/Photo\\\/gianni-lettieri-topmanagers.jpg\",\"datePublished\":\"2022-08-04T07:13:47+00:00\",\"author\":{\"@id\":\"https:\\\/\\\/www.article-marketing.eu\\\/comunicatistampa\\\/#\\\/schema\\\/person\\\/2fcaf8f8f3a9eef9eb7f27532d3ca458\"},\"breadcrumb\":{\"@id\":\"https:\\\/\\\/www.article-marketing.eu\\\/comunicatistampa\\\/sociale-welfare-e-polo-unico-le-prospettive-di-atitech-nelle-parole-di-gianni-lettieri\\\/#breadcrumb\"},\"inLanguage\":\"it-IT\",\"potentialAction\":[{\"@type\":\"ReadAction\",\"target\":[\"https:\\\/\\\/www.article-marketing.eu\\\/comunicatistampa\\\/sociale-welfare-e-polo-unico-le-prospettive-di-atitech-nelle-parole-di-gianni-lettieri\\\/\"]}]},{\"@type\":\"ImageObject\",\"inLanguage\":\"it-IT\",\"@id\":\"https:\\\/\\\/www.article-marketing.eu\\\/comunicatistampa\\\/sociale-welfare-e-polo-unico-le-prospettive-di-atitech-nelle-parole-di-gianni-lettieri\\\/#primaryimage\",\"url\":\"https:\\\/\\\/www.topmanagers.it\\\/SharingFolder\\\/TopManager\\\/it\\\/ManagerProfilePhoto\\\/Photo\\\/gianni-lettieri-topmanagers.jpg\",\"contentUrl\":\"https:\\\/\\\/www.topmanagers.it\\\/SharingFolder\\\/TopManager\\\/it\\\/ManagerProfilePhoto\\\/Photo\\\/gianni-lettieri-topmanagers.jpg\"},{\"@type\":\"BreadcrumbList\",\"@id\":\"https:\\\/\\\/www.article-marketing.eu\\\/comunicatistampa\\\/sociale-welfare-e-polo-unico-le-prospettive-di-atitech-nelle-parole-di-gianni-lettieri\\\/#breadcrumb\",\"itemListElement\":[{\"@type\":\"ListItem\",\"position\":1,\"name\":\"Home\",\"item\":\"https:\\\/\\\/www.article-marketing.eu\\\/comunicatistampa\\\/\"},{\"@type\":\"ListItem\",\"position\":2,\"name\":\"Sociale, welfare e Polo unico: le prospettive di Atitech nelle parole di Gianni Lettieri\"}]},{\"@type\":\"WebSite\",\"@id\":\"https:\\\/\\\/www.article-marketing.eu\\\/comunicatistampa\\\/#website\",\"url\":\"https:\\\/\\\/www.article-marketing.eu\\\/comunicatistampa\\\/\",\"name\":\"Article Marketing\",\"description\":\"article marketing &amp; press release\",\"potentialAction\":[{\"@type\":\"SearchAction\",\"target\":{\"@type\":\"EntryPoint\",\"urlTemplate\":\"https:\\\/\\\/www.article-marketing.eu\\\/comunicatistampa\\\/?s={search_term_string}\"},\"query-input\":{\"@type\":\"PropertyValueSpecification\",\"valueRequired\":true,\"valueName\":\"search_term_string\"}}],\"inLanguage\":\"it-IT\"},{\"@type\":\"Person\",\"@id\":\"https:\\\/\\\/www.article-marketing.eu\\\/comunicatistampa\\\/#\\\/schema\\\/person\\\/2fcaf8f8f3a9eef9eb7f27532d3ca458\",\"name\":\"articolinews\",\"image\":{\"@type\":\"ImageObject\",\"inLanguage\":\"it-IT\",\"@id\":\"https:\\\/\\\/secure.gravatar.com\\\/avatar\\\/9e2a264bab04e17dea24d937c9956304649a848cb73c46747a692ff1bdeb1cb7?s=96&d=mm&r=g\",\"url\":\"https:\\\/\\\/secure.gravatar.com\\\/avatar\\\/9e2a264bab04e17dea24d937c9956304649a848cb73c46747a692ff1bdeb1cb7?s=96&d=mm&r=g\",\"contentUrl\":\"https:\\\/\\\/secure.gravatar.com\\\/avatar\\\/9e2a264bab04e17dea24d937c9956304649a848cb73c46747a692ff1bdeb1cb7?s=96&d=mm&r=g\",\"caption\":\"articolinews\"},\"url\":\"https:\\\/\\\/www.article-marketing.eu\\\/comunicatistampa\\\/author\\\/articolinews\\\/\"}]}<\/script>\n<!-- \/ Yoast SEO plugin. -->","yoast_head_json":{"title":"Sociale, welfare e Polo unico: le prospettive di Atitech nelle parole di Gianni Lettieri","robots":{"index":"index","follow":"follow","max-snippet":"max-snippet:-1","max-image-preview":"max-image-preview:large","max-video-preview":"max-video-preview:-1"},"canonical":"https:\/\/www.article-marketing.eu\/comunicatistampa\/sociale-welfare-e-polo-unico-le-prospettive-di-atitech-nelle-parole-di-gianni-lettieri\/","og_locale":"it_IT","og_type":"article","og_title":"Sociale, welfare e Polo unico: le prospettive di Atitech nelle parole di Gianni Lettieri","og_description":"Hub vaccinali, pasti per i bisognosi, ma anche fondi per la formazione e la salute dei figli dei dipendenti. Sotto la guida di Gianni Lettieri, Atitech porta avanti il suo impegno sul sociale e sul welfare. Intanto l&#8217;azienda punta alla creazione di un Polo unico per la manutenzione. Gianni Lettieri: &#8220;In Atitech cambio di mentalit\u00e0. L&#8217;azienda appartiene ai dipendenti&#8221; Nonostante la pandemia e gli effetti del conflitto russo-ucraino, negli ultimiContinue reading...","og_url":"https:\/\/www.article-marketing.eu\/comunicatistampa\/sociale-welfare-e-polo-unico-le-prospettive-di-atitech-nelle-parole-di-gianni-lettieri\/","og_site_name":"Article Marketing","article_published_time":"2022-08-04T07:13:47+00:00","og_image":[{"url":"https:\/\/www.topmanagers.it\/SharingFolder\/TopManager\/it\/ManagerProfilePhoto\/Photo\/gianni-lettieri-topmanagers.jpg","type":"","width":"","height":""}],"author":"articolinews","twitter_card":"summary_large_image","twitter_misc":{"Scritto da":"articolinews","Tempo di lettura stimato":"3 minuti"},"schema":{"@context":"https:\/\/schema.org","@graph":[{"@type":"Article","@id":"https:\/\/www.article-marketing.eu\/comunicatistampa\/sociale-welfare-e-polo-unico-le-prospettive-di-atitech-nelle-parole-di-gianni-lettieri\/#article","isPartOf":{"@id":"https:\/\/www.article-marketing.eu\/comunicatistampa\/sociale-welfare-e-polo-unico-le-prospettive-di-atitech-nelle-parole-di-gianni-lettieri\/"},"author":{"name":"articolinews","@id":"https:\/\/www.article-marketing.eu\/comunicatistampa\/#\/schema\/person\/2fcaf8f8f3a9eef9eb7f27532d3ca458"},"headline":"Sociale, welfare e Polo unico: le prospettive di Atitech nelle parole di Gianni Lettieri","datePublished":"2022-08-04T07:13:47+00:00","mainEntityOfPage":{"@id":"https:\/\/www.article-marketing.eu\/comunicatistampa\/sociale-welfare-e-polo-unico-le-prospettive-di-atitech-nelle-parole-di-gianni-lettieri\/"},"wordCount":526,"commentCount":0,"image":{"@id":"https:\/\/www.article-marketing.eu\/comunicatistampa\/sociale-welfare-e-polo-unico-le-prospettive-di-atitech-nelle-parole-di-gianni-lettieri\/#primaryimage"},"thumbnailUrl":"https:\/\/www.topmanagers.it\/SharingFolder\/TopManager\/it\/ManagerProfilePhoto\/Photo\/gianni-lettieri-topmanagers.jpg","keywords":["Gianni Lettieri"],"articleSection":["Economia e lavoro"],"inLanguage":"it-IT","potentialAction":[{"@type":"CommentAction","name":"Comment","target":["https:\/\/www.article-marketing.eu\/comunicatistampa\/sociale-welfare-e-polo-unico-le-prospettive-di-atitech-nelle-parole-di-gianni-lettieri\/#respond"]}]},{"@type":"WebPage","@id":"https:\/\/www.article-marketing.eu\/comunicatistampa\/sociale-welfare-e-polo-unico-le-prospettive-di-atitech-nelle-parole-di-gianni-lettieri\/","url":"https:\/\/www.article-marketing.eu\/comunicatistampa\/sociale-welfare-e-polo-unico-le-prospettive-di-atitech-nelle-parole-di-gianni-lettieri\/","name":"Sociale, welfare e Polo unico: le prospettive di Atitech nelle parole di Gianni Lettieri","isPartOf":{"@id":"https:\/\/www.article-marketing.eu\/comunicatistampa\/#website"},"primaryImageOfPage":{"@id":"https:\/\/www.article-marketing.eu\/comunicatistampa\/sociale-welfare-e-polo-unico-le-prospettive-di-atitech-nelle-parole-di-gianni-lettieri\/#primaryimage"},"image":{"@id":"https:\/\/www.article-marketing.eu\/comunicatistampa\/sociale-welfare-e-polo-unico-le-prospettive-di-atitech-nelle-parole-di-gianni-lettieri\/#primaryimage"},"thumbnailUrl":"https:\/\/www.topmanagers.it\/SharingFolder\/TopManager\/it\/ManagerProfilePhoto\/Photo\/gianni-lettieri-topmanagers.jpg","datePublished":"2022-08-04T07:13:47+00:00","author":{"@id":"https:\/\/www.article-marketing.eu\/comunicatistampa\/#\/schema\/person\/2fcaf8f8f3a9eef9eb7f27532d3ca458"},"breadcrumb":{"@id":"https:\/\/www.article-marketing.eu\/comunicatistampa\/sociale-welfare-e-polo-unico-le-prospettive-di-atitech-nelle-parole-di-gianni-lettieri\/#breadcrumb"},"inLanguage":"it-IT","potentialAction":[{"@type":"ReadAction","target":["https:\/\/www.article-marketing.eu\/comunicatistampa\/sociale-welfare-e-polo-unico-le-prospettive-di-atitech-nelle-parole-di-gianni-lettieri\/"]}]},{"@type":"ImageObject","inLanguage":"it-IT","@id":"https:\/\/www.article-marketing.eu\/comunicatistampa\/sociale-welfare-e-polo-unico-le-prospettive-di-atitech-nelle-parole-di-gianni-lettieri\/#primaryimage","url":"https:\/\/www.topmanagers.it\/SharingFolder\/TopManager\/it\/ManagerProfilePhoto\/Photo\/gianni-lettieri-topmanagers.jpg","contentUrl":"https:\/\/www.topmanagers.it\/SharingFolder\/TopManager\/it\/ManagerProfilePhoto\/Photo\/gianni-lettieri-topmanagers.jpg"},{"@type":"BreadcrumbList","@id":"https:\/\/www.article-marketing.eu\/comunicatistampa\/sociale-welfare-e-polo-unico-le-prospettive-di-atitech-nelle-parole-di-gianni-lettieri\/#breadcrumb","itemListElement":[{"@type":"ListItem","position":1,"name":"Home","item":"https:\/\/www.article-marketing.eu\/comunicatistampa\/"},{"@type":"ListItem","position":2,"name":"Sociale, welfare e Polo unico: le prospettive di Atitech nelle parole di Gianni Lettieri"}]},{"@type":"WebSite","@id":"https:\/\/www.article-marketing.eu\/comunicatistampa\/#website","url":"https:\/\/www.article-marketing.eu\/comunicatistampa\/","name":"Article Marketing","description":"article marketing &amp; press release","potentialAction":[{"@type":"SearchAction","target":{"@type":"EntryPoint","urlTemplate":"https:\/\/www.article-marketing.eu\/comunicatistampa\/?s={search_term_string}"},"query-input":{"@type":"PropertyValueSpecification","valueRequired":true,"valueName":"search_term_string"}}],"inLanguage":"it-IT"},{"@type":"Person","@id":"https:\/\/www.article-marketing.eu\/comunicatistampa\/#\/schema\/person\/2fcaf8f8f3a9eef9eb7f27532d3ca458","name":"articolinews","image":{"@type":"ImageObject","inLanguage":"it-IT","@id":"https:\/\/secure.gravatar.com\/avatar\/9e2a264bab04e17dea24d937c9956304649a848cb73c46747a692ff1bdeb1cb7?s=96&d=mm&r=g","url":"https:\/\/secure.gravatar.com\/avatar\/9e2a264bab04e17dea24d937c9956304649a848cb73c46747a692ff1bdeb1cb7?s=96&d=mm&r=g","contentUrl":"https:\/\/secure.gravatar.com\/avatar\/9e2a264bab04e17dea24d937c9956304649a848cb73c46747a692ff1bdeb1cb7?s=96&d=mm&r=g","caption":"articolinews"},"url":"https:\/\/www.article-marketing.eu\/comunicatistampa\/author\/articolinews\/"}]}},"_links":{"self":[{"href":"https:\/\/www.article-marketing.eu\/comunicatistampa\/wp-json\/wp\/v2\/posts\/24225","targetHints":{"allow":["GET"]}}],"collection":[{"href":"https:\/\/www.article-marketing.eu\/comunicatistampa\/wp-json\/wp\/v2\/posts"}],"about":[{"href":"https:\/\/www.article-marketing.eu\/comunicatistampa\/wp-json\/wp\/v2\/types\/post"}],"author":[{"embeddable":true,"href":"https:\/\/www.article-marketing.eu\/comunicatistampa\/wp-json\/wp\/v2\/users\/6477"}],"replies":[{"embeddable":true,"href":"https:\/\/www.article-marketing.eu\/comunicatistampa\/wp-json\/wp\/v2\/comments?post=24225"}],"version-history":[{"count":2,"href":"https:\/\/www.article-marketing.eu\/comunicatistampa\/wp-json\/wp\/v2\/posts\/24225\/revisions"}],"predecessor-version":[{"id":24302,"href":"https:\/\/www.article-marketing.eu\/comunicatistampa\/wp-json\/wp\/v2\/posts\/24225\/revisions\/24302"}],"wp:attachment":[{"href":"https:\/\/www.article-marketing.eu\/comunicatistampa\/wp-json\/wp\/v2\/media?parent=24225"}],"wp:term":[{"taxonomy":"category","embeddable":true,"href":"https:\/\/www.article-marketing.eu\/comunicatistampa\/wp-json\/wp\/v2\/categories?post=24225"},{"taxonomy":"post_tag","embeddable":true,"href":"https:\/\/www.article-marketing.eu\/comunicatistampa\/wp-json\/wp\/v2\/tags?post=24225"}],"curies":[{"name":"wp","href":"https:\/\/api.w.org\/{rel}","templated":true}]}}