{"id":24232,"date":"2022-08-04T09:14:39","date_gmt":"2022-08-04T07:14:39","guid":{"rendered":"https:\/\/www.article-marketing.eu\/comunicatistampa\/?p=24232"},"modified":"2022-08-04T09:14:39","modified_gmt":"2022-08-04T07:14:39","slug":"gruppo-fs-bandi-pnrr-e-mobilita-integrata-le-priorita-entro-lanno-gare-per-19-miliardi","status":"publish","type":"post","link":"https:\/\/www.article-marketing.eu\/comunicatistampa\/gruppo-fs-bandi-pnrr-e-mobilita-integrata-le-priorita-entro-lanno-gare-per-19-miliardi\/","title":{"rendered":"Gruppo FS, bandi PNRR e mobilit\u00e0 integrata le priorit\u00e0: entro l\u2019anno gare per 19 miliardi"},"content":{"rendered":"<p><em><strong>L&#8217;Amministratore Delegato del <a title=\"Gruppo FS accelera sul PNRR\" href=\"https:\/\/finanza.lastampa.it\/News\/2022\/06\/04\/gruppo-fs-ferraris-in-tutto-il-2022-gare-pnrr-per-19-miliardi-di-euro-\/MV8yMDIyLTA2LTA0X1RMQg\">Gruppo FS<\/a> ha preso parte al Festival dell&#8217;Economia di Trento: &#8220;Il nostro obiettivo &#8211; ha detto Luigi Ferraris &#8211; \u00e8 accelerare verso una mobilit\u00e0 pi\u00f9 efficiente, sostenibile e interconnessa&#8221;.<\/strong><\/em><\/p>\n<h2>PNRR, gli obiettivi del Gruppo FS e i cantieri aperti<\/h2>\n<p>Quattro giorni di dibattiti sulle sfide che attendono il Paese, che oggi si trova ad affrontare sia gli effetti della pandemia che quelli del conflitto russo-ucraino. \u00c8 il programma del Festival dell&#8217;Economia di Trento, tenutosi da gioved\u00ec 2 a domenica 5 giugno. Tra i protagonisti della 17esima edizione anche il <strong>Gruppo FS<\/strong>, che ha sostenuto l&#8217;iniziativa in qualit\u00e0 di main partner. L&#8217;Amministratore Delegato <strong>Luigi Ferraris<\/strong> \u00e8 inoltre intervenuto al panel dal titolo &#8220;Osservatorio sul Pnrr: obiettivi raggiunti e criticit\u00e0&#8221;, che ha visto la partecipazione anche del Ministro delle Infrastrutture Enrico Giovannini. Il manager ha evidenziato i traguardi raggiunti da Ferrovie dello Stato Italiane nel 2022: <em>&#8220;Rete Ferroviaria Italiana \u00e8 la nostra maggiore stazione appaltante e ad aprile ha gi\u00e0 contabilizzato oltre il 12% dei fondi assegnati, pi\u00f9 di 3 miliardi di euro&#8221;<\/em>. L&#8217;obiettivo \u00e8 quello di bandire entro la fine dell&#8217;anno gare per un valore complessivo di circa 19 miliardi di euro. <em>&#8220;Il <strong>Gruppo FS<\/strong> svolge un ruolo fondamentale nel PNRR<\/em> \u2212 ha commentato <strong>Luigi Ferraris<\/strong> ricordando poi i principali cantieri aperti e le opere in corso \u2212 <em>Sulla Napoli-Bari sono gi\u00e0 stati affidati i lavori di tutti i lotti inseriti nel PNRR, sulla Palermo-Catania stiamo per riavviare due gare; in Liguria, sul Progetto Unico Nodo di Genova e Terzo Valico, lo scavo delle gallerie \u00e8 arrivato rispettivamente al 94 e 79%; poi da Brescia verso Padova sulla trasversale Alta Velocit\u00e0 Torino-Venezia oggi si lavora sulle tratte Brescia &#8211; Verona e Verona &#8211; Bivio Vicenza&#8221;<\/em>.<\/p>\n<h2>Mobilit\u00e0 multimodale, il Gruppo FS pronto a lanciare piattaforma proprietaria<\/h2>\n<p>Per il <a title=\"Gruppo FS, l'impegno sul PNRR\" href=\"https:\/\/finanza.lastampa.it\/News\/2022\/06\/04\/gruppo-fs-ferraris-in-tutto-il-2022-gare-pnrr-per-19-miliardi-di-euro-\/MV8yMDIyLTA2LTA0X1RMQg\">Gruppo FS<\/a> i fondi europei sono il mezzo per un fine ben pi\u00f9 ambizioso: puntare ad una mobilit\u00e0 sempre pi\u00f9 efficiente, sostenibile, sicura e resiliente. E soprattutto, sottolinea <strong>Luigi Ferraris<\/strong>, sempre pi\u00f9 interconnessa con l&#8217;ecosistema dei trasporti. Innovazione e digitale saranno fondamentali per garantire un&#8217;offerta intermodale al passo con i tempi. Una proposta che Ferrovie dello Stato Italiane \u00e8 gi\u00e0 pronta ad ampliare dal prossimo settembre grazie al lancio di una Piattaforma Integrata di Mobilit\u00e0 Multimodale. Uno strumento che consentir\u00e0 di usufruire non solo dei servizi messi a disposizione dal <strong>Gruppo FS<\/strong>, ma anche di quelli del Trasporto Pubblico Locale e di operatori terzi come ad esempio i noleggi auto. Crisi energetica e inflazione non frenano dunque l&#8217;impegno di FS Italiane, che pensa gi\u00e0 agli obiettivi del prossimo anno: <em>&#8220;Lanceremo tutte le gare necessarie per rispettare la scadenza al 2026 del Recovery&#8221;<\/em>. Merito anche dell&#8217;operato del Governo, ricorda <strong>Luigi Ferraris<\/strong>, che con il Decreto Aiuti \u00e8 riuscito a fornire una risposta adeguata a quello che oggi, tra caro energia, inflazione e conflitto russo-ucraino, \u00e8 <em>&#8220;uno scenario in piena evoluzione&#8221;<\/em>.<\/p>\n","protected":false},"excerpt":{"rendered":"<p>L&#8217;Amministratore Delegato del Gruppo FS ha preso parte al Festival dell&#8217;Economia di Trento: &#8220;Il nostro obiettivo &#8211; ha detto Luigi Ferraris &#8211; \u00e8 accelerare verso una mobilit\u00e0 pi\u00f9 efficiente, sostenibile e interconnessa&#8221;. PNRR, gli obiettivi del Gruppo FS e i cantieri aperti Quattro giorni di dibattiti sulle sfide che attendono il Paese, che oggi si trova ad affrontare sia gli effetti della pandemia che quelli del conflitto russo-ucraino. \u00c8 il<\/p>\n<p><a class=\"continue-reading\" href=\"https:\/\/www.article-marketing.eu\/comunicatistampa\/gruppo-fs-bandi-pnrr-e-mobilita-integrata-le-priorita-entro-lanno-gare-per-19-miliardi\/\">Continue reading&#8230;<\/a><\/p>\n","protected":false},"author":7203,"featured_media":0,"comment_status":"open","ping_status":"open","sticky":false,"template":"","format":"standard","meta":{"_monsterinsights_skip_tracking":false,"_monsterinsights_sitenote_active":false,"_monsterinsights_sitenote_note":"","_monsterinsights_sitenote_category":0,"footnotes":""},"categories":[386],"tags":[10013],"class_list":["post-24232","post","type-post","status-publish","format-standard","hentry","category-economia-e-lavoro","tag-gruppo-fs"],"yoast_head":"<!-- This site is optimized with the Yoast SEO plugin v27.3 - https:\/\/yoast.com\/product\/yoast-seo-wordpress\/ -->\n<title>Gruppo FS, bandi PNRR e mobilit\u00e0 integrata le priorit\u00e0: entro l\u2019anno gare per 19 miliardi<\/title>\n<meta name=\"robots\" content=\"index, follow, max-snippet:-1, max-image-preview:large, max-video-preview:-1\" \/>\n<link rel=\"canonical\" href=\"https:\/\/www.article-marketing.eu\/comunicatistampa\/gruppo-fs-bandi-pnrr-e-mobilita-integrata-le-priorita-entro-lanno-gare-per-19-miliardi\/\" \/>\n<meta property=\"og:locale\" content=\"it_IT\" \/>\n<meta property=\"og:type\" content=\"article\" \/>\n<meta property=\"og:title\" content=\"Gruppo FS, bandi PNRR e mobilit\u00e0 integrata le priorit\u00e0: entro l\u2019anno gare per 19 miliardi\" \/>\n<meta property=\"og:description\" content=\"L&#8217;Amministratore Delegato del Gruppo FS ha preso parte al Festival dell&#8217;Economia di Trento: &#8220;Il nostro obiettivo &#8211; ha detto Luigi Ferraris &#8211; \u00e8 accelerare verso una mobilit\u00e0 pi\u00f9 efficiente, sostenibile e interconnessa&#8221;. PNRR, gli obiettivi del Gruppo FS e i cantieri aperti Quattro giorni di dibattiti sulle sfide che attendono il Paese, che oggi si trova ad affrontare sia gli effetti della pandemia che quelli del conflitto russo-ucraino. \u00c8 ilContinue reading...\" \/>\n<meta property=\"og:url\" content=\"https:\/\/www.article-marketing.eu\/comunicatistampa\/gruppo-fs-bandi-pnrr-e-mobilita-integrata-le-priorita-entro-lanno-gare-per-19-miliardi\/\" \/>\n<meta property=\"og:site_name\" content=\"Article Marketing\" \/>\n<meta property=\"article:published_time\" content=\"2022-08-04T07:14:39+00:00\" \/>\n<meta name=\"author\" content=\"gbofficeprnews\" \/>\n<meta name=\"twitter:card\" content=\"summary_large_image\" \/>\n<meta name=\"twitter:label1\" content=\"Scritto da\" \/>\n\t<meta name=\"twitter:data1\" content=\"gbofficeprnews\" \/>\n\t<meta name=\"twitter:label2\" content=\"Tempo di lettura stimato\" \/>\n\t<meta name=\"twitter:data2\" content=\"3 minuti\" \/>\n<script type=\"application\/ld+json\" class=\"yoast-schema-graph\">{\"@context\":\"https:\\\/\\\/schema.org\",\"@graph\":[{\"@type\":\"Article\",\"@id\":\"https:\\\/\\\/www.article-marketing.eu\\\/comunicatistampa\\\/gruppo-fs-bandi-pnrr-e-mobilita-integrata-le-priorita-entro-lanno-gare-per-19-miliardi\\\/#article\",\"isPartOf\":{\"@id\":\"https:\\\/\\\/www.article-marketing.eu\\\/comunicatistampa\\\/gruppo-fs-bandi-pnrr-e-mobilita-integrata-le-priorita-entro-lanno-gare-per-19-miliardi\\\/\"},\"author\":{\"name\":\"gbofficeprnews\",\"@id\":\"https:\\\/\\\/www.article-marketing.eu\\\/comunicatistampa\\\/#\\\/schema\\\/person\\\/00c541681af1a376511ed63d59ca096f\"},\"headline\":\"Gruppo FS, bandi PNRR e mobilit\u00e0 integrata le priorit\u00e0: entro l\u2019anno gare per 19 miliardi\",\"datePublished\":\"2022-08-04T07:14:39+00:00\",\"mainEntityOfPage\":{\"@id\":\"https:\\\/\\\/www.article-marketing.eu\\\/comunicatistampa\\\/gruppo-fs-bandi-pnrr-e-mobilita-integrata-le-priorita-entro-lanno-gare-per-19-miliardi\\\/\"},\"wordCount\":473,\"commentCount\":0,\"keywords\":[\"Gruppo FS\"],\"articleSection\":[\"Economia e lavoro\"],\"inLanguage\":\"it-IT\",\"potentialAction\":[{\"@type\":\"CommentAction\",\"name\":\"Comment\",\"target\":[\"https:\\\/\\\/www.article-marketing.eu\\\/comunicatistampa\\\/gruppo-fs-bandi-pnrr-e-mobilita-integrata-le-priorita-entro-lanno-gare-per-19-miliardi\\\/#respond\"]}]},{\"@type\":\"WebPage\",\"@id\":\"https:\\\/\\\/www.article-marketing.eu\\\/comunicatistampa\\\/gruppo-fs-bandi-pnrr-e-mobilita-integrata-le-priorita-entro-lanno-gare-per-19-miliardi\\\/\",\"url\":\"https:\\\/\\\/www.article-marketing.eu\\\/comunicatistampa\\\/gruppo-fs-bandi-pnrr-e-mobilita-integrata-le-priorita-entro-lanno-gare-per-19-miliardi\\\/\",\"name\":\"Gruppo FS, bandi PNRR e mobilit\u00e0 integrata le priorit\u00e0: entro l\u2019anno gare per 19 miliardi\",\"isPartOf\":{\"@id\":\"https:\\\/\\\/www.article-marketing.eu\\\/comunicatistampa\\\/#website\"},\"datePublished\":\"2022-08-04T07:14:39+00:00\",\"author\":{\"@id\":\"https:\\\/\\\/www.article-marketing.eu\\\/comunicatistampa\\\/#\\\/schema\\\/person\\\/00c541681af1a376511ed63d59ca096f\"},\"breadcrumb\":{\"@id\":\"https:\\\/\\\/www.article-marketing.eu\\\/comunicatistampa\\\/gruppo-fs-bandi-pnrr-e-mobilita-integrata-le-priorita-entro-lanno-gare-per-19-miliardi\\\/#breadcrumb\"},\"inLanguage\":\"it-IT\",\"potentialAction\":[{\"@type\":\"ReadAction\",\"target\":[\"https:\\\/\\\/www.article-marketing.eu\\\/comunicatistampa\\\/gruppo-fs-bandi-pnrr-e-mobilita-integrata-le-priorita-entro-lanno-gare-per-19-miliardi\\\/\"]}]},{\"@type\":\"BreadcrumbList\",\"@id\":\"https:\\\/\\\/www.article-marketing.eu\\\/comunicatistampa\\\/gruppo-fs-bandi-pnrr-e-mobilita-integrata-le-priorita-entro-lanno-gare-per-19-miliardi\\\/#breadcrumb\",\"itemListElement\":[{\"@type\":\"ListItem\",\"position\":1,\"name\":\"Home\",\"item\":\"https:\\\/\\\/www.article-marketing.eu\\\/comunicatistampa\\\/\"},{\"@type\":\"ListItem\",\"position\":2,\"name\":\"Gruppo FS, bandi PNRR e mobilit\u00e0 integrata le priorit\u00e0: entro l\u2019anno gare per 19 miliardi\"}]},{\"@type\":\"WebSite\",\"@id\":\"https:\\\/\\\/www.article-marketing.eu\\\/comunicatistampa\\\/#website\",\"url\":\"https:\\\/\\\/www.article-marketing.eu\\\/comunicatistampa\\\/\",\"name\":\"Article Marketing\",\"description\":\"article marketing &amp; press release\",\"potentialAction\":[{\"@type\":\"SearchAction\",\"target\":{\"@type\":\"EntryPoint\",\"urlTemplate\":\"https:\\\/\\\/www.article-marketing.eu\\\/comunicatistampa\\\/?s={search_term_string}\"},\"query-input\":{\"@type\":\"PropertyValueSpecification\",\"valueRequired\":true,\"valueName\":\"search_term_string\"}}],\"inLanguage\":\"it-IT\"},{\"@type\":\"Person\",\"@id\":\"https:\\\/\\\/www.article-marketing.eu\\\/comunicatistampa\\\/#\\\/schema\\\/person\\\/00c541681af1a376511ed63d59ca096f\",\"name\":\"gbofficeprnews\",\"image\":{\"@type\":\"ImageObject\",\"inLanguage\":\"it-IT\",\"@id\":\"https:\\\/\\\/secure.gravatar.com\\\/avatar\\\/6c895f4b9cd59fffe899c25f76b85bf0d427605c1f0d3b07c81e155c001265cf?s=96&d=mm&r=g\",\"url\":\"https:\\\/\\\/secure.gravatar.com\\\/avatar\\\/6c895f4b9cd59fffe899c25f76b85bf0d427605c1f0d3b07c81e155c001265cf?s=96&d=mm&r=g\",\"contentUrl\":\"https:\\\/\\\/secure.gravatar.com\\\/avatar\\\/6c895f4b9cd59fffe899c25f76b85bf0d427605c1f0d3b07c81e155c001265cf?s=96&d=mm&r=g\",\"caption\":\"gbofficeprnews\"},\"url\":\"https:\\\/\\\/www.article-marketing.eu\\\/comunicatistampa\\\/author\\\/gbofficeprnews\\\/\"}]}<\/script>\n<!-- \/ Yoast SEO plugin. -->","yoast_head_json":{"title":"Gruppo FS, bandi PNRR e mobilit\u00e0 integrata le priorit\u00e0: entro l\u2019anno gare per 19 miliardi","robots":{"index":"index","follow":"follow","max-snippet":"max-snippet:-1","max-image-preview":"max-image-preview:large","max-video-preview":"max-video-preview:-1"},"canonical":"https:\/\/www.article-marketing.eu\/comunicatistampa\/gruppo-fs-bandi-pnrr-e-mobilita-integrata-le-priorita-entro-lanno-gare-per-19-miliardi\/","og_locale":"it_IT","og_type":"article","og_title":"Gruppo FS, bandi PNRR e mobilit\u00e0 integrata le priorit\u00e0: entro l\u2019anno gare per 19 miliardi","og_description":"L&#8217;Amministratore Delegato del Gruppo FS ha preso parte al Festival dell&#8217;Economia di Trento: &#8220;Il nostro obiettivo &#8211; ha detto Luigi Ferraris &#8211; \u00e8 accelerare verso una mobilit\u00e0 pi\u00f9 efficiente, sostenibile e interconnessa&#8221;. PNRR, gli obiettivi del Gruppo FS e i cantieri aperti Quattro giorni di dibattiti sulle sfide che attendono il Paese, che oggi si trova ad affrontare sia gli effetti della pandemia che quelli del conflitto russo-ucraino. \u00c8 ilContinue reading...","og_url":"https:\/\/www.article-marketing.eu\/comunicatistampa\/gruppo-fs-bandi-pnrr-e-mobilita-integrata-le-priorita-entro-lanno-gare-per-19-miliardi\/","og_site_name":"Article Marketing","article_published_time":"2022-08-04T07:14:39+00:00","author":"gbofficeprnews","twitter_card":"summary_large_image","twitter_misc":{"Scritto da":"gbofficeprnews","Tempo di lettura stimato":"3 minuti"},"schema":{"@context":"https:\/\/schema.org","@graph":[{"@type":"Article","@id":"https:\/\/www.article-marketing.eu\/comunicatistampa\/gruppo-fs-bandi-pnrr-e-mobilita-integrata-le-priorita-entro-lanno-gare-per-19-miliardi\/#article","isPartOf":{"@id":"https:\/\/www.article-marketing.eu\/comunicatistampa\/gruppo-fs-bandi-pnrr-e-mobilita-integrata-le-priorita-entro-lanno-gare-per-19-miliardi\/"},"author":{"name":"gbofficeprnews","@id":"https:\/\/www.article-marketing.eu\/comunicatistampa\/#\/schema\/person\/00c541681af1a376511ed63d59ca096f"},"headline":"Gruppo FS, bandi PNRR e mobilit\u00e0 integrata le priorit\u00e0: entro l\u2019anno gare per 19 miliardi","datePublished":"2022-08-04T07:14:39+00:00","mainEntityOfPage":{"@id":"https:\/\/www.article-marketing.eu\/comunicatistampa\/gruppo-fs-bandi-pnrr-e-mobilita-integrata-le-priorita-entro-lanno-gare-per-19-miliardi\/"},"wordCount":473,"commentCount":0,"keywords":["Gruppo FS"],"articleSection":["Economia e lavoro"],"inLanguage":"it-IT","potentialAction":[{"@type":"CommentAction","name":"Comment","target":["https:\/\/www.article-marketing.eu\/comunicatistampa\/gruppo-fs-bandi-pnrr-e-mobilita-integrata-le-priorita-entro-lanno-gare-per-19-miliardi\/#respond"]}]},{"@type":"WebPage","@id":"https:\/\/www.article-marketing.eu\/comunicatistampa\/gruppo-fs-bandi-pnrr-e-mobilita-integrata-le-priorita-entro-lanno-gare-per-19-miliardi\/","url":"https:\/\/www.article-marketing.eu\/comunicatistampa\/gruppo-fs-bandi-pnrr-e-mobilita-integrata-le-priorita-entro-lanno-gare-per-19-miliardi\/","name":"Gruppo FS, bandi PNRR e mobilit\u00e0 integrata le priorit\u00e0: entro l\u2019anno gare per 19 miliardi","isPartOf":{"@id":"https:\/\/www.article-marketing.eu\/comunicatistampa\/#website"},"datePublished":"2022-08-04T07:14:39+00:00","author":{"@id":"https:\/\/www.article-marketing.eu\/comunicatistampa\/#\/schema\/person\/00c541681af1a376511ed63d59ca096f"},"breadcrumb":{"@id":"https:\/\/www.article-marketing.eu\/comunicatistampa\/gruppo-fs-bandi-pnrr-e-mobilita-integrata-le-priorita-entro-lanno-gare-per-19-miliardi\/#breadcrumb"},"inLanguage":"it-IT","potentialAction":[{"@type":"ReadAction","target":["https:\/\/www.article-marketing.eu\/comunicatistampa\/gruppo-fs-bandi-pnrr-e-mobilita-integrata-le-priorita-entro-lanno-gare-per-19-miliardi\/"]}]},{"@type":"BreadcrumbList","@id":"https:\/\/www.article-marketing.eu\/comunicatistampa\/gruppo-fs-bandi-pnrr-e-mobilita-integrata-le-priorita-entro-lanno-gare-per-19-miliardi\/#breadcrumb","itemListElement":[{"@type":"ListItem","position":1,"name":"Home","item":"https:\/\/www.article-marketing.eu\/comunicatistampa\/"},{"@type":"ListItem","position":2,"name":"Gruppo FS, bandi PNRR e mobilit\u00e0 integrata le priorit\u00e0: entro l\u2019anno gare per 19 miliardi"}]},{"@type":"WebSite","@id":"https:\/\/www.article-marketing.eu\/comunicatistampa\/#website","url":"https:\/\/www.article-marketing.eu\/comunicatistampa\/","name":"Article Marketing","description":"article marketing &amp; press release","potentialAction":[{"@type":"SearchAction","target":{"@type":"EntryPoint","urlTemplate":"https:\/\/www.article-marketing.eu\/comunicatistampa\/?s={search_term_string}"},"query-input":{"@type":"PropertyValueSpecification","valueRequired":true,"valueName":"search_term_string"}}],"inLanguage":"it-IT"},{"@type":"Person","@id":"https:\/\/www.article-marketing.eu\/comunicatistampa\/#\/schema\/person\/00c541681af1a376511ed63d59ca096f","name":"gbofficeprnews","image":{"@type":"ImageObject","inLanguage":"it-IT","@id":"https:\/\/secure.gravatar.com\/avatar\/6c895f4b9cd59fffe899c25f76b85bf0d427605c1f0d3b07c81e155c001265cf?s=96&d=mm&r=g","url":"https:\/\/secure.gravatar.com\/avatar\/6c895f4b9cd59fffe899c25f76b85bf0d427605c1f0d3b07c81e155c001265cf?s=96&d=mm&r=g","contentUrl":"https:\/\/secure.gravatar.com\/avatar\/6c895f4b9cd59fffe899c25f76b85bf0d427605c1f0d3b07c81e155c001265cf?s=96&d=mm&r=g","caption":"gbofficeprnews"},"url":"https:\/\/www.article-marketing.eu\/comunicatistampa\/author\/gbofficeprnews\/"}]}},"_links":{"self":[{"href":"https:\/\/www.article-marketing.eu\/comunicatistampa\/wp-json\/wp\/v2\/posts\/24232","targetHints":{"allow":["GET"]}}],"collection":[{"href":"https:\/\/www.article-marketing.eu\/comunicatistampa\/wp-json\/wp\/v2\/posts"}],"about":[{"href":"https:\/\/www.article-marketing.eu\/comunicatistampa\/wp-json\/wp\/v2\/types\/post"}],"author":[{"embeddable":true,"href":"https:\/\/www.article-marketing.eu\/comunicatistampa\/wp-json\/wp\/v2\/users\/7203"}],"replies":[{"embeddable":true,"href":"https:\/\/www.article-marketing.eu\/comunicatistampa\/wp-json\/wp\/v2\/comments?post=24232"}],"version-history":[{"count":2,"href":"https:\/\/www.article-marketing.eu\/comunicatistampa\/wp-json\/wp\/v2\/posts\/24232\/revisions"}],"predecessor-version":[{"id":24304,"href":"https:\/\/www.article-marketing.eu\/comunicatistampa\/wp-json\/wp\/v2\/posts\/24232\/revisions\/24304"}],"wp:attachment":[{"href":"https:\/\/www.article-marketing.eu\/comunicatistampa\/wp-json\/wp\/v2\/media?parent=24232"}],"wp:term":[{"taxonomy":"category","embeddable":true,"href":"https:\/\/www.article-marketing.eu\/comunicatistampa\/wp-json\/wp\/v2\/categories?post=24232"},{"taxonomy":"post_tag","embeddable":true,"href":"https:\/\/www.article-marketing.eu\/comunicatistampa\/wp-json\/wp\/v2\/tags?post=24232"}],"curies":[{"name":"wp","href":"https:\/\/api.w.org\/{rel}","templated":true}]}}