{"id":24238,"date":"2022-08-05T10:22:33","date_gmt":"2022-08-05T08:22:33","guid":{"rendered":"https:\/\/www.article-marketing.eu\/comunicatistampa\/?p=24238"},"modified":"2022-08-04T10:24:26","modified_gmt":"2022-08-04T08:24:26","slug":"festa-di-san-famiano-a-gallese","status":"publish","type":"post","link":"https:\/\/www.article-marketing.eu\/comunicatistampa\/festa-di-san-famiano-a-gallese\/","title":{"rendered":"Festa di San Famiano a Gallese"},"content":{"rendered":"<div class=\"champ contenu_chapo\">\n<div class=\"chapo\" dir=\"ltr\">\n<p><strong><em>Festa di San Famiano: dal 7 al 10 agosto si festeggia San Famiano, il Patrono dell\u2019antico borgo di Gallese. L\u2019evento rievoca la storia della cittadina attraverso avvincenti giochi e manifestazioni suggestive.<\/em><\/strong><\/p>\n<\/div>\n<\/div>\n<div class=\"champ contenu_texte\">\n<div class=\"label\">Testo<\/div>\n<div class=\"texte\" dir=\"ltr\">\n<p>La Festa di San Famiano\u00a0<strong>\u00e8 la celebrazione in onore del Patrono dell\u2019antica Citt\u00e0 di Gallese<\/strong>\u00a0ed \u00e8 uno degli eventi pi\u00f9 suggestivi della Tuscia. La ricorrenza si terr\u00e0 dal 7 al 10 agosto ed \u00e8 stata\u00a0<strong>riconosciuta come Manifestazione tradizionale di interesse regionale<\/strong>\u00a0in quanto rievoca storia e usanze molto antiche.<\/p>\n<p><strong>Il momento centrale dei festeggiamenti si avvia il 7 agosto<\/strong>, giornata scandita dal suono delle campane e dalle ormai tradizionali\u00a0<strong>\u201cbombe scure\u201d<\/strong>\u00a0(le nuvolette) che, alle\u00a0<strong>12<\/strong>, risuonano per tutto il Paese. A seguire inizier\u00e0 la consueta\u00a0<strong>processione<\/strong>\u00a0che parte alle\u00a0<strong>20:30<\/strong>\u00a0dalla\u00a0<strong>Cattedrale di Santa Maria Assunta al Santuario di San Famiano<\/strong>\u00a0dove poi, viene celebrata la messa solenne sulla tomba del Santo Patrono.<\/p>\n<h4>Le Zitelle<\/h4>\n<p>Alla processione prendono partele\u00a0<strong>Zitelle.\u00a0<\/strong>Ragazze nubili, nate o residenti a Gallese, che storicamente vengono sorteggiate e che rievocano un\u2019antica tradizione risalente ai primi del Cinquecento. La Comunit\u00e0 di Gallese stabil\u00ec infatti di concedere una \u201cdote\u201d ad alcune giovani povere che altrimenti, visti gli usi del tempo, non avrebbero potuto sposarsi. Successivamente, nel\u00a0<strong>1614, Curzio Vanni<\/strong>, possidente gallesino, lasci\u00f2 molti beni per implementare tale dote e stabil\u00ec che le Zitelle estratte sfilassero in Processione per la Festa di san Famiano e pregassero per la Comunit\u00e0 di Gallese.<\/p>\n<p>Il vestito delle Zitelle, secondo un\u2019antica tradizione, non \u00e8 cucito ma tenuto insieme da spilli perch\u00e9 poteva essere usato come parte del corredo di nozze. Dalla fine del XIX secolo, le Zitelle, sono accompagnate dalle Madrine che, al 1989, indossano un vestito di foggia rinascimentale, cucito da sarte locali. L\u2019abito viene indossato durante la processione dell\u20198 agosto mentre la sera precedente, le ragazze indossano una gonna nera e camicia bianca con la fascia riportante le iniziali della famiglia benefattrice.<\/p>\n<p>Un&#8217;altra istituzione immancabile della festa \u00e8 la\u00a0<strong>Venerabile Confraternita di San Famiano<\/strong>\u00a0che da secoli si occupa del culto del Santo. La stessa Confraternita esprime i\u00a0<strong>Portatori\u00a0<\/strong>che hanno l\u2019importante compito di trasportare la statua del Santo. Indossano una tipica divisa costituita da una camicia bianca, pantaloni neri, basco e fascia rossi.<\/p>\n<p>La via che conduce al Santuario \u00e8 solitamente\u00a0<strong>illuminata dalle tradizionali fiaccole romane<\/strong>\u00a0che danno al Paese un aspetto fiabesco.<\/p>\n<h4>Il 7 agosto<\/h4>\n<p><strong>Nella prima giornata di festeggiamenti, il 7 agosto,<\/strong>\u00a0Gallese viene accesa da un evento unico nel suo genere, la\u00a0<strong>Bengalata<\/strong>, una pioggia di fuoco che scende dalle Mura merlate. Questa tradizione \u00e8 molto partecipata dai cittadini al punto che, molto spesso sono le famiglie stesse a donare i fuochi di artificio.<\/p>\n<h4>L&#8217;8 agosto<\/h4>\n<p>Nel pomeriggio dell\u2019<strong>8 agosto,\u00a0<\/strong>ricorrenza della morte del Santo e giornata pi\u00f9 importante dell\u2019evento, presso lo Stadio Comunale, si svolge la\u00a0<strong>Corsa alla Stella. U<\/strong>na tradizionale gara di abilit\u00e0 tra cavalieri le cui origini risalgono al\u00a0<strong>XVI secolo<\/strong>. Sei Cavalieri, ciascuno in rappresentanza delle antiche\u00a0<strong>Contrade di Gallese<\/strong>\u00a0e ad esse abbinate per sorteggio. Questi si sfidano nell\u2019infilzare, in corsa e con una lancia, delle Stelle poste lungo l\u2019anello dello stadio. La contrada vincitrice si aggiudica il Palio di San Famiano, realizzato dalla Venerabile Confraternita di San Famiano.<\/p>\n<p><strong>All\u2019esibizione partecipa il Corteo storico<\/strong>\u00a0preceduto dal suono delle chiarine e dei tamburi del gruppo\u00a0<strong>Musici Citt\u00e0 di Gallese<\/strong>. Il Corteo \u00e8 composto da circa 40 figuranti che impersonano i Magistrati e le figure di rilievo della Citt\u00e0 di Gallese, cos\u00ec come ce li descrivono gli antichi Statuti del 1576, in rappresentanza delle Contrade della Citt\u00e0<strong>: Santa Maria, San Lorenzo, Sant\u2019Angelo, Sant\u2019Antonio, San Giacomo e San Sebastiano<\/strong>, sfila per le vie del Centro storico fino allo Stadio comunale. La giornata si conclude con lo spettacolo pirotecnico.<\/p>\n<h4>Il 9 e il 10 agosto<\/h4>\n<p><strong>Il 9 agosto, invece<\/strong>, si tiene\u00a0<strong>la Fiera di Merci e di Bestiame<\/strong>, usanza che si rinnova fin dall\u2019antichit\u00e0 ed il tradizionale Concerto della Banda musicale \u201cCitt\u00e0 di Gallese\u201d. Il\u00a0<strong>10 agosto<\/strong>\u00a0vengono\u00a0<strong>allestiti giochi per i bambini e la gara podistica<\/strong>.<\/p>\n<p>La manifestazione \u00e8 organizzata dal\u00a0<strong>Comitato Festeggiamenti San Famiano classi 1971\/1996 e dalla Comunit\u00e0 parrocchiale di Gallese<\/strong>\u00a0in collaborazione con\u00a0<strong>la Pro Loco, la Confraternita di San Famiano e con il patrocinio del Comune.<\/strong><\/p>\n<h4>San Famiano<\/h4>\n<p>Famiano era un monaco di origine tedesca che, dopo una vita da Pellegrino e da Eremita, di ritorno da un pellegrinaggio in Terra Santa, lungo la via Amerina, arriv\u00f2 a Gallese il 17 luglio del 1150. Mor\u00ec pochi giorni dopo, l\u20198 agosto.<\/p>\n<p>Durante il suo periodo di permanenza nel Paese e subito dopo la sua morte,\u00a0<strong>San Famiano<\/strong>, comp\u00ec molti miracoli e la sua notoriet\u00e0 si diffuse presto, attirando molti pellegrini e l\u2019attenzione di\u00a0<strong>Papa Adriano IV<\/strong>\u00a0. Il Papa pochi anni dopo, nel\u00a0<strong>1554<\/strong>, transitando per Civita Castellana, ebbe notizia di questi eventi e lo proclam\u00f2 Santo. Mut\u00f2 il suo nome da\u00a0<strong>Quarduus<\/strong>\u00a0in\u00a0<strong>Famianus<\/strong>, per la Fama dei suoi miracoli.<\/p>\n<h4>Altri\u00a0eventi legati alla Festa di San Famiano<\/h4>\n<p>Ogni data intorno al quale si organizzano i vari eventi di<a href=\"https:\/\/comune.gallese.vt.it\/home\">\u00a0Gallese<\/a>\u00a0ha un significato ben preciso. Tutto \u00e8 legato alla sua lunga storia ricca di tradizioni. Proprio per questo, anche se i festeggiamenti di San Famiano iniziano ufficialmente il\u00a0<strong>7 agosto<\/strong>, il\u00a0<strong>Comitato ha arricchito il suo programma con tante attivit\u00e0 per grandi e piccini.<\/strong>\u00a0Dal\u00a0<strong>29 al 6<\/strong>\u00a0si inizier\u00e0 con\u00a0<strong>la preparazione alla festa del Santo<\/strong>\u00a0mentre dal\u00a0<strong>4 al 10 agosto<\/strong>\u00a0sar\u00e0 aperta la\u00a0<strong>Taverna del Comitato<\/strong>. Il\u00a0<strong>4 agosto<\/strong>\u00a0si terr\u00e0 la\u00a0<strong>Serata Danzante.<\/strong>\u00a0Il\u00a0<strong>5<\/strong>\u00a0il Concerto\u00a0<strong>\u201cSerenate al chiaro di luna\u201d, con la partecipazione della Corale polifonica \u201cTeofilo Gargari\u201d di Gallese<\/strong>. Il\u00a0<strong>6 agosto<\/strong>\u00a0sar\u00e0 dedicato ai bambini con un\u00a0<strong>pomeriggio di intrattenimento in piazza<\/strong>.<\/p>\n<\/div>\n<\/div>\n","protected":false},"excerpt":{"rendered":"<p>Festa di San Famiano: dal 7 al 10 agosto si festeggia San Famiano, il Patrono dell\u2019antico borgo di Gallese. L\u2019evento rievoca la storia della cittadina attraverso avvincenti giochi e manifestazioni suggestive. Testo La Festa di San Famiano\u00a0\u00e8 la celebrazione in onore del Patrono dell\u2019antica Citt\u00e0 di Gallese\u00a0ed \u00e8 uno degli eventi pi\u00f9 suggestivi della Tuscia. La ricorrenza si terr\u00e0 dal 7 al 10 agosto ed \u00e8 stata\u00a0riconosciuta come Manifestazione tradizionale<\/p>\n<p><a class=\"continue-reading\" href=\"https:\/\/www.article-marketing.eu\/comunicatistampa\/festa-di-san-famiano-a-gallese\/\">Continue reading&#8230;<\/a><\/p>\n","protected":false},"author":7328,"featured_media":0,"comment_status":"open","ping_status":"open","sticky":false,"template":"","format":"standard","meta":{"_monsterinsights_skip_tracking":false,"_monsterinsights_sitenote_active":false,"_monsterinsights_sitenote_note":"","_monsterinsights_sitenote_category":0,"footnotes":""},"categories":[78,392],"tags":[9963,10015,9869,10016,9871],"class_list":["post-24238","post","type-post","status-publish","format-standard","hentry","category-comunicati-stampa","category-eventi","tag-comune-di-gallese","tag-festa-di-san-famiano","tag-gallese","tag-quardo","tag-san-famiano"],"yoast_head":"<!-- This site is optimized with the Yoast SEO plugin v27.3 - https:\/\/yoast.com\/product\/yoast-seo-wordpress\/ -->\n<title>Festa di San Famiano a Gallese - Article Marketing<\/title>\n<meta name=\"description\" content=\"Festa di San Famiano: dal 7 al 10 agosto si festeggia il Patrono dell\u2019antico borgo di Gallese. Rievocazione storica ricca di eventi\" \/>\n<meta name=\"robots\" content=\"index, follow, max-snippet:-1, max-image-preview:large, max-video-preview:-1\" \/>\n<link rel=\"canonical\" href=\"https:\/\/www.article-marketing.eu\/comunicatistampa\/festa-di-san-famiano-a-gallese\/\" \/>\n<meta property=\"og:locale\" content=\"it_IT\" \/>\n<meta property=\"og:type\" content=\"article\" \/>\n<meta property=\"og:title\" content=\"Festa di San Famiano a Gallese - Article Marketing\" \/>\n<meta property=\"og:description\" content=\"Festa di San Famiano: dal 7 al 10 agosto si festeggia il Patrono dell\u2019antico borgo di Gallese. Rievocazione storica ricca di eventi\" \/>\n<meta property=\"og:url\" content=\"https:\/\/www.article-marketing.eu\/comunicatistampa\/festa-di-san-famiano-a-gallese\/\" \/>\n<meta property=\"og:site_name\" content=\"Article Marketing\" \/>\n<meta property=\"article:published_time\" content=\"2022-08-05T08:22:33+00:00\" \/>\n<meta name=\"author\" content=\"VanessaRTE\" \/>\n<meta name=\"twitter:card\" content=\"summary_large_image\" \/>\n<meta name=\"twitter:label1\" content=\"Scritto da\" \/>\n\t<meta name=\"twitter:data1\" content=\"VanessaRTE\" \/>\n\t<meta name=\"twitter:label2\" content=\"Tempo di lettura stimato\" \/>\n\t<meta name=\"twitter:data2\" content=\"6 minuti\" \/>\n<script type=\"application\/ld+json\" class=\"yoast-schema-graph\">{\"@context\":\"https:\\\/\\\/schema.org\",\"@graph\":[{\"@type\":\"Article\",\"@id\":\"https:\\\/\\\/www.article-marketing.eu\\\/comunicatistampa\\\/festa-di-san-famiano-a-gallese\\\/#article\",\"isPartOf\":{\"@id\":\"https:\\\/\\\/www.article-marketing.eu\\\/comunicatistampa\\\/festa-di-san-famiano-a-gallese\\\/\"},\"author\":{\"name\":\"VanessaRTE\",\"@id\":\"https:\\\/\\\/www.article-marketing.eu\\\/comunicatistampa\\\/#\\\/schema\\\/person\\\/04b7075c001dcb211f8345a7a5c1d96f\"},\"headline\":\"Festa di San Famiano a Gallese\",\"datePublished\":\"2022-08-05T08:22:33+00:00\",\"mainEntityOfPage\":{\"@id\":\"https:\\\/\\\/www.article-marketing.eu\\\/comunicatistampa\\\/festa-di-san-famiano-a-gallese\\\/\"},\"wordCount\":926,\"commentCount\":0,\"keywords\":[\"Comune di Gallese\",\"Festa di San Famiano\",\"Gallese\",\"Quardo\",\"San Famiano\"],\"articleSection\":[\"Comunicati stampa\",\"Eventi\"],\"inLanguage\":\"it-IT\",\"potentialAction\":[{\"@type\":\"CommentAction\",\"name\":\"Comment\",\"target\":[\"https:\\\/\\\/www.article-marketing.eu\\\/comunicatistampa\\\/festa-di-san-famiano-a-gallese\\\/#respond\"]}]},{\"@type\":\"WebPage\",\"@id\":\"https:\\\/\\\/www.article-marketing.eu\\\/comunicatistampa\\\/festa-di-san-famiano-a-gallese\\\/\",\"url\":\"https:\\\/\\\/www.article-marketing.eu\\\/comunicatistampa\\\/festa-di-san-famiano-a-gallese\\\/\",\"name\":\"Festa di San Famiano a Gallese - Article Marketing\",\"isPartOf\":{\"@id\":\"https:\\\/\\\/www.article-marketing.eu\\\/comunicatistampa\\\/#website\"},\"datePublished\":\"2022-08-05T08:22:33+00:00\",\"author\":{\"@id\":\"https:\\\/\\\/www.article-marketing.eu\\\/comunicatistampa\\\/#\\\/schema\\\/person\\\/04b7075c001dcb211f8345a7a5c1d96f\"},\"description\":\"Festa di San Famiano: dal 7 al 10 agosto si festeggia il Patrono dell\u2019antico borgo di Gallese. Rievocazione storica ricca di eventi\",\"breadcrumb\":{\"@id\":\"https:\\\/\\\/www.article-marketing.eu\\\/comunicatistampa\\\/festa-di-san-famiano-a-gallese\\\/#breadcrumb\"},\"inLanguage\":\"it-IT\",\"potentialAction\":[{\"@type\":\"ReadAction\",\"target\":[\"https:\\\/\\\/www.article-marketing.eu\\\/comunicatistampa\\\/festa-di-san-famiano-a-gallese\\\/\"]}]},{\"@type\":\"BreadcrumbList\",\"@id\":\"https:\\\/\\\/www.article-marketing.eu\\\/comunicatistampa\\\/festa-di-san-famiano-a-gallese\\\/#breadcrumb\",\"itemListElement\":[{\"@type\":\"ListItem\",\"position\":1,\"name\":\"Home\",\"item\":\"https:\\\/\\\/www.article-marketing.eu\\\/comunicatistampa\\\/\"},{\"@type\":\"ListItem\",\"position\":2,\"name\":\"Festa di San Famiano a Gallese\"}]},{\"@type\":\"WebSite\",\"@id\":\"https:\\\/\\\/www.article-marketing.eu\\\/comunicatistampa\\\/#website\",\"url\":\"https:\\\/\\\/www.article-marketing.eu\\\/comunicatistampa\\\/\",\"name\":\"Article Marketing\",\"description\":\"article marketing &amp; press release\",\"potentialAction\":[{\"@type\":\"SearchAction\",\"target\":{\"@type\":\"EntryPoint\",\"urlTemplate\":\"https:\\\/\\\/www.article-marketing.eu\\\/comunicatistampa\\\/?s={search_term_string}\"},\"query-input\":{\"@type\":\"PropertyValueSpecification\",\"valueRequired\":true,\"valueName\":\"search_term_string\"}}],\"inLanguage\":\"it-IT\"},{\"@type\":\"Person\",\"@id\":\"https:\\\/\\\/www.article-marketing.eu\\\/comunicatistampa\\\/#\\\/schema\\\/person\\\/04b7075c001dcb211f8345a7a5c1d96f\",\"name\":\"VanessaRTE\",\"image\":{\"@type\":\"ImageObject\",\"inLanguage\":\"it-IT\",\"@id\":\"https:\\\/\\\/secure.gravatar.com\\\/avatar\\\/347db8f3323ffc70d0b193335de29ff68e7be5614e59a70dee57f61d19bf93b5?s=96&d=mm&r=g\",\"url\":\"https:\\\/\\\/secure.gravatar.com\\\/avatar\\\/347db8f3323ffc70d0b193335de29ff68e7be5614e59a70dee57f61d19bf93b5?s=96&d=mm&r=g\",\"contentUrl\":\"https:\\\/\\\/secure.gravatar.com\\\/avatar\\\/347db8f3323ffc70d0b193335de29ff68e7be5614e59a70dee57f61d19bf93b5?s=96&d=mm&r=g\",\"caption\":\"VanessaRTE\"},\"url\":\"https:\\\/\\\/www.article-marketing.eu\\\/comunicatistampa\\\/author\\\/vanessarte\\\/\"}]}<\/script>\n<!-- \/ Yoast SEO plugin. -->","yoast_head_json":{"title":"Festa di San Famiano a Gallese - Article Marketing","description":"Festa di San Famiano: dal 7 al 10 agosto si festeggia il Patrono dell\u2019antico borgo di Gallese. Rievocazione storica ricca di eventi","robots":{"index":"index","follow":"follow","max-snippet":"max-snippet:-1","max-image-preview":"max-image-preview:large","max-video-preview":"max-video-preview:-1"},"canonical":"https:\/\/www.article-marketing.eu\/comunicatistampa\/festa-di-san-famiano-a-gallese\/","og_locale":"it_IT","og_type":"article","og_title":"Festa di San Famiano a Gallese - Article Marketing","og_description":"Festa di San Famiano: dal 7 al 10 agosto si festeggia il Patrono dell\u2019antico borgo di Gallese. Rievocazione storica ricca di eventi","og_url":"https:\/\/www.article-marketing.eu\/comunicatistampa\/festa-di-san-famiano-a-gallese\/","og_site_name":"Article Marketing","article_published_time":"2022-08-05T08:22:33+00:00","author":"VanessaRTE","twitter_card":"summary_large_image","twitter_misc":{"Scritto da":"VanessaRTE","Tempo di lettura stimato":"6 minuti"},"schema":{"@context":"https:\/\/schema.org","@graph":[{"@type":"Article","@id":"https:\/\/www.article-marketing.eu\/comunicatistampa\/festa-di-san-famiano-a-gallese\/#article","isPartOf":{"@id":"https:\/\/www.article-marketing.eu\/comunicatistampa\/festa-di-san-famiano-a-gallese\/"},"author":{"name":"VanessaRTE","@id":"https:\/\/www.article-marketing.eu\/comunicatistampa\/#\/schema\/person\/04b7075c001dcb211f8345a7a5c1d96f"},"headline":"Festa di San Famiano a Gallese","datePublished":"2022-08-05T08:22:33+00:00","mainEntityOfPage":{"@id":"https:\/\/www.article-marketing.eu\/comunicatistampa\/festa-di-san-famiano-a-gallese\/"},"wordCount":926,"commentCount":0,"keywords":["Comune di Gallese","Festa di San Famiano","Gallese","Quardo","San Famiano"],"articleSection":["Comunicati stampa","Eventi"],"inLanguage":"it-IT","potentialAction":[{"@type":"CommentAction","name":"Comment","target":["https:\/\/www.article-marketing.eu\/comunicatistampa\/festa-di-san-famiano-a-gallese\/#respond"]}]},{"@type":"WebPage","@id":"https:\/\/www.article-marketing.eu\/comunicatistampa\/festa-di-san-famiano-a-gallese\/","url":"https:\/\/www.article-marketing.eu\/comunicatistampa\/festa-di-san-famiano-a-gallese\/","name":"Festa di San Famiano a Gallese - Article Marketing","isPartOf":{"@id":"https:\/\/www.article-marketing.eu\/comunicatistampa\/#website"},"datePublished":"2022-08-05T08:22:33+00:00","author":{"@id":"https:\/\/www.article-marketing.eu\/comunicatistampa\/#\/schema\/person\/04b7075c001dcb211f8345a7a5c1d96f"},"description":"Festa di San Famiano: dal 7 al 10 agosto si festeggia il Patrono dell\u2019antico borgo di Gallese. Rievocazione storica ricca di eventi","breadcrumb":{"@id":"https:\/\/www.article-marketing.eu\/comunicatistampa\/festa-di-san-famiano-a-gallese\/#breadcrumb"},"inLanguage":"it-IT","potentialAction":[{"@type":"ReadAction","target":["https:\/\/www.article-marketing.eu\/comunicatistampa\/festa-di-san-famiano-a-gallese\/"]}]},{"@type":"BreadcrumbList","@id":"https:\/\/www.article-marketing.eu\/comunicatistampa\/festa-di-san-famiano-a-gallese\/#breadcrumb","itemListElement":[{"@type":"ListItem","position":1,"name":"Home","item":"https:\/\/www.article-marketing.eu\/comunicatistampa\/"},{"@type":"ListItem","position":2,"name":"Festa di San Famiano a Gallese"}]},{"@type":"WebSite","@id":"https:\/\/www.article-marketing.eu\/comunicatistampa\/#website","url":"https:\/\/www.article-marketing.eu\/comunicatistampa\/","name":"Article Marketing","description":"article marketing &amp; press release","potentialAction":[{"@type":"SearchAction","target":{"@type":"EntryPoint","urlTemplate":"https:\/\/www.article-marketing.eu\/comunicatistampa\/?s={search_term_string}"},"query-input":{"@type":"PropertyValueSpecification","valueRequired":true,"valueName":"search_term_string"}}],"inLanguage":"it-IT"},{"@type":"Person","@id":"https:\/\/www.article-marketing.eu\/comunicatistampa\/#\/schema\/person\/04b7075c001dcb211f8345a7a5c1d96f","name":"VanessaRTE","image":{"@type":"ImageObject","inLanguage":"it-IT","@id":"https:\/\/secure.gravatar.com\/avatar\/347db8f3323ffc70d0b193335de29ff68e7be5614e59a70dee57f61d19bf93b5?s=96&d=mm&r=g","url":"https:\/\/secure.gravatar.com\/avatar\/347db8f3323ffc70d0b193335de29ff68e7be5614e59a70dee57f61d19bf93b5?s=96&d=mm&r=g","contentUrl":"https:\/\/secure.gravatar.com\/avatar\/347db8f3323ffc70d0b193335de29ff68e7be5614e59a70dee57f61d19bf93b5?s=96&d=mm&r=g","caption":"VanessaRTE"},"url":"https:\/\/www.article-marketing.eu\/comunicatistampa\/author\/vanessarte\/"}]}},"_links":{"self":[{"href":"https:\/\/www.article-marketing.eu\/comunicatistampa\/wp-json\/wp\/v2\/posts\/24238","targetHints":{"allow":["GET"]}}],"collection":[{"href":"https:\/\/www.article-marketing.eu\/comunicatistampa\/wp-json\/wp\/v2\/posts"}],"about":[{"href":"https:\/\/www.article-marketing.eu\/comunicatistampa\/wp-json\/wp\/v2\/types\/post"}],"author":[{"embeddable":true,"href":"https:\/\/www.article-marketing.eu\/comunicatistampa\/wp-json\/wp\/v2\/users\/7328"}],"replies":[{"embeddable":true,"href":"https:\/\/www.article-marketing.eu\/comunicatistampa\/wp-json\/wp\/v2\/comments?post=24238"}],"version-history":[{"count":2,"href":"https:\/\/www.article-marketing.eu\/comunicatistampa\/wp-json\/wp\/v2\/posts\/24238\/revisions"}],"predecessor-version":[{"id":24315,"href":"https:\/\/www.article-marketing.eu\/comunicatistampa\/wp-json\/wp\/v2\/posts\/24238\/revisions\/24315"}],"wp:attachment":[{"href":"https:\/\/www.article-marketing.eu\/comunicatistampa\/wp-json\/wp\/v2\/media?parent=24238"}],"wp:term":[{"taxonomy":"category","embeddable":true,"href":"https:\/\/www.article-marketing.eu\/comunicatistampa\/wp-json\/wp\/v2\/categories?post=24238"},{"taxonomy":"post_tag","embeddable":true,"href":"https:\/\/www.article-marketing.eu\/comunicatistampa\/wp-json\/wp\/v2\/tags?post=24238"}],"curies":[{"name":"wp","href":"https:\/\/api.w.org\/{rel}","templated":true}]}}