{"id":24244,"date":"2022-08-05T10:45:52","date_gmt":"2022-08-05T08:45:52","guid":{"rendered":"https:\/\/www.article-marketing.eu\/comunicatistampa\/?p=24244"},"modified":"2022-08-04T10:25:16","modified_gmt":"2022-08-04T08:25:16","slug":"francesca-dellera-il-successo-internazionale-dellattrice-che-ha-scelto-oggi-una-vita-riservata","status":"publish","type":"post","link":"https:\/\/www.article-marketing.eu\/comunicatistampa\/francesca-dellera-il-successo-internazionale-dellattrice-che-ha-scelto-oggi-una-vita-riservata\/","title":{"rendered":"Francesca Dellera: il successo internazionale dell\u2019attrice che ha scelto oggi una vita riservata"},"content":{"rendered":"<p><em><strong>Dai primi lavori come fotomodella al successo internazionale, fino alla scelta di una vita riservata:<\/strong> <\/em><a title=\"Francesca Dellera: la carriera internazionale\" href=\"https:\/\/www.corriere.it\/foto-gallery\/spettacoli\/14_gennaio_25\/francesca-dellera-esordi-tinto-brass-cannes-001053e4-85a2-11e3-97a7-e7402e9bb91d.shtml\"><em><strong>Francesca Dellera<\/strong><\/em><\/a> <em><strong>\u00e8 e continua a essere un&#8217;icona di bellezza e sensualit\u00e0 a livello internazionale. Le tappe fondamentali della sua<\/strong> <strong>carriera.<\/strong><\/em><\/p>\n<p><img decoding=\"async\" style=\"height: 80px;\" src=\"https:\/\/images2.corriereobjects.it\/methode_image\/2022\/06\/15\/Spettacoli\/Foto%20Gallery\/delllera5_MGZOOM.jpg\" alt=\"Francesca Dellera\" \/><img decoding=\"async\" style=\"height: 80px;\" src=\"https:\/\/images2.corriereobjects.it\/methode_image\/2022\/06\/15\/Spettacoli\/Foto%20Gallery\/dellera202_MGZOOM.jpg\" alt=\"Francesca Dellera\" \/><img decoding=\"async\" style=\"height: 80px;\" src=\"https:\/\/images2.corriereobjects.it\/methode_image\/2022\/06\/15\/Spettacoli\/Foto%20Gallery\/dellera6_MGZOOM.jpg\" alt=\"Francesca Dellera\" \/><\/p>\n<h2>Francesca Dellera: la scelta di una vita riservata<\/h2>\n<p><em>&#8220;Ho vissuto una vita intensa, internazionale, dove ho ottenuto tanto, ma il successo e la popolarit\u00e0 possono essere esperienze molto violente quando si vivono ad appena 20 anni. Per questo, poi, ho fatto di tutto per scomparire&#8221;<\/em>: <strong>Francesca Dellera<\/strong>, icona di bellezza nel mondo, ha rilasciato questa dichiarazione in un&#8217;intervista al &#8220;Corriere della Sera&#8221;. Cos\u00ec dunque la bellissima attrice parla della sua scelta di allontanarsi dalle scene cinematografiche. Francesca Dellera ha fatto una scelta di vita ben precisa improntata alla pi\u00f9 assoluta riservatezza nonostante la sua fama continui ad accompagnarla grazie alle interpretazioni di successo che hanno costellato la sua carriera di attrice. <strong>Francesca Dellera<\/strong> vive oggi serenamente tra Parigi e Londra insieme al suo compagno.<\/p>\n<h2>Francesca Dellera: la carriera di un&#8217;icona di bellezza e sensualit\u00e0<\/h2>\n<p><img decoding=\"async\" style=\"height: 80px;\" src=\"https:\/\/images2.corriereobjects.it\/methode_image\/2022\/06\/15\/Spettacoli\/Foto%20Gallery\/dellera4_MGZOOM.jpg\" alt=\"Francesca Dellera\" \/><img decoding=\"async\" style=\"height: 80px;\" src=\"https:\/\/images2.corriereobjects.it\/methode_image\/2022\/06\/15\/Spettacoli\/Foto%20Gallery\/dellera204_MGZOOM.jpg\" alt=\"Francesca Dellera\" \/><img decoding=\"async\" style=\"height: 80px;\" src=\"https:\/\/images2.corriereobjects.it\/methode_image\/2022\/06\/15\/Spettacoli\/Foto%20Gallery\/dellera203_MGZOOM.jpg\" alt=\"Francesca Dellera\" \/><\/p>\n<p><strong>Francesca Dellera<\/strong> \u00e8 un&#8217;artista ancora seguita e ricercata nonostante la sua scelta di una vita riservata. Il contatto con il mondo dello spettacolo avviene inizialmente come fotomodella, ritratta dai pi\u00f9 grandi fotografi internazionali come Helmut Newton, Dominique Issermann, Michel Comte, Andr\u00e9 Rau, Greg Gorman e tanti altri. Sul set, invece, <strong>Francesca Dellera<\/strong> ha recitato al fianco di Gina Lollobrigida nella miniserie televisiva &#8220;La romana&#8221; adattamento dell&#8217;omonimo romanzo di Alberto Moravia che, colpito dall&#8217;interpretazione di Francesca, le dedicher\u00e0 un&#8217;intervista (privilegio concesso solo a Sofia Loren e Claudia Cardinale). Il successo internazionale arriva col regista Marco Ferreri che la definisce &#8220;la pelle pi\u00f9 bella del cinema italiano&#8221; e che per lei scrive la sceneggiatura del film &#8220;La Carne&#8221; presentato con successo al Festival di Cannes. Federico Fellini, colpito dall&#8217;interpretazione nel film di Ferreri, la scelse per il ruolo della Fata per il film Pinocchio, un progetto al quale il regista pensava da tempo e che avrebbe dovuto avere Roberto Benigni nel ruolo del burattino; la scomparsa prematura del regista imped\u00ec per\u00f2 la realizzazione del film. La rockstar Prince, dopo aver visto le sue foto, and\u00f2 a Parigi per conoscerla e affitt\u00f2 un cinema per vedere da solo il film &#8220;La carne&#8221;, proponendole di andare con lui in America ed essere la protagonista di un suo videoclip. Successivamente Francesca Dellera si trasferisce in Francia, dove prende parte ad altri importanti progetti come &#8220;L&#8217;ours en peluche&#8221;, film in cui \u00e8 la protagonista accanto alla pi\u00f9 grande star francese Alain Delon con la regia di Jacques Deray, e la miniserie &#8220;Nan\u00e0&#8221;, una coproduzione italo francese tratta dall&#8217;omonimo romanzo di Emile Zola, e nel kolossal internazionale &#8220;La contessa di Castiglione&#8221;, al fianco al mito del cinema francese Jeanne Moreau e diretta dalla regista Jos\u00e9e Dayan. Dopo quest&#8217;ultimo film, per sua intima convinzione, ha deciso di staccarsi dal mondo dello spettacolo per vivere serenamente tra Parigi e Londra insieme al suo compagno.<\/p>\n","protected":false},"excerpt":{"rendered":"<p>Dai primi lavori come fotomodella al successo internazionale, fino alla scelta di una vita riservata: Francesca Dellera \u00e8 e continua a essere un&#8217;icona di bellezza e sensualit\u00e0 a livello internazionale. Le tappe fondamentali della sua carriera. Francesca Dellera: la scelta di una vita riservata &#8220;Ho vissuto una vita intensa, internazionale, dove ho ottenuto tanto, ma il successo e la popolarit\u00e0 possono essere esperienze molto violente quando si vivono ad appena<\/p>\n<p><a class=\"continue-reading\" href=\"https:\/\/www.article-marketing.eu\/comunicatistampa\/francesca-dellera-il-successo-internazionale-dellattrice-che-ha-scelto-oggi-una-vita-riservata\/\">Continue reading&#8230;<\/a><\/p>\n","protected":false},"author":6477,"featured_media":0,"comment_status":"open","ping_status":"open","sticky":false,"template":"","format":"standard","meta":{"_monsterinsights_skip_tracking":false,"_monsterinsights_sitenote_active":false,"_monsterinsights_sitenote_note":"","_monsterinsights_sitenote_category":0,"footnotes":""},"categories":[78],"tags":[9860],"class_list":["post-24244","post","type-post","status-publish","format-standard","hentry","category-comunicati-stampa","tag-francesca-dellera"],"yoast_head":"<!-- This site is optimized with the Yoast SEO plugin v27.3 - https:\/\/yoast.com\/product\/yoast-seo-wordpress\/ -->\n<title>Francesca Dellera: il successo internazionale dell\u2019attrice che ha scelto oggi una vita riservata<\/title>\n<meta name=\"robots\" content=\"index, follow, max-snippet:-1, max-image-preview:large, max-video-preview:-1\" \/>\n<link rel=\"canonical\" href=\"https:\/\/www.article-marketing.eu\/comunicatistampa\/francesca-dellera-il-successo-internazionale-dellattrice-che-ha-scelto-oggi-una-vita-riservata\/\" \/>\n<meta property=\"og:locale\" content=\"it_IT\" \/>\n<meta property=\"og:type\" content=\"article\" \/>\n<meta property=\"og:title\" content=\"Francesca Dellera: il successo internazionale dell\u2019attrice che ha scelto oggi una vita riservata\" \/>\n<meta property=\"og:description\" content=\"Dai primi lavori come fotomodella al successo internazionale, fino alla scelta di una vita riservata: Francesca Dellera \u00e8 e continua a essere un&#8217;icona di bellezza e sensualit\u00e0 a livello internazionale. Le tappe fondamentali della sua carriera. Francesca Dellera: la scelta di una vita riservata &#8220;Ho vissuto una vita intensa, internazionale, dove ho ottenuto tanto, ma il successo e la popolarit\u00e0 possono essere esperienze molto violente quando si vivono ad appenaContinue reading...\" \/>\n<meta property=\"og:url\" content=\"https:\/\/www.article-marketing.eu\/comunicatistampa\/francesca-dellera-il-successo-internazionale-dellattrice-che-ha-scelto-oggi-una-vita-riservata\/\" \/>\n<meta property=\"og:site_name\" content=\"Article Marketing\" \/>\n<meta property=\"article:published_time\" content=\"2022-08-05T08:45:52+00:00\" \/>\n<meta property=\"og:image\" content=\"https:\/\/images2.corriereobjects.it\/methode_image\/2022\/06\/15\/Spettacoli\/Foto%20Gallery\/delllera5_MGZOOM.jpg\" \/>\n<meta name=\"author\" content=\"articolinews\" \/>\n<meta name=\"twitter:card\" content=\"summary_large_image\" \/>\n<meta name=\"twitter:label1\" content=\"Scritto da\" \/>\n\t<meta name=\"twitter:data1\" content=\"articolinews\" \/>\n\t<meta name=\"twitter:label2\" content=\"Tempo di lettura stimato\" \/>\n\t<meta name=\"twitter:data2\" content=\"4 minuti\" \/>\n<script type=\"application\/ld+json\" class=\"yoast-schema-graph\">{\"@context\":\"https:\\\/\\\/schema.org\",\"@graph\":[{\"@type\":\"Article\",\"@id\":\"https:\\\/\\\/www.article-marketing.eu\\\/comunicatistampa\\\/francesca-dellera-il-successo-internazionale-dellattrice-che-ha-scelto-oggi-una-vita-riservata\\\/#article\",\"isPartOf\":{\"@id\":\"https:\\\/\\\/www.article-marketing.eu\\\/comunicatistampa\\\/francesca-dellera-il-successo-internazionale-dellattrice-che-ha-scelto-oggi-una-vita-riservata\\\/\"},\"author\":{\"name\":\"articolinews\",\"@id\":\"https:\\\/\\\/www.article-marketing.eu\\\/comunicatistampa\\\/#\\\/schema\\\/person\\\/2fcaf8f8f3a9eef9eb7f27532d3ca458\"},\"headline\":\"Francesca Dellera: il successo internazionale dell\u2019attrice che ha scelto oggi una vita riservata\",\"datePublished\":\"2022-08-05T08:45:52+00:00\",\"mainEntityOfPage\":{\"@id\":\"https:\\\/\\\/www.article-marketing.eu\\\/comunicatistampa\\\/francesca-dellera-il-successo-internazionale-dellattrice-che-ha-scelto-oggi-una-vita-riservata\\\/\"},\"wordCount\":496,\"commentCount\":0,\"image\":{\"@id\":\"https:\\\/\\\/www.article-marketing.eu\\\/comunicatistampa\\\/francesca-dellera-il-successo-internazionale-dellattrice-che-ha-scelto-oggi-una-vita-riservata\\\/#primaryimage\"},\"thumbnailUrl\":\"https:\\\/\\\/images2.corriereobjects.it\\\/methode_image\\\/2022\\\/06\\\/15\\\/Spettacoli\\\/Foto%20Gallery\\\/delllera5_MGZOOM.jpg\",\"keywords\":[\"Francesca Dellera\"],\"articleSection\":[\"Comunicati stampa\"],\"inLanguage\":\"it-IT\",\"potentialAction\":[{\"@type\":\"CommentAction\",\"name\":\"Comment\",\"target\":[\"https:\\\/\\\/www.article-marketing.eu\\\/comunicatistampa\\\/francesca-dellera-il-successo-internazionale-dellattrice-che-ha-scelto-oggi-una-vita-riservata\\\/#respond\"]}]},{\"@type\":\"WebPage\",\"@id\":\"https:\\\/\\\/www.article-marketing.eu\\\/comunicatistampa\\\/francesca-dellera-il-successo-internazionale-dellattrice-che-ha-scelto-oggi-una-vita-riservata\\\/\",\"url\":\"https:\\\/\\\/www.article-marketing.eu\\\/comunicatistampa\\\/francesca-dellera-il-successo-internazionale-dellattrice-che-ha-scelto-oggi-una-vita-riservata\\\/\",\"name\":\"Francesca Dellera: il successo internazionale dell\u2019attrice che ha scelto oggi una vita riservata\",\"isPartOf\":{\"@id\":\"https:\\\/\\\/www.article-marketing.eu\\\/comunicatistampa\\\/#website\"},\"primaryImageOfPage\":{\"@id\":\"https:\\\/\\\/www.article-marketing.eu\\\/comunicatistampa\\\/francesca-dellera-il-successo-internazionale-dellattrice-che-ha-scelto-oggi-una-vita-riservata\\\/#primaryimage\"},\"image\":{\"@id\":\"https:\\\/\\\/www.article-marketing.eu\\\/comunicatistampa\\\/francesca-dellera-il-successo-internazionale-dellattrice-che-ha-scelto-oggi-una-vita-riservata\\\/#primaryimage\"},\"thumbnailUrl\":\"https:\\\/\\\/images2.corriereobjects.it\\\/methode_image\\\/2022\\\/06\\\/15\\\/Spettacoli\\\/Foto%20Gallery\\\/delllera5_MGZOOM.jpg\",\"datePublished\":\"2022-08-05T08:45:52+00:00\",\"author\":{\"@id\":\"https:\\\/\\\/www.article-marketing.eu\\\/comunicatistampa\\\/#\\\/schema\\\/person\\\/2fcaf8f8f3a9eef9eb7f27532d3ca458\"},\"breadcrumb\":{\"@id\":\"https:\\\/\\\/www.article-marketing.eu\\\/comunicatistampa\\\/francesca-dellera-il-successo-internazionale-dellattrice-che-ha-scelto-oggi-una-vita-riservata\\\/#breadcrumb\"},\"inLanguage\":\"it-IT\",\"potentialAction\":[{\"@type\":\"ReadAction\",\"target\":[\"https:\\\/\\\/www.article-marketing.eu\\\/comunicatistampa\\\/francesca-dellera-il-successo-internazionale-dellattrice-che-ha-scelto-oggi-una-vita-riservata\\\/\"]}]},{\"@type\":\"ImageObject\",\"inLanguage\":\"it-IT\",\"@id\":\"https:\\\/\\\/www.article-marketing.eu\\\/comunicatistampa\\\/francesca-dellera-il-successo-internazionale-dellattrice-che-ha-scelto-oggi-una-vita-riservata\\\/#primaryimage\",\"url\":\"https:\\\/\\\/images2.corriereobjects.it\\\/methode_image\\\/2022\\\/06\\\/15\\\/Spettacoli\\\/Foto%20Gallery\\\/delllera5_MGZOOM.jpg\",\"contentUrl\":\"https:\\\/\\\/images2.corriereobjects.it\\\/methode_image\\\/2022\\\/06\\\/15\\\/Spettacoli\\\/Foto%20Gallery\\\/delllera5_MGZOOM.jpg\"},{\"@type\":\"BreadcrumbList\",\"@id\":\"https:\\\/\\\/www.article-marketing.eu\\\/comunicatistampa\\\/francesca-dellera-il-successo-internazionale-dellattrice-che-ha-scelto-oggi-una-vita-riservata\\\/#breadcrumb\",\"itemListElement\":[{\"@type\":\"ListItem\",\"position\":1,\"name\":\"Home\",\"item\":\"https:\\\/\\\/www.article-marketing.eu\\\/comunicatistampa\\\/\"},{\"@type\":\"ListItem\",\"position\":2,\"name\":\"Francesca Dellera: il successo internazionale dell\u2019attrice che ha scelto oggi una vita riservata\"}]},{\"@type\":\"WebSite\",\"@id\":\"https:\\\/\\\/www.article-marketing.eu\\\/comunicatistampa\\\/#website\",\"url\":\"https:\\\/\\\/www.article-marketing.eu\\\/comunicatistampa\\\/\",\"name\":\"Article Marketing\",\"description\":\"article marketing &amp; press release\",\"potentialAction\":[{\"@type\":\"SearchAction\",\"target\":{\"@type\":\"EntryPoint\",\"urlTemplate\":\"https:\\\/\\\/www.article-marketing.eu\\\/comunicatistampa\\\/?s={search_term_string}\"},\"query-input\":{\"@type\":\"PropertyValueSpecification\",\"valueRequired\":true,\"valueName\":\"search_term_string\"}}],\"inLanguage\":\"it-IT\"},{\"@type\":\"Person\",\"@id\":\"https:\\\/\\\/www.article-marketing.eu\\\/comunicatistampa\\\/#\\\/schema\\\/person\\\/2fcaf8f8f3a9eef9eb7f27532d3ca458\",\"name\":\"articolinews\",\"image\":{\"@type\":\"ImageObject\",\"inLanguage\":\"it-IT\",\"@id\":\"https:\\\/\\\/secure.gravatar.com\\\/avatar\\\/9e2a264bab04e17dea24d937c9956304649a848cb73c46747a692ff1bdeb1cb7?s=96&d=mm&r=g\",\"url\":\"https:\\\/\\\/secure.gravatar.com\\\/avatar\\\/9e2a264bab04e17dea24d937c9956304649a848cb73c46747a692ff1bdeb1cb7?s=96&d=mm&r=g\",\"contentUrl\":\"https:\\\/\\\/secure.gravatar.com\\\/avatar\\\/9e2a264bab04e17dea24d937c9956304649a848cb73c46747a692ff1bdeb1cb7?s=96&d=mm&r=g\",\"caption\":\"articolinews\"},\"url\":\"https:\\\/\\\/www.article-marketing.eu\\\/comunicatistampa\\\/author\\\/articolinews\\\/\"}]}<\/script>\n<!-- \/ Yoast SEO plugin. -->","yoast_head_json":{"title":"Francesca Dellera: il successo internazionale dell\u2019attrice che ha scelto oggi una vita riservata","robots":{"index":"index","follow":"follow","max-snippet":"max-snippet:-1","max-image-preview":"max-image-preview:large","max-video-preview":"max-video-preview:-1"},"canonical":"https:\/\/www.article-marketing.eu\/comunicatistampa\/francesca-dellera-il-successo-internazionale-dellattrice-che-ha-scelto-oggi-una-vita-riservata\/","og_locale":"it_IT","og_type":"article","og_title":"Francesca Dellera: il successo internazionale dell\u2019attrice che ha scelto oggi una vita riservata","og_description":"Dai primi lavori come fotomodella al successo internazionale, fino alla scelta di una vita riservata: Francesca Dellera \u00e8 e continua a essere un&#8217;icona di bellezza e sensualit\u00e0 a livello internazionale. Le tappe fondamentali della sua carriera. Francesca Dellera: la scelta di una vita riservata &#8220;Ho vissuto una vita intensa, internazionale, dove ho ottenuto tanto, ma il successo e la popolarit\u00e0 possono essere esperienze molto violente quando si vivono ad appenaContinue reading...","og_url":"https:\/\/www.article-marketing.eu\/comunicatistampa\/francesca-dellera-il-successo-internazionale-dellattrice-che-ha-scelto-oggi-una-vita-riservata\/","og_site_name":"Article Marketing","article_published_time":"2022-08-05T08:45:52+00:00","og_image":[{"url":"https:\/\/images2.corriereobjects.it\/methode_image\/2022\/06\/15\/Spettacoli\/Foto%20Gallery\/delllera5_MGZOOM.jpg","type":"","width":"","height":""}],"author":"articolinews","twitter_card":"summary_large_image","twitter_misc":{"Scritto da":"articolinews","Tempo di lettura stimato":"4 minuti"},"schema":{"@context":"https:\/\/schema.org","@graph":[{"@type":"Article","@id":"https:\/\/www.article-marketing.eu\/comunicatistampa\/francesca-dellera-il-successo-internazionale-dellattrice-che-ha-scelto-oggi-una-vita-riservata\/#article","isPartOf":{"@id":"https:\/\/www.article-marketing.eu\/comunicatistampa\/francesca-dellera-il-successo-internazionale-dellattrice-che-ha-scelto-oggi-una-vita-riservata\/"},"author":{"name":"articolinews","@id":"https:\/\/www.article-marketing.eu\/comunicatistampa\/#\/schema\/person\/2fcaf8f8f3a9eef9eb7f27532d3ca458"},"headline":"Francesca Dellera: il successo internazionale dell\u2019attrice che ha scelto oggi una vita riservata","datePublished":"2022-08-05T08:45:52+00:00","mainEntityOfPage":{"@id":"https:\/\/www.article-marketing.eu\/comunicatistampa\/francesca-dellera-il-successo-internazionale-dellattrice-che-ha-scelto-oggi-una-vita-riservata\/"},"wordCount":496,"commentCount":0,"image":{"@id":"https:\/\/www.article-marketing.eu\/comunicatistampa\/francesca-dellera-il-successo-internazionale-dellattrice-che-ha-scelto-oggi-una-vita-riservata\/#primaryimage"},"thumbnailUrl":"https:\/\/images2.corriereobjects.it\/methode_image\/2022\/06\/15\/Spettacoli\/Foto%20Gallery\/delllera5_MGZOOM.jpg","keywords":["Francesca Dellera"],"articleSection":["Comunicati stampa"],"inLanguage":"it-IT","potentialAction":[{"@type":"CommentAction","name":"Comment","target":["https:\/\/www.article-marketing.eu\/comunicatistampa\/francesca-dellera-il-successo-internazionale-dellattrice-che-ha-scelto-oggi-una-vita-riservata\/#respond"]}]},{"@type":"WebPage","@id":"https:\/\/www.article-marketing.eu\/comunicatistampa\/francesca-dellera-il-successo-internazionale-dellattrice-che-ha-scelto-oggi-una-vita-riservata\/","url":"https:\/\/www.article-marketing.eu\/comunicatistampa\/francesca-dellera-il-successo-internazionale-dellattrice-che-ha-scelto-oggi-una-vita-riservata\/","name":"Francesca Dellera: il successo internazionale dell\u2019attrice che ha scelto oggi una vita riservata","isPartOf":{"@id":"https:\/\/www.article-marketing.eu\/comunicatistampa\/#website"},"primaryImageOfPage":{"@id":"https:\/\/www.article-marketing.eu\/comunicatistampa\/francesca-dellera-il-successo-internazionale-dellattrice-che-ha-scelto-oggi-una-vita-riservata\/#primaryimage"},"image":{"@id":"https:\/\/www.article-marketing.eu\/comunicatistampa\/francesca-dellera-il-successo-internazionale-dellattrice-che-ha-scelto-oggi-una-vita-riservata\/#primaryimage"},"thumbnailUrl":"https:\/\/images2.corriereobjects.it\/methode_image\/2022\/06\/15\/Spettacoli\/Foto%20Gallery\/delllera5_MGZOOM.jpg","datePublished":"2022-08-05T08:45:52+00:00","author":{"@id":"https:\/\/www.article-marketing.eu\/comunicatistampa\/#\/schema\/person\/2fcaf8f8f3a9eef9eb7f27532d3ca458"},"breadcrumb":{"@id":"https:\/\/www.article-marketing.eu\/comunicatistampa\/francesca-dellera-il-successo-internazionale-dellattrice-che-ha-scelto-oggi-una-vita-riservata\/#breadcrumb"},"inLanguage":"it-IT","potentialAction":[{"@type":"ReadAction","target":["https:\/\/www.article-marketing.eu\/comunicatistampa\/francesca-dellera-il-successo-internazionale-dellattrice-che-ha-scelto-oggi-una-vita-riservata\/"]}]},{"@type":"ImageObject","inLanguage":"it-IT","@id":"https:\/\/www.article-marketing.eu\/comunicatistampa\/francesca-dellera-il-successo-internazionale-dellattrice-che-ha-scelto-oggi-una-vita-riservata\/#primaryimage","url":"https:\/\/images2.corriereobjects.it\/methode_image\/2022\/06\/15\/Spettacoli\/Foto%20Gallery\/delllera5_MGZOOM.jpg","contentUrl":"https:\/\/images2.corriereobjects.it\/methode_image\/2022\/06\/15\/Spettacoli\/Foto%20Gallery\/delllera5_MGZOOM.jpg"},{"@type":"BreadcrumbList","@id":"https:\/\/www.article-marketing.eu\/comunicatistampa\/francesca-dellera-il-successo-internazionale-dellattrice-che-ha-scelto-oggi-una-vita-riservata\/#breadcrumb","itemListElement":[{"@type":"ListItem","position":1,"name":"Home","item":"https:\/\/www.article-marketing.eu\/comunicatistampa\/"},{"@type":"ListItem","position":2,"name":"Francesca Dellera: il successo internazionale dell\u2019attrice che ha scelto oggi una vita riservata"}]},{"@type":"WebSite","@id":"https:\/\/www.article-marketing.eu\/comunicatistampa\/#website","url":"https:\/\/www.article-marketing.eu\/comunicatistampa\/","name":"Article Marketing","description":"article marketing &amp; press release","potentialAction":[{"@type":"SearchAction","target":{"@type":"EntryPoint","urlTemplate":"https:\/\/www.article-marketing.eu\/comunicatistampa\/?s={search_term_string}"},"query-input":{"@type":"PropertyValueSpecification","valueRequired":true,"valueName":"search_term_string"}}],"inLanguage":"it-IT"},{"@type":"Person","@id":"https:\/\/www.article-marketing.eu\/comunicatistampa\/#\/schema\/person\/2fcaf8f8f3a9eef9eb7f27532d3ca458","name":"articolinews","image":{"@type":"ImageObject","inLanguage":"it-IT","@id":"https:\/\/secure.gravatar.com\/avatar\/9e2a264bab04e17dea24d937c9956304649a848cb73c46747a692ff1bdeb1cb7?s=96&d=mm&r=g","url":"https:\/\/secure.gravatar.com\/avatar\/9e2a264bab04e17dea24d937c9956304649a848cb73c46747a692ff1bdeb1cb7?s=96&d=mm&r=g","contentUrl":"https:\/\/secure.gravatar.com\/avatar\/9e2a264bab04e17dea24d937c9956304649a848cb73c46747a692ff1bdeb1cb7?s=96&d=mm&r=g","caption":"articolinews"},"url":"https:\/\/www.article-marketing.eu\/comunicatistampa\/author\/articolinews\/"}]}},"_links":{"self":[{"href":"https:\/\/www.article-marketing.eu\/comunicatistampa\/wp-json\/wp\/v2\/posts\/24244","targetHints":{"allow":["GET"]}}],"collection":[{"href":"https:\/\/www.article-marketing.eu\/comunicatistampa\/wp-json\/wp\/v2\/posts"}],"about":[{"href":"https:\/\/www.article-marketing.eu\/comunicatistampa\/wp-json\/wp\/v2\/types\/post"}],"author":[{"embeddable":true,"href":"https:\/\/www.article-marketing.eu\/comunicatistampa\/wp-json\/wp\/v2\/users\/6477"}],"replies":[{"embeddable":true,"href":"https:\/\/www.article-marketing.eu\/comunicatistampa\/wp-json\/wp\/v2\/comments?post=24244"}],"version-history":[{"count":4,"href":"https:\/\/www.article-marketing.eu\/comunicatistampa\/wp-json\/wp\/v2\/posts\/24244\/revisions"}],"predecessor-version":[{"id":24317,"href":"https:\/\/www.article-marketing.eu\/comunicatistampa\/wp-json\/wp\/v2\/posts\/24244\/revisions\/24317"}],"wp:attachment":[{"href":"https:\/\/www.article-marketing.eu\/comunicatistampa\/wp-json\/wp\/v2\/media?parent=24244"}],"wp:term":[{"taxonomy":"category","embeddable":true,"href":"https:\/\/www.article-marketing.eu\/comunicatistampa\/wp-json\/wp\/v2\/categories?post=24244"},{"taxonomy":"post_tag","embeddable":true,"href":"https:\/\/www.article-marketing.eu\/comunicatistampa\/wp-json\/wp\/v2\/tags?post=24244"}],"curies":[{"name":"wp","href":"https:\/\/api.w.org\/{rel}","templated":true}]}}