{"id":24248,"date":"2022-08-05T11:23:04","date_gmt":"2022-08-05T09:23:04","guid":{"rendered":"https:\/\/www.article-marketing.eu\/comunicatistampa\/?p=24248"},"modified":"2022-08-04T10:25:57","modified_gmt":"2022-08-04T08:25:57","slug":"andrea-mascetti-fondazione-cariplo-30-anni-al-servizio-del-territorio-e-della-comunita","status":"publish","type":"post","link":"https:\/\/www.article-marketing.eu\/comunicatistampa\/andrea-mascetti-fondazione-cariplo-30-anni-al-servizio-del-territorio-e-della-comunita\/","title":{"rendered":"Andrea Mascetti: Fondazione Cariplo, 30 anni al servizio del territorio e della comunit\u00e0"},"content":{"rendered":"<p><em><strong><a title=\"Andrea Mascetti - YouTube\" href=\"https:\/\/www.youtube.com\/channel\/UCdxa2uDyX_3AraStKnrZMxw\">Andrea Mascetti<\/a>: &#8220;Senza Fondazione Cariplo il mondo della cultura nella nostra regione ma anche nelle province di Novara e Verbania non sarebbe quello che oggi vediamo&#8221;.<\/strong><\/em><\/p>\n<p><img loading=\"lazy\" decoding=\"async\" class=\"alignnone\" src=\"https:\/\/www.andreamascetti.it\/wp-content\/uploads\/2021\/09\/andrea-mascetti.jpg\" alt=\"Andrea Mascetti\" width=\"120\" height=\"399\" \/><\/p>\n<h2>Andrea Mascetti: Fondazione Cariplo festeggia 30 anni<\/h2>\n<p>Da diversi anni <strong>Andrea Mascetti<\/strong> condivide e supporta l&#8217;impegno di Fondazione Cariplo nel sostenere il territorio e la comunit\u00e0. Non potevano quindi mancare anche le sue parole in occasione del trentennale celebrato nei giorni scorsi nel corso di un apposito evento che si \u00e8 tenuto a Milano presso il Teatro Franco Parenti. 30 anni in cui Fondazione Cariplo, per la quale <strong>Andrea Mascetti<\/strong> \u00e8 Coordinatore dell&#8217;Area arte e cultura nonch\u00e9 membro della commissione centrale di beneficenza, ha promosso quotidianamente progetti di utilit\u00e0 sociale legati ad arte, cultura, ambiente, sociale, ricerca scientifica a beneficio del territorio e a sostegno delle comunit\u00e0 e dei soggetti pi\u00f9 vicini ai bisogni delle persone che ne fanno parte.<\/p>\n<h2>Andrea Mascetti: la vision sulla cultura di Fondazione Cariplo<\/h2>\n<p><em>&#8220;Senza Fondazione Cariplo il mondo della cultura nella nostra regione ma anche nelle province di Novara e Verbania non sarebbe quello che oggi vediamo&#8221;<\/em>, ha sottolineato <strong>Andrea Mascetti<\/strong> nel video realizzato per il trentennale di Fondazione Cariplo. Il forte impegno dell&#8217;ente nel promuovere la cultura e valorizzare il territorio \u00e8 nei numeri dei bilanci che redige e presenta ogni anno e che l&#8217;hanno portato a diventare un punto di riferimento per le comunit\u00e0 locali. Basta guardare a quello del 2021: sono stati 956 i progetti finanziati, di cui 471 in ambito artistico e culturale. Esaminando pi\u00f9 dettagliatamente l&#8217;Area arte e cultura di cui <strong>Andrea Mascetti<\/strong> \u00e8 Coordinatore, Fondazione Cariplo interviene con uno sguardo ad ampio raggio promuovendo interventi funzionali a tutelare e valorizzare il patrimonio culturale di cui fanno parte beni archeologici, artistici, architettonici, museali, archivistici ed ambientali. L&#8217;ente, impegnata anche nel promuovere attivit\u00e0 artistiche, culturali e performative, struttura e realizza progetti propri, coinvolgendo altri partner e fungendo da collettore per le risorse necessarie.<\/p>\n","protected":false},"excerpt":{"rendered":"<p>Andrea Mascetti: &#8220;Senza Fondazione Cariplo il mondo della cultura nella nostra regione ma anche nelle province di Novara e Verbania non sarebbe quello che oggi vediamo&#8221;. Andrea Mascetti: Fondazione Cariplo festeggia 30 anni Da diversi anni Andrea Mascetti condivide e supporta l&#8217;impegno di Fondazione Cariplo nel sostenere il territorio e la comunit\u00e0. Non potevano quindi mancare anche le sue parole in occasione del trentennale celebrato nei giorni scorsi nel corso<\/p>\n<p><a class=\"continue-reading\" href=\"https:\/\/www.article-marketing.eu\/comunicatistampa\/andrea-mascetti-fondazione-cariplo-30-anni-al-servizio-del-territorio-e-della-comunita\/\">Continue reading&#8230;<\/a><\/p>\n","protected":false},"author":6477,"featured_media":0,"comment_status":"open","ping_status":"open","sticky":false,"template":"","format":"standard","meta":{"_monsterinsights_skip_tracking":false,"_monsterinsights_sitenote_active":false,"_monsterinsights_sitenote_note":"","_monsterinsights_sitenote_category":0,"footnotes":""},"categories":[78],"tags":[9120],"class_list":["post-24248","post","type-post","status-publish","format-standard","hentry","category-comunicati-stampa","tag-andrea-mascetti"],"yoast_head":"<!-- This site is optimized with the Yoast SEO plugin v27.3 - https:\/\/yoast.com\/product\/yoast-seo-wordpress\/ -->\n<title>Andrea Mascetti: Fondazione Cariplo, 30 anni al servizio del territorio e della comunit\u00e0<\/title>\n<meta name=\"robots\" content=\"index, follow, max-snippet:-1, max-image-preview:large, max-video-preview:-1\" \/>\n<link rel=\"canonical\" href=\"https:\/\/www.article-marketing.eu\/comunicatistampa\/andrea-mascetti-fondazione-cariplo-30-anni-al-servizio-del-territorio-e-della-comunita\/\" \/>\n<meta property=\"og:locale\" content=\"it_IT\" \/>\n<meta property=\"og:type\" content=\"article\" \/>\n<meta property=\"og:title\" content=\"Andrea Mascetti: Fondazione Cariplo, 30 anni al servizio del territorio e della comunit\u00e0\" \/>\n<meta property=\"og:description\" content=\"Andrea Mascetti: &#8220;Senza Fondazione Cariplo il mondo della cultura nella nostra regione ma anche nelle province di Novara e Verbania non sarebbe quello che oggi vediamo&#8221;. Andrea Mascetti: Fondazione Cariplo festeggia 30 anni Da diversi anni Andrea Mascetti condivide e supporta l&#8217;impegno di Fondazione Cariplo nel sostenere il territorio e la comunit\u00e0. Non potevano quindi mancare anche le sue parole in occasione del trentennale celebrato nei giorni scorsi nel corsoContinue reading...\" \/>\n<meta property=\"og:url\" content=\"https:\/\/www.article-marketing.eu\/comunicatistampa\/andrea-mascetti-fondazione-cariplo-30-anni-al-servizio-del-territorio-e-della-comunita\/\" \/>\n<meta property=\"og:site_name\" content=\"Article Marketing\" \/>\n<meta property=\"article:published_time\" content=\"2022-08-05T09:23:04+00:00\" \/>\n<meta property=\"og:image\" content=\"https:\/\/www.andreamascetti.it\/wp-content\/uploads\/2021\/09\/andrea-mascetti.jpg\" \/>\n<meta name=\"author\" content=\"articolinews\" \/>\n<meta name=\"twitter:card\" content=\"summary_large_image\" \/>\n<meta name=\"twitter:label1\" content=\"Scritto da\" \/>\n\t<meta name=\"twitter:data1\" content=\"articolinews\" \/>\n\t<meta name=\"twitter:label2\" content=\"Tempo di lettura stimato\" \/>\n\t<meta name=\"twitter:data2\" content=\"2 minuti\" \/>\n<script type=\"application\/ld+json\" class=\"yoast-schema-graph\">{\"@context\":\"https:\\\/\\\/schema.org\",\"@graph\":[{\"@type\":\"Article\",\"@id\":\"https:\\\/\\\/www.article-marketing.eu\\\/comunicatistampa\\\/andrea-mascetti-fondazione-cariplo-30-anni-al-servizio-del-territorio-e-della-comunita\\\/#article\",\"isPartOf\":{\"@id\":\"https:\\\/\\\/www.article-marketing.eu\\\/comunicatistampa\\\/andrea-mascetti-fondazione-cariplo-30-anni-al-servizio-del-territorio-e-della-comunita\\\/\"},\"author\":{\"name\":\"articolinews\",\"@id\":\"https:\\\/\\\/www.article-marketing.eu\\\/comunicatistampa\\\/#\\\/schema\\\/person\\\/2fcaf8f8f3a9eef9eb7f27532d3ca458\"},\"headline\":\"Andrea Mascetti: Fondazione Cariplo, 30 anni al servizio del territorio e della comunit\u00e0\",\"datePublished\":\"2022-08-05T09:23:04+00:00\",\"mainEntityOfPage\":{\"@id\":\"https:\\\/\\\/www.article-marketing.eu\\\/comunicatistampa\\\/andrea-mascetti-fondazione-cariplo-30-anni-al-servizio-del-territorio-e-della-comunita\\\/\"},\"wordCount\":322,\"commentCount\":0,\"image\":{\"@id\":\"https:\\\/\\\/www.article-marketing.eu\\\/comunicatistampa\\\/andrea-mascetti-fondazione-cariplo-30-anni-al-servizio-del-territorio-e-della-comunita\\\/#primaryimage\"},\"thumbnailUrl\":\"https:\\\/\\\/www.andreamascetti.it\\\/wp-content\\\/uploads\\\/2021\\\/09\\\/andrea-mascetti.jpg\",\"keywords\":[\"Andrea Mascetti\"],\"articleSection\":[\"Comunicati stampa\"],\"inLanguage\":\"it-IT\",\"potentialAction\":[{\"@type\":\"CommentAction\",\"name\":\"Comment\",\"target\":[\"https:\\\/\\\/www.article-marketing.eu\\\/comunicatistampa\\\/andrea-mascetti-fondazione-cariplo-30-anni-al-servizio-del-territorio-e-della-comunita\\\/#respond\"]}]},{\"@type\":\"WebPage\",\"@id\":\"https:\\\/\\\/www.article-marketing.eu\\\/comunicatistampa\\\/andrea-mascetti-fondazione-cariplo-30-anni-al-servizio-del-territorio-e-della-comunita\\\/\",\"url\":\"https:\\\/\\\/www.article-marketing.eu\\\/comunicatistampa\\\/andrea-mascetti-fondazione-cariplo-30-anni-al-servizio-del-territorio-e-della-comunita\\\/\",\"name\":\"Andrea Mascetti: Fondazione Cariplo, 30 anni al servizio del territorio e della comunit\u00e0\",\"isPartOf\":{\"@id\":\"https:\\\/\\\/www.article-marketing.eu\\\/comunicatistampa\\\/#website\"},\"primaryImageOfPage\":{\"@id\":\"https:\\\/\\\/www.article-marketing.eu\\\/comunicatistampa\\\/andrea-mascetti-fondazione-cariplo-30-anni-al-servizio-del-territorio-e-della-comunita\\\/#primaryimage\"},\"image\":{\"@id\":\"https:\\\/\\\/www.article-marketing.eu\\\/comunicatistampa\\\/andrea-mascetti-fondazione-cariplo-30-anni-al-servizio-del-territorio-e-della-comunita\\\/#primaryimage\"},\"thumbnailUrl\":\"https:\\\/\\\/www.andreamascetti.it\\\/wp-content\\\/uploads\\\/2021\\\/09\\\/andrea-mascetti.jpg\",\"datePublished\":\"2022-08-05T09:23:04+00:00\",\"author\":{\"@id\":\"https:\\\/\\\/www.article-marketing.eu\\\/comunicatistampa\\\/#\\\/schema\\\/person\\\/2fcaf8f8f3a9eef9eb7f27532d3ca458\"},\"breadcrumb\":{\"@id\":\"https:\\\/\\\/www.article-marketing.eu\\\/comunicatistampa\\\/andrea-mascetti-fondazione-cariplo-30-anni-al-servizio-del-territorio-e-della-comunita\\\/#breadcrumb\"},\"inLanguage\":\"it-IT\",\"potentialAction\":[{\"@type\":\"ReadAction\",\"target\":[\"https:\\\/\\\/www.article-marketing.eu\\\/comunicatistampa\\\/andrea-mascetti-fondazione-cariplo-30-anni-al-servizio-del-territorio-e-della-comunita\\\/\"]}]},{\"@type\":\"ImageObject\",\"inLanguage\":\"it-IT\",\"@id\":\"https:\\\/\\\/www.article-marketing.eu\\\/comunicatistampa\\\/andrea-mascetti-fondazione-cariplo-30-anni-al-servizio-del-territorio-e-della-comunita\\\/#primaryimage\",\"url\":\"https:\\\/\\\/www.andreamascetti.it\\\/wp-content\\\/uploads\\\/2021\\\/09\\\/andrea-mascetti.jpg\",\"contentUrl\":\"https:\\\/\\\/www.andreamascetti.it\\\/wp-content\\\/uploads\\\/2021\\\/09\\\/andrea-mascetti.jpg\"},{\"@type\":\"BreadcrumbList\",\"@id\":\"https:\\\/\\\/www.article-marketing.eu\\\/comunicatistampa\\\/andrea-mascetti-fondazione-cariplo-30-anni-al-servizio-del-territorio-e-della-comunita\\\/#breadcrumb\",\"itemListElement\":[{\"@type\":\"ListItem\",\"position\":1,\"name\":\"Home\",\"item\":\"https:\\\/\\\/www.article-marketing.eu\\\/comunicatistampa\\\/\"},{\"@type\":\"ListItem\",\"position\":2,\"name\":\"Andrea Mascetti: Fondazione Cariplo, 30 anni al servizio del territorio e della comunit\u00e0\"}]},{\"@type\":\"WebSite\",\"@id\":\"https:\\\/\\\/www.article-marketing.eu\\\/comunicatistampa\\\/#website\",\"url\":\"https:\\\/\\\/www.article-marketing.eu\\\/comunicatistampa\\\/\",\"name\":\"Article Marketing\",\"description\":\"article marketing &amp; press release\",\"potentialAction\":[{\"@type\":\"SearchAction\",\"target\":{\"@type\":\"EntryPoint\",\"urlTemplate\":\"https:\\\/\\\/www.article-marketing.eu\\\/comunicatistampa\\\/?s={search_term_string}\"},\"query-input\":{\"@type\":\"PropertyValueSpecification\",\"valueRequired\":true,\"valueName\":\"search_term_string\"}}],\"inLanguage\":\"it-IT\"},{\"@type\":\"Person\",\"@id\":\"https:\\\/\\\/www.article-marketing.eu\\\/comunicatistampa\\\/#\\\/schema\\\/person\\\/2fcaf8f8f3a9eef9eb7f27532d3ca458\",\"name\":\"articolinews\",\"image\":{\"@type\":\"ImageObject\",\"inLanguage\":\"it-IT\",\"@id\":\"https:\\\/\\\/secure.gravatar.com\\\/avatar\\\/9e2a264bab04e17dea24d937c9956304649a848cb73c46747a692ff1bdeb1cb7?s=96&d=mm&r=g\",\"url\":\"https:\\\/\\\/secure.gravatar.com\\\/avatar\\\/9e2a264bab04e17dea24d937c9956304649a848cb73c46747a692ff1bdeb1cb7?s=96&d=mm&r=g\",\"contentUrl\":\"https:\\\/\\\/secure.gravatar.com\\\/avatar\\\/9e2a264bab04e17dea24d937c9956304649a848cb73c46747a692ff1bdeb1cb7?s=96&d=mm&r=g\",\"caption\":\"articolinews\"},\"url\":\"https:\\\/\\\/www.article-marketing.eu\\\/comunicatistampa\\\/author\\\/articolinews\\\/\"}]}<\/script>\n<!-- \/ Yoast SEO plugin. -->","yoast_head_json":{"title":"Andrea Mascetti: Fondazione Cariplo, 30 anni al servizio del territorio e della comunit\u00e0","robots":{"index":"index","follow":"follow","max-snippet":"max-snippet:-1","max-image-preview":"max-image-preview:large","max-video-preview":"max-video-preview:-1"},"canonical":"https:\/\/www.article-marketing.eu\/comunicatistampa\/andrea-mascetti-fondazione-cariplo-30-anni-al-servizio-del-territorio-e-della-comunita\/","og_locale":"it_IT","og_type":"article","og_title":"Andrea Mascetti: Fondazione Cariplo, 30 anni al servizio del territorio e della comunit\u00e0","og_description":"Andrea Mascetti: &#8220;Senza Fondazione Cariplo il mondo della cultura nella nostra regione ma anche nelle province di Novara e Verbania non sarebbe quello che oggi vediamo&#8221;. Andrea Mascetti: Fondazione Cariplo festeggia 30 anni Da diversi anni Andrea Mascetti condivide e supporta l&#8217;impegno di Fondazione Cariplo nel sostenere il territorio e la comunit\u00e0. Non potevano quindi mancare anche le sue parole in occasione del trentennale celebrato nei giorni scorsi nel corsoContinue reading...","og_url":"https:\/\/www.article-marketing.eu\/comunicatistampa\/andrea-mascetti-fondazione-cariplo-30-anni-al-servizio-del-territorio-e-della-comunita\/","og_site_name":"Article Marketing","article_published_time":"2022-08-05T09:23:04+00:00","og_image":[{"url":"https:\/\/www.andreamascetti.it\/wp-content\/uploads\/2021\/09\/andrea-mascetti.jpg","type":"","width":"","height":""}],"author":"articolinews","twitter_card":"summary_large_image","twitter_misc":{"Scritto da":"articolinews","Tempo di lettura stimato":"2 minuti"},"schema":{"@context":"https:\/\/schema.org","@graph":[{"@type":"Article","@id":"https:\/\/www.article-marketing.eu\/comunicatistampa\/andrea-mascetti-fondazione-cariplo-30-anni-al-servizio-del-territorio-e-della-comunita\/#article","isPartOf":{"@id":"https:\/\/www.article-marketing.eu\/comunicatistampa\/andrea-mascetti-fondazione-cariplo-30-anni-al-servizio-del-territorio-e-della-comunita\/"},"author":{"name":"articolinews","@id":"https:\/\/www.article-marketing.eu\/comunicatistampa\/#\/schema\/person\/2fcaf8f8f3a9eef9eb7f27532d3ca458"},"headline":"Andrea Mascetti: Fondazione Cariplo, 30 anni al servizio del territorio e della comunit\u00e0","datePublished":"2022-08-05T09:23:04+00:00","mainEntityOfPage":{"@id":"https:\/\/www.article-marketing.eu\/comunicatistampa\/andrea-mascetti-fondazione-cariplo-30-anni-al-servizio-del-territorio-e-della-comunita\/"},"wordCount":322,"commentCount":0,"image":{"@id":"https:\/\/www.article-marketing.eu\/comunicatistampa\/andrea-mascetti-fondazione-cariplo-30-anni-al-servizio-del-territorio-e-della-comunita\/#primaryimage"},"thumbnailUrl":"https:\/\/www.andreamascetti.it\/wp-content\/uploads\/2021\/09\/andrea-mascetti.jpg","keywords":["Andrea Mascetti"],"articleSection":["Comunicati stampa"],"inLanguage":"it-IT","potentialAction":[{"@type":"CommentAction","name":"Comment","target":["https:\/\/www.article-marketing.eu\/comunicatistampa\/andrea-mascetti-fondazione-cariplo-30-anni-al-servizio-del-territorio-e-della-comunita\/#respond"]}]},{"@type":"WebPage","@id":"https:\/\/www.article-marketing.eu\/comunicatistampa\/andrea-mascetti-fondazione-cariplo-30-anni-al-servizio-del-territorio-e-della-comunita\/","url":"https:\/\/www.article-marketing.eu\/comunicatistampa\/andrea-mascetti-fondazione-cariplo-30-anni-al-servizio-del-territorio-e-della-comunita\/","name":"Andrea Mascetti: Fondazione Cariplo, 30 anni al servizio del territorio e della comunit\u00e0","isPartOf":{"@id":"https:\/\/www.article-marketing.eu\/comunicatistampa\/#website"},"primaryImageOfPage":{"@id":"https:\/\/www.article-marketing.eu\/comunicatistampa\/andrea-mascetti-fondazione-cariplo-30-anni-al-servizio-del-territorio-e-della-comunita\/#primaryimage"},"image":{"@id":"https:\/\/www.article-marketing.eu\/comunicatistampa\/andrea-mascetti-fondazione-cariplo-30-anni-al-servizio-del-territorio-e-della-comunita\/#primaryimage"},"thumbnailUrl":"https:\/\/www.andreamascetti.it\/wp-content\/uploads\/2021\/09\/andrea-mascetti.jpg","datePublished":"2022-08-05T09:23:04+00:00","author":{"@id":"https:\/\/www.article-marketing.eu\/comunicatistampa\/#\/schema\/person\/2fcaf8f8f3a9eef9eb7f27532d3ca458"},"breadcrumb":{"@id":"https:\/\/www.article-marketing.eu\/comunicatistampa\/andrea-mascetti-fondazione-cariplo-30-anni-al-servizio-del-territorio-e-della-comunita\/#breadcrumb"},"inLanguage":"it-IT","potentialAction":[{"@type":"ReadAction","target":["https:\/\/www.article-marketing.eu\/comunicatistampa\/andrea-mascetti-fondazione-cariplo-30-anni-al-servizio-del-territorio-e-della-comunita\/"]}]},{"@type":"ImageObject","inLanguage":"it-IT","@id":"https:\/\/www.article-marketing.eu\/comunicatistampa\/andrea-mascetti-fondazione-cariplo-30-anni-al-servizio-del-territorio-e-della-comunita\/#primaryimage","url":"https:\/\/www.andreamascetti.it\/wp-content\/uploads\/2021\/09\/andrea-mascetti.jpg","contentUrl":"https:\/\/www.andreamascetti.it\/wp-content\/uploads\/2021\/09\/andrea-mascetti.jpg"},{"@type":"BreadcrumbList","@id":"https:\/\/www.article-marketing.eu\/comunicatistampa\/andrea-mascetti-fondazione-cariplo-30-anni-al-servizio-del-territorio-e-della-comunita\/#breadcrumb","itemListElement":[{"@type":"ListItem","position":1,"name":"Home","item":"https:\/\/www.article-marketing.eu\/comunicatistampa\/"},{"@type":"ListItem","position":2,"name":"Andrea Mascetti: Fondazione Cariplo, 30 anni al servizio del territorio e della comunit\u00e0"}]},{"@type":"WebSite","@id":"https:\/\/www.article-marketing.eu\/comunicatistampa\/#website","url":"https:\/\/www.article-marketing.eu\/comunicatistampa\/","name":"Article Marketing","description":"article marketing &amp; press release","potentialAction":[{"@type":"SearchAction","target":{"@type":"EntryPoint","urlTemplate":"https:\/\/www.article-marketing.eu\/comunicatistampa\/?s={search_term_string}"},"query-input":{"@type":"PropertyValueSpecification","valueRequired":true,"valueName":"search_term_string"}}],"inLanguage":"it-IT"},{"@type":"Person","@id":"https:\/\/www.article-marketing.eu\/comunicatistampa\/#\/schema\/person\/2fcaf8f8f3a9eef9eb7f27532d3ca458","name":"articolinews","image":{"@type":"ImageObject","inLanguage":"it-IT","@id":"https:\/\/secure.gravatar.com\/avatar\/9e2a264bab04e17dea24d937c9956304649a848cb73c46747a692ff1bdeb1cb7?s=96&d=mm&r=g","url":"https:\/\/secure.gravatar.com\/avatar\/9e2a264bab04e17dea24d937c9956304649a848cb73c46747a692ff1bdeb1cb7?s=96&d=mm&r=g","contentUrl":"https:\/\/secure.gravatar.com\/avatar\/9e2a264bab04e17dea24d937c9956304649a848cb73c46747a692ff1bdeb1cb7?s=96&d=mm&r=g","caption":"articolinews"},"url":"https:\/\/www.article-marketing.eu\/comunicatistampa\/author\/articolinews\/"}]}},"_links":{"self":[{"href":"https:\/\/www.article-marketing.eu\/comunicatistampa\/wp-json\/wp\/v2\/posts\/24248","targetHints":{"allow":["GET"]}}],"collection":[{"href":"https:\/\/www.article-marketing.eu\/comunicatistampa\/wp-json\/wp\/v2\/posts"}],"about":[{"href":"https:\/\/www.article-marketing.eu\/comunicatistampa\/wp-json\/wp\/v2\/types\/post"}],"author":[{"embeddable":true,"href":"https:\/\/www.article-marketing.eu\/comunicatistampa\/wp-json\/wp\/v2\/users\/6477"}],"replies":[{"embeddable":true,"href":"https:\/\/www.article-marketing.eu\/comunicatistampa\/wp-json\/wp\/v2\/comments?post=24248"}],"version-history":[{"count":4,"href":"https:\/\/www.article-marketing.eu\/comunicatistampa\/wp-json\/wp\/v2\/posts\/24248\/revisions"}],"predecessor-version":[{"id":24318,"href":"https:\/\/www.article-marketing.eu\/comunicatistampa\/wp-json\/wp\/v2\/posts\/24248\/revisions\/24318"}],"wp:attachment":[{"href":"https:\/\/www.article-marketing.eu\/comunicatistampa\/wp-json\/wp\/v2\/media?parent=24248"}],"wp:term":[{"taxonomy":"category","embeddable":true,"href":"https:\/\/www.article-marketing.eu\/comunicatistampa\/wp-json\/wp\/v2\/categories?post=24248"},{"taxonomy":"post_tag","embeddable":true,"href":"https:\/\/www.article-marketing.eu\/comunicatistampa\/wp-json\/wp\/v2\/tags?post=24248"}],"curies":[{"name":"wp","href":"https:\/\/api.w.org\/{rel}","templated":true}]}}