{"id":24252,"date":"2022-08-05T10:23:02","date_gmt":"2022-08-05T08:23:02","guid":{"rendered":"https:\/\/www.article-marketing.eu\/comunicatistampa\/?p=24252"},"modified":"2022-08-04T10:23:49","modified_gmt":"2022-08-04T08:23:49","slug":"terna-presenta-a-cagliari-il-master-del-progetto-tyrrhenian-lab","status":"publish","type":"post","link":"https:\/\/www.article-marketing.eu\/comunicatistampa\/terna-presenta-a-cagliari-il-master-del-progetto-tyrrhenian-lab\/","title":{"rendered":"Terna presenta a Cagliari il Master del progetto Tyrrhenian Lab"},"content":{"rendered":"<p><em><strong>\u00c8 intitolato &#8220;Digitalizzazione del sistema elettrico per la transizione energetica&#8221; il Master di II livello organizzato da <a title=\"Terna: il Master del progetto Tyrrhenian Lab\" href=\"https:\/\/www.askanews.it\/video\/2022\/07\/21\/terna-parte-da-universit%c3%a0-cagliari-il-master-del-tyrrhenian-lab-20220721_video_13490869\/\">Terna<\/a> insieme alle Universit\u00e0 di Cagliari, Palermo e Salerno. Il percorso formativo, altamente specialistico, \u00e8 promosso nell&#8217;ambito del progetto Tyrrhenian Lab.<\/strong><\/em><\/p>\n<h2>Terna: transizione ecologica, un Master di II livello per investire sulle competenze<\/h2>\n<p>100 milioni di euro investiti da <strong>Terna<\/strong> nei prossimi cinque anni per sviluppare competenze funzionali alla gestione del sistema elettrico e alla transizione ecologica. \u00c8 quanto prevede il progetto Tyrrhenian Lab, realizzato dalla societ\u00e0 che gestisce la rete elettrica a livello nazionale. <em>&#8220;Siamo coscienti che la transizione ecologica \u00e8 un passaggio fondamentale&#8221;<\/em>, ha dichiarato Francesco Del Pizzo, Direttore Strategie di Sviluppo Rete e Dispacciamento di <strong>Terna<\/strong>: cruciale <em>&#8220;non soltanto per il patto generazionale che abbiamo nei confronti dei nostri nipoti, quelli che verranno dopo di noi, ma anche un passo fondamentale per una maggiore indipendenza energetica del nostro Paese, cosa che oggi \u00e8 una cruda verit\u00e0 con cui dobbiamo confrontarci&#8221;<\/em>. In questa direzione si muove il Master d&#8217;avanguardia di <strong>Terna<\/strong>, che punta alla creazione di professionalit\u00e0 specialistiche derivanti dall&#8217;ibridazione tra competenze manageriali, ingegneristiche, informatiche e statistiche. <em>&#8220;La realizzazione di questa transizione passa anche attraverso lo sviluppo di competenze, in particolare di competenze digitali che sono uno degli asset intangibili ma fondamentale per poter gestire questo percorso di transizione&#8221;<\/em>, cos\u00ec in merito Francesco Del Pizzo, che aggiunge: <em>&#8220;Dobbiamo investire sulle competenze attraverso la collaborazione con le istituzioni, in particolare con universit\u00e0 eccellenti come questa di Cagliari&#8221;<\/em>.<\/p>\n<h2>Terna: competenze specialistiche e multidisciplinari nel progetto Tyrrhenian Lab<\/h2>\n<p>Presentato presso il Rettorato dell&#8217;Universit\u00e0 degli Studi di Cagliari, il Master &#8220;Digitalizzazione del sistema elettrico per la transizione energetica&#8221; ha durata di 12 mesi, in seguito ai quali 15 studenti selezionati saranno assunti da <a title=\"Terna: il focus sull'iniziativa - askanews\" href=\"https:\/\/www.askanews.it\/video\/2022\/07\/21\/terna-parte-da-universit%c3%a0-cagliari-il-master-del-tyrrhenian-lab-20220721_video_13490869\/\">Terna<\/a> e potranno operare nella sede di Cagliari. Diversi i profili professionali proposti, tra cui esperti di algoritmi e modelli per il Mercato Elettrico, esperti di sistemi di analisi e regolazione, esperti di gestione degli apparati di campo, nonch\u00e9 esperti dei sistemi di Automazione di Stazione (SAS) ed esperti di Sistemi IoT di Stazione. <em>&#8220;I partecipanti al Master non pagano niente e firmano un contratto di assunzione. Quindi hanno gi\u00e0 pianificato il loro futuro a tempo indeterminato&#8221;<\/em>, ha commentato Fabrizio Pilo, Prorettore Innovazione e Territorio dell&#8217;Universit\u00e0 di Cagliari: <em>&#8220;L&#8217;idea del Master \u00e8 di avere un parterre di persone con competenze multidisciplinari molto differenziate e dare a tutti quella base culturale che serve per la digitalizzazione, per la trasformazione del sistema energetico&#8221;<\/em>. <em>&#8220;Ingegneri elettrici, energetici, ma anche informatici, delle telecomunicazioni, dell&#8217;automatica, ambientali, economisti, fisici e matematici&#8221;<\/em>: tra questi <em>&#8220;scegliamo i 15 pi\u00f9 bravi, che devono essere i pi\u00f9 bravi ma anche con le soft skills adatte per lavorare in un&#8217;azienda come <strong>Terna<\/strong>&#8220;<\/em>.<\/p>\n","protected":false},"excerpt":{"rendered":"<p>\u00c8 intitolato &#8220;Digitalizzazione del sistema elettrico per la transizione energetica&#8221; il Master di II livello organizzato da Terna insieme alle Universit\u00e0 di Cagliari, Palermo e Salerno. Il percorso formativo, altamente specialistico, \u00e8 promosso nell&#8217;ambito del progetto Tyrrhenian Lab. Terna: transizione ecologica, un Master di II livello per investire sulle competenze 100 milioni di euro investiti da Terna nei prossimi cinque anni per sviluppare competenze funzionali alla gestione del sistema elettrico<\/p>\n<p><a class=\"continue-reading\" href=\"https:\/\/www.article-marketing.eu\/comunicatistampa\/terna-presenta-a-cagliari-il-master-del-progetto-tyrrhenian-lab\/\">Continue reading&#8230;<\/a><\/p>\n","protected":false},"author":7206,"featured_media":0,"comment_status":"open","ping_status":"open","sticky":false,"template":"","format":"standard","meta":{"_monsterinsights_skip_tracking":false,"_monsterinsights_sitenote_active":false,"_monsterinsights_sitenote_note":"","_monsterinsights_sitenote_category":0,"footnotes":""},"categories":[386],"tags":[9563],"class_list":["post-24252","post","type-post","status-publish","format-standard","hentry","category-economia-e-lavoro","tag-terna"],"yoast_head":"<!-- This site is optimized with the Yoast SEO plugin v27.3 - https:\/\/yoast.com\/product\/yoast-seo-wordpress\/ -->\n<title>Terna presenta a Cagliari il Master del progetto Tyrrhenian Lab<\/title>\n<meta name=\"robots\" content=\"index, follow, max-snippet:-1, max-image-preview:large, max-video-preview:-1\" \/>\n<link rel=\"canonical\" href=\"https:\/\/www.article-marketing.eu\/comunicatistampa\/terna-presenta-a-cagliari-il-master-del-progetto-tyrrhenian-lab\/\" \/>\n<meta property=\"og:locale\" content=\"it_IT\" \/>\n<meta property=\"og:type\" content=\"article\" \/>\n<meta property=\"og:title\" content=\"Terna presenta a Cagliari il Master del progetto Tyrrhenian Lab\" \/>\n<meta property=\"og:description\" content=\"\u00c8 intitolato &#8220;Digitalizzazione del sistema elettrico per la transizione energetica&#8221; il Master di II livello organizzato da Terna insieme alle Universit\u00e0 di Cagliari, Palermo e Salerno. Il percorso formativo, altamente specialistico, \u00e8 promosso nell&#8217;ambito del progetto Tyrrhenian Lab. Terna: transizione ecologica, un Master di II livello per investire sulle competenze 100 milioni di euro investiti da Terna nei prossimi cinque anni per sviluppare competenze funzionali alla gestione del sistema elettricoContinue reading...\" \/>\n<meta property=\"og:url\" content=\"https:\/\/www.article-marketing.eu\/comunicatistampa\/terna-presenta-a-cagliari-il-master-del-progetto-tyrrhenian-lab\/\" \/>\n<meta property=\"og:site_name\" content=\"Article Marketing\" \/>\n<meta property=\"article:published_time\" content=\"2022-08-05T08:23:02+00:00\" \/>\n<meta name=\"author\" content=\"pressreleaself\" \/>\n<meta name=\"twitter:card\" content=\"summary_large_image\" \/>\n<meta name=\"twitter:label1\" content=\"Scritto da\" \/>\n\t<meta name=\"twitter:data1\" content=\"pressreleaself\" \/>\n\t<meta name=\"twitter:label2\" content=\"Tempo di lettura stimato\" \/>\n\t<meta name=\"twitter:data2\" content=\"3 minuti\" \/>\n<script type=\"application\/ld+json\" class=\"yoast-schema-graph\">{\"@context\":\"https:\\\/\\\/schema.org\",\"@graph\":[{\"@type\":\"Article\",\"@id\":\"https:\\\/\\\/www.article-marketing.eu\\\/comunicatistampa\\\/terna-presenta-a-cagliari-il-master-del-progetto-tyrrhenian-lab\\\/#article\",\"isPartOf\":{\"@id\":\"https:\\\/\\\/www.article-marketing.eu\\\/comunicatistampa\\\/terna-presenta-a-cagliari-il-master-del-progetto-tyrrhenian-lab\\\/\"},\"author\":{\"name\":\"pressreleaself\",\"@id\":\"https:\\\/\\\/www.article-marketing.eu\\\/comunicatistampa\\\/#\\\/schema\\\/person\\\/e12b1bc04ee2394a2e51cf979ebbbbb6\"},\"headline\":\"Terna presenta a Cagliari il Master del progetto Tyrrhenian Lab\",\"datePublished\":\"2022-08-05T08:23:02+00:00\",\"mainEntityOfPage\":{\"@id\":\"https:\\\/\\\/www.article-marketing.eu\\\/comunicatistampa\\\/terna-presenta-a-cagliari-il-master-del-progetto-tyrrhenian-lab\\\/\"},\"wordCount\":449,\"commentCount\":0,\"keywords\":[\"Terna\"],\"articleSection\":[\"Economia e lavoro\"],\"inLanguage\":\"it-IT\",\"potentialAction\":[{\"@type\":\"CommentAction\",\"name\":\"Comment\",\"target\":[\"https:\\\/\\\/www.article-marketing.eu\\\/comunicatistampa\\\/terna-presenta-a-cagliari-il-master-del-progetto-tyrrhenian-lab\\\/#respond\"]}]},{\"@type\":\"WebPage\",\"@id\":\"https:\\\/\\\/www.article-marketing.eu\\\/comunicatistampa\\\/terna-presenta-a-cagliari-il-master-del-progetto-tyrrhenian-lab\\\/\",\"url\":\"https:\\\/\\\/www.article-marketing.eu\\\/comunicatistampa\\\/terna-presenta-a-cagliari-il-master-del-progetto-tyrrhenian-lab\\\/\",\"name\":\"Terna presenta a Cagliari il Master del progetto Tyrrhenian Lab\",\"isPartOf\":{\"@id\":\"https:\\\/\\\/www.article-marketing.eu\\\/comunicatistampa\\\/#website\"},\"datePublished\":\"2022-08-05T08:23:02+00:00\",\"author\":{\"@id\":\"https:\\\/\\\/www.article-marketing.eu\\\/comunicatistampa\\\/#\\\/schema\\\/person\\\/e12b1bc04ee2394a2e51cf979ebbbbb6\"},\"breadcrumb\":{\"@id\":\"https:\\\/\\\/www.article-marketing.eu\\\/comunicatistampa\\\/terna-presenta-a-cagliari-il-master-del-progetto-tyrrhenian-lab\\\/#breadcrumb\"},\"inLanguage\":\"it-IT\",\"potentialAction\":[{\"@type\":\"ReadAction\",\"target\":[\"https:\\\/\\\/www.article-marketing.eu\\\/comunicatistampa\\\/terna-presenta-a-cagliari-il-master-del-progetto-tyrrhenian-lab\\\/\"]}]},{\"@type\":\"BreadcrumbList\",\"@id\":\"https:\\\/\\\/www.article-marketing.eu\\\/comunicatistampa\\\/terna-presenta-a-cagliari-il-master-del-progetto-tyrrhenian-lab\\\/#breadcrumb\",\"itemListElement\":[{\"@type\":\"ListItem\",\"position\":1,\"name\":\"Home\",\"item\":\"https:\\\/\\\/www.article-marketing.eu\\\/comunicatistampa\\\/\"},{\"@type\":\"ListItem\",\"position\":2,\"name\":\"Terna presenta a Cagliari il Master del progetto Tyrrhenian Lab\"}]},{\"@type\":\"WebSite\",\"@id\":\"https:\\\/\\\/www.article-marketing.eu\\\/comunicatistampa\\\/#website\",\"url\":\"https:\\\/\\\/www.article-marketing.eu\\\/comunicatistampa\\\/\",\"name\":\"Article Marketing\",\"description\":\"article marketing &amp; press release\",\"potentialAction\":[{\"@type\":\"SearchAction\",\"target\":{\"@type\":\"EntryPoint\",\"urlTemplate\":\"https:\\\/\\\/www.article-marketing.eu\\\/comunicatistampa\\\/?s={search_term_string}\"},\"query-input\":{\"@type\":\"PropertyValueSpecification\",\"valueRequired\":true,\"valueName\":\"search_term_string\"}}],\"inLanguage\":\"it-IT\"},{\"@type\":\"Person\",\"@id\":\"https:\\\/\\\/www.article-marketing.eu\\\/comunicatistampa\\\/#\\\/schema\\\/person\\\/e12b1bc04ee2394a2e51cf979ebbbbb6\",\"name\":\"pressreleaself\",\"image\":{\"@type\":\"ImageObject\",\"inLanguage\":\"it-IT\",\"@id\":\"https:\\\/\\\/secure.gravatar.com\\\/avatar\\\/58b2e897ca1b290b3c87ba2112be22b2d12e7af8fea0975d839430be1249d1a3?s=96&d=mm&r=g\",\"url\":\"https:\\\/\\\/secure.gravatar.com\\\/avatar\\\/58b2e897ca1b290b3c87ba2112be22b2d12e7af8fea0975d839430be1249d1a3?s=96&d=mm&r=g\",\"contentUrl\":\"https:\\\/\\\/secure.gravatar.com\\\/avatar\\\/58b2e897ca1b290b3c87ba2112be22b2d12e7af8fea0975d839430be1249d1a3?s=96&d=mm&r=g\",\"caption\":\"pressreleaself\"},\"url\":\"https:\\\/\\\/www.article-marketing.eu\\\/comunicatistampa\\\/author\\\/pressreleaself\\\/\"}]}<\/script>\n<!-- \/ Yoast SEO plugin. -->","yoast_head_json":{"title":"Terna presenta a Cagliari il Master del progetto Tyrrhenian Lab","robots":{"index":"index","follow":"follow","max-snippet":"max-snippet:-1","max-image-preview":"max-image-preview:large","max-video-preview":"max-video-preview:-1"},"canonical":"https:\/\/www.article-marketing.eu\/comunicatistampa\/terna-presenta-a-cagliari-il-master-del-progetto-tyrrhenian-lab\/","og_locale":"it_IT","og_type":"article","og_title":"Terna presenta a Cagliari il Master del progetto Tyrrhenian Lab","og_description":"\u00c8 intitolato &#8220;Digitalizzazione del sistema elettrico per la transizione energetica&#8221; il Master di II livello organizzato da Terna insieme alle Universit\u00e0 di Cagliari, Palermo e Salerno. Il percorso formativo, altamente specialistico, \u00e8 promosso nell&#8217;ambito del progetto Tyrrhenian Lab. Terna: transizione ecologica, un Master di II livello per investire sulle competenze 100 milioni di euro investiti da Terna nei prossimi cinque anni per sviluppare competenze funzionali alla gestione del sistema elettricoContinue reading...","og_url":"https:\/\/www.article-marketing.eu\/comunicatistampa\/terna-presenta-a-cagliari-il-master-del-progetto-tyrrhenian-lab\/","og_site_name":"Article Marketing","article_published_time":"2022-08-05T08:23:02+00:00","author":"pressreleaself","twitter_card":"summary_large_image","twitter_misc":{"Scritto da":"pressreleaself","Tempo di lettura stimato":"3 minuti"},"schema":{"@context":"https:\/\/schema.org","@graph":[{"@type":"Article","@id":"https:\/\/www.article-marketing.eu\/comunicatistampa\/terna-presenta-a-cagliari-il-master-del-progetto-tyrrhenian-lab\/#article","isPartOf":{"@id":"https:\/\/www.article-marketing.eu\/comunicatistampa\/terna-presenta-a-cagliari-il-master-del-progetto-tyrrhenian-lab\/"},"author":{"name":"pressreleaself","@id":"https:\/\/www.article-marketing.eu\/comunicatistampa\/#\/schema\/person\/e12b1bc04ee2394a2e51cf979ebbbbb6"},"headline":"Terna presenta a Cagliari il Master del progetto Tyrrhenian Lab","datePublished":"2022-08-05T08:23:02+00:00","mainEntityOfPage":{"@id":"https:\/\/www.article-marketing.eu\/comunicatistampa\/terna-presenta-a-cagliari-il-master-del-progetto-tyrrhenian-lab\/"},"wordCount":449,"commentCount":0,"keywords":["Terna"],"articleSection":["Economia e lavoro"],"inLanguage":"it-IT","potentialAction":[{"@type":"CommentAction","name":"Comment","target":["https:\/\/www.article-marketing.eu\/comunicatistampa\/terna-presenta-a-cagliari-il-master-del-progetto-tyrrhenian-lab\/#respond"]}]},{"@type":"WebPage","@id":"https:\/\/www.article-marketing.eu\/comunicatistampa\/terna-presenta-a-cagliari-il-master-del-progetto-tyrrhenian-lab\/","url":"https:\/\/www.article-marketing.eu\/comunicatistampa\/terna-presenta-a-cagliari-il-master-del-progetto-tyrrhenian-lab\/","name":"Terna presenta a Cagliari il Master del progetto Tyrrhenian Lab","isPartOf":{"@id":"https:\/\/www.article-marketing.eu\/comunicatistampa\/#website"},"datePublished":"2022-08-05T08:23:02+00:00","author":{"@id":"https:\/\/www.article-marketing.eu\/comunicatistampa\/#\/schema\/person\/e12b1bc04ee2394a2e51cf979ebbbbb6"},"breadcrumb":{"@id":"https:\/\/www.article-marketing.eu\/comunicatistampa\/terna-presenta-a-cagliari-il-master-del-progetto-tyrrhenian-lab\/#breadcrumb"},"inLanguage":"it-IT","potentialAction":[{"@type":"ReadAction","target":["https:\/\/www.article-marketing.eu\/comunicatistampa\/terna-presenta-a-cagliari-il-master-del-progetto-tyrrhenian-lab\/"]}]},{"@type":"BreadcrumbList","@id":"https:\/\/www.article-marketing.eu\/comunicatistampa\/terna-presenta-a-cagliari-il-master-del-progetto-tyrrhenian-lab\/#breadcrumb","itemListElement":[{"@type":"ListItem","position":1,"name":"Home","item":"https:\/\/www.article-marketing.eu\/comunicatistampa\/"},{"@type":"ListItem","position":2,"name":"Terna presenta a Cagliari il Master del progetto Tyrrhenian Lab"}]},{"@type":"WebSite","@id":"https:\/\/www.article-marketing.eu\/comunicatistampa\/#website","url":"https:\/\/www.article-marketing.eu\/comunicatistampa\/","name":"Article Marketing","description":"article marketing &amp; press release","potentialAction":[{"@type":"SearchAction","target":{"@type":"EntryPoint","urlTemplate":"https:\/\/www.article-marketing.eu\/comunicatistampa\/?s={search_term_string}"},"query-input":{"@type":"PropertyValueSpecification","valueRequired":true,"valueName":"search_term_string"}}],"inLanguage":"it-IT"},{"@type":"Person","@id":"https:\/\/www.article-marketing.eu\/comunicatistampa\/#\/schema\/person\/e12b1bc04ee2394a2e51cf979ebbbbb6","name":"pressreleaself","image":{"@type":"ImageObject","inLanguage":"it-IT","@id":"https:\/\/secure.gravatar.com\/avatar\/58b2e897ca1b290b3c87ba2112be22b2d12e7af8fea0975d839430be1249d1a3?s=96&d=mm&r=g","url":"https:\/\/secure.gravatar.com\/avatar\/58b2e897ca1b290b3c87ba2112be22b2d12e7af8fea0975d839430be1249d1a3?s=96&d=mm&r=g","contentUrl":"https:\/\/secure.gravatar.com\/avatar\/58b2e897ca1b290b3c87ba2112be22b2d12e7af8fea0975d839430be1249d1a3?s=96&d=mm&r=g","caption":"pressreleaself"},"url":"https:\/\/www.article-marketing.eu\/comunicatistampa\/author\/pressreleaself\/"}]}},"_links":{"self":[{"href":"https:\/\/www.article-marketing.eu\/comunicatistampa\/wp-json\/wp\/v2\/posts\/24252","targetHints":{"allow":["GET"]}}],"collection":[{"href":"https:\/\/www.article-marketing.eu\/comunicatistampa\/wp-json\/wp\/v2\/posts"}],"about":[{"href":"https:\/\/www.article-marketing.eu\/comunicatistampa\/wp-json\/wp\/v2\/types\/post"}],"author":[{"embeddable":true,"href":"https:\/\/www.article-marketing.eu\/comunicatistampa\/wp-json\/wp\/v2\/users\/7206"}],"replies":[{"embeddable":true,"href":"https:\/\/www.article-marketing.eu\/comunicatistampa\/wp-json\/wp\/v2\/comments?post=24252"}],"version-history":[{"count":2,"href":"https:\/\/www.article-marketing.eu\/comunicatistampa\/wp-json\/wp\/v2\/posts\/24252\/revisions"}],"predecessor-version":[{"id":24314,"href":"https:\/\/www.article-marketing.eu\/comunicatistampa\/wp-json\/wp\/v2\/posts\/24252\/revisions\/24314"}],"wp:attachment":[{"href":"https:\/\/www.article-marketing.eu\/comunicatistampa\/wp-json\/wp\/v2\/media?parent=24252"}],"wp:term":[{"taxonomy":"category","embeddable":true,"href":"https:\/\/www.article-marketing.eu\/comunicatistampa\/wp-json\/wp\/v2\/categories?post=24252"},{"taxonomy":"post_tag","embeddable":true,"href":"https:\/\/www.article-marketing.eu\/comunicatistampa\/wp-json\/wp\/v2\/tags?post=24252"}],"curies":[{"name":"wp","href":"https:\/\/api.w.org\/{rel}","templated":true}]}}